{"id":9989,"date":"2021-08-28T05:53:34","date_gmt":"2021-08-28T04:53:34","guid":{"rendered":"http:\/\/www.medienkultur.at\/neu\/?p=9989"},"modified":"2021-08-28T08:22:56","modified_gmt":"2021-08-28T07:22:56","slug":"zukunft-der-wiener-zeitung","status":"publish","type":"post","link":"https:\/\/www.medienkultur.at\/neu\/zukunft-der-wiener-zeitung\/","title":{"rendered":"Zukunft der &#8222;Wiener Zeitung&#8220;"},"content":{"rendered":"<p>Martin Fleischhacker bleibt WZ-Gesch\u00e4ftsf\u00fchrer <\/p>\n<p>Hans H\u00f6gl<\/p>\n<p>Wie die &#8222;Wiener Zeitung&#8220; selbst auf der Feuilletonseite p. 19 am 27.August berichtet, bleibt Martin Fleischhacker weitere drei Jahre Gesch\u00e4ftsf\u00fchrer der &#8222;Wiener Zeitung&#8220;. Das gab das Bundeskanzleramt bekannt. Der Vertrag von Chefredakteur Walter H\u00e4mmerle wurde nur bis Ende 2022 verl\u00e4ngert. <\/p>\n<p>Nach Ank\u00fcndigung der Abschaffung der Pflichtver\u00f6ffentlichungen in gedruckter Form im Amtsblatt &#8211; dies fordert die EU- ist die Zukunft der (gedruckten) Zeitung ungewiss. Doch Fleischhackers Aufgabe ist die strategische Weiterentwicklung des Blattes. <\/p>\n","protected":false},"excerpt":{"rendered":"<p>Martin Fleischhacker bleibt WZ-Gesch\u00e4ftsf\u00fchrer Hans H\u00f6gl Wie die &#8222;Wiener Zeitung&#8220; selbst auf der Feuilletonseite p. 19 am 27.August berichtet, bleibt Martin Fleischhacker weitere drei Jahre Gesch\u00e4ftsf\u00fchrer der &#8222;Wiener Zeitung&#8220;. Das gab das Bundeskanzleramt bekannt. Der Vertrag von Chefredakteur Walter H\u00e4mmerle wurde nur bis Ende 2022 verl\u00e4ngert. Nach Ank\u00fcndigung der Abschaffung der Pflichtver\u00f6ffentlichungen in gedruckter Form &hellip; <a href=\"https:\/\/www.medienkultur.at\/neu\/zukunft-der-wiener-zeitung\/\" class=\"more-link\"><span class=\"screen-reader-text\">Zukunft der &#8222;Wiener Zeitung&#8220;<\/span> weiterlesen <span class=\"meta-nav\">&rarr;<\/span><\/a><\/p>\n","protected":false},"author":1,"featured_media":0,"comment_status":"open","ping_status":"open","sticky":false,"template":"","format":"standard","meta":{"footnotes":""},"categories":[1,11,13],"tags":[7962,7961,409],"class_list":["post-9989","post","type-post","status-publish","format-standard","hentry","category-allgemein","category-medien_politik_wirtschaft","category-medienpolitik","tag-abschaffung-des-amtsblattes","tag-geschaeftsfuehrer-und-chefredakteure-bleiben-vorerst","tag-wiener-zeitung"],"yoast_head":"<!-- This site is optimized with the Yoast SEO plugin v27.4 - https:\/\/yoast.com\/product\/yoast-seo-wordpress\/ -->\n<title>Zukunft der &quot;Wiener Zeitung&quot; | Vereinigung f\u00fcr Medienkultur<\/title>\n<meta name=\"robots\" content=\"index, follow, max-snippet:-1, max-image-preview:large, max-video-preview:-1\" \/>\n<link rel=\"canonical\" href=\"https:\/\/www.medienkultur.at\/neu\/zukunft-der-wiener-zeitung\/\" \/>\n<meta property=\"og:locale\" content=\"de_DE\" \/>\n<meta property=\"og:type\" content=\"article\" \/>\n<meta property=\"og:title\" content=\"Zukunft der &quot;Wiener Zeitung&quot; | Vereinigung f\u00fcr Medienkultur\" \/>\n<meta property=\"og:description\" content=\"Martin Fleischhacker bleibt WZ-Gesch\u00e4ftsf\u00fchrer Hans H\u00f6gl Wie die &#8222;Wiener Zeitung&#8220; selbst auf der Feuilletonseite p. 19 am 27.August berichtet, bleibt Martin Fleischhacker weitere drei Jahre Gesch\u00e4ftsf\u00fchrer der &#8222;Wiener Zeitung&#8220;. Das gab das Bundeskanzleramt bekannt. Der Vertrag von Chefredakteur Walter H\u00e4mmerle wurde nur bis Ende 2022 verl\u00e4ngert. Nach Ank\u00fcndigung der Abschaffung der Pflichtver\u00f6ffentlichungen in gedruckter Form &hellip; Zukunft der &#8222;Wiener Zeitung&#8220; weiterlesen &rarr;\" \/>\n<meta property=\"og:url\" content=\"https:\/\/www.medienkultur.at\/neu\/zukunft-der-wiener-zeitung\/\" \/>\n<meta property=\"og:site_name\" content=\"Vereinigung f\u00fcr Medienkultur\" \/>\n<meta property=\"article:published_time\" content=\"2021-08-28T04:53:34+00:00\" \/>\n<meta property=\"article:modified_time\" content=\"2021-08-28T07:22:56+00:00\" \/>\n<meta name=\"author\" content=\"Hans H\u00f6gl\" \/>\n<meta name=\"twitter:card\" content=\"summary_large_image\" \/>\n<meta name=\"twitter:label1\" content=\"Verfasst von\" \/>\n\t<meta name=\"twitter:data1\" content=\"Hans H\u00f6gl\" \/>\n<script type=\"application\/ld+json\" class=\"yoast-schema-graph\">{\"@context\":\"https:\\\/\\\/schema.org\",\"@graph\":[{\"@type\":\"Article\",\"@id\":\"https:\\\/\\\/www.medienkultur.at\\\/neu\\\/zukunft-der-wiener-zeitung\\\/#article\",\"isPartOf\":{\"@id\":\"https:\\\/\\\/www.medienkultur.at\\\/neu\\\/zukunft-der-wiener-zeitung\\\/\"},\"author\":{\"name\":\"Hans H\u00f6gl\",\"@id\":\"https:\\\/\\\/www.medienkultur.at\\\/neu\\\/#\\\/schema\\\/person\\\/5307830ec125174672d8c9d829eeb256\"},\"headline\":\"Zukunft der &#8222;Wiener Zeitung&#8220;\",\"datePublished\":\"2021-08-28T04:53:34+00:00\",\"dateModified\":\"2021-08-28T07:22:56+00:00\",\"mainEntityOfPage\":{\"@id\":\"https:\\\/\\\/www.medienkultur.at\\\/neu\\\/zukunft-der-wiener-zeitung\\\/\"},\"wordCount\":89,\"commentCount\":2,\"keywords\":[\"Abschaffung des Amtsblattes\",\"Gesch\u00e4ftsf\u00fchrer und Chefredakteure bleiben vorerst\",\"Wiener Zeitung\"],\"articleSection\":[\"J\u00dcNGSTE BEITR\u00c4GE\",\"Medien und Politik \\\/ Wirtschaft\",\"Medienpolitik\"],\"inLanguage\":\"de\",\"potentialAction\":[{\"@type\":\"CommentAction\",\"name\":\"Comment\",\"target\":[\"https:\\\/\\\/www.medienkultur.at\\\/neu\\\/zukunft-der-wiener-zeitung\\\/#respond\"]}]},{\"@type\":\"WebPage\",\"@id\":\"https:\\\/\\\/www.medienkultur.at\\\/neu\\\/zukunft-der-wiener-zeitung\\\/\",\"url\":\"https:\\\/\\\/www.medienkultur.at\\\/neu\\\/zukunft-der-wiener-zeitung\\\/\",\"name\":\"Zukunft der \\\"Wiener Zeitung\\\" | Vereinigung f\u00fcr Medienkultur\",\"isPartOf\":{\"@id\":\"https:\\\/\\\/www.medienkultur.at\\\/neu\\\/#website\"},\"datePublished\":\"2021-08-28T04:53:34+00:00\",\"dateModified\":\"2021-08-28T07:22:56+00:00\",\"author\":{\"@id\":\"https:\\\/\\\/www.medienkultur.at\\\/neu\\\/#\\\/schema\\\/person\\\/5307830ec125174672d8c9d829eeb256\"},\"breadcrumb\":{\"@id\":\"https:\\\/\\\/www.medienkultur.at\\\/neu\\\/zukunft-der-wiener-zeitung\\\/#breadcrumb\"},\"inLanguage\":\"de\",\"potentialAction\":[{\"@type\":\"ReadAction\",\"target\":[\"https:\\\/\\\/www.medienkultur.at\\\/neu\\\/zukunft-der-wiener-zeitung\\\/\"]}]},{\"@type\":\"BreadcrumbList\",\"@id\":\"https:\\\/\\\/www.medienkultur.at\\\/neu\\\/zukunft-der-wiener-zeitung\\\/#breadcrumb\",\"itemListElement\":[{\"@type\":\"ListItem\",\"position\":1,\"name\":\"Startseite\",\"item\":\"https:\\\/\\\/www.medienkultur.at\\\/neu\\\/\"},{\"@type\":\"ListItem\",\"position\":2,\"name\":\"Zukunft der &#8222;Wiener Zeitung&#8220;\"}]},{\"@type\":\"WebSite\",\"@id\":\"https:\\\/\\\/www.medienkultur.at\\\/neu\\\/#website\",\"url\":\"https:\\\/\\\/www.medienkultur.at\\\/neu\\\/\",\"name\":\"Vereinigung f\u00fcr Medienkultur\",\"description\":\"\",\"potentialAction\":[{\"@type\":\"SearchAction\",\"target\":{\"@type\":\"EntryPoint\",\"urlTemplate\":\"https:\\\/\\\/www.medienkultur.at\\\/neu\\\/?s={search_term_string}\"},\"query-input\":{\"@type\":\"PropertyValueSpecification\",\"valueRequired\":true,\"valueName\":\"search_term_string\"}}],\"inLanguage\":\"de\"},{\"@type\":\"Person\",\"@id\":\"https:\\\/\\\/www.medienkultur.at\\\/neu\\\/#\\\/schema\\\/person\\\/5307830ec125174672d8c9d829eeb256\",\"name\":\"Hans H\u00f6gl\"}]}<\/script>\n<!-- \/ Yoast SEO plugin. -->","yoast_head_json":{"title":"Zukunft der \"Wiener Zeitung\" | Vereinigung f\u00fcr Medienkultur","robots":{"index":"index","follow":"follow","max-snippet":"max-snippet:-1","max-image-preview":"max-image-preview:large","max-video-preview":"max-video-preview:-1"},"canonical":"https:\/\/www.medienkultur.at\/neu\/zukunft-der-wiener-zeitung\/","og_locale":"de_DE","og_type":"article","og_title":"Zukunft der \"Wiener Zeitung\" | Vereinigung f\u00fcr Medienkultur","og_description":"Martin Fleischhacker bleibt WZ-Gesch\u00e4ftsf\u00fchrer Hans H\u00f6gl Wie die &#8222;Wiener Zeitung&#8220; selbst auf der Feuilletonseite p. 19 am 27.August berichtet, bleibt Martin Fleischhacker weitere drei Jahre Gesch\u00e4ftsf\u00fchrer der &#8222;Wiener Zeitung&#8220;. Das gab das Bundeskanzleramt bekannt. Der Vertrag von Chefredakteur Walter H\u00e4mmerle wurde nur bis Ende 2022 verl\u00e4ngert. Nach Ank\u00fcndigung der Abschaffung der Pflichtver\u00f6ffentlichungen in gedruckter Form &hellip; Zukunft der &#8222;Wiener Zeitung&#8220; weiterlesen &rarr;","og_url":"https:\/\/www.medienkultur.at\/neu\/zukunft-der-wiener-zeitung\/","og_site_name":"Vereinigung f\u00fcr Medienkultur","article_published_time":"2021-08-28T04:53:34+00:00","article_modified_time":"2021-08-28T07:22:56+00:00","author":"Hans H\u00f6gl","twitter_card":"summary_large_image","twitter_misc":{"Verfasst von":"Hans H\u00f6gl"},"schema":{"@context":"https:\/\/schema.org","@graph":[{"@type":"Article","@id":"https:\/\/www.medienkultur.at\/neu\/zukunft-der-wiener-zeitung\/#article","isPartOf":{"@id":"https:\/\/www.medienkultur.at\/neu\/zukunft-der-wiener-zeitung\/"},"author":{"name":"Hans H\u00f6gl","@id":"https:\/\/www.medienkultur.at\/neu\/#\/schema\/person\/5307830ec125174672d8c9d829eeb256"},"headline":"Zukunft der &#8222;Wiener Zeitung&#8220;","datePublished":"2021-08-28T04:53:34+00:00","dateModified":"2021-08-28T07:22:56+00:00","mainEntityOfPage":{"@id":"https:\/\/www.medienkultur.at\/neu\/zukunft-der-wiener-zeitung\/"},"wordCount":89,"commentCount":2,"keywords":["Abschaffung des Amtsblattes","Gesch\u00e4ftsf\u00fchrer und Chefredakteure bleiben vorerst","Wiener Zeitung"],"articleSection":["J\u00dcNGSTE BEITR\u00c4GE","Medien und Politik \/ Wirtschaft","Medienpolitik"],"inLanguage":"de","potentialAction":[{"@type":"CommentAction","name":"Comment","target":["https:\/\/www.medienkultur.at\/neu\/zukunft-der-wiener-zeitung\/#respond"]}]},{"@type":"WebPage","@id":"https:\/\/www.medienkultur.at\/neu\/zukunft-der-wiener-zeitung\/","url":"https:\/\/www.medienkultur.at\/neu\/zukunft-der-wiener-zeitung\/","name":"Zukunft der \"Wiener Zeitung\" | Vereinigung f\u00fcr Medienkultur","isPartOf":{"@id":"https:\/\/www.medienkultur.at\/neu\/#website"},"datePublished":"2021-08-28T04:53:34+00:00","dateModified":"2021-08-28T07:22:56+00:00","author":{"@id":"https:\/\/www.medienkultur.at\/neu\/#\/schema\/person\/5307830ec125174672d8c9d829eeb256"},"breadcrumb":{"@id":"https:\/\/www.medienkultur.at\/neu\/zukunft-der-wiener-zeitung\/#breadcrumb"},"inLanguage":"de","potentialAction":[{"@type":"ReadAction","target":["https:\/\/www.medienkultur.at\/neu\/zukunft-der-wiener-zeitung\/"]}]},{"@type":"BreadcrumbList","@id":"https:\/\/www.medienkultur.at\/neu\/zukunft-der-wiener-zeitung\/#breadcrumb","itemListElement":[{"@type":"ListItem","position":1,"name":"Startseite","item":"https:\/\/www.medienkultur.at\/neu\/"},{"@type":"ListItem","position":2,"name":"Zukunft der &#8222;Wiener Zeitung&#8220;"}]},{"@type":"WebSite","@id":"https:\/\/www.medienkultur.at\/neu\/#website","url":"https:\/\/www.medienkultur.at\/neu\/","name":"Vereinigung f\u00fcr Medienkultur","description":"","potentialAction":[{"@type":"SearchAction","target":{"@type":"EntryPoint","urlTemplate":"https:\/\/www.medienkultur.at\/neu\/?s={search_term_string}"},"query-input":{"@type":"PropertyValueSpecification","valueRequired":true,"valueName":"search_term_string"}}],"inLanguage":"de"},{"@type":"Person","@id":"https:\/\/www.medienkultur.at\/neu\/#\/schema\/person\/5307830ec125174672d8c9d829eeb256","name":"Hans H\u00f6gl"}]}},"_links":{"self":[{"href":"https:\/\/www.medienkultur.at\/neu\/wp-json\/wp\/v2\/posts\/9989","targetHints":{"allow":["GET"]}}],"collection":[{"href":"https:\/\/www.medienkultur.at\/neu\/wp-json\/wp\/v2\/posts"}],"about":[{"href":"https:\/\/www.medienkultur.at\/neu\/wp-json\/wp\/v2\/types\/post"}],"author":[{"embeddable":true,"href":"https:\/\/www.medienkultur.at\/neu\/wp-json\/wp\/v2\/users\/1"}],"replies":[{"embeddable":true,"href":"https:\/\/www.medienkultur.at\/neu\/wp-json\/wp\/v2\/comments?post=9989"}],"version-history":[{"count":5,"href":"https:\/\/www.medienkultur.at\/neu\/wp-json\/wp\/v2\/posts\/9989\/revisions"}],"predecessor-version":[{"id":9993,"href":"https:\/\/www.medienkultur.at\/neu\/wp-json\/wp\/v2\/posts\/9989\/revisions\/9993"}],"wp:attachment":[{"href":"https:\/\/www.medienkultur.at\/neu\/wp-json\/wp\/v2\/media?parent=9989"}],"wp:term":[{"taxonomy":"category","embeddable":true,"href":"https:\/\/www.medienkultur.at\/neu\/wp-json\/wp\/v2\/categories?post=9989"},{"taxonomy":"post_tag","embeddable":true,"href":"https:\/\/www.medienkultur.at\/neu\/wp-json\/wp\/v2\/tags?post=9989"}],"curies":[{"name":"wp","href":"https:\/\/api.w.org\/{rel}","templated":true}]}}