{"id":9884,"date":"2021-07-19T06:47:02","date_gmt":"2021-07-19T05:47:02","guid":{"rendered":"http:\/\/www.medienkultur.at\/neu\/?p=9884"},"modified":"2021-07-19T06:47:02","modified_gmt":"2021-07-19T05:47:02","slug":"daenischer-mohammed-karikaturist-gestorben","status":"publish","type":"post","link":"https:\/\/www.medienkultur.at\/neu\/daenischer-mohammed-karikaturist-gestorben\/","title":{"rendered":"D\u00e4nischer Mohammed-Karikaturist gestorben"},"content":{"rendered":"<p>Wertekonflikt bei Globalisierung und Pressefreiheit <\/p>\n<p>Hans H\u00f6gl<\/p>\n<p>Der d\u00e4nische Mohammed-Karikaturist Kurt Westergaard ist gestorben.<br \/>\nSeine umstrittenen Mohammed-Karikaturen hatten Proteste und gewaltt\u00e4tige Ausschreitungen in zahlreichen L\u00e4ndern ausgel\u00f6st.  Wie die Zeitung \u00abBerlingske\u00bb am Sonntag online meldete, starb Westergaard nach langer Krankheit im Alter von 86 Jahren, wie seine Familie mitteilte.<\/p>\n<p>Unser Publikum wird ersucht, zu kommentieren, wie es diesen Wertekonflikte beurteilt. Ist &#8222;Medien-Freiheit&#8220; grenzenlos oder sind auch m\u00f6gliche Folgen zu beachten? Es geht also um Gesinnungsethik und Verantwortungsethik. <\/p>\n","protected":false},"excerpt":{"rendered":"<p>Wertekonflikt bei Globalisierung und Pressefreiheit Hans H\u00f6gl Der d\u00e4nische Mohammed-Karikaturist Kurt Westergaard ist gestorben. Seine umstrittenen Mohammed-Karikaturen hatten Proteste und gewaltt\u00e4tige Ausschreitungen in zahlreichen L\u00e4ndern ausgel\u00f6st. Wie die Zeitung \u00abBerlingske\u00bb am Sonntag online meldete, starb Westergaard nach langer Krankheit im Alter von 86 Jahren, wie seine Familie mitteilte. Unser Publikum wird ersucht, zu kommentieren, wie &hellip; <a href=\"https:\/\/www.medienkultur.at\/neu\/daenischer-mohammed-karikaturist-gestorben\/\" class=\"more-link\"><span class=\"screen-reader-text\">D\u00e4nischer Mohammed-Karikaturist gestorben<\/span> weiterlesen <span class=\"meta-nav\">&rarr;<\/span><\/a><\/p>\n","protected":false},"author":1,"featured_media":0,"comment_status":"open","ping_status":"open","sticky":false,"template":"","format":"standard","meta":{"footnotes":""},"categories":[1,10,13],"tags":[6571,7857,7856,7859,7855,7858,4907,7854],"class_list":["post-9884","post","type-post","status-publish","format-standard","hentry","category-allgemein","category-medienkritik","category-medienpolitik","tag-daenemark","tag-gesinnungsethik","tag-konflikt-mit-islam","tag-medienfreiheit-grenzenlos","tag-mohammed-karikaturen","tag-tod-des-zeichners","tag-verantwortungsethik","tag-werte-in-globaler-welt"],"yoast_head":"<!-- This site is optimized with the Yoast SEO plugin v27.5 - https:\/\/yoast.com\/product\/yoast-seo-wordpress\/ -->\n<title>D\u00e4nischer Mohammed-Karikaturist gestorben | Vereinigung f\u00fcr Medienkultur<\/title>\n<meta name=\"robots\" content=\"index, follow, max-snippet:-1, max-image-preview:large, max-video-preview:-1\" \/>\n<link rel=\"canonical\" href=\"https:\/\/www.medienkultur.at\/neu\/daenischer-mohammed-karikaturist-gestorben\/\" \/>\n<meta property=\"og:locale\" content=\"de_DE\" \/>\n<meta property=\"og:type\" content=\"article\" \/>\n<meta property=\"og:title\" content=\"D\u00e4nischer Mohammed-Karikaturist gestorben | Vereinigung f\u00fcr Medienkultur\" \/>\n<meta property=\"og:description\" content=\"Wertekonflikt bei Globalisierung und Pressefreiheit Hans H\u00f6gl Der d\u00e4nische Mohammed-Karikaturist Kurt Westergaard ist gestorben. Seine umstrittenen Mohammed-Karikaturen hatten Proteste und gewaltt\u00e4tige Ausschreitungen in zahlreichen L\u00e4ndern ausgel\u00f6st. Wie die Zeitung \u00abBerlingske\u00bb am Sonntag online meldete, starb Westergaard nach langer Krankheit im Alter von 86 Jahren, wie seine Familie mitteilte. Unser Publikum wird ersucht, zu kommentieren, wie &hellip; D\u00e4nischer Mohammed-Karikaturist gestorben weiterlesen &rarr;\" \/>\n<meta property=\"og:url\" content=\"https:\/\/www.medienkultur.at\/neu\/daenischer-mohammed-karikaturist-gestorben\/\" \/>\n<meta property=\"og:site_name\" content=\"Vereinigung f\u00fcr Medienkultur\" \/>\n<meta property=\"article:published_time\" content=\"2021-07-19T05:47:02+00:00\" \/>\n<meta name=\"author\" content=\"Hans H\u00f6gl\" \/>\n<meta name=\"twitter:card\" content=\"summary_large_image\" \/>\n<meta name=\"twitter:label1\" content=\"Verfasst von\" \/>\n\t<meta name=\"twitter:data1\" content=\"Hans H\u00f6gl\" \/>\n<script type=\"application\/ld+json\" class=\"yoast-schema-graph\">{\"@context\":\"https:\\\/\\\/schema.org\",\"@graph\":[{\"@type\":\"Article\",\"@id\":\"https:\\\/\\\/www.medienkultur.at\\\/neu\\\/daenischer-mohammed-karikaturist-gestorben\\\/#article\",\"isPartOf\":{\"@id\":\"https:\\\/\\\/www.medienkultur.at\\\/neu\\\/daenischer-mohammed-karikaturist-gestorben\\\/\"},\"author\":{\"name\":\"Hans H\u00f6gl\",\"@id\":\"https:\\\/\\\/www.medienkultur.at\\\/neu\\\/#\\\/schema\\\/person\\\/5307830ec125174672d8c9d829eeb256\"},\"headline\":\"D\u00e4nischer Mohammed-Karikaturist gestorben\",\"datePublished\":\"2021-07-19T05:47:02+00:00\",\"mainEntityOfPage\":{\"@id\":\"https:\\\/\\\/www.medienkultur.at\\\/neu\\\/daenischer-mohammed-karikaturist-gestorben\\\/\"},\"wordCount\":85,\"commentCount\":0,\"keywords\":[\"D\u00e4nemark\",\"Gesinnungsethik\",\"Konflikt mit Islam.\",\"Medienfreiheit grenzenlos?\",\"Mohammed Karikaturen\",\"Tod des Zeichners\",\"Verantwortungsethik\",\"Werte in globaler Welt\"],\"articleSection\":[\"J\u00dcNGSTE BEITR\u00c4GE\",\"Medienkritik\",\"Medienpolitik\"],\"inLanguage\":\"de\",\"potentialAction\":[{\"@type\":\"CommentAction\",\"name\":\"Comment\",\"target\":[\"https:\\\/\\\/www.medienkultur.at\\\/neu\\\/daenischer-mohammed-karikaturist-gestorben\\\/#respond\"]}]},{\"@type\":\"WebPage\",\"@id\":\"https:\\\/\\\/www.medienkultur.at\\\/neu\\\/daenischer-mohammed-karikaturist-gestorben\\\/\",\"url\":\"https:\\\/\\\/www.medienkultur.at\\\/neu\\\/daenischer-mohammed-karikaturist-gestorben\\\/\",\"name\":\"D\u00e4nischer Mohammed-Karikaturist gestorben | Vereinigung f\u00fcr Medienkultur\",\"isPartOf\":{\"@id\":\"https:\\\/\\\/www.medienkultur.at\\\/neu\\\/#website\"},\"datePublished\":\"2021-07-19T05:47:02+00:00\",\"author\":{\"@id\":\"https:\\\/\\\/www.medienkultur.at\\\/neu\\\/#\\\/schema\\\/person\\\/5307830ec125174672d8c9d829eeb256\"},\"breadcrumb\":{\"@id\":\"https:\\\/\\\/www.medienkultur.at\\\/neu\\\/daenischer-mohammed-karikaturist-gestorben\\\/#breadcrumb\"},\"inLanguage\":\"de\",\"potentialAction\":[{\"@type\":\"ReadAction\",\"target\":[\"https:\\\/\\\/www.medienkultur.at\\\/neu\\\/daenischer-mohammed-karikaturist-gestorben\\\/\"]}]},{\"@type\":\"BreadcrumbList\",\"@id\":\"https:\\\/\\\/www.medienkultur.at\\\/neu\\\/daenischer-mohammed-karikaturist-gestorben\\\/#breadcrumb\",\"itemListElement\":[{\"@type\":\"ListItem\",\"position\":1,\"name\":\"Startseite\",\"item\":\"https:\\\/\\\/www.medienkultur.at\\\/neu\\\/\"},{\"@type\":\"ListItem\",\"position\":2,\"name\":\"D\u00e4nischer Mohammed-Karikaturist gestorben\"}]},{\"@type\":\"WebSite\",\"@id\":\"https:\\\/\\\/www.medienkultur.at\\\/neu\\\/#website\",\"url\":\"https:\\\/\\\/www.medienkultur.at\\\/neu\\\/\",\"name\":\"Vereinigung f\u00fcr Medienkultur\",\"description\":\"\",\"potentialAction\":[{\"@type\":\"SearchAction\",\"target\":{\"@type\":\"EntryPoint\",\"urlTemplate\":\"https:\\\/\\\/www.medienkultur.at\\\/neu\\\/?s={search_term_string}\"},\"query-input\":{\"@type\":\"PropertyValueSpecification\",\"valueRequired\":true,\"valueName\":\"search_term_string\"}}],\"inLanguage\":\"de\"},{\"@type\":\"Person\",\"@id\":\"https:\\\/\\\/www.medienkultur.at\\\/neu\\\/#\\\/schema\\\/person\\\/5307830ec125174672d8c9d829eeb256\",\"name\":\"Hans H\u00f6gl\"}]}<\/script>\n<!-- \/ Yoast SEO plugin. -->","yoast_head_json":{"title":"D\u00e4nischer Mohammed-Karikaturist gestorben | Vereinigung f\u00fcr Medienkultur","robots":{"index":"index","follow":"follow","max-snippet":"max-snippet:-1","max-image-preview":"max-image-preview:large","max-video-preview":"max-video-preview:-1"},"canonical":"https:\/\/www.medienkultur.at\/neu\/daenischer-mohammed-karikaturist-gestorben\/","og_locale":"de_DE","og_type":"article","og_title":"D\u00e4nischer Mohammed-Karikaturist gestorben | Vereinigung f\u00fcr Medienkultur","og_description":"Wertekonflikt bei Globalisierung und Pressefreiheit Hans H\u00f6gl Der d\u00e4nische Mohammed-Karikaturist Kurt Westergaard ist gestorben. Seine umstrittenen Mohammed-Karikaturen hatten Proteste und gewaltt\u00e4tige Ausschreitungen in zahlreichen L\u00e4ndern ausgel\u00f6st. Wie die Zeitung \u00abBerlingske\u00bb am Sonntag online meldete, starb Westergaard nach langer Krankheit im Alter von 86 Jahren, wie seine Familie mitteilte. Unser Publikum wird ersucht, zu kommentieren, wie &hellip; D\u00e4nischer Mohammed-Karikaturist gestorben weiterlesen &rarr;","og_url":"https:\/\/www.medienkultur.at\/neu\/daenischer-mohammed-karikaturist-gestorben\/","og_site_name":"Vereinigung f\u00fcr Medienkultur","article_published_time":"2021-07-19T05:47:02+00:00","author":"Hans H\u00f6gl","twitter_card":"summary_large_image","twitter_misc":{"Verfasst von":"Hans H\u00f6gl"},"schema":{"@context":"https:\/\/schema.org","@graph":[{"@type":"Article","@id":"https:\/\/www.medienkultur.at\/neu\/daenischer-mohammed-karikaturist-gestorben\/#article","isPartOf":{"@id":"https:\/\/www.medienkultur.at\/neu\/daenischer-mohammed-karikaturist-gestorben\/"},"author":{"name":"Hans H\u00f6gl","@id":"https:\/\/www.medienkultur.at\/neu\/#\/schema\/person\/5307830ec125174672d8c9d829eeb256"},"headline":"D\u00e4nischer Mohammed-Karikaturist gestorben","datePublished":"2021-07-19T05:47:02+00:00","mainEntityOfPage":{"@id":"https:\/\/www.medienkultur.at\/neu\/daenischer-mohammed-karikaturist-gestorben\/"},"wordCount":85,"commentCount":0,"keywords":["D\u00e4nemark","Gesinnungsethik","Konflikt mit Islam.","Medienfreiheit grenzenlos?","Mohammed Karikaturen","Tod des Zeichners","Verantwortungsethik","Werte in globaler Welt"],"articleSection":["J\u00dcNGSTE BEITR\u00c4GE","Medienkritik","Medienpolitik"],"inLanguage":"de","potentialAction":[{"@type":"CommentAction","name":"Comment","target":["https:\/\/www.medienkultur.at\/neu\/daenischer-mohammed-karikaturist-gestorben\/#respond"]}]},{"@type":"WebPage","@id":"https:\/\/www.medienkultur.at\/neu\/daenischer-mohammed-karikaturist-gestorben\/","url":"https:\/\/www.medienkultur.at\/neu\/daenischer-mohammed-karikaturist-gestorben\/","name":"D\u00e4nischer Mohammed-Karikaturist gestorben | Vereinigung f\u00fcr Medienkultur","isPartOf":{"@id":"https:\/\/www.medienkultur.at\/neu\/#website"},"datePublished":"2021-07-19T05:47:02+00:00","author":{"@id":"https:\/\/www.medienkultur.at\/neu\/#\/schema\/person\/5307830ec125174672d8c9d829eeb256"},"breadcrumb":{"@id":"https:\/\/www.medienkultur.at\/neu\/daenischer-mohammed-karikaturist-gestorben\/#breadcrumb"},"inLanguage":"de","potentialAction":[{"@type":"ReadAction","target":["https:\/\/www.medienkultur.at\/neu\/daenischer-mohammed-karikaturist-gestorben\/"]}]},{"@type":"BreadcrumbList","@id":"https:\/\/www.medienkultur.at\/neu\/daenischer-mohammed-karikaturist-gestorben\/#breadcrumb","itemListElement":[{"@type":"ListItem","position":1,"name":"Startseite","item":"https:\/\/www.medienkultur.at\/neu\/"},{"@type":"ListItem","position":2,"name":"D\u00e4nischer Mohammed-Karikaturist gestorben"}]},{"@type":"WebSite","@id":"https:\/\/www.medienkultur.at\/neu\/#website","url":"https:\/\/www.medienkultur.at\/neu\/","name":"Vereinigung f\u00fcr Medienkultur","description":"","potentialAction":[{"@type":"SearchAction","target":{"@type":"EntryPoint","urlTemplate":"https:\/\/www.medienkultur.at\/neu\/?s={search_term_string}"},"query-input":{"@type":"PropertyValueSpecification","valueRequired":true,"valueName":"search_term_string"}}],"inLanguage":"de"},{"@type":"Person","@id":"https:\/\/www.medienkultur.at\/neu\/#\/schema\/person\/5307830ec125174672d8c9d829eeb256","name":"Hans H\u00f6gl"}]}},"_links":{"self":[{"href":"https:\/\/www.medienkultur.at\/neu\/wp-json\/wp\/v2\/posts\/9884","targetHints":{"allow":["GET"]}}],"collection":[{"href":"https:\/\/www.medienkultur.at\/neu\/wp-json\/wp\/v2\/posts"}],"about":[{"href":"https:\/\/www.medienkultur.at\/neu\/wp-json\/wp\/v2\/types\/post"}],"author":[{"embeddable":true,"href":"https:\/\/www.medienkultur.at\/neu\/wp-json\/wp\/v2\/users\/1"}],"replies":[{"embeddable":true,"href":"https:\/\/www.medienkultur.at\/neu\/wp-json\/wp\/v2\/comments?post=9884"}],"version-history":[{"count":2,"href":"https:\/\/www.medienkultur.at\/neu\/wp-json\/wp\/v2\/posts\/9884\/revisions"}],"predecessor-version":[{"id":9886,"href":"https:\/\/www.medienkultur.at\/neu\/wp-json\/wp\/v2\/posts\/9884\/revisions\/9886"}],"wp:attachment":[{"href":"https:\/\/www.medienkultur.at\/neu\/wp-json\/wp\/v2\/media?parent=9884"}],"wp:term":[{"taxonomy":"category","embeddable":true,"href":"https:\/\/www.medienkultur.at\/neu\/wp-json\/wp\/v2\/categories?post=9884"},{"taxonomy":"post_tag","embeddable":true,"href":"https:\/\/www.medienkultur.at\/neu\/wp-json\/wp\/v2\/tags?post=9884"}],"curies":[{"name":"wp","href":"https:\/\/api.w.org\/{rel}","templated":true}]}}