{"id":9837,"date":"2021-07-01T17:56:53","date_gmt":"2021-07-01T16:56:53","guid":{"rendered":"http:\/\/www.medienkultur.at\/neu\/?p=9837"},"modified":"2021-07-01T18:12:29","modified_gmt":"2021-07-01T17:12:29","slug":"gegen-korruption-und-machtmissbrauch","status":"publish","type":"post","link":"https:\/\/www.medienkultur.at\/neu\/gegen-korruption-und-machtmissbrauch\/","title":{"rendered":"Gegen Korruption und Machtmissbrauch"},"content":{"rendered":"<p>Das <strong>Anti-Korruptionsvolksbegehren<\/strong> ist gestartet. Nun k\u00f6nnen Unterst\u00fctzungserkl\u00e4rungen abgegeben werden. <\/p>\n<p>Udo Bachmair<\/p>\n<p>Mindestens 8.401 Unterst\u00fctzungserkl\u00e4rungen sind notwendig, damit das \u201eRechtsstaat &#038; Anti-Korruptionsvolksbegehren\u201c durchgef\u00fchrt werden kann. Die Proponentinnen und Proponenten sind sehr zuversichtlich, dieses Ziel zu erreichen. In ihrer Erkl\u00e4rung an die Medien hei\u00dft es:<\/p>\n<p><strong><em>\u201eF\u00e4lle von schwerwiegendem Korruptionsverdacht bis zu massiven Angriffen auf den Rechtsstaat verpflichten uns, unsere Stimme auch \u00f6ffentlich zu erheben\u201c.<\/em><\/strong><\/p>\n<p><strong><em>\u201eDie schon bisher starke Resonanz zeigt uns, dass die \u00d6sterreicherinnen und \u00d6sterreicher nicht l\u00e4nger bereit sind, Korruption und Angriffe auf unseren Rechtsstaat hinzunehmen\u201c<\/em><\/strong>, zeigt sich Ex-OGH-Pr\u00e4sident Irmgard Griss, eine der Proponentinnen, h\u00f6chst erfreut.  <\/p>\n<p><strong><em>\u201eWir m\u00fcssen umkehren, bevor es zu sp\u00e4t ist!\u201c<\/strong><\/em> mahnt der renommierte Verfassungsrechtler Heinz Mayer. <\/p>\n<p>Auch eine Reihe von \u00d6VP-Politikern schlie\u00dft sich dem Appell an, etwa Ex-EU-Kommissar Franz Fischler. Und Michael Ikrath, fr\u00fcherer \u00d6VP-Justizsprecher, sagt : <\/p>\n<p><strong><em>\u201eWir alle haben ein Recht auf respektierte Gewaltentrennung statt geprobter Regierungsallmacht.\u201c<\/em><\/strong><\/p>\n<p>Heide Schmidt , ehem. 3. Nationalratspr\u00e4sidentin formuliert als ihr Motiv, einmal mehr aktiv zu werden:<\/p>\n<p><strong><em>\u201eDie Art der politischen Kultur pr\u00e4gt die Ma\u00dfst\u00e4be f\u00fcr das Miteinander und damit f\u00fcr unsere Gesellschaft. Die derzeitige Entwicklung gibt Anlass zur Sorge. Dagegen m\u00fcssen wir etwas tun.\u201c<\/em><\/strong><\/p>\n<p>Unterst\u00fctzungserkl\u00e4rungen k\u00f6nnen mit einer pers\u00f6nlichen Unterschrift \u2013 unabh\u00e4ngig vom Hauptwohnsitz \u2013 in einer beliebigen Gemeinde (in Statutarst\u00e4dten beim Magistrat, in Wien auf den Magistratischen Bezirks\u00e4mtern) w\u00e4hrend der jeweiligen Amtsstunden abgegeben werden.<\/p>\n<p>Die Abgabe von Unterst\u00fctzungserkl\u00e4rungen ist auch online m\u00f6glich. N\u00e4here Informationen dazu finden Sie unter<br \/>\n <em>www.oesterreich.gv.at\/themen\/leben_in_oesterreich\/buergerbeteiligung___direkte_demokratie\/2\/Seite.320472.html<\/em><\/p>\n","protected":false},"excerpt":{"rendered":"<p>Das Anti-Korruptionsvolksbegehren ist gestartet. Nun k\u00f6nnen Unterst\u00fctzungserkl\u00e4rungen abgegeben werden. Udo Bachmair Mindestens 8.401 Unterst\u00fctzungserkl\u00e4rungen sind notwendig, damit das \u201eRechtsstaat &#038; Anti-Korruptionsvolksbegehren\u201c durchgef\u00fchrt werden kann. Die Proponentinnen und Proponenten sind sehr zuversichtlich, dieses Ziel zu erreichen. In ihrer Erkl\u00e4rung an die Medien hei\u00dft es: \u201eF\u00e4lle von schwerwiegendem Korruptionsverdacht bis zu massiven Angriffen auf den Rechtsstaat verpflichten &hellip; <a href=\"https:\/\/www.medienkultur.at\/neu\/gegen-korruption-und-machtmissbrauch\/\" class=\"more-link\"><span class=\"screen-reader-text\">Gegen Korruption und Machtmissbrauch<\/span> weiterlesen <span class=\"meta-nav\">&rarr;<\/span><\/a><\/p>\n","protected":false},"author":1,"featured_media":0,"comment_status":"open","ping_status":"open","sticky":false,"template":"","format":"standard","meta":{"footnotes":""},"categories":[9,22,1,18,13],"tags":[7826,7819,7825,7824,7820,7822,7693,724,4627,205,7821,2142,475,7823],"class_list":["post-9837","post","type-post","status-publish","format-standard","hentry","category-berichte_analysen","category-good-news","category-allgemein","category-medienkompetenz","category-medienpolitik","tag-anlass-zur-sorge","tag-antikorruptionsvolksbegehren","tag-art-der-politischen-kultur","tag-erklaerung-an-die-medien","tag-franz-fischler","tag-gewaltentrennung","tag-heide-schmidt","tag-irmgard-griss","tag-korruption","tag-machtmissbrauch","tag-michael-ikrath","tag-oevp-politiker","tag-rechtsstaat","tag-regierungsallmacht"],"yoast_head":"<!-- This site is optimized with the Yoast SEO plugin v27.5 - https:\/\/yoast.com\/product\/yoast-seo-wordpress\/ -->\n<title>Gegen Korruption und Machtmissbrauch | Vereinigung f\u00fcr Medienkultur<\/title>\n<meta name=\"robots\" content=\"index, follow, max-snippet:-1, max-image-preview:large, max-video-preview:-1\" \/>\n<link rel=\"canonical\" href=\"https:\/\/www.medienkultur.at\/neu\/gegen-korruption-und-machtmissbrauch\/\" \/>\n<meta property=\"og:locale\" content=\"de_DE\" \/>\n<meta property=\"og:type\" content=\"article\" \/>\n<meta property=\"og:title\" content=\"Gegen Korruption und Machtmissbrauch | Vereinigung f\u00fcr Medienkultur\" \/>\n<meta property=\"og:description\" content=\"Das Anti-Korruptionsvolksbegehren ist gestartet. Nun k\u00f6nnen Unterst\u00fctzungserkl\u00e4rungen abgegeben werden. Udo Bachmair Mindestens 8.401 Unterst\u00fctzungserkl\u00e4rungen sind notwendig, damit das \u201eRechtsstaat &#038; Anti-Korruptionsvolksbegehren\u201c durchgef\u00fchrt werden kann. Die Proponentinnen und Proponenten sind sehr zuversichtlich, dieses Ziel zu erreichen. In ihrer Erkl\u00e4rung an die Medien hei\u00dft es: \u201eF\u00e4lle von schwerwiegendem Korruptionsverdacht bis zu massiven Angriffen auf den Rechtsstaat verpflichten &hellip; Gegen Korruption und Machtmissbrauch weiterlesen &rarr;\" \/>\n<meta property=\"og:url\" content=\"https:\/\/www.medienkultur.at\/neu\/gegen-korruption-und-machtmissbrauch\/\" \/>\n<meta property=\"og:site_name\" content=\"Vereinigung f\u00fcr Medienkultur\" \/>\n<meta property=\"article:published_time\" content=\"2021-07-01T16:56:53+00:00\" \/>\n<meta property=\"article:modified_time\" content=\"2021-07-01T17:12:29+00:00\" \/>\n<meta name=\"author\" content=\"Hans H\u00f6gl\" \/>\n<meta name=\"twitter:card\" content=\"summary_large_image\" \/>\n<meta name=\"twitter:label1\" content=\"Verfasst von\" \/>\n\t<meta name=\"twitter:data1\" content=\"Hans H\u00f6gl\" \/>\n\t<meta name=\"twitter:label2\" content=\"Gesch\u00e4tzte Lesezeit\" \/>\n\t<meta name=\"twitter:data2\" content=\"1\u00a0Minute\" \/>\n<script type=\"application\/ld+json\" class=\"yoast-schema-graph\">{\"@context\":\"https:\\\/\\\/schema.org\",\"@graph\":[{\"@type\":\"Article\",\"@id\":\"https:\\\/\\\/www.medienkultur.at\\\/neu\\\/gegen-korruption-und-machtmissbrauch\\\/#article\",\"isPartOf\":{\"@id\":\"https:\\\/\\\/www.medienkultur.at\\\/neu\\\/gegen-korruption-und-machtmissbrauch\\\/\"},\"author\":{\"name\":\"Hans H\u00f6gl\",\"@id\":\"https:\\\/\\\/www.medienkultur.at\\\/neu\\\/#\\\/schema\\\/person\\\/5307830ec125174672d8c9d829eeb256\"},\"headline\":\"Gegen Korruption und Machtmissbrauch\",\"datePublished\":\"2021-07-01T16:56:53+00:00\",\"dateModified\":\"2021-07-01T17:12:29+00:00\",\"mainEntityOfPage\":{\"@id\":\"https:\\\/\\\/www.medienkultur.at\\\/neu\\\/gegen-korruption-und-machtmissbrauch\\\/\"},\"wordCount\":274,\"commentCount\":0,\"keywords\":[\"Anlass zur Sorge\",\"Antikorruptionsvolksbegehren\",\"Art der politischen Kultur\",\"Erkl\u00e4rung an die Medien\",\"Franz Fischler\",\"Gewaltentrennung\",\"Heide Schmidt\",\"Irmgard Griss\",\"Korruption\",\"Machtmissbrauch\",\"Michael Ikrath\",\"\u00d6VP-Politiker\",\"Rechtsstaat\",\"Regierungsallmacht\"],\"articleSection\":[\"BERICHTE \\\/ ANALYSEN\",\"Good News\",\"J\u00dcNGSTE BEITR\u00c4GE\",\"Medienkompetenz\",\"Medienpolitik\"],\"inLanguage\":\"de\",\"potentialAction\":[{\"@type\":\"CommentAction\",\"name\":\"Comment\",\"target\":[\"https:\\\/\\\/www.medienkultur.at\\\/neu\\\/gegen-korruption-und-machtmissbrauch\\\/#respond\"]}]},{\"@type\":\"WebPage\",\"@id\":\"https:\\\/\\\/www.medienkultur.at\\\/neu\\\/gegen-korruption-und-machtmissbrauch\\\/\",\"url\":\"https:\\\/\\\/www.medienkultur.at\\\/neu\\\/gegen-korruption-und-machtmissbrauch\\\/\",\"name\":\"Gegen Korruption und Machtmissbrauch | Vereinigung f\u00fcr Medienkultur\",\"isPartOf\":{\"@id\":\"https:\\\/\\\/www.medienkultur.at\\\/neu\\\/#website\"},\"datePublished\":\"2021-07-01T16:56:53+00:00\",\"dateModified\":\"2021-07-01T17:12:29+00:00\",\"author\":{\"@id\":\"https:\\\/\\\/www.medienkultur.at\\\/neu\\\/#\\\/schema\\\/person\\\/5307830ec125174672d8c9d829eeb256\"},\"breadcrumb\":{\"@id\":\"https:\\\/\\\/www.medienkultur.at\\\/neu\\\/gegen-korruption-und-machtmissbrauch\\\/#breadcrumb\"},\"inLanguage\":\"de\",\"potentialAction\":[{\"@type\":\"ReadAction\",\"target\":[\"https:\\\/\\\/www.medienkultur.at\\\/neu\\\/gegen-korruption-und-machtmissbrauch\\\/\"]}]},{\"@type\":\"BreadcrumbList\",\"@id\":\"https:\\\/\\\/www.medienkultur.at\\\/neu\\\/gegen-korruption-und-machtmissbrauch\\\/#breadcrumb\",\"itemListElement\":[{\"@type\":\"ListItem\",\"position\":1,\"name\":\"Startseite\",\"item\":\"https:\\\/\\\/www.medienkultur.at\\\/neu\\\/\"},{\"@type\":\"ListItem\",\"position\":2,\"name\":\"Gegen Korruption und Machtmissbrauch\"}]},{\"@type\":\"WebSite\",\"@id\":\"https:\\\/\\\/www.medienkultur.at\\\/neu\\\/#website\",\"url\":\"https:\\\/\\\/www.medienkultur.at\\\/neu\\\/\",\"name\":\"Vereinigung f\u00fcr Medienkultur\",\"description\":\"\",\"potentialAction\":[{\"@type\":\"SearchAction\",\"target\":{\"@type\":\"EntryPoint\",\"urlTemplate\":\"https:\\\/\\\/www.medienkultur.at\\\/neu\\\/?s={search_term_string}\"},\"query-input\":{\"@type\":\"PropertyValueSpecification\",\"valueRequired\":true,\"valueName\":\"search_term_string\"}}],\"inLanguage\":\"de\"},{\"@type\":\"Person\",\"@id\":\"https:\\\/\\\/www.medienkultur.at\\\/neu\\\/#\\\/schema\\\/person\\\/5307830ec125174672d8c9d829eeb256\",\"name\":\"Hans H\u00f6gl\"}]}<\/script>\n<!-- \/ Yoast SEO plugin. -->","yoast_head_json":{"title":"Gegen Korruption und Machtmissbrauch | Vereinigung f\u00fcr Medienkultur","robots":{"index":"index","follow":"follow","max-snippet":"max-snippet:-1","max-image-preview":"max-image-preview:large","max-video-preview":"max-video-preview:-1"},"canonical":"https:\/\/www.medienkultur.at\/neu\/gegen-korruption-und-machtmissbrauch\/","og_locale":"de_DE","og_type":"article","og_title":"Gegen Korruption und Machtmissbrauch | Vereinigung f\u00fcr Medienkultur","og_description":"Das Anti-Korruptionsvolksbegehren ist gestartet. Nun k\u00f6nnen Unterst\u00fctzungserkl\u00e4rungen abgegeben werden. Udo Bachmair Mindestens 8.401 Unterst\u00fctzungserkl\u00e4rungen sind notwendig, damit das \u201eRechtsstaat &#038; Anti-Korruptionsvolksbegehren\u201c durchgef\u00fchrt werden kann. Die Proponentinnen und Proponenten sind sehr zuversichtlich, dieses Ziel zu erreichen. In ihrer Erkl\u00e4rung an die Medien hei\u00dft es: \u201eF\u00e4lle von schwerwiegendem Korruptionsverdacht bis zu massiven Angriffen auf den Rechtsstaat verpflichten &hellip; Gegen Korruption und Machtmissbrauch weiterlesen &rarr;","og_url":"https:\/\/www.medienkultur.at\/neu\/gegen-korruption-und-machtmissbrauch\/","og_site_name":"Vereinigung f\u00fcr Medienkultur","article_published_time":"2021-07-01T16:56:53+00:00","article_modified_time":"2021-07-01T17:12:29+00:00","author":"Hans H\u00f6gl","twitter_card":"summary_large_image","twitter_misc":{"Verfasst von":"Hans H\u00f6gl","Gesch\u00e4tzte Lesezeit":"1\u00a0Minute"},"schema":{"@context":"https:\/\/schema.org","@graph":[{"@type":"Article","@id":"https:\/\/www.medienkultur.at\/neu\/gegen-korruption-und-machtmissbrauch\/#article","isPartOf":{"@id":"https:\/\/www.medienkultur.at\/neu\/gegen-korruption-und-machtmissbrauch\/"},"author":{"name":"Hans H\u00f6gl","@id":"https:\/\/www.medienkultur.at\/neu\/#\/schema\/person\/5307830ec125174672d8c9d829eeb256"},"headline":"Gegen Korruption und Machtmissbrauch","datePublished":"2021-07-01T16:56:53+00:00","dateModified":"2021-07-01T17:12:29+00:00","mainEntityOfPage":{"@id":"https:\/\/www.medienkultur.at\/neu\/gegen-korruption-und-machtmissbrauch\/"},"wordCount":274,"commentCount":0,"keywords":["Anlass zur Sorge","Antikorruptionsvolksbegehren","Art der politischen Kultur","Erkl\u00e4rung an die Medien","Franz Fischler","Gewaltentrennung","Heide Schmidt","Irmgard Griss","Korruption","Machtmissbrauch","Michael Ikrath","\u00d6VP-Politiker","Rechtsstaat","Regierungsallmacht"],"articleSection":["BERICHTE \/ ANALYSEN","Good News","J\u00dcNGSTE BEITR\u00c4GE","Medienkompetenz","Medienpolitik"],"inLanguage":"de","potentialAction":[{"@type":"CommentAction","name":"Comment","target":["https:\/\/www.medienkultur.at\/neu\/gegen-korruption-und-machtmissbrauch\/#respond"]}]},{"@type":"WebPage","@id":"https:\/\/www.medienkultur.at\/neu\/gegen-korruption-und-machtmissbrauch\/","url":"https:\/\/www.medienkultur.at\/neu\/gegen-korruption-und-machtmissbrauch\/","name":"Gegen Korruption und Machtmissbrauch | Vereinigung f\u00fcr Medienkultur","isPartOf":{"@id":"https:\/\/www.medienkultur.at\/neu\/#website"},"datePublished":"2021-07-01T16:56:53+00:00","dateModified":"2021-07-01T17:12:29+00:00","author":{"@id":"https:\/\/www.medienkultur.at\/neu\/#\/schema\/person\/5307830ec125174672d8c9d829eeb256"},"breadcrumb":{"@id":"https:\/\/www.medienkultur.at\/neu\/gegen-korruption-und-machtmissbrauch\/#breadcrumb"},"inLanguage":"de","potentialAction":[{"@type":"ReadAction","target":["https:\/\/www.medienkultur.at\/neu\/gegen-korruption-und-machtmissbrauch\/"]}]},{"@type":"BreadcrumbList","@id":"https:\/\/www.medienkultur.at\/neu\/gegen-korruption-und-machtmissbrauch\/#breadcrumb","itemListElement":[{"@type":"ListItem","position":1,"name":"Startseite","item":"https:\/\/www.medienkultur.at\/neu\/"},{"@type":"ListItem","position":2,"name":"Gegen Korruption und Machtmissbrauch"}]},{"@type":"WebSite","@id":"https:\/\/www.medienkultur.at\/neu\/#website","url":"https:\/\/www.medienkultur.at\/neu\/","name":"Vereinigung f\u00fcr Medienkultur","description":"","potentialAction":[{"@type":"SearchAction","target":{"@type":"EntryPoint","urlTemplate":"https:\/\/www.medienkultur.at\/neu\/?s={search_term_string}"},"query-input":{"@type":"PropertyValueSpecification","valueRequired":true,"valueName":"search_term_string"}}],"inLanguage":"de"},{"@type":"Person","@id":"https:\/\/www.medienkultur.at\/neu\/#\/schema\/person\/5307830ec125174672d8c9d829eeb256","name":"Hans H\u00f6gl"}]}},"_links":{"self":[{"href":"https:\/\/www.medienkultur.at\/neu\/wp-json\/wp\/v2\/posts\/9837","targetHints":{"allow":["GET"]}}],"collection":[{"href":"https:\/\/www.medienkultur.at\/neu\/wp-json\/wp\/v2\/posts"}],"about":[{"href":"https:\/\/www.medienkultur.at\/neu\/wp-json\/wp\/v2\/types\/post"}],"author":[{"embeddable":true,"href":"https:\/\/www.medienkultur.at\/neu\/wp-json\/wp\/v2\/users\/1"}],"replies":[{"embeddable":true,"href":"https:\/\/www.medienkultur.at\/neu\/wp-json\/wp\/v2\/comments?post=9837"}],"version-history":[{"count":9,"href":"https:\/\/www.medienkultur.at\/neu\/wp-json\/wp\/v2\/posts\/9837\/revisions"}],"predecessor-version":[{"id":9847,"href":"https:\/\/www.medienkultur.at\/neu\/wp-json\/wp\/v2\/posts\/9837\/revisions\/9847"}],"wp:attachment":[{"href":"https:\/\/www.medienkultur.at\/neu\/wp-json\/wp\/v2\/media?parent=9837"}],"wp:term":[{"taxonomy":"category","embeddable":true,"href":"https:\/\/www.medienkultur.at\/neu\/wp-json\/wp\/v2\/categories?post=9837"},{"taxonomy":"post_tag","embeddable":true,"href":"https:\/\/www.medienkultur.at\/neu\/wp-json\/wp\/v2\/tags?post=9837"}],"curies":[{"name":"wp","href":"https:\/\/api.w.org\/{rel}","templated":true}]}}