{"id":9343,"date":"2021-02-18T19:22:13","date_gmt":"2021-02-18T18:22:13","guid":{"rendered":"http:\/\/www.medienkultur.at\/neu\/?p=9343"},"modified":"2021-02-21T18:56:19","modified_gmt":"2021-02-21T17:56:19","slug":"wasserstoff-autos-in-der-schweiz","status":"publish","type":"post","link":"https:\/\/www.medienkultur.at\/neu\/wasserstoff-autos-in-der-schweiz\/","title":{"rendered":"Schweiz Pioniermarkt f\u00fcr Wasserstoff"},"content":{"rendered":"<p>Es ist verwunderlich, wie lange es braucht, dass bemerkenswerte Entwicklungen in der Schweiz bei uns medial wahrgenommen werden. Ein Beispiel ist die Initiative f\u00fcr Wasserstoffautos. <\/p>\n<p>Hans H\u00f6gl<\/p>\n<p>In der <em>Schweizer Illustrierten<\/em> war davon schon am 12. Oktober 2020 die Rede. K\u00fcrzlich hat \u00d61 dies aufgegriffen. Die LKW-Firma Gebr\u00fcder Weiss aus \u00d6sterreich beteiligt sich an der Initiative. Auch Toyota hat Kontakt aufgenommen. <\/p>\n<p>Ein Glaubenskrieg tobt derzeit um die Zukunft der individuellen Mobilit\u00e4t. Ziemlich sicher ist, dass wir sie elektrisch bestreiten. Aber speist sich der E-Motor in unseren Autos mit Strom aus einem Akku? Oder wird Wasserstoff (H2) mittels Brennstoffzelle im Auto umgewandelt, um es ebenfalls elektrisch anzutreiben? W\u00e4hrend die Zahl der Lades\u00e4ulen f\u00fcr Elektroautos europaweit massiv steigt, <strong>hat in St.\u00a0Gallen diesen Sommer die nach Hunzenschwil AG erst zweite \u00f6ffentliche Wasserstoff-Tankstelle der Schweiz er\u00f6ffnet. Noch in diesem Jahr sollen aber f\u00fcnf weitere Stationen folgen und die Ost-West-Achse Genfersee-Ostschweiz erschlie\u00dfen.<\/strong> Doch die Frage bleibt: Ist der Aufbau eines H2-Netzes \u00fcberhaupt erfolgversprechend?\u00a0<\/p>\n<p>Rolf Huber, 55, CEO des Unternehmens H2\u00a0Energy, sowie J\u00f6rg Ackermann, 62, Pr\u00e4sident des F\u00f6rdervereins H2\u00a0Mobilit\u00e4t, sind nicht nur \u00fcberzeugt vom Erfolg des Wasserstoffs, sie sagen auch klipp und klar: \u00abOhne Wasserstoff ist die Energiewende gar nicht m\u00f6glich.\u00bb Warum die Schweiz als Pioniermarkt f\u00fcr den Wasserstoff geradezu pr\u00e4destiniert ist, wie der Fahrplan f\u00fcr die Umsetzung aussieht und warum sie nichts von staatlicher F\u00f6rderung halten, erkl\u00e4ren Huber und Ackermann im Interview in der <em>Schweizer Illustrierten<\/em>.<\/p>\n","protected":false},"excerpt":{"rendered":"<p>Es ist verwunderlich, wie lange es braucht, dass bemerkenswerte Entwicklungen in der Schweiz bei uns medial wahrgenommen werden. Ein Beispiel ist die Initiative f\u00fcr Wasserstoffautos. Hans H\u00f6gl In der Schweizer Illustrierten war davon schon am 12. Oktober 2020 die Rede. K\u00fcrzlich hat \u00d61 dies aufgegriffen. Die LKW-Firma Gebr\u00fcder Weiss aus \u00d6sterreich beteiligt sich an der &hellip; <a href=\"https:\/\/www.medienkultur.at\/neu\/wasserstoff-autos-in-der-schweiz\/\" class=\"more-link\"><span class=\"screen-reader-text\">Schweiz Pioniermarkt f\u00fcr Wasserstoff<\/span> weiterlesen <span class=\"meta-nav\">&rarr;<\/span><\/a><\/p>\n","protected":false},"author":1,"featured_media":0,"comment_status":"open","ping_status":"open","sticky":false,"template":"","format":"standard","meta":{"footnotes":""},"categories":[22,1,11,23],"tags":[7468,7467,7470,7471,7466,7469,7465],"class_list":["post-9343","post","type-post","status-publish","format-standard","hentry","category-good-news","category-allgemein","category-medien_politik_wirtschaft","category-medienschmankerl","tag-gebrueder-weiss-lkw-firma-aus-oesterreich","tag-h2-energie","tag-privatwirtschaftliche-initiative","tag-radio-oe1-orf","tag-schweizer-illustrierte","tag-toyota","tag-wasserstoffautos"],"yoast_head":"<!-- This site is optimized with the Yoast SEO plugin v27.4 - https:\/\/yoast.com\/product\/yoast-seo-wordpress\/ -->\n<title>Schweiz Pioniermarkt f\u00fcr Wasserstoff | Vereinigung f\u00fcr Medienkultur<\/title>\n<meta name=\"robots\" content=\"index, follow, max-snippet:-1, max-image-preview:large, max-video-preview:-1\" \/>\n<link rel=\"canonical\" href=\"https:\/\/www.medienkultur.at\/neu\/wasserstoff-autos-in-der-schweiz\/\" \/>\n<meta property=\"og:locale\" content=\"de_DE\" \/>\n<meta property=\"og:type\" content=\"article\" \/>\n<meta property=\"og:title\" content=\"Schweiz Pioniermarkt f\u00fcr Wasserstoff | Vereinigung f\u00fcr Medienkultur\" \/>\n<meta property=\"og:description\" content=\"Es ist verwunderlich, wie lange es braucht, dass bemerkenswerte Entwicklungen in der Schweiz bei uns medial wahrgenommen werden. Ein Beispiel ist die Initiative f\u00fcr Wasserstoffautos. Hans H\u00f6gl In der Schweizer Illustrierten war davon schon am 12. Oktober 2020 die Rede. K\u00fcrzlich hat \u00d61 dies aufgegriffen. Die LKW-Firma Gebr\u00fcder Weiss aus \u00d6sterreich beteiligt sich an der &hellip; Schweiz Pioniermarkt f\u00fcr Wasserstoff weiterlesen &rarr;\" \/>\n<meta property=\"og:url\" content=\"https:\/\/www.medienkultur.at\/neu\/wasserstoff-autos-in-der-schweiz\/\" \/>\n<meta property=\"og:site_name\" content=\"Vereinigung f\u00fcr Medienkultur\" \/>\n<meta property=\"article:published_time\" content=\"2021-02-18T18:22:13+00:00\" \/>\n<meta property=\"article:modified_time\" content=\"2021-02-21T17:56:19+00:00\" \/>\n<meta name=\"author\" content=\"Hans H\u00f6gl\" \/>\n<meta name=\"twitter:card\" content=\"summary_large_image\" \/>\n<meta name=\"twitter:label1\" content=\"Verfasst von\" \/>\n\t<meta name=\"twitter:data1\" content=\"Hans H\u00f6gl\" \/>\n\t<meta name=\"twitter:label2\" content=\"Gesch\u00e4tzte Lesezeit\" \/>\n\t<meta name=\"twitter:data2\" content=\"1\u00a0Minute\" \/>\n<script type=\"application\/ld+json\" class=\"yoast-schema-graph\">{\"@context\":\"https:\\\/\\\/schema.org\",\"@graph\":[{\"@type\":\"Article\",\"@id\":\"https:\\\/\\\/www.medienkultur.at\\\/neu\\\/wasserstoff-autos-in-der-schweiz\\\/#article\",\"isPartOf\":{\"@id\":\"https:\\\/\\\/www.medienkultur.at\\\/neu\\\/wasserstoff-autos-in-der-schweiz\\\/\"},\"author\":{\"name\":\"Hans H\u00f6gl\",\"@id\":\"https:\\\/\\\/www.medienkultur.at\\\/neu\\\/#\\\/schema\\\/person\\\/5307830ec125174672d8c9d829eeb256\"},\"headline\":\"Schweiz Pioniermarkt f\u00fcr Wasserstoff\",\"datePublished\":\"2021-02-18T18:22:13+00:00\",\"dateModified\":\"2021-02-21T17:56:19+00:00\",\"mainEntityOfPage\":{\"@id\":\"https:\\\/\\\/www.medienkultur.at\\\/neu\\\/wasserstoff-autos-in-der-schweiz\\\/\"},\"wordCount\":256,\"commentCount\":0,\"keywords\":[\"Gebr\u00fcder Weiss (LKW-Firma) aus \u00d6sterreich\",\"H2 Energie\",\"Privatwirtschaftliche Initiative\",\"Radio \u00d61 ORF\",\"Schweizer Illustrierte\",\"Toyota\",\"Wasserstoffautos\"],\"articleSection\":[\"Good News\",\"J\u00dcNGSTE BEITR\u00c4GE\",\"Medien und Politik \\\/ Wirtschaft\",\"Medienschmankerl\"],\"inLanguage\":\"de\",\"potentialAction\":[{\"@type\":\"CommentAction\",\"name\":\"Comment\",\"target\":[\"https:\\\/\\\/www.medienkultur.at\\\/neu\\\/wasserstoff-autos-in-der-schweiz\\\/#respond\"]}]},{\"@type\":\"WebPage\",\"@id\":\"https:\\\/\\\/www.medienkultur.at\\\/neu\\\/wasserstoff-autos-in-der-schweiz\\\/\",\"url\":\"https:\\\/\\\/www.medienkultur.at\\\/neu\\\/wasserstoff-autos-in-der-schweiz\\\/\",\"name\":\"Schweiz Pioniermarkt f\u00fcr Wasserstoff | Vereinigung f\u00fcr Medienkultur\",\"isPartOf\":{\"@id\":\"https:\\\/\\\/www.medienkultur.at\\\/neu\\\/#website\"},\"datePublished\":\"2021-02-18T18:22:13+00:00\",\"dateModified\":\"2021-02-21T17:56:19+00:00\",\"author\":{\"@id\":\"https:\\\/\\\/www.medienkultur.at\\\/neu\\\/#\\\/schema\\\/person\\\/5307830ec125174672d8c9d829eeb256\"},\"breadcrumb\":{\"@id\":\"https:\\\/\\\/www.medienkultur.at\\\/neu\\\/wasserstoff-autos-in-der-schweiz\\\/#breadcrumb\"},\"inLanguage\":\"de\",\"potentialAction\":[{\"@type\":\"ReadAction\",\"target\":[\"https:\\\/\\\/www.medienkultur.at\\\/neu\\\/wasserstoff-autos-in-der-schweiz\\\/\"]}]},{\"@type\":\"BreadcrumbList\",\"@id\":\"https:\\\/\\\/www.medienkultur.at\\\/neu\\\/wasserstoff-autos-in-der-schweiz\\\/#breadcrumb\",\"itemListElement\":[{\"@type\":\"ListItem\",\"position\":1,\"name\":\"Startseite\",\"item\":\"https:\\\/\\\/www.medienkultur.at\\\/neu\\\/\"},{\"@type\":\"ListItem\",\"position\":2,\"name\":\"Schweiz Pioniermarkt f\u00fcr Wasserstoff\"}]},{\"@type\":\"WebSite\",\"@id\":\"https:\\\/\\\/www.medienkultur.at\\\/neu\\\/#website\",\"url\":\"https:\\\/\\\/www.medienkultur.at\\\/neu\\\/\",\"name\":\"Vereinigung f\u00fcr Medienkultur\",\"description\":\"\",\"potentialAction\":[{\"@type\":\"SearchAction\",\"target\":{\"@type\":\"EntryPoint\",\"urlTemplate\":\"https:\\\/\\\/www.medienkultur.at\\\/neu\\\/?s={search_term_string}\"},\"query-input\":{\"@type\":\"PropertyValueSpecification\",\"valueRequired\":true,\"valueName\":\"search_term_string\"}}],\"inLanguage\":\"de\"},{\"@type\":\"Person\",\"@id\":\"https:\\\/\\\/www.medienkultur.at\\\/neu\\\/#\\\/schema\\\/person\\\/5307830ec125174672d8c9d829eeb256\",\"name\":\"Hans H\u00f6gl\"}]}<\/script>\n<!-- \/ Yoast SEO plugin. -->","yoast_head_json":{"title":"Schweiz Pioniermarkt f\u00fcr Wasserstoff | Vereinigung f\u00fcr Medienkultur","robots":{"index":"index","follow":"follow","max-snippet":"max-snippet:-1","max-image-preview":"max-image-preview:large","max-video-preview":"max-video-preview:-1"},"canonical":"https:\/\/www.medienkultur.at\/neu\/wasserstoff-autos-in-der-schweiz\/","og_locale":"de_DE","og_type":"article","og_title":"Schweiz Pioniermarkt f\u00fcr Wasserstoff | Vereinigung f\u00fcr Medienkultur","og_description":"Es ist verwunderlich, wie lange es braucht, dass bemerkenswerte Entwicklungen in der Schweiz bei uns medial wahrgenommen werden. Ein Beispiel ist die Initiative f\u00fcr Wasserstoffautos. Hans H\u00f6gl In der Schweizer Illustrierten war davon schon am 12. Oktober 2020 die Rede. K\u00fcrzlich hat \u00d61 dies aufgegriffen. Die LKW-Firma Gebr\u00fcder Weiss aus \u00d6sterreich beteiligt sich an der &hellip; Schweiz Pioniermarkt f\u00fcr Wasserstoff weiterlesen &rarr;","og_url":"https:\/\/www.medienkultur.at\/neu\/wasserstoff-autos-in-der-schweiz\/","og_site_name":"Vereinigung f\u00fcr Medienkultur","article_published_time":"2021-02-18T18:22:13+00:00","article_modified_time":"2021-02-21T17:56:19+00:00","author":"Hans H\u00f6gl","twitter_card":"summary_large_image","twitter_misc":{"Verfasst von":"Hans H\u00f6gl","Gesch\u00e4tzte Lesezeit":"1\u00a0Minute"},"schema":{"@context":"https:\/\/schema.org","@graph":[{"@type":"Article","@id":"https:\/\/www.medienkultur.at\/neu\/wasserstoff-autos-in-der-schweiz\/#article","isPartOf":{"@id":"https:\/\/www.medienkultur.at\/neu\/wasserstoff-autos-in-der-schweiz\/"},"author":{"name":"Hans H\u00f6gl","@id":"https:\/\/www.medienkultur.at\/neu\/#\/schema\/person\/5307830ec125174672d8c9d829eeb256"},"headline":"Schweiz Pioniermarkt f\u00fcr Wasserstoff","datePublished":"2021-02-18T18:22:13+00:00","dateModified":"2021-02-21T17:56:19+00:00","mainEntityOfPage":{"@id":"https:\/\/www.medienkultur.at\/neu\/wasserstoff-autos-in-der-schweiz\/"},"wordCount":256,"commentCount":0,"keywords":["Gebr\u00fcder Weiss (LKW-Firma) aus \u00d6sterreich","H2 Energie","Privatwirtschaftliche Initiative","Radio \u00d61 ORF","Schweizer Illustrierte","Toyota","Wasserstoffautos"],"articleSection":["Good News","J\u00dcNGSTE BEITR\u00c4GE","Medien und Politik \/ Wirtschaft","Medienschmankerl"],"inLanguage":"de","potentialAction":[{"@type":"CommentAction","name":"Comment","target":["https:\/\/www.medienkultur.at\/neu\/wasserstoff-autos-in-der-schweiz\/#respond"]}]},{"@type":"WebPage","@id":"https:\/\/www.medienkultur.at\/neu\/wasserstoff-autos-in-der-schweiz\/","url":"https:\/\/www.medienkultur.at\/neu\/wasserstoff-autos-in-der-schweiz\/","name":"Schweiz Pioniermarkt f\u00fcr Wasserstoff | Vereinigung f\u00fcr Medienkultur","isPartOf":{"@id":"https:\/\/www.medienkultur.at\/neu\/#website"},"datePublished":"2021-02-18T18:22:13+00:00","dateModified":"2021-02-21T17:56:19+00:00","author":{"@id":"https:\/\/www.medienkultur.at\/neu\/#\/schema\/person\/5307830ec125174672d8c9d829eeb256"},"breadcrumb":{"@id":"https:\/\/www.medienkultur.at\/neu\/wasserstoff-autos-in-der-schweiz\/#breadcrumb"},"inLanguage":"de","potentialAction":[{"@type":"ReadAction","target":["https:\/\/www.medienkultur.at\/neu\/wasserstoff-autos-in-der-schweiz\/"]}]},{"@type":"BreadcrumbList","@id":"https:\/\/www.medienkultur.at\/neu\/wasserstoff-autos-in-der-schweiz\/#breadcrumb","itemListElement":[{"@type":"ListItem","position":1,"name":"Startseite","item":"https:\/\/www.medienkultur.at\/neu\/"},{"@type":"ListItem","position":2,"name":"Schweiz Pioniermarkt f\u00fcr Wasserstoff"}]},{"@type":"WebSite","@id":"https:\/\/www.medienkultur.at\/neu\/#website","url":"https:\/\/www.medienkultur.at\/neu\/","name":"Vereinigung f\u00fcr Medienkultur","description":"","potentialAction":[{"@type":"SearchAction","target":{"@type":"EntryPoint","urlTemplate":"https:\/\/www.medienkultur.at\/neu\/?s={search_term_string}"},"query-input":{"@type":"PropertyValueSpecification","valueRequired":true,"valueName":"search_term_string"}}],"inLanguage":"de"},{"@type":"Person","@id":"https:\/\/www.medienkultur.at\/neu\/#\/schema\/person\/5307830ec125174672d8c9d829eeb256","name":"Hans H\u00f6gl"}]}},"_links":{"self":[{"href":"https:\/\/www.medienkultur.at\/neu\/wp-json\/wp\/v2\/posts\/9343","targetHints":{"allow":["GET"]}}],"collection":[{"href":"https:\/\/www.medienkultur.at\/neu\/wp-json\/wp\/v2\/posts"}],"about":[{"href":"https:\/\/www.medienkultur.at\/neu\/wp-json\/wp\/v2\/types\/post"}],"author":[{"embeddable":true,"href":"https:\/\/www.medienkultur.at\/neu\/wp-json\/wp\/v2\/users\/1"}],"replies":[{"embeddable":true,"href":"https:\/\/www.medienkultur.at\/neu\/wp-json\/wp\/v2\/comments?post=9343"}],"version-history":[{"count":10,"href":"https:\/\/www.medienkultur.at\/neu\/wp-json\/wp\/v2\/posts\/9343\/revisions"}],"predecessor-version":[{"id":9355,"href":"https:\/\/www.medienkultur.at\/neu\/wp-json\/wp\/v2\/posts\/9343\/revisions\/9355"}],"wp:attachment":[{"href":"https:\/\/www.medienkultur.at\/neu\/wp-json\/wp\/v2\/media?parent=9343"}],"wp:term":[{"taxonomy":"category","embeddable":true,"href":"https:\/\/www.medienkultur.at\/neu\/wp-json\/wp\/v2\/categories?post=9343"},{"taxonomy":"post_tag","embeddable":true,"href":"https:\/\/www.medienkultur.at\/neu\/wp-json\/wp\/v2\/tags?post=9343"}],"curies":[{"name":"wp","href":"https:\/\/api.w.org\/{rel}","templated":true}]}}