{"id":9137,"date":"2021-01-21T17:18:18","date_gmt":"2021-01-21T16:18:18","guid":{"rendered":"http:\/\/www.medienkultur.at\/neu\/?p=9137"},"modified":"2021-01-21T17:23:27","modified_gmt":"2021-01-21T16:23:27","slug":"corona-partys-zitat-des-tages","status":"publish","type":"post","link":"https:\/\/www.medienkultur.at\/neu\/corona-partys-zitat-des-tages\/","title":{"rendered":"Corona-Partys: Zitat des Tages"},"content":{"rendered":"<p>Der Lockdown trifft und beeintr\u00e4chtigt voll auch die Kulturbranche. Obwohl diese \u00e4hnlich der Gastronomie f\u00fcr die Sicherheit der G\u00e4ste entsprechend vorgesorgt und auch nicht wenig in deren Schutz investiert hat.<\/p>\n<p>Udo Bachmair<\/p>\n<p>Kulturveranstalterin Marlene Engel klagt stellvertretend f\u00fcr ihre Kolleg*innen \u00fcber ihre angesichts der Corona-Ma\u00dfnahmen dahindarbende Branche. Viele in diesem Bereich m\u00fcssen um ihre Existenz bangen, bedauert sie in einem Standard-Gespr\u00e4ch. Sie weist auch auf Widerspr\u00fcchlichkeiten hin: Auf der einen Seite strenge Ma\u00dfnahmen, andererseits aber etwa illegale Partys, deren Veranstalter, nur weil sie prominent sind und \u00fcber gute Kontakte verf\u00fcgen, unbehelligt bleiben.. <\/p>\n<p>Marlene Engel \u00e4u\u00dfert sich zum Thema unter Hinweis auf den mit dem Bundeskanzler befreundeten Szenegastronomen Martin Ho wie folgt  :<\/p>\n<p><em>\u201eAlso diese ganzen Martin-Ho-Partys finde ich peinlich. Wenn jemand, der eh auf so viel Geld sitzt und mit so vielen politischen Kontakten in Richtung Volkspartei ausgestattet ist, sich dann noch geb\u00e4rdet, in irgendwelchen Almh\u00fctten im 19. Bezirk Corona-Partys zu feiern, ist das letztklassig. Aber solange die Kommunikation von seiten der Regierung zweigleisig ist, wird es auch in Privatbereichen Probleme geben. Wenn es okay ist, in einer Gondel zu sitzen und Ski zu fahren, andere aber auf eine enge Kontaktperson reduziert werden, dann sind die Leute nicht besonders motiviert, sich daran zu halten.\u201c<\/em><\/p>\n<p>( Zitat Standard 21.1.2021 )<\/p>\n","protected":false},"excerpt":{"rendered":"<p>Der Lockdown trifft und beeintr\u00e4chtigt voll auch die Kulturbranche. Obwohl diese \u00e4hnlich der Gastronomie f\u00fcr die Sicherheit der G\u00e4ste entsprechend vorgesorgt und auch nicht wenig in deren Schutz investiert hat. Udo Bachmair Kulturveranstalterin Marlene Engel klagt stellvertretend f\u00fcr ihre Kolleg*innen \u00fcber ihre angesichts der Corona-Ma\u00dfnahmen dahindarbende Branche. Viele in diesem Bereich m\u00fcssen um ihre Existenz &hellip; <a href=\"https:\/\/www.medienkultur.at\/neu\/corona-partys-zitat-des-tages\/\" class=\"more-link\"><span class=\"screen-reader-text\">Corona-Partys: Zitat des Tages<\/span> weiterlesen <span class=\"meta-nav\">&rarr;<\/span><\/a><\/p>\n","protected":false},"author":1,"featured_media":0,"comment_status":"open","ping_status":"open","sticky":false,"template":"","format":"standard","meta":{"footnotes":""},"categories":[9,1,11],"tags":[7295,7297,7301,7302,7299,7300,7296,7304,6367,7305,7294,302,7303,53],"class_list":["post-9137","post","type-post","status-publish","format-standard","hentry","category-berichte_analysen","category-allgemein","category-medien_politik_wirtschaft","tag-bundeskanzler","tag-corona-massnahmen","tag-corona-partys","tag-gastronomie","tag-kommunikation","tag-kontaktperson","tag-kulturbranche","tag-kulturveranstalter","tag-lockdown","tag-marlene-engel","tag-martin-ho","tag-medienkultur","tag-sicherheit-der-gaeste","tag-standard"],"yoast_head":"<!-- This site is optimized with the Yoast SEO plugin v27.5 - https:\/\/yoast.com\/product\/yoast-seo-wordpress\/ -->\n<title>Corona-Partys: Zitat des Tages | Vereinigung f\u00fcr Medienkultur<\/title>\n<meta name=\"robots\" content=\"index, follow, max-snippet:-1, max-image-preview:large, max-video-preview:-1\" \/>\n<link rel=\"canonical\" href=\"https:\/\/www.medienkultur.at\/neu\/corona-partys-zitat-des-tages\/\" \/>\n<meta property=\"og:locale\" content=\"de_DE\" \/>\n<meta property=\"og:type\" content=\"article\" \/>\n<meta property=\"og:title\" content=\"Corona-Partys: Zitat des Tages | Vereinigung f\u00fcr Medienkultur\" \/>\n<meta property=\"og:description\" content=\"Der Lockdown trifft und beeintr\u00e4chtigt voll auch die Kulturbranche. Obwohl diese \u00e4hnlich der Gastronomie f\u00fcr die Sicherheit der G\u00e4ste entsprechend vorgesorgt und auch nicht wenig in deren Schutz investiert hat. Udo Bachmair Kulturveranstalterin Marlene Engel klagt stellvertretend f\u00fcr ihre Kolleg*innen \u00fcber ihre angesichts der Corona-Ma\u00dfnahmen dahindarbende Branche. Viele in diesem Bereich m\u00fcssen um ihre Existenz &hellip; Corona-Partys: Zitat des Tages weiterlesen &rarr;\" \/>\n<meta property=\"og:url\" content=\"https:\/\/www.medienkultur.at\/neu\/corona-partys-zitat-des-tages\/\" \/>\n<meta property=\"og:site_name\" content=\"Vereinigung f\u00fcr Medienkultur\" \/>\n<meta property=\"article:published_time\" content=\"2021-01-21T16:18:18+00:00\" \/>\n<meta property=\"article:modified_time\" content=\"2021-01-21T16:23:27+00:00\" \/>\n<meta name=\"author\" content=\"Hans H\u00f6gl\" \/>\n<meta name=\"twitter:card\" content=\"summary_large_image\" \/>\n<meta name=\"twitter:label1\" content=\"Verfasst von\" \/>\n\t<meta name=\"twitter:data1\" content=\"Hans H\u00f6gl\" \/>\n\t<meta name=\"twitter:label2\" content=\"Gesch\u00e4tzte Lesezeit\" \/>\n\t<meta name=\"twitter:data2\" content=\"1\u00a0Minute\" \/>\n<script type=\"application\/ld+json\" class=\"yoast-schema-graph\">{\"@context\":\"https:\\\/\\\/schema.org\",\"@graph\":[{\"@type\":\"Article\",\"@id\":\"https:\\\/\\\/www.medienkultur.at\\\/neu\\\/corona-partys-zitat-des-tages\\\/#article\",\"isPartOf\":{\"@id\":\"https:\\\/\\\/www.medienkultur.at\\\/neu\\\/corona-partys-zitat-des-tages\\\/\"},\"author\":{\"name\":\"Hans H\u00f6gl\",\"@id\":\"https:\\\/\\\/www.medienkultur.at\\\/neu\\\/#\\\/schema\\\/person\\\/5307830ec125174672d8c9d829eeb256\"},\"headline\":\"Corona-Partys: Zitat des Tages\",\"datePublished\":\"2021-01-21T16:18:18+00:00\",\"dateModified\":\"2021-01-21T16:23:27+00:00\",\"mainEntityOfPage\":{\"@id\":\"https:\\\/\\\/www.medienkultur.at\\\/neu\\\/corona-partys-zitat-des-tages\\\/\"},\"wordCount\":222,\"commentCount\":0,\"keywords\":[\"Bundeskanzler\",\"Corona-Ma\u00dfnahmen\",\"Corona-Partys\",\"Gastronomie\",\"Kommunikation\",\"Kontaktperson\",\"Kulturbranche\",\"Kulturveranstalter\",\"Lockdown\",\"Marlene Engel\",\"Martin Ho\",\"Medienkultur\",\"Sicherheit der G\u00e4ste\",\"Standard\"],\"articleSection\":[\"BERICHTE \\\/ ANALYSEN\",\"J\u00dcNGSTE BEITR\u00c4GE\",\"Medien und Politik \\\/ Wirtschaft\"],\"inLanguage\":\"de\",\"potentialAction\":[{\"@type\":\"CommentAction\",\"name\":\"Comment\",\"target\":[\"https:\\\/\\\/www.medienkultur.at\\\/neu\\\/corona-partys-zitat-des-tages\\\/#respond\"]}]},{\"@type\":\"WebPage\",\"@id\":\"https:\\\/\\\/www.medienkultur.at\\\/neu\\\/corona-partys-zitat-des-tages\\\/\",\"url\":\"https:\\\/\\\/www.medienkultur.at\\\/neu\\\/corona-partys-zitat-des-tages\\\/\",\"name\":\"Corona-Partys: Zitat des Tages | Vereinigung f\u00fcr Medienkultur\",\"isPartOf\":{\"@id\":\"https:\\\/\\\/www.medienkultur.at\\\/neu\\\/#website\"},\"datePublished\":\"2021-01-21T16:18:18+00:00\",\"dateModified\":\"2021-01-21T16:23:27+00:00\",\"author\":{\"@id\":\"https:\\\/\\\/www.medienkultur.at\\\/neu\\\/#\\\/schema\\\/person\\\/5307830ec125174672d8c9d829eeb256\"},\"breadcrumb\":{\"@id\":\"https:\\\/\\\/www.medienkultur.at\\\/neu\\\/corona-partys-zitat-des-tages\\\/#breadcrumb\"},\"inLanguage\":\"de\",\"potentialAction\":[{\"@type\":\"ReadAction\",\"target\":[\"https:\\\/\\\/www.medienkultur.at\\\/neu\\\/corona-partys-zitat-des-tages\\\/\"]}]},{\"@type\":\"BreadcrumbList\",\"@id\":\"https:\\\/\\\/www.medienkultur.at\\\/neu\\\/corona-partys-zitat-des-tages\\\/#breadcrumb\",\"itemListElement\":[{\"@type\":\"ListItem\",\"position\":1,\"name\":\"Startseite\",\"item\":\"https:\\\/\\\/www.medienkultur.at\\\/neu\\\/\"},{\"@type\":\"ListItem\",\"position\":2,\"name\":\"Corona-Partys: Zitat des Tages\"}]},{\"@type\":\"WebSite\",\"@id\":\"https:\\\/\\\/www.medienkultur.at\\\/neu\\\/#website\",\"url\":\"https:\\\/\\\/www.medienkultur.at\\\/neu\\\/\",\"name\":\"Vereinigung f\u00fcr Medienkultur\",\"description\":\"\",\"potentialAction\":[{\"@type\":\"SearchAction\",\"target\":{\"@type\":\"EntryPoint\",\"urlTemplate\":\"https:\\\/\\\/www.medienkultur.at\\\/neu\\\/?s={search_term_string}\"},\"query-input\":{\"@type\":\"PropertyValueSpecification\",\"valueRequired\":true,\"valueName\":\"search_term_string\"}}],\"inLanguage\":\"de\"},{\"@type\":\"Person\",\"@id\":\"https:\\\/\\\/www.medienkultur.at\\\/neu\\\/#\\\/schema\\\/person\\\/5307830ec125174672d8c9d829eeb256\",\"name\":\"Hans H\u00f6gl\"}]}<\/script>\n<!-- \/ Yoast SEO plugin. -->","yoast_head_json":{"title":"Corona-Partys: Zitat des Tages | Vereinigung f\u00fcr Medienkultur","robots":{"index":"index","follow":"follow","max-snippet":"max-snippet:-1","max-image-preview":"max-image-preview:large","max-video-preview":"max-video-preview:-1"},"canonical":"https:\/\/www.medienkultur.at\/neu\/corona-partys-zitat-des-tages\/","og_locale":"de_DE","og_type":"article","og_title":"Corona-Partys: Zitat des Tages | Vereinigung f\u00fcr Medienkultur","og_description":"Der Lockdown trifft und beeintr\u00e4chtigt voll auch die Kulturbranche. Obwohl diese \u00e4hnlich der Gastronomie f\u00fcr die Sicherheit der G\u00e4ste entsprechend vorgesorgt und auch nicht wenig in deren Schutz investiert hat. Udo Bachmair Kulturveranstalterin Marlene Engel klagt stellvertretend f\u00fcr ihre Kolleg*innen \u00fcber ihre angesichts der Corona-Ma\u00dfnahmen dahindarbende Branche. Viele in diesem Bereich m\u00fcssen um ihre Existenz &hellip; Corona-Partys: Zitat des Tages weiterlesen &rarr;","og_url":"https:\/\/www.medienkultur.at\/neu\/corona-partys-zitat-des-tages\/","og_site_name":"Vereinigung f\u00fcr Medienkultur","article_published_time":"2021-01-21T16:18:18+00:00","article_modified_time":"2021-01-21T16:23:27+00:00","author":"Hans H\u00f6gl","twitter_card":"summary_large_image","twitter_misc":{"Verfasst von":"Hans H\u00f6gl","Gesch\u00e4tzte Lesezeit":"1\u00a0Minute"},"schema":{"@context":"https:\/\/schema.org","@graph":[{"@type":"Article","@id":"https:\/\/www.medienkultur.at\/neu\/corona-partys-zitat-des-tages\/#article","isPartOf":{"@id":"https:\/\/www.medienkultur.at\/neu\/corona-partys-zitat-des-tages\/"},"author":{"name":"Hans H\u00f6gl","@id":"https:\/\/www.medienkultur.at\/neu\/#\/schema\/person\/5307830ec125174672d8c9d829eeb256"},"headline":"Corona-Partys: Zitat des Tages","datePublished":"2021-01-21T16:18:18+00:00","dateModified":"2021-01-21T16:23:27+00:00","mainEntityOfPage":{"@id":"https:\/\/www.medienkultur.at\/neu\/corona-partys-zitat-des-tages\/"},"wordCount":222,"commentCount":0,"keywords":["Bundeskanzler","Corona-Ma\u00dfnahmen","Corona-Partys","Gastronomie","Kommunikation","Kontaktperson","Kulturbranche","Kulturveranstalter","Lockdown","Marlene Engel","Martin Ho","Medienkultur","Sicherheit der G\u00e4ste","Standard"],"articleSection":["BERICHTE \/ ANALYSEN","J\u00dcNGSTE BEITR\u00c4GE","Medien und Politik \/ Wirtschaft"],"inLanguage":"de","potentialAction":[{"@type":"CommentAction","name":"Comment","target":["https:\/\/www.medienkultur.at\/neu\/corona-partys-zitat-des-tages\/#respond"]}]},{"@type":"WebPage","@id":"https:\/\/www.medienkultur.at\/neu\/corona-partys-zitat-des-tages\/","url":"https:\/\/www.medienkultur.at\/neu\/corona-partys-zitat-des-tages\/","name":"Corona-Partys: Zitat des Tages | Vereinigung f\u00fcr Medienkultur","isPartOf":{"@id":"https:\/\/www.medienkultur.at\/neu\/#website"},"datePublished":"2021-01-21T16:18:18+00:00","dateModified":"2021-01-21T16:23:27+00:00","author":{"@id":"https:\/\/www.medienkultur.at\/neu\/#\/schema\/person\/5307830ec125174672d8c9d829eeb256"},"breadcrumb":{"@id":"https:\/\/www.medienkultur.at\/neu\/corona-partys-zitat-des-tages\/#breadcrumb"},"inLanguage":"de","potentialAction":[{"@type":"ReadAction","target":["https:\/\/www.medienkultur.at\/neu\/corona-partys-zitat-des-tages\/"]}]},{"@type":"BreadcrumbList","@id":"https:\/\/www.medienkultur.at\/neu\/corona-partys-zitat-des-tages\/#breadcrumb","itemListElement":[{"@type":"ListItem","position":1,"name":"Startseite","item":"https:\/\/www.medienkultur.at\/neu\/"},{"@type":"ListItem","position":2,"name":"Corona-Partys: Zitat des Tages"}]},{"@type":"WebSite","@id":"https:\/\/www.medienkultur.at\/neu\/#website","url":"https:\/\/www.medienkultur.at\/neu\/","name":"Vereinigung f\u00fcr Medienkultur","description":"","potentialAction":[{"@type":"SearchAction","target":{"@type":"EntryPoint","urlTemplate":"https:\/\/www.medienkultur.at\/neu\/?s={search_term_string}"},"query-input":{"@type":"PropertyValueSpecification","valueRequired":true,"valueName":"search_term_string"}}],"inLanguage":"de"},{"@type":"Person","@id":"https:\/\/www.medienkultur.at\/neu\/#\/schema\/person\/5307830ec125174672d8c9d829eeb256","name":"Hans H\u00f6gl"}]}},"_links":{"self":[{"href":"https:\/\/www.medienkultur.at\/neu\/wp-json\/wp\/v2\/posts\/9137","targetHints":{"allow":["GET"]}}],"collection":[{"href":"https:\/\/www.medienkultur.at\/neu\/wp-json\/wp\/v2\/posts"}],"about":[{"href":"https:\/\/www.medienkultur.at\/neu\/wp-json\/wp\/v2\/types\/post"}],"author":[{"embeddable":true,"href":"https:\/\/www.medienkultur.at\/neu\/wp-json\/wp\/v2\/users\/1"}],"replies":[{"embeddable":true,"href":"https:\/\/www.medienkultur.at\/neu\/wp-json\/wp\/v2\/comments?post=9137"}],"version-history":[{"count":1,"href":"https:\/\/www.medienkultur.at\/neu\/wp-json\/wp\/v2\/posts\/9137\/revisions"}],"predecessor-version":[{"id":9138,"href":"https:\/\/www.medienkultur.at\/neu\/wp-json\/wp\/v2\/posts\/9137\/revisions\/9138"}],"wp:attachment":[{"href":"https:\/\/www.medienkultur.at\/neu\/wp-json\/wp\/v2\/media?parent=9137"}],"wp:term":[{"taxonomy":"category","embeddable":true,"href":"https:\/\/www.medienkultur.at\/neu\/wp-json\/wp\/v2\/categories?post=9137"},{"taxonomy":"post_tag","embeddable":true,"href":"https:\/\/www.medienkultur.at\/neu\/wp-json\/wp\/v2\/tags?post=9137"}],"curies":[{"name":"wp","href":"https:\/\/api.w.org\/{rel}","templated":true}]}}