{"id":8747,"date":"2020-11-10T11:37:24","date_gmt":"2020-11-10T10:37:24","guid":{"rendered":"http:\/\/www.medienkultur.at\/neu\/?p=8747"},"modified":"2020-11-11T18:45:31","modified_gmt":"2020-11-11T17:45:31","slug":"155-tote-und-niemand-ist-schuld","status":"publish","type":"post","link":"https:\/\/www.medienkultur.at\/neu\/155-tote-und-niemand-ist-schuld\/","title":{"rendered":"155 Tote, und niemand ist schuld ?"},"content":{"rendered":"<p>Dieser Tage j\u00e4hrt sich zum 20. Mal die Brandkatastrophe von Kaprun, bei der im Tunnel der Bahn auf das Kitzsteinhorn im November 2000 155 Menschen qualvoll ums Leben gekommen sind. Die engagierte Journalistin <strong>Iris Rahlek<\/strong> hat ein <strong>akribisch recherchiertes Buch<\/strong> \u00fcber Hintergr\u00fcnde, Ungereimtheiten und Sp\u00e4tfolgen der Katastrophe geschrieben. <\/p>\n<p>Udo Bachmair<\/p>\n<p>\u201e<strong>Todesfahrt auf das Kitzsteinhorn<\/strong>\u201c \u2013 so der Titel des j\u00fcngst erschienen Werks von Iris Rahlek. Es ist an Dichte und Spannung kaum zu \u00fcberbieten. Es deckt teils himmelschreiende Ungereimtheiten und <strong>Vertuschungen<\/strong> auf, die sich im Spannungsfeld von Politik, Justiz, Wirtschaft  und Medien mit erschreckender Deutlichkeit gezeigt haben. Auch wenn Fakten und Fiktion zu einem Roman verwoben sind, ist der dokumentarische Wert von Rahleks nicht zu untersch\u00e4tzen. Penible Recherchen und neue Erkenntnisse zeichnen Rahleks Werk aus.<\/p>\n<p>Die Opfer der Brandkatastrophe von Kaprun stammten aus 8 Nationen, die meisten aus Deutschland und \u00d6sterreich. Die Autorin des Buchs stellt unter anderem die <strong>Schuldfrage<\/strong>. Kann und darf es denn tats\u00e4chlich sein, dass niemand f\u00fcr die \u201eFahrt in den Tod\u201c mit 155 verbrannten und an Rauchgasvergiftung verstorbenen Menschen und zahlreichen Verletzten verantwortlich sein soll ? Alle Angeklagten im Kaprun-Prozess, vor allem der <strong>Gletscherbahnen-AG<\/strong> wurden damals freigesprochen.<\/p>\n<p>Dabei war menschliches Versagen als Ursache f\u00fcr die Katastrophe f\u00fcr die meisten Experten bald klar : Ein defekter Heizl\u00fcfter im F\u00fchrerstand der Standseilbahngarnitur \u201eKitzsteingams\u201c hatte den Brand ausgel\u00f6st. Doch keinem der Beschuldigten der Gletscherbahnen Kaprun konnte eine direkte Schuld an der <strong>gr\u00f6\u00dften zivilen Katastrophe der Zweiten Republik<\/strong> nachgewiesen werden. Man verwies auf die damalige Rechtslage, die einen Schuldspruch f\u00fcr die gesamte Aktiengesellschaft nicht vorgesehen h\u00e4tte.<\/p>\n<p>Der Freispruch ist auch von den Medien nicht unwidersprochen geblieben. Vor allem deutsche Zeitungen haben wiederholt auf <strong>Ungereimtheiten bei den Ermittlungen <\/strong>hingewiesen. So sei beispielsweise das Hauptbeweisst\u00fcck, der erw\u00e4hnte Heizl\u00fcfter, auf dem Weg vom Innenministerium zum Landeskriminalamt Salzburg und zu den Gerichtsgutachtern monatelang nicht nachvollziehbar gewesen.<\/p>\n<p>Aus den vielen Pannen im Kaprun-Prozess, die Iris Rahlek auflistet, und dem f\u00fcr viele unverst\u00e4ndlichen Freispruch ziehen auch andere Journalist*innen den Schluss, dass <strong>starke wirtschaftliche Interessen<\/strong> eine wesentliche Rolle gespielt haben k\u00f6nnten. So meint etwa Hannes Uhl in der j\u00fcngsten Ausgabe der Wochenzeitung  Die Zeit: \u201eDer Freispruch ist erfolgt, weil man um das Image des Tourismus f\u00fcrchtete \u2013 wie heute in Ischgl\u201c. <\/p>\n<p>Exklusiv in Iris Rahleks Buch kommt u.a. zur Sprache, dass laut dem deutschen Sachverst\u00e4ndigen Hans-J\u00fcrgen Gold beim Kaprun-Prozess gelogen, <strong>vertuscht und manipuliert<\/strong> worden sei. Gold erstattete daraufhin -zig Anzeigen und untermauerte diese mit hunderten Seiten von Gutachten. Der Wiener Opferanwalt Mario Grabovsnig ging sogar bis zum Europ\u00e4ischen Gerichtshof f\u00fcr Menschenrechte. <\/p>\n<p>\u201eAlles wurde <strong>von der Justiz niedergeschmettert <\/strong>\u2013 trotz unz\u00e4hliger Beweise. Wirklich eine unglaubliche Geschichte!\u201c resumiert die Autorin.<\/p>\n<p><em><strong>\u201eTodesfahrt auf das Kitzsteinhorn\u201c \u2013 Roman von Iris Rahlek<\/p>\n<p>Herausgegeben von Books on Demand<\/strong><\/em><\/p>\n","protected":false},"excerpt":{"rendered":"<p>Dieser Tage j\u00e4hrt sich zum 20. Mal die Brandkatastrophe von Kaprun, bei der im Tunnel der Bahn auf das Kitzsteinhorn im November 2000 155 Menschen qualvoll ums Leben gekommen sind. Die engagierte Journalistin Iris Rahlek hat ein akribisch recherchiertes Buch \u00fcber Hintergr\u00fcnde, Ungereimtheiten und Sp\u00e4tfolgen der Katastrophe geschrieben. Udo Bachmair \u201eTodesfahrt auf das Kitzsteinhorn\u201c \u2013 &hellip; <a href=\"https:\/\/www.medienkultur.at\/neu\/155-tote-und-niemand-ist-schuld\/\" class=\"more-link\"><span class=\"screen-reader-text\">155 Tote, und niemand ist schuld ?<\/span> weiterlesen <span class=\"meta-nav\">&rarr;<\/span><\/a><\/p>\n","protected":false},"author":1,"featured_media":0,"comment_status":"open","ping_status":"open","sticky":false,"template":"","format":"standard","meta":{"footnotes":""},"categories":[9,1,12,11,18,10],"tags":[6981,6983,6979,726,380,6988,6984,6987,6868,3663,39,6986,1614,2889,6982,6985,6980,1615],"class_list":["post-8747","post","type-post","status-publish","format-standard","hentry","category-berichte_analysen","category-allgemein","category-medien_bildung_religion","category-medien_politik_wirtschaft","category-medienkompetenz","category-medienkritik","tag-155-tote","tag-akribisch-recherchiert","tag-brandkatastrophe-von-kaprun","tag-buch","tag-die-zeit","tag-eine-unglaubliche-geschichte","tag-freispruch","tag-gerichtshof-fuer-menschenrechte","tag-iris-rahlek","tag-justiz","tag-medien","tag-pannen-im-kaprun-prozess","tag-politik","tag-schuldfrage","tag-todesfahrt-auf-das-kitzsteinhorn","tag-ungereimtheiten","tag-vertuscht-und-manipuliert","tag-wirtschaft"],"yoast_head":"<!-- This site is optimized with the Yoast SEO plugin v27.5 - https:\/\/yoast.com\/product\/yoast-seo-wordpress\/ -->\n<title>155 Tote, und niemand ist schuld ? | Vereinigung f\u00fcr Medienkultur<\/title>\n<meta name=\"robots\" content=\"index, follow, max-snippet:-1, max-image-preview:large, max-video-preview:-1\" \/>\n<link rel=\"canonical\" href=\"https:\/\/www.medienkultur.at\/neu\/155-tote-und-niemand-ist-schuld\/\" \/>\n<meta property=\"og:locale\" content=\"de_DE\" \/>\n<meta property=\"og:type\" content=\"article\" \/>\n<meta property=\"og:title\" content=\"155 Tote, und niemand ist schuld ? | Vereinigung f\u00fcr Medienkultur\" \/>\n<meta property=\"og:description\" content=\"Dieser Tage j\u00e4hrt sich zum 20. Mal die Brandkatastrophe von Kaprun, bei der im Tunnel der Bahn auf das Kitzsteinhorn im November 2000 155 Menschen qualvoll ums Leben gekommen sind. Die engagierte Journalistin Iris Rahlek hat ein akribisch recherchiertes Buch \u00fcber Hintergr\u00fcnde, Ungereimtheiten und Sp\u00e4tfolgen der Katastrophe geschrieben. Udo Bachmair \u201eTodesfahrt auf das Kitzsteinhorn\u201c \u2013 &hellip; 155 Tote, und niemand ist schuld ? weiterlesen &rarr;\" \/>\n<meta property=\"og:url\" content=\"https:\/\/www.medienkultur.at\/neu\/155-tote-und-niemand-ist-schuld\/\" \/>\n<meta property=\"og:site_name\" content=\"Vereinigung f\u00fcr Medienkultur\" \/>\n<meta property=\"article:published_time\" content=\"2020-11-10T10:37:24+00:00\" \/>\n<meta property=\"article:modified_time\" content=\"2020-11-11T17:45:31+00:00\" \/>\n<meta name=\"author\" content=\"Hans H\u00f6gl\" \/>\n<meta name=\"twitter:card\" content=\"summary_large_image\" \/>\n<meta name=\"twitter:label1\" content=\"Verfasst von\" \/>\n\t<meta name=\"twitter:data1\" content=\"Hans H\u00f6gl\" \/>\n\t<meta name=\"twitter:label2\" content=\"Gesch\u00e4tzte Lesezeit\" \/>\n\t<meta name=\"twitter:data2\" content=\"2\u00a0Minuten\" \/>\n<script type=\"application\/ld+json\" class=\"yoast-schema-graph\">{\"@context\":\"https:\\\/\\\/schema.org\",\"@graph\":[{\"@type\":\"Article\",\"@id\":\"https:\\\/\\\/www.medienkultur.at\\\/neu\\\/155-tote-und-niemand-ist-schuld\\\/#article\",\"isPartOf\":{\"@id\":\"https:\\\/\\\/www.medienkultur.at\\\/neu\\\/155-tote-und-niemand-ist-schuld\\\/\"},\"author\":{\"name\":\"Hans H\u00f6gl\",\"@id\":\"https:\\\/\\\/www.medienkultur.at\\\/neu\\\/#\\\/schema\\\/person\\\/5307830ec125174672d8c9d829eeb256\"},\"headline\":\"155 Tote, und niemand ist schuld ?\",\"datePublished\":\"2020-11-10T10:37:24+00:00\",\"dateModified\":\"2020-11-11T17:45:31+00:00\",\"mainEntityOfPage\":{\"@id\":\"https:\\\/\\\/www.medienkultur.at\\\/neu\\\/155-tote-und-niemand-ist-schuld\\\/\"},\"wordCount\":469,\"commentCount\":0,\"keywords\":[\"155 Tote\",\"akribisch recherchiert\",\"Brandkatastrophe von Kaprun\",\"Buch\",\"DIE ZEIT\",\"eine unglaubliche Geschichte\",\"Freispruch\",\"Gerichtshof f\u00fcr Menschenrechte\",\"Iris Rahlek\",\"Justiz\",\"Medien\",\"Pannen im Kaprun-Prozess\",\"Politik\",\"Schuldfrage\",\"Todesfahrt auf das Kitzsteinhorn\",\"Ungereimtheiten\",\"vertuscht und manipuliert\",\"Wirtschaft\"],\"articleSection\":[\"BERICHTE \\\/ ANALYSEN\",\"J\u00dcNGSTE BEITR\u00c4GE\",\"Medien und Bildung \\\/ Religion\",\"Medien und Politik \\\/ Wirtschaft\",\"Medienkompetenz\",\"Medienkritik\"],\"inLanguage\":\"de\",\"potentialAction\":[{\"@type\":\"CommentAction\",\"name\":\"Comment\",\"target\":[\"https:\\\/\\\/www.medienkultur.at\\\/neu\\\/155-tote-und-niemand-ist-schuld\\\/#respond\"]}]},{\"@type\":\"WebPage\",\"@id\":\"https:\\\/\\\/www.medienkultur.at\\\/neu\\\/155-tote-und-niemand-ist-schuld\\\/\",\"url\":\"https:\\\/\\\/www.medienkultur.at\\\/neu\\\/155-tote-und-niemand-ist-schuld\\\/\",\"name\":\"155 Tote, und niemand ist schuld ? | Vereinigung f\u00fcr Medienkultur\",\"isPartOf\":{\"@id\":\"https:\\\/\\\/www.medienkultur.at\\\/neu\\\/#website\"},\"datePublished\":\"2020-11-10T10:37:24+00:00\",\"dateModified\":\"2020-11-11T17:45:31+00:00\",\"author\":{\"@id\":\"https:\\\/\\\/www.medienkultur.at\\\/neu\\\/#\\\/schema\\\/person\\\/5307830ec125174672d8c9d829eeb256\"},\"breadcrumb\":{\"@id\":\"https:\\\/\\\/www.medienkultur.at\\\/neu\\\/155-tote-und-niemand-ist-schuld\\\/#breadcrumb\"},\"inLanguage\":\"de\",\"potentialAction\":[{\"@type\":\"ReadAction\",\"target\":[\"https:\\\/\\\/www.medienkultur.at\\\/neu\\\/155-tote-und-niemand-ist-schuld\\\/\"]}]},{\"@type\":\"BreadcrumbList\",\"@id\":\"https:\\\/\\\/www.medienkultur.at\\\/neu\\\/155-tote-und-niemand-ist-schuld\\\/#breadcrumb\",\"itemListElement\":[{\"@type\":\"ListItem\",\"position\":1,\"name\":\"Startseite\",\"item\":\"https:\\\/\\\/www.medienkultur.at\\\/neu\\\/\"},{\"@type\":\"ListItem\",\"position\":2,\"name\":\"155 Tote, und niemand ist schuld ?\"}]},{\"@type\":\"WebSite\",\"@id\":\"https:\\\/\\\/www.medienkultur.at\\\/neu\\\/#website\",\"url\":\"https:\\\/\\\/www.medienkultur.at\\\/neu\\\/\",\"name\":\"Vereinigung f\u00fcr Medienkultur\",\"description\":\"\",\"potentialAction\":[{\"@type\":\"SearchAction\",\"target\":{\"@type\":\"EntryPoint\",\"urlTemplate\":\"https:\\\/\\\/www.medienkultur.at\\\/neu\\\/?s={search_term_string}\"},\"query-input\":{\"@type\":\"PropertyValueSpecification\",\"valueRequired\":true,\"valueName\":\"search_term_string\"}}],\"inLanguage\":\"de\"},{\"@type\":\"Person\",\"@id\":\"https:\\\/\\\/www.medienkultur.at\\\/neu\\\/#\\\/schema\\\/person\\\/5307830ec125174672d8c9d829eeb256\",\"name\":\"Hans H\u00f6gl\"}]}<\/script>\n<!-- \/ Yoast SEO plugin. -->","yoast_head_json":{"title":"155 Tote, und niemand ist schuld ? | Vereinigung f\u00fcr Medienkultur","robots":{"index":"index","follow":"follow","max-snippet":"max-snippet:-1","max-image-preview":"max-image-preview:large","max-video-preview":"max-video-preview:-1"},"canonical":"https:\/\/www.medienkultur.at\/neu\/155-tote-und-niemand-ist-schuld\/","og_locale":"de_DE","og_type":"article","og_title":"155 Tote, und niemand ist schuld ? | Vereinigung f\u00fcr Medienkultur","og_description":"Dieser Tage j\u00e4hrt sich zum 20. Mal die Brandkatastrophe von Kaprun, bei der im Tunnel der Bahn auf das Kitzsteinhorn im November 2000 155 Menschen qualvoll ums Leben gekommen sind. Die engagierte Journalistin Iris Rahlek hat ein akribisch recherchiertes Buch \u00fcber Hintergr\u00fcnde, Ungereimtheiten und Sp\u00e4tfolgen der Katastrophe geschrieben. Udo Bachmair \u201eTodesfahrt auf das Kitzsteinhorn\u201c \u2013 &hellip; 155 Tote, und niemand ist schuld ? weiterlesen &rarr;","og_url":"https:\/\/www.medienkultur.at\/neu\/155-tote-und-niemand-ist-schuld\/","og_site_name":"Vereinigung f\u00fcr Medienkultur","article_published_time":"2020-11-10T10:37:24+00:00","article_modified_time":"2020-11-11T17:45:31+00:00","author":"Hans H\u00f6gl","twitter_card":"summary_large_image","twitter_misc":{"Verfasst von":"Hans H\u00f6gl","Gesch\u00e4tzte Lesezeit":"2\u00a0Minuten"},"schema":{"@context":"https:\/\/schema.org","@graph":[{"@type":"Article","@id":"https:\/\/www.medienkultur.at\/neu\/155-tote-und-niemand-ist-schuld\/#article","isPartOf":{"@id":"https:\/\/www.medienkultur.at\/neu\/155-tote-und-niemand-ist-schuld\/"},"author":{"name":"Hans H\u00f6gl","@id":"https:\/\/www.medienkultur.at\/neu\/#\/schema\/person\/5307830ec125174672d8c9d829eeb256"},"headline":"155 Tote, und niemand ist schuld ?","datePublished":"2020-11-10T10:37:24+00:00","dateModified":"2020-11-11T17:45:31+00:00","mainEntityOfPage":{"@id":"https:\/\/www.medienkultur.at\/neu\/155-tote-und-niemand-ist-schuld\/"},"wordCount":469,"commentCount":0,"keywords":["155 Tote","akribisch recherchiert","Brandkatastrophe von Kaprun","Buch","DIE ZEIT","eine unglaubliche Geschichte","Freispruch","Gerichtshof f\u00fcr Menschenrechte","Iris Rahlek","Justiz","Medien","Pannen im Kaprun-Prozess","Politik","Schuldfrage","Todesfahrt auf das Kitzsteinhorn","Ungereimtheiten","vertuscht und manipuliert","Wirtschaft"],"articleSection":["BERICHTE \/ ANALYSEN","J\u00dcNGSTE BEITR\u00c4GE","Medien und Bildung \/ Religion","Medien und Politik \/ Wirtschaft","Medienkompetenz","Medienkritik"],"inLanguage":"de","potentialAction":[{"@type":"CommentAction","name":"Comment","target":["https:\/\/www.medienkultur.at\/neu\/155-tote-und-niemand-ist-schuld\/#respond"]}]},{"@type":"WebPage","@id":"https:\/\/www.medienkultur.at\/neu\/155-tote-und-niemand-ist-schuld\/","url":"https:\/\/www.medienkultur.at\/neu\/155-tote-und-niemand-ist-schuld\/","name":"155 Tote, und niemand ist schuld ? | Vereinigung f\u00fcr Medienkultur","isPartOf":{"@id":"https:\/\/www.medienkultur.at\/neu\/#website"},"datePublished":"2020-11-10T10:37:24+00:00","dateModified":"2020-11-11T17:45:31+00:00","author":{"@id":"https:\/\/www.medienkultur.at\/neu\/#\/schema\/person\/5307830ec125174672d8c9d829eeb256"},"breadcrumb":{"@id":"https:\/\/www.medienkultur.at\/neu\/155-tote-und-niemand-ist-schuld\/#breadcrumb"},"inLanguage":"de","potentialAction":[{"@type":"ReadAction","target":["https:\/\/www.medienkultur.at\/neu\/155-tote-und-niemand-ist-schuld\/"]}]},{"@type":"BreadcrumbList","@id":"https:\/\/www.medienkultur.at\/neu\/155-tote-und-niemand-ist-schuld\/#breadcrumb","itemListElement":[{"@type":"ListItem","position":1,"name":"Startseite","item":"https:\/\/www.medienkultur.at\/neu\/"},{"@type":"ListItem","position":2,"name":"155 Tote, und niemand ist schuld ?"}]},{"@type":"WebSite","@id":"https:\/\/www.medienkultur.at\/neu\/#website","url":"https:\/\/www.medienkultur.at\/neu\/","name":"Vereinigung f\u00fcr Medienkultur","description":"","potentialAction":[{"@type":"SearchAction","target":{"@type":"EntryPoint","urlTemplate":"https:\/\/www.medienkultur.at\/neu\/?s={search_term_string}"},"query-input":{"@type":"PropertyValueSpecification","valueRequired":true,"valueName":"search_term_string"}}],"inLanguage":"de"},{"@type":"Person","@id":"https:\/\/www.medienkultur.at\/neu\/#\/schema\/person\/5307830ec125174672d8c9d829eeb256","name":"Hans H\u00f6gl"}]}},"_links":{"self":[{"href":"https:\/\/www.medienkultur.at\/neu\/wp-json\/wp\/v2\/posts\/8747","targetHints":{"allow":["GET"]}}],"collection":[{"href":"https:\/\/www.medienkultur.at\/neu\/wp-json\/wp\/v2\/posts"}],"about":[{"href":"https:\/\/www.medienkultur.at\/neu\/wp-json\/wp\/v2\/types\/post"}],"author":[{"embeddable":true,"href":"https:\/\/www.medienkultur.at\/neu\/wp-json\/wp\/v2\/users\/1"}],"replies":[{"embeddable":true,"href":"https:\/\/www.medienkultur.at\/neu\/wp-json\/wp\/v2\/comments?post=8747"}],"version-history":[{"count":6,"href":"https:\/\/www.medienkultur.at\/neu\/wp-json\/wp\/v2\/posts\/8747\/revisions"}],"predecessor-version":[{"id":8768,"href":"https:\/\/www.medienkultur.at\/neu\/wp-json\/wp\/v2\/posts\/8747\/revisions\/8768"}],"wp:attachment":[{"href":"https:\/\/www.medienkultur.at\/neu\/wp-json\/wp\/v2\/media?parent=8747"}],"wp:term":[{"taxonomy":"category","embeddable":true,"href":"https:\/\/www.medienkultur.at\/neu\/wp-json\/wp\/v2\/categories?post=8747"},{"taxonomy":"post_tag","embeddable":true,"href":"https:\/\/www.medienkultur.at\/neu\/wp-json\/wp\/v2\/tags?post=8747"}],"curies":[{"name":"wp","href":"https:\/\/api.w.org\/{rel}","templated":true}]}}