{"id":8006,"date":"2020-07-10T20:21:53","date_gmt":"2020-07-10T19:21:53","guid":{"rendered":"http:\/\/www.medienkultur.at\/neu\/?p=8006"},"modified":"2020-07-18T21:16:10","modified_gmt":"2020-07-18T20:16:10","slug":"orf-und-zacken-von-der-krone","status":"publish","type":"post","link":"https:\/\/www.medienkultur.at\/neu\/orf-und-zacken-von-der-krone\/","title":{"rendered":"ORF und Zacken der eigenen &#8222;Krone&#8220;"},"content":{"rendered":"<p>Hans H\u00f6gl- Leserbrief nicht in der Printausgabe erschienen. Folgender Text -betreffend das Engagement der &#8222;Vereinigung f\u00fcr Medienkultur&#8220; wurde angeblich aus Platzgr\u00fcnden in der Printausgabe der Wochenzeitung &#8222;Der Falter&#8220; nicht ver\u00f6ffentlicht. Darum wird er hier wiedergegeben. <\/p>\n<p>Betrifft: \u201eZeit am Schirm\u201c von B. T\u00f3th, Falter 25\/20<\/p>\n<p>Zutreffend lobt Barbara T\u00f3th den ORF in seinem Bem\u00fchen, Nachrichten in einfacher Sprache zu senden. Dazu eine Erfahrung: Ich l\u00f6se fallweise in einem Lokal in Dornbach\/Hernals Kreuzwortr\u00e4tsel in Tageszeitungen. Schon vor mir hat einer das Kreuzwortr\u00e4tsel ausgef\u00fcllt. Und da sehe ich leere Felder, wo nach ganz gew\u00f6hnlichen englischen Worten gefragt wird, die mein Vorg\u00e4nger nicht wusste. Also: das Anliegen einfacher Nachrichten ist sehr wichtig.<\/p>\n<p>Von Bekannten erfuhr ich Interessantes vom schwedischen Fernsehen, n\u00e4mlich dass es Nachrichten in einfacher Sprache bietet. Viele ORF-Redakteure bekunden verbal ihren Einsatz f\u00fcr Migrationskreise. Da dachte ich, die schwedische Variante einfacher Sprache k\u00f6nnte der ORF aufgreifen. Ich teilte dies mehrmals dem ORF mit. Ich tat dies als Vizepr\u00e4sident der \u201eVereinigung f\u00fcr Medienkultur\u201c mit Vereinssitz im Presseclub Concordia. Ich schrieb dies per Mail namentlich an den Chefredakteur der Wiener Redaktion der TV-Sendung \u201eBundesland heute\u201c. Nach einiger Zeit lautete dessen Antwort: Er sei sehr skeptisch.<\/p>\n<p>Ich lie\u00df nicht locker. Mit Bekannten des Translations-Institutes (fr\u00fcher : \u201eDolmetschinstitut) suchte ich die Chefredakteurin der Sendung \u201eHeimat fremde Heimat\u201c am K\u00fcniglberg auf, und wir hatten ein gutes, langes freundliches Gespr\u00e4ch. Doch wir erhielten keine weitere Nachricht \u00fcber die Realisierung unseres Anliegens. Da schrieb ich noch einmal an eine kompetente ORF-Stelle mit der wortw\u00f6rtlichen Formulierung \u201eNachrichten in einfacher Sprache\u201c. Dies wurde an die Abteilung orf.news.at weitergeleitet. Diesen Briefwechsel kann ich l\u00fcckenlos dokumentieren. (Siehe Blog: www.medienkultur.at 19.Nov. 2019, 2. Dez. 2019).<\/p>\n<p>Wie bekannt, bringt nun der ORF Nachrichten in einfacher Sprache, lobt sich und wurde auf der Webseite einer Tageszeitung sehr gew\u00fcrdigt. Kann nicht vom ORF erwartet werden, dass er die Erst-Initiative der \u201eVereinigung f\u00fcr Medienkultur\u201c irgendwann und \u2013 wo erw\u00e4hnt oder dies zumindest uns mitteilt. In \u00e4hnlicher Weise regte ich an, dass der ORF nicht nur Kochkurse, sondern auch Sprachkurse anbietet, um Deutsch zu lernen, wie dies ja auch in Wiener Volkshochschulen passiert. Der ORF h\u00e4tte hier die Chance, breite Kreise zu erreichen.<br \/>\nHans H\u00f6gl, Wien 17, Soziologe<\/p>\n","protected":false},"excerpt":{"rendered":"<p>Hans H\u00f6gl- Leserbrief nicht in der Printausgabe erschienen. Folgender Text -betreffend das Engagement der &#8222;Vereinigung f\u00fcr Medienkultur&#8220; wurde angeblich aus Platzgr\u00fcnden in der Printausgabe der Wochenzeitung &#8222;Der Falter&#8220; nicht ver\u00f6ffentlicht. Darum wird er hier wiedergegeben. Betrifft: \u201eZeit am Schirm\u201c von B. T\u00f3th, Falter 25\/20 Zutreffend lobt Barbara T\u00f3th den ORF in seinem Bem\u00fchen, Nachrichten in &hellip; <a href=\"https:\/\/www.medienkultur.at\/neu\/orf-und-zacken-von-der-krone\/\" class=\"more-link\"><span class=\"screen-reader-text\">ORF und Zacken der eigenen &#8222;Krone&#8220;<\/span> weiterlesen <span class=\"meta-nav\">&rarr;<\/span><\/a><\/p>\n","protected":false},"author":1,"featured_media":0,"comment_status":"open","ping_status":"open","sticky":false,"template":"","format":"standard","meta":{"footnotes":""},"categories":[12,11,10],"tags":[2445,6439,6440,6441,2851,6437,6438,5419,6442,6434,6436,6435],"class_list":["post-8006","post","type-post","status-publish","format-standard","hentry","category-medien_bildung_religion","category-medien_politik_wirtschaft","category-medienkritik","tag-barbara-toth","tag-chefredakteur-von-wien-heute","tag-chefredaktion-von-orf-news","tag-chefredaktion-von-tv-sendung-heimat-fremde-heimat","tag-der-falter","tag-fragwuerdiges-eigenlob-einzelner-orf-redakteure","tag-kein-plagiat-aber-fragwuerdiges-verhalten","tag-nachrichten-in-einfacher-sprache","tag-nicht-nur-kochkurse-im-orf-sondern-auch-sprachkurse","tag-nicht-veroeffentlichter-text","tag-orf-redakteure-anerkennen-ngo-initiative-nicht","tag-originalitaetsnachweis"],"yoast_head":"<!-- This site is optimized with the Yoast SEO plugin v27.5 - https:\/\/yoast.com\/product\/yoast-seo-wordpress\/ -->\n<title>ORF und Zacken der eigenen &quot;Krone&quot; | Vereinigung f\u00fcr Medienkultur<\/title>\n<meta name=\"robots\" content=\"index, follow, max-snippet:-1, max-image-preview:large, max-video-preview:-1\" \/>\n<link rel=\"canonical\" href=\"https:\/\/www.medienkultur.at\/neu\/orf-und-zacken-von-der-krone\/\" \/>\n<meta property=\"og:locale\" content=\"de_DE\" \/>\n<meta property=\"og:type\" content=\"article\" \/>\n<meta property=\"og:title\" content=\"ORF und Zacken der eigenen &quot;Krone&quot; | Vereinigung f\u00fcr Medienkultur\" \/>\n<meta property=\"og:description\" content=\"Hans H\u00f6gl- Leserbrief nicht in der Printausgabe erschienen. Folgender Text -betreffend das Engagement der &#8222;Vereinigung f\u00fcr Medienkultur&#8220; wurde angeblich aus Platzgr\u00fcnden in der Printausgabe der Wochenzeitung &#8222;Der Falter&#8220; nicht ver\u00f6ffentlicht. Darum wird er hier wiedergegeben. Betrifft: \u201eZeit am Schirm\u201c von B. T\u00f3th, Falter 25\/20 Zutreffend lobt Barbara T\u00f3th den ORF in seinem Bem\u00fchen, Nachrichten in &hellip; ORF und Zacken der eigenen &#8222;Krone&#8220; weiterlesen &rarr;\" \/>\n<meta property=\"og:url\" content=\"https:\/\/www.medienkultur.at\/neu\/orf-und-zacken-von-der-krone\/\" \/>\n<meta property=\"og:site_name\" content=\"Vereinigung f\u00fcr Medienkultur\" \/>\n<meta property=\"article:published_time\" content=\"2020-07-10T19:21:53+00:00\" \/>\n<meta property=\"article:modified_time\" content=\"2020-07-18T20:16:10+00:00\" \/>\n<meta name=\"author\" content=\"Hans H\u00f6gl\" \/>\n<meta name=\"twitter:card\" content=\"summary_large_image\" \/>\n<meta name=\"twitter:label1\" content=\"Verfasst von\" \/>\n\t<meta name=\"twitter:data1\" content=\"Hans H\u00f6gl\" \/>\n\t<meta name=\"twitter:label2\" content=\"Gesch\u00e4tzte Lesezeit\" \/>\n\t<meta name=\"twitter:data2\" content=\"2\u00a0Minuten\" \/>\n<script type=\"application\/ld+json\" class=\"yoast-schema-graph\">{\"@context\":\"https:\\\/\\\/schema.org\",\"@graph\":[{\"@type\":\"Article\",\"@id\":\"https:\\\/\\\/www.medienkultur.at\\\/neu\\\/orf-und-zacken-von-der-krone\\\/#article\",\"isPartOf\":{\"@id\":\"https:\\\/\\\/www.medienkultur.at\\\/neu\\\/orf-und-zacken-von-der-krone\\\/\"},\"author\":{\"name\":\"Hans H\u00f6gl\",\"@id\":\"https:\\\/\\\/www.medienkultur.at\\\/neu\\\/#\\\/schema\\\/person\\\/5307830ec125174672d8c9d829eeb256\"},\"headline\":\"ORF und Zacken der eigenen &#8222;Krone&#8220;\",\"datePublished\":\"2020-07-10T19:21:53+00:00\",\"dateModified\":\"2020-07-18T20:16:10+00:00\",\"mainEntityOfPage\":{\"@id\":\"https:\\\/\\\/www.medienkultur.at\\\/neu\\\/orf-und-zacken-von-der-krone\\\/\"},\"wordCount\":391,\"commentCount\":0,\"keywords\":[\"Barbara Toth\",\"Chefredakteur von Wien heute\",\"Chefredaktion von orf.news\",\"Chefredaktion von TV-Sendung \\\"Heimat fremde Heimat\\\"\",\"Der Falter\",\"Fragw\u00fcrdiges Eigenlob einzelner ORF-Redakteure\",\"Kein Plagiat-aber fragw\u00fcrdiges Verhalten\",\"Nachrichten in einfacher Sprache\",\"Nicht nur Kochkurse im ORF sondern auch Sprachkurse\",\"nicht ver\u00f6ffentlichter Text\",\"ORF-Redakteure anerkennen NGO-Initiative nicht\",\"Originalit\u00e4tsnachweis\"],\"articleSection\":[\"Medien und Bildung \\\/ Religion\",\"Medien und Politik \\\/ Wirtschaft\",\"Medienkritik\"],\"inLanguage\":\"de\",\"potentialAction\":[{\"@type\":\"CommentAction\",\"name\":\"Comment\",\"target\":[\"https:\\\/\\\/www.medienkultur.at\\\/neu\\\/orf-und-zacken-von-der-krone\\\/#respond\"]}]},{\"@type\":\"WebPage\",\"@id\":\"https:\\\/\\\/www.medienkultur.at\\\/neu\\\/orf-und-zacken-von-der-krone\\\/\",\"url\":\"https:\\\/\\\/www.medienkultur.at\\\/neu\\\/orf-und-zacken-von-der-krone\\\/\",\"name\":\"ORF und Zacken der eigenen \\\"Krone\\\" | Vereinigung f\u00fcr Medienkultur\",\"isPartOf\":{\"@id\":\"https:\\\/\\\/www.medienkultur.at\\\/neu\\\/#website\"},\"datePublished\":\"2020-07-10T19:21:53+00:00\",\"dateModified\":\"2020-07-18T20:16:10+00:00\",\"author\":{\"@id\":\"https:\\\/\\\/www.medienkultur.at\\\/neu\\\/#\\\/schema\\\/person\\\/5307830ec125174672d8c9d829eeb256\"},\"breadcrumb\":{\"@id\":\"https:\\\/\\\/www.medienkultur.at\\\/neu\\\/orf-und-zacken-von-der-krone\\\/#breadcrumb\"},\"inLanguage\":\"de\",\"potentialAction\":[{\"@type\":\"ReadAction\",\"target\":[\"https:\\\/\\\/www.medienkultur.at\\\/neu\\\/orf-und-zacken-von-der-krone\\\/\"]}]},{\"@type\":\"BreadcrumbList\",\"@id\":\"https:\\\/\\\/www.medienkultur.at\\\/neu\\\/orf-und-zacken-von-der-krone\\\/#breadcrumb\",\"itemListElement\":[{\"@type\":\"ListItem\",\"position\":1,\"name\":\"Startseite\",\"item\":\"https:\\\/\\\/www.medienkultur.at\\\/neu\\\/\"},{\"@type\":\"ListItem\",\"position\":2,\"name\":\"ORF und Zacken der eigenen &#8222;Krone&#8220;\"}]},{\"@type\":\"WebSite\",\"@id\":\"https:\\\/\\\/www.medienkultur.at\\\/neu\\\/#website\",\"url\":\"https:\\\/\\\/www.medienkultur.at\\\/neu\\\/\",\"name\":\"Vereinigung f\u00fcr Medienkultur\",\"description\":\"\",\"potentialAction\":[{\"@type\":\"SearchAction\",\"target\":{\"@type\":\"EntryPoint\",\"urlTemplate\":\"https:\\\/\\\/www.medienkultur.at\\\/neu\\\/?s={search_term_string}\"},\"query-input\":{\"@type\":\"PropertyValueSpecification\",\"valueRequired\":true,\"valueName\":\"search_term_string\"}}],\"inLanguage\":\"de\"},{\"@type\":\"Person\",\"@id\":\"https:\\\/\\\/www.medienkultur.at\\\/neu\\\/#\\\/schema\\\/person\\\/5307830ec125174672d8c9d829eeb256\",\"name\":\"Hans H\u00f6gl\"}]}<\/script>\n<!-- \/ Yoast SEO plugin. -->","yoast_head_json":{"title":"ORF und Zacken der eigenen \"Krone\" | Vereinigung f\u00fcr Medienkultur","robots":{"index":"index","follow":"follow","max-snippet":"max-snippet:-1","max-image-preview":"max-image-preview:large","max-video-preview":"max-video-preview:-1"},"canonical":"https:\/\/www.medienkultur.at\/neu\/orf-und-zacken-von-der-krone\/","og_locale":"de_DE","og_type":"article","og_title":"ORF und Zacken der eigenen \"Krone\" | Vereinigung f\u00fcr Medienkultur","og_description":"Hans H\u00f6gl- Leserbrief nicht in der Printausgabe erschienen. Folgender Text -betreffend das Engagement der &#8222;Vereinigung f\u00fcr Medienkultur&#8220; wurde angeblich aus Platzgr\u00fcnden in der Printausgabe der Wochenzeitung &#8222;Der Falter&#8220; nicht ver\u00f6ffentlicht. Darum wird er hier wiedergegeben. Betrifft: \u201eZeit am Schirm\u201c von B. T\u00f3th, Falter 25\/20 Zutreffend lobt Barbara T\u00f3th den ORF in seinem Bem\u00fchen, Nachrichten in &hellip; ORF und Zacken der eigenen &#8222;Krone&#8220; weiterlesen &rarr;","og_url":"https:\/\/www.medienkultur.at\/neu\/orf-und-zacken-von-der-krone\/","og_site_name":"Vereinigung f\u00fcr Medienkultur","article_published_time":"2020-07-10T19:21:53+00:00","article_modified_time":"2020-07-18T20:16:10+00:00","author":"Hans H\u00f6gl","twitter_card":"summary_large_image","twitter_misc":{"Verfasst von":"Hans H\u00f6gl","Gesch\u00e4tzte Lesezeit":"2\u00a0Minuten"},"schema":{"@context":"https:\/\/schema.org","@graph":[{"@type":"Article","@id":"https:\/\/www.medienkultur.at\/neu\/orf-und-zacken-von-der-krone\/#article","isPartOf":{"@id":"https:\/\/www.medienkultur.at\/neu\/orf-und-zacken-von-der-krone\/"},"author":{"name":"Hans H\u00f6gl","@id":"https:\/\/www.medienkultur.at\/neu\/#\/schema\/person\/5307830ec125174672d8c9d829eeb256"},"headline":"ORF und Zacken der eigenen &#8222;Krone&#8220;","datePublished":"2020-07-10T19:21:53+00:00","dateModified":"2020-07-18T20:16:10+00:00","mainEntityOfPage":{"@id":"https:\/\/www.medienkultur.at\/neu\/orf-und-zacken-von-der-krone\/"},"wordCount":391,"commentCount":0,"keywords":["Barbara Toth","Chefredakteur von Wien heute","Chefredaktion von orf.news","Chefredaktion von TV-Sendung \"Heimat fremde Heimat\"","Der Falter","Fragw\u00fcrdiges Eigenlob einzelner ORF-Redakteure","Kein Plagiat-aber fragw\u00fcrdiges Verhalten","Nachrichten in einfacher Sprache","Nicht nur Kochkurse im ORF sondern auch Sprachkurse","nicht ver\u00f6ffentlichter Text","ORF-Redakteure anerkennen NGO-Initiative nicht","Originalit\u00e4tsnachweis"],"articleSection":["Medien und Bildung \/ Religion","Medien und Politik \/ Wirtschaft","Medienkritik"],"inLanguage":"de","potentialAction":[{"@type":"CommentAction","name":"Comment","target":["https:\/\/www.medienkultur.at\/neu\/orf-und-zacken-von-der-krone\/#respond"]}]},{"@type":"WebPage","@id":"https:\/\/www.medienkultur.at\/neu\/orf-und-zacken-von-der-krone\/","url":"https:\/\/www.medienkultur.at\/neu\/orf-und-zacken-von-der-krone\/","name":"ORF und Zacken der eigenen \"Krone\" | Vereinigung f\u00fcr Medienkultur","isPartOf":{"@id":"https:\/\/www.medienkultur.at\/neu\/#website"},"datePublished":"2020-07-10T19:21:53+00:00","dateModified":"2020-07-18T20:16:10+00:00","author":{"@id":"https:\/\/www.medienkultur.at\/neu\/#\/schema\/person\/5307830ec125174672d8c9d829eeb256"},"breadcrumb":{"@id":"https:\/\/www.medienkultur.at\/neu\/orf-und-zacken-von-der-krone\/#breadcrumb"},"inLanguage":"de","potentialAction":[{"@type":"ReadAction","target":["https:\/\/www.medienkultur.at\/neu\/orf-und-zacken-von-der-krone\/"]}]},{"@type":"BreadcrumbList","@id":"https:\/\/www.medienkultur.at\/neu\/orf-und-zacken-von-der-krone\/#breadcrumb","itemListElement":[{"@type":"ListItem","position":1,"name":"Startseite","item":"https:\/\/www.medienkultur.at\/neu\/"},{"@type":"ListItem","position":2,"name":"ORF und Zacken der eigenen &#8222;Krone&#8220;"}]},{"@type":"WebSite","@id":"https:\/\/www.medienkultur.at\/neu\/#website","url":"https:\/\/www.medienkultur.at\/neu\/","name":"Vereinigung f\u00fcr Medienkultur","description":"","potentialAction":[{"@type":"SearchAction","target":{"@type":"EntryPoint","urlTemplate":"https:\/\/www.medienkultur.at\/neu\/?s={search_term_string}"},"query-input":{"@type":"PropertyValueSpecification","valueRequired":true,"valueName":"search_term_string"}}],"inLanguage":"de"},{"@type":"Person","@id":"https:\/\/www.medienkultur.at\/neu\/#\/schema\/person\/5307830ec125174672d8c9d829eeb256","name":"Hans H\u00f6gl"}]}},"_links":{"self":[{"href":"https:\/\/www.medienkultur.at\/neu\/wp-json\/wp\/v2\/posts\/8006","targetHints":{"allow":["GET"]}}],"collection":[{"href":"https:\/\/www.medienkultur.at\/neu\/wp-json\/wp\/v2\/posts"}],"about":[{"href":"https:\/\/www.medienkultur.at\/neu\/wp-json\/wp\/v2\/types\/post"}],"author":[{"embeddable":true,"href":"https:\/\/www.medienkultur.at\/neu\/wp-json\/wp\/v2\/users\/1"}],"replies":[{"embeddable":true,"href":"https:\/\/www.medienkultur.at\/neu\/wp-json\/wp\/v2\/comments?post=8006"}],"version-history":[{"count":6,"href":"https:\/\/www.medienkultur.at\/neu\/wp-json\/wp\/v2\/posts\/8006\/revisions"}],"predecessor-version":[{"id":8081,"href":"https:\/\/www.medienkultur.at\/neu\/wp-json\/wp\/v2\/posts\/8006\/revisions\/8081"}],"wp:attachment":[{"href":"https:\/\/www.medienkultur.at\/neu\/wp-json\/wp\/v2\/media?parent=8006"}],"wp:term":[{"taxonomy":"category","embeddable":true,"href":"https:\/\/www.medienkultur.at\/neu\/wp-json\/wp\/v2\/categories?post=8006"},{"taxonomy":"post_tag","embeddable":true,"href":"https:\/\/www.medienkultur.at\/neu\/wp-json\/wp\/v2\/tags?post=8006"}],"curies":[{"name":"wp","href":"https:\/\/api.w.org\/{rel}","templated":true}]}}