{"id":7570,"date":"2020-04-20T11:01:45","date_gmt":"2020-04-20T10:01:45","guid":{"rendered":"http:\/\/www.medienkultur.at\/neu\/?p=7570"},"modified":"2020-04-20T11:01:54","modified_gmt":"2020-04-20T10:01:54","slug":"arbeitslosigkeit-verdoppelt-in-europa","status":"publish","type":"post","link":"https:\/\/www.medienkultur.at\/neu\/arbeitslosigkeit-verdoppelt-in-europa\/","title":{"rendered":"Arbeitslosigkeit verdoppelt in Europa?"},"content":{"rendered":"<p>Hans H\u00f6gl: Eine wirkliche relevante Meldung in der Infoflut <\/p>\n<p>McKinsey erwartet <strong>Verdoppelung der Arbeitslosenzahlen in Europa<\/strong><br \/>\n(reuters)\u00a0Die Arbeitslosigkeit in Europa k\u00f6nnte sich in den kommenden Monaten fast verdoppeln. Nach Sch\u00e4tzungen des Beratungsunternehmens McKinsey liefen 59 Millionen Arbeitspl\u00e4tze Gefahr, wegen der Coronavirus-Pandemie wegzufallen. \u00abDer Verlust dieser Arbeitspl\u00e4tze w\u00e4re nicht nur eine Trag\u00f6die auf individueller Ebene. Auch aus der wirtschaftlichen Perspektive w\u00e4re es schmerzhaft\u00bb, so McKinsey in seinem Bericht am Montag.<\/p>\n","protected":false},"excerpt":{"rendered":"<p>Hans H\u00f6gl: Eine wirkliche relevante Meldung in der Infoflut McKinsey erwartet Verdoppelung der Arbeitslosenzahlen in Europa (reuters)\u00a0Die Arbeitslosigkeit in Europa k\u00f6nnte sich in den kommenden Monaten fast verdoppeln. Nach Sch\u00e4tzungen des Beratungsunternehmens McKinsey liefen 59 Millionen Arbeitspl\u00e4tze Gefahr, wegen der Coronavirus-Pandemie wegzufallen. \u00abDer Verlust dieser Arbeitspl\u00e4tze w\u00e4re nicht nur eine Trag\u00f6die auf individueller Ebene. Auch &hellip; <a href=\"https:\/\/www.medienkultur.at\/neu\/arbeitslosigkeit-verdoppelt-in-europa\/\" class=\"more-link\"><span class=\"screen-reader-text\">Arbeitslosigkeit verdoppelt in Europa?<\/span> weiterlesen <span class=\"meta-nav\">&rarr;<\/span><\/a><\/p>\n","protected":false},"author":1,"featured_media":0,"comment_status":"open","ping_status":"open","sticky":false,"template":"","format":"standard","meta":{"footnotes":""},"categories":[1],"tags":[5996,570,5998,5997,5995],"class_list":["post-7570","post","type-post","status-publish","format-standard","hentry","category-allgemein","tag-arbeitslosigkeit-in-europa","tag-infoflut","tag-mckinsey-prognose-zur-arbeitswelt","tag-prognose","tag-relevante-meldungen"],"yoast_head":"<!-- This site is optimized with the Yoast SEO plugin v27.4 - https:\/\/yoast.com\/product\/yoast-seo-wordpress\/ -->\n<title>Arbeitslosigkeit verdoppelt in Europa? | Vereinigung f\u00fcr Medienkultur<\/title>\n<meta name=\"robots\" content=\"index, follow, max-snippet:-1, max-image-preview:large, max-video-preview:-1\" \/>\n<link rel=\"canonical\" href=\"https:\/\/www.medienkultur.at\/neu\/arbeitslosigkeit-verdoppelt-in-europa\/\" \/>\n<meta property=\"og:locale\" content=\"de_DE\" \/>\n<meta property=\"og:type\" content=\"article\" \/>\n<meta property=\"og:title\" content=\"Arbeitslosigkeit verdoppelt in Europa? | Vereinigung f\u00fcr Medienkultur\" \/>\n<meta property=\"og:description\" content=\"Hans H\u00f6gl: Eine wirkliche relevante Meldung in der Infoflut McKinsey erwartet Verdoppelung der Arbeitslosenzahlen in Europa (reuters)\u00a0Die Arbeitslosigkeit in Europa k\u00f6nnte sich in den kommenden Monaten fast verdoppeln. Nach Sch\u00e4tzungen des Beratungsunternehmens McKinsey liefen 59 Millionen Arbeitspl\u00e4tze Gefahr, wegen der Coronavirus-Pandemie wegzufallen. \u00abDer Verlust dieser Arbeitspl\u00e4tze w\u00e4re nicht nur eine Trag\u00f6die auf individueller Ebene. Auch &hellip; Arbeitslosigkeit verdoppelt in Europa? weiterlesen &rarr;\" \/>\n<meta property=\"og:url\" content=\"https:\/\/www.medienkultur.at\/neu\/arbeitslosigkeit-verdoppelt-in-europa\/\" \/>\n<meta property=\"og:site_name\" content=\"Vereinigung f\u00fcr Medienkultur\" \/>\n<meta property=\"article:published_time\" content=\"2020-04-20T10:01:45+00:00\" \/>\n<meta property=\"article:modified_time\" content=\"2020-04-20T10:01:54+00:00\" \/>\n<meta name=\"author\" content=\"Hans H\u00f6gl\" \/>\n<meta name=\"twitter:card\" content=\"summary_large_image\" \/>\n<meta name=\"twitter:label1\" content=\"Verfasst von\" \/>\n\t<meta name=\"twitter:data1\" content=\"Hans H\u00f6gl\" \/>\n<script type=\"application\/ld+json\" class=\"yoast-schema-graph\">{\"@context\":\"https:\\\/\\\/schema.org\",\"@graph\":[{\"@type\":\"Article\",\"@id\":\"https:\\\/\\\/www.medienkultur.at\\\/neu\\\/arbeitslosigkeit-verdoppelt-in-europa\\\/#article\",\"isPartOf\":{\"@id\":\"https:\\\/\\\/www.medienkultur.at\\\/neu\\\/arbeitslosigkeit-verdoppelt-in-europa\\\/\"},\"author\":{\"name\":\"Hans H\u00f6gl\",\"@id\":\"https:\\\/\\\/www.medienkultur.at\\\/neu\\\/#\\\/schema\\\/person\\\/5307830ec125174672d8c9d829eeb256\"},\"headline\":\"Arbeitslosigkeit verdoppelt in Europa?\",\"datePublished\":\"2020-04-20T10:01:45+00:00\",\"dateModified\":\"2020-04-20T10:01:54+00:00\",\"mainEntityOfPage\":{\"@id\":\"https:\\\/\\\/www.medienkultur.at\\\/neu\\\/arbeitslosigkeit-verdoppelt-in-europa\\\/\"},\"wordCount\":81,\"commentCount\":0,\"keywords\":[\"Arbeitslosigkeit in Europa\",\"Infoflut\",\"McKInsey Prognose zur Arbeitswelt\",\"Prognose\",\"Relevante Meldungen\"],\"articleSection\":[\"J\u00dcNGSTE BEITR\u00c4GE\"],\"inLanguage\":\"de\",\"potentialAction\":[{\"@type\":\"CommentAction\",\"name\":\"Comment\",\"target\":[\"https:\\\/\\\/www.medienkultur.at\\\/neu\\\/arbeitslosigkeit-verdoppelt-in-europa\\\/#respond\"]}]},{\"@type\":\"WebPage\",\"@id\":\"https:\\\/\\\/www.medienkultur.at\\\/neu\\\/arbeitslosigkeit-verdoppelt-in-europa\\\/\",\"url\":\"https:\\\/\\\/www.medienkultur.at\\\/neu\\\/arbeitslosigkeit-verdoppelt-in-europa\\\/\",\"name\":\"Arbeitslosigkeit verdoppelt in Europa? | Vereinigung f\u00fcr Medienkultur\",\"isPartOf\":{\"@id\":\"https:\\\/\\\/www.medienkultur.at\\\/neu\\\/#website\"},\"datePublished\":\"2020-04-20T10:01:45+00:00\",\"dateModified\":\"2020-04-20T10:01:54+00:00\",\"author\":{\"@id\":\"https:\\\/\\\/www.medienkultur.at\\\/neu\\\/#\\\/schema\\\/person\\\/5307830ec125174672d8c9d829eeb256\"},\"breadcrumb\":{\"@id\":\"https:\\\/\\\/www.medienkultur.at\\\/neu\\\/arbeitslosigkeit-verdoppelt-in-europa\\\/#breadcrumb\"},\"inLanguage\":\"de\",\"potentialAction\":[{\"@type\":\"ReadAction\",\"target\":[\"https:\\\/\\\/www.medienkultur.at\\\/neu\\\/arbeitslosigkeit-verdoppelt-in-europa\\\/\"]}]},{\"@type\":\"BreadcrumbList\",\"@id\":\"https:\\\/\\\/www.medienkultur.at\\\/neu\\\/arbeitslosigkeit-verdoppelt-in-europa\\\/#breadcrumb\",\"itemListElement\":[{\"@type\":\"ListItem\",\"position\":1,\"name\":\"Startseite\",\"item\":\"https:\\\/\\\/www.medienkultur.at\\\/neu\\\/\"},{\"@type\":\"ListItem\",\"position\":2,\"name\":\"Arbeitslosigkeit verdoppelt in Europa?\"}]},{\"@type\":\"WebSite\",\"@id\":\"https:\\\/\\\/www.medienkultur.at\\\/neu\\\/#website\",\"url\":\"https:\\\/\\\/www.medienkultur.at\\\/neu\\\/\",\"name\":\"Vereinigung f\u00fcr Medienkultur\",\"description\":\"\",\"potentialAction\":[{\"@type\":\"SearchAction\",\"target\":{\"@type\":\"EntryPoint\",\"urlTemplate\":\"https:\\\/\\\/www.medienkultur.at\\\/neu\\\/?s={search_term_string}\"},\"query-input\":{\"@type\":\"PropertyValueSpecification\",\"valueRequired\":true,\"valueName\":\"search_term_string\"}}],\"inLanguage\":\"de\"},{\"@type\":\"Person\",\"@id\":\"https:\\\/\\\/www.medienkultur.at\\\/neu\\\/#\\\/schema\\\/person\\\/5307830ec125174672d8c9d829eeb256\",\"name\":\"Hans H\u00f6gl\"}]}<\/script>\n<!-- \/ Yoast SEO plugin. -->","yoast_head_json":{"title":"Arbeitslosigkeit verdoppelt in Europa? | Vereinigung f\u00fcr Medienkultur","robots":{"index":"index","follow":"follow","max-snippet":"max-snippet:-1","max-image-preview":"max-image-preview:large","max-video-preview":"max-video-preview:-1"},"canonical":"https:\/\/www.medienkultur.at\/neu\/arbeitslosigkeit-verdoppelt-in-europa\/","og_locale":"de_DE","og_type":"article","og_title":"Arbeitslosigkeit verdoppelt in Europa? | Vereinigung f\u00fcr Medienkultur","og_description":"Hans H\u00f6gl: Eine wirkliche relevante Meldung in der Infoflut McKinsey erwartet Verdoppelung der Arbeitslosenzahlen in Europa (reuters)\u00a0Die Arbeitslosigkeit in Europa k\u00f6nnte sich in den kommenden Monaten fast verdoppeln. Nach Sch\u00e4tzungen des Beratungsunternehmens McKinsey liefen 59 Millionen Arbeitspl\u00e4tze Gefahr, wegen der Coronavirus-Pandemie wegzufallen. \u00abDer Verlust dieser Arbeitspl\u00e4tze w\u00e4re nicht nur eine Trag\u00f6die auf individueller Ebene. Auch &hellip; Arbeitslosigkeit verdoppelt in Europa? weiterlesen &rarr;","og_url":"https:\/\/www.medienkultur.at\/neu\/arbeitslosigkeit-verdoppelt-in-europa\/","og_site_name":"Vereinigung f\u00fcr Medienkultur","article_published_time":"2020-04-20T10:01:45+00:00","article_modified_time":"2020-04-20T10:01:54+00:00","author":"Hans H\u00f6gl","twitter_card":"summary_large_image","twitter_misc":{"Verfasst von":"Hans H\u00f6gl"},"schema":{"@context":"https:\/\/schema.org","@graph":[{"@type":"Article","@id":"https:\/\/www.medienkultur.at\/neu\/arbeitslosigkeit-verdoppelt-in-europa\/#article","isPartOf":{"@id":"https:\/\/www.medienkultur.at\/neu\/arbeitslosigkeit-verdoppelt-in-europa\/"},"author":{"name":"Hans H\u00f6gl","@id":"https:\/\/www.medienkultur.at\/neu\/#\/schema\/person\/5307830ec125174672d8c9d829eeb256"},"headline":"Arbeitslosigkeit verdoppelt in Europa?","datePublished":"2020-04-20T10:01:45+00:00","dateModified":"2020-04-20T10:01:54+00:00","mainEntityOfPage":{"@id":"https:\/\/www.medienkultur.at\/neu\/arbeitslosigkeit-verdoppelt-in-europa\/"},"wordCount":81,"commentCount":0,"keywords":["Arbeitslosigkeit in Europa","Infoflut","McKInsey Prognose zur Arbeitswelt","Prognose","Relevante Meldungen"],"articleSection":["J\u00dcNGSTE BEITR\u00c4GE"],"inLanguage":"de","potentialAction":[{"@type":"CommentAction","name":"Comment","target":["https:\/\/www.medienkultur.at\/neu\/arbeitslosigkeit-verdoppelt-in-europa\/#respond"]}]},{"@type":"WebPage","@id":"https:\/\/www.medienkultur.at\/neu\/arbeitslosigkeit-verdoppelt-in-europa\/","url":"https:\/\/www.medienkultur.at\/neu\/arbeitslosigkeit-verdoppelt-in-europa\/","name":"Arbeitslosigkeit verdoppelt in Europa? | Vereinigung f\u00fcr Medienkultur","isPartOf":{"@id":"https:\/\/www.medienkultur.at\/neu\/#website"},"datePublished":"2020-04-20T10:01:45+00:00","dateModified":"2020-04-20T10:01:54+00:00","author":{"@id":"https:\/\/www.medienkultur.at\/neu\/#\/schema\/person\/5307830ec125174672d8c9d829eeb256"},"breadcrumb":{"@id":"https:\/\/www.medienkultur.at\/neu\/arbeitslosigkeit-verdoppelt-in-europa\/#breadcrumb"},"inLanguage":"de","potentialAction":[{"@type":"ReadAction","target":["https:\/\/www.medienkultur.at\/neu\/arbeitslosigkeit-verdoppelt-in-europa\/"]}]},{"@type":"BreadcrumbList","@id":"https:\/\/www.medienkultur.at\/neu\/arbeitslosigkeit-verdoppelt-in-europa\/#breadcrumb","itemListElement":[{"@type":"ListItem","position":1,"name":"Startseite","item":"https:\/\/www.medienkultur.at\/neu\/"},{"@type":"ListItem","position":2,"name":"Arbeitslosigkeit verdoppelt in Europa?"}]},{"@type":"WebSite","@id":"https:\/\/www.medienkultur.at\/neu\/#website","url":"https:\/\/www.medienkultur.at\/neu\/","name":"Vereinigung f\u00fcr Medienkultur","description":"","potentialAction":[{"@type":"SearchAction","target":{"@type":"EntryPoint","urlTemplate":"https:\/\/www.medienkultur.at\/neu\/?s={search_term_string}"},"query-input":{"@type":"PropertyValueSpecification","valueRequired":true,"valueName":"search_term_string"}}],"inLanguage":"de"},{"@type":"Person","@id":"https:\/\/www.medienkultur.at\/neu\/#\/schema\/person\/5307830ec125174672d8c9d829eeb256","name":"Hans H\u00f6gl"}]}},"_links":{"self":[{"href":"https:\/\/www.medienkultur.at\/neu\/wp-json\/wp\/v2\/posts\/7570","targetHints":{"allow":["GET"]}}],"collection":[{"href":"https:\/\/www.medienkultur.at\/neu\/wp-json\/wp\/v2\/posts"}],"about":[{"href":"https:\/\/www.medienkultur.at\/neu\/wp-json\/wp\/v2\/types\/post"}],"author":[{"embeddable":true,"href":"https:\/\/www.medienkultur.at\/neu\/wp-json\/wp\/v2\/users\/1"}],"replies":[{"embeddable":true,"href":"https:\/\/www.medienkultur.at\/neu\/wp-json\/wp\/v2\/comments?post=7570"}],"version-history":[{"count":2,"href":"https:\/\/www.medienkultur.at\/neu\/wp-json\/wp\/v2\/posts\/7570\/revisions"}],"predecessor-version":[{"id":7572,"href":"https:\/\/www.medienkultur.at\/neu\/wp-json\/wp\/v2\/posts\/7570\/revisions\/7572"}],"wp:attachment":[{"href":"https:\/\/www.medienkultur.at\/neu\/wp-json\/wp\/v2\/media?parent=7570"}],"wp:term":[{"taxonomy":"category","embeddable":true,"href":"https:\/\/www.medienkultur.at\/neu\/wp-json\/wp\/v2\/categories?post=7570"},{"taxonomy":"post_tag","embeddable":true,"href":"https:\/\/www.medienkultur.at\/neu\/wp-json\/wp\/v2\/tags?post=7570"}],"curies":[{"name":"wp","href":"https:\/\/api.w.org\/{rel}","templated":true}]}}