{"id":7567,"date":"2020-04-19T18:42:00","date_gmt":"2020-04-19T17:42:00","guid":{"rendered":"http:\/\/www.medienkultur.at\/neu\/?p=7567"},"modified":"2020-04-23T08:48:04","modified_gmt":"2020-04-23T07:48:04","slug":"ver-kehr-te-flugwelt","status":"publish","type":"post","link":"https:\/\/www.medienkultur.at\/neu\/ver-kehr-te-flugwelt\/","title":{"rendered":"Ver-kehr-te Flugwelt"},"content":{"rendered":"<p>Hans H\u00f6gl<\/p>\n<p>Der Begriff <strong>Flugscham<\/strong><em> taucht erstmals im M\u00e4rz 2018 in schwedischen Zeitungen auf- und der Gedanke, dass man sich sch\u00e4men m\u00fcsse, durchs Fliegen den Klimawandel voranzutreiben.<\/p>\n<p>Jetzt im April 2020 verhandelt die Lufthansa, zu der die AUA geh\u00f6rt, mit der \u00f6sterreichischen Regierung und m\u00f6chte hunderte Millionen Schadenersatz, weil so viele Fl\u00fcge ausfallen. Im \u00fcbrigen hat die AUA  zig-tausende \u00d6sterreicher*innen als Angestellte. <\/p>\n<p>Laut eines verl\u00e4sslichen Berichts erwartet die AUA-MUTTER-LUFTHANSA vom \u00f6sterreichischen Staat 500 Millionen \u20ac an Staatshilfe, auch von 800 Mio \u20ac ist die Rede. Werner Kogler, Vizekanzler der Gr\u00fcnen, sagte in einem anderen Kontext, manche glauben, Geld wachse auf den B\u00e4umen. Zur Lufthansa geh\u00f6ren auch die nationale Fluggesellschaft der Schweiz und die belgische Brussels  Airlines.<\/p>\n","protected":false},"excerpt":{"rendered":"<p>Hans H\u00f6gl Der Begriff Flugscham taucht erstmals im M\u00e4rz 2018 in schwedischen Zeitungen auf- und der Gedanke, dass man sich sch\u00e4men m\u00fcsse, durchs Fliegen den Klimawandel voranzutreiben. Jetzt im April 2020 verhandelt die Lufthansa, zu der die AUA geh\u00f6rt, mit der \u00f6sterreichischen Regierung und m\u00f6chte hunderte Millionen Schadenersatz, weil so viele Fl\u00fcge ausfallen. Im \u00fcbrigen &hellip; <a href=\"https:\/\/www.medienkultur.at\/neu\/ver-kehr-te-flugwelt\/\" class=\"more-link\"><span class=\"screen-reader-text\">Ver-kehr-te Flugwelt<\/span> weiterlesen <span class=\"meta-nav\">&rarr;<\/span><\/a><\/p>\n","protected":false},"author":1,"featured_media":0,"comment_status":"open","ping_status":"open","sticky":false,"template":"","format":"standard","meta":{"footnotes":""},"categories":[1,11],"tags":[6000,5992,5994,5993,6001,5999,4011],"class_list":["post-7567","post","type-post","status-publish","format-standard","hentry","category-allgemein","category-medien_politik_wirtschaft","tag-brussels-airlines","tag-fluglinie-lufthansa-aua","tag-flugscham-begriff-aus-schweden","tag-foerderungen-fuer-die-lufthansa","tag-schweizer-fluggesellschaft","tag-waechst-geld-auf-den-baeumen","tag-werner-kogler"],"yoast_head":"<!-- This site is optimized with the Yoast SEO plugin v27.4 - https:\/\/yoast.com\/product\/yoast-seo-wordpress\/ -->\n<title>Ver-kehr-te Flugwelt | Vereinigung f\u00fcr Medienkultur<\/title>\n<meta name=\"robots\" content=\"index, follow, max-snippet:-1, max-image-preview:large, max-video-preview:-1\" \/>\n<link rel=\"canonical\" href=\"https:\/\/www.medienkultur.at\/neu\/ver-kehr-te-flugwelt\/\" \/>\n<meta property=\"og:locale\" content=\"de_DE\" \/>\n<meta property=\"og:type\" content=\"article\" \/>\n<meta property=\"og:title\" content=\"Ver-kehr-te Flugwelt | Vereinigung f\u00fcr Medienkultur\" \/>\n<meta property=\"og:description\" content=\"Hans H\u00f6gl Der Begriff Flugscham taucht erstmals im M\u00e4rz 2018 in schwedischen Zeitungen auf- und der Gedanke, dass man sich sch\u00e4men m\u00fcsse, durchs Fliegen den Klimawandel voranzutreiben. Jetzt im April 2020 verhandelt die Lufthansa, zu der die AUA geh\u00f6rt, mit der \u00f6sterreichischen Regierung und m\u00f6chte hunderte Millionen Schadenersatz, weil so viele Fl\u00fcge ausfallen. Im \u00fcbrigen &hellip; Ver-kehr-te Flugwelt weiterlesen &rarr;\" \/>\n<meta property=\"og:url\" content=\"https:\/\/www.medienkultur.at\/neu\/ver-kehr-te-flugwelt\/\" \/>\n<meta property=\"og:site_name\" content=\"Vereinigung f\u00fcr Medienkultur\" \/>\n<meta property=\"article:published_time\" content=\"2020-04-19T17:42:00+00:00\" \/>\n<meta property=\"article:modified_time\" content=\"2020-04-23T07:48:04+00:00\" \/>\n<meta name=\"author\" content=\"Hans H\u00f6gl\" \/>\n<meta name=\"twitter:card\" content=\"summary_large_image\" \/>\n<meta name=\"twitter:label1\" content=\"Verfasst von\" \/>\n\t<meta name=\"twitter:data1\" content=\"Hans H\u00f6gl\" \/>\n\t<meta name=\"twitter:label2\" content=\"Gesch\u00e4tzte Lesezeit\" \/>\n\t<meta name=\"twitter:data2\" content=\"1\u00a0Minute\" \/>\n<script type=\"application\/ld+json\" class=\"yoast-schema-graph\">{\"@context\":\"https:\\\/\\\/schema.org\",\"@graph\":[{\"@type\":\"Article\",\"@id\":\"https:\\\/\\\/www.medienkultur.at\\\/neu\\\/ver-kehr-te-flugwelt\\\/#article\",\"isPartOf\":{\"@id\":\"https:\\\/\\\/www.medienkultur.at\\\/neu\\\/ver-kehr-te-flugwelt\\\/\"},\"author\":{\"name\":\"Hans H\u00f6gl\",\"@id\":\"https:\\\/\\\/www.medienkultur.at\\\/neu\\\/#\\\/schema\\\/person\\\/5307830ec125174672d8c9d829eeb256\"},\"headline\":\"Ver-kehr-te Flugwelt\",\"datePublished\":\"2020-04-19T17:42:00+00:00\",\"dateModified\":\"2020-04-23T07:48:04+00:00\",\"mainEntityOfPage\":{\"@id\":\"https:\\\/\\\/www.medienkultur.at\\\/neu\\\/ver-kehr-te-flugwelt\\\/\"},\"wordCount\":124,\"commentCount\":0,\"keywords\":[\"Brussels Airlines\",\"Fluglinie Lufthansa-AUA\",\"Flugscham Begriff aus Schweden\",\"F\u00f6rderungen f\u00fcr die Lufthansa?\",\"Schweizer Fluggesellschaft\",\"W\u00e4chst Geld auf den B\u00e4umen?\",\"Werner Kogler\"],\"articleSection\":[\"J\u00dcNGSTE BEITR\u00c4GE\",\"Medien und Politik \\\/ Wirtschaft\"],\"inLanguage\":\"de\",\"potentialAction\":[{\"@type\":\"CommentAction\",\"name\":\"Comment\",\"target\":[\"https:\\\/\\\/www.medienkultur.at\\\/neu\\\/ver-kehr-te-flugwelt\\\/#respond\"]}]},{\"@type\":\"WebPage\",\"@id\":\"https:\\\/\\\/www.medienkultur.at\\\/neu\\\/ver-kehr-te-flugwelt\\\/\",\"url\":\"https:\\\/\\\/www.medienkultur.at\\\/neu\\\/ver-kehr-te-flugwelt\\\/\",\"name\":\"Ver-kehr-te Flugwelt | Vereinigung f\u00fcr Medienkultur\",\"isPartOf\":{\"@id\":\"https:\\\/\\\/www.medienkultur.at\\\/neu\\\/#website\"},\"datePublished\":\"2020-04-19T17:42:00+00:00\",\"dateModified\":\"2020-04-23T07:48:04+00:00\",\"author\":{\"@id\":\"https:\\\/\\\/www.medienkultur.at\\\/neu\\\/#\\\/schema\\\/person\\\/5307830ec125174672d8c9d829eeb256\"},\"breadcrumb\":{\"@id\":\"https:\\\/\\\/www.medienkultur.at\\\/neu\\\/ver-kehr-te-flugwelt\\\/#breadcrumb\"},\"inLanguage\":\"de\",\"potentialAction\":[{\"@type\":\"ReadAction\",\"target\":[\"https:\\\/\\\/www.medienkultur.at\\\/neu\\\/ver-kehr-te-flugwelt\\\/\"]}]},{\"@type\":\"BreadcrumbList\",\"@id\":\"https:\\\/\\\/www.medienkultur.at\\\/neu\\\/ver-kehr-te-flugwelt\\\/#breadcrumb\",\"itemListElement\":[{\"@type\":\"ListItem\",\"position\":1,\"name\":\"Startseite\",\"item\":\"https:\\\/\\\/www.medienkultur.at\\\/neu\\\/\"},{\"@type\":\"ListItem\",\"position\":2,\"name\":\"Ver-kehr-te Flugwelt\"}]},{\"@type\":\"WebSite\",\"@id\":\"https:\\\/\\\/www.medienkultur.at\\\/neu\\\/#website\",\"url\":\"https:\\\/\\\/www.medienkultur.at\\\/neu\\\/\",\"name\":\"Vereinigung f\u00fcr Medienkultur\",\"description\":\"\",\"potentialAction\":[{\"@type\":\"SearchAction\",\"target\":{\"@type\":\"EntryPoint\",\"urlTemplate\":\"https:\\\/\\\/www.medienkultur.at\\\/neu\\\/?s={search_term_string}\"},\"query-input\":{\"@type\":\"PropertyValueSpecification\",\"valueRequired\":true,\"valueName\":\"search_term_string\"}}],\"inLanguage\":\"de\"},{\"@type\":\"Person\",\"@id\":\"https:\\\/\\\/www.medienkultur.at\\\/neu\\\/#\\\/schema\\\/person\\\/5307830ec125174672d8c9d829eeb256\",\"name\":\"Hans H\u00f6gl\"}]}<\/script>\n<!-- \/ Yoast SEO plugin. -->","yoast_head_json":{"title":"Ver-kehr-te Flugwelt | Vereinigung f\u00fcr Medienkultur","robots":{"index":"index","follow":"follow","max-snippet":"max-snippet:-1","max-image-preview":"max-image-preview:large","max-video-preview":"max-video-preview:-1"},"canonical":"https:\/\/www.medienkultur.at\/neu\/ver-kehr-te-flugwelt\/","og_locale":"de_DE","og_type":"article","og_title":"Ver-kehr-te Flugwelt | Vereinigung f\u00fcr Medienkultur","og_description":"Hans H\u00f6gl Der Begriff Flugscham taucht erstmals im M\u00e4rz 2018 in schwedischen Zeitungen auf- und der Gedanke, dass man sich sch\u00e4men m\u00fcsse, durchs Fliegen den Klimawandel voranzutreiben. Jetzt im April 2020 verhandelt die Lufthansa, zu der die AUA geh\u00f6rt, mit der \u00f6sterreichischen Regierung und m\u00f6chte hunderte Millionen Schadenersatz, weil so viele Fl\u00fcge ausfallen. Im \u00fcbrigen &hellip; Ver-kehr-te Flugwelt weiterlesen &rarr;","og_url":"https:\/\/www.medienkultur.at\/neu\/ver-kehr-te-flugwelt\/","og_site_name":"Vereinigung f\u00fcr Medienkultur","article_published_time":"2020-04-19T17:42:00+00:00","article_modified_time":"2020-04-23T07:48:04+00:00","author":"Hans H\u00f6gl","twitter_card":"summary_large_image","twitter_misc":{"Verfasst von":"Hans H\u00f6gl","Gesch\u00e4tzte Lesezeit":"1\u00a0Minute"},"schema":{"@context":"https:\/\/schema.org","@graph":[{"@type":"Article","@id":"https:\/\/www.medienkultur.at\/neu\/ver-kehr-te-flugwelt\/#article","isPartOf":{"@id":"https:\/\/www.medienkultur.at\/neu\/ver-kehr-te-flugwelt\/"},"author":{"name":"Hans H\u00f6gl","@id":"https:\/\/www.medienkultur.at\/neu\/#\/schema\/person\/5307830ec125174672d8c9d829eeb256"},"headline":"Ver-kehr-te Flugwelt","datePublished":"2020-04-19T17:42:00+00:00","dateModified":"2020-04-23T07:48:04+00:00","mainEntityOfPage":{"@id":"https:\/\/www.medienkultur.at\/neu\/ver-kehr-te-flugwelt\/"},"wordCount":124,"commentCount":0,"keywords":["Brussels Airlines","Fluglinie Lufthansa-AUA","Flugscham Begriff aus Schweden","F\u00f6rderungen f\u00fcr die Lufthansa?","Schweizer Fluggesellschaft","W\u00e4chst Geld auf den B\u00e4umen?","Werner Kogler"],"articleSection":["J\u00dcNGSTE BEITR\u00c4GE","Medien und Politik \/ Wirtschaft"],"inLanguage":"de","potentialAction":[{"@type":"CommentAction","name":"Comment","target":["https:\/\/www.medienkultur.at\/neu\/ver-kehr-te-flugwelt\/#respond"]}]},{"@type":"WebPage","@id":"https:\/\/www.medienkultur.at\/neu\/ver-kehr-te-flugwelt\/","url":"https:\/\/www.medienkultur.at\/neu\/ver-kehr-te-flugwelt\/","name":"Ver-kehr-te Flugwelt | Vereinigung f\u00fcr Medienkultur","isPartOf":{"@id":"https:\/\/www.medienkultur.at\/neu\/#website"},"datePublished":"2020-04-19T17:42:00+00:00","dateModified":"2020-04-23T07:48:04+00:00","author":{"@id":"https:\/\/www.medienkultur.at\/neu\/#\/schema\/person\/5307830ec125174672d8c9d829eeb256"},"breadcrumb":{"@id":"https:\/\/www.medienkultur.at\/neu\/ver-kehr-te-flugwelt\/#breadcrumb"},"inLanguage":"de","potentialAction":[{"@type":"ReadAction","target":["https:\/\/www.medienkultur.at\/neu\/ver-kehr-te-flugwelt\/"]}]},{"@type":"BreadcrumbList","@id":"https:\/\/www.medienkultur.at\/neu\/ver-kehr-te-flugwelt\/#breadcrumb","itemListElement":[{"@type":"ListItem","position":1,"name":"Startseite","item":"https:\/\/www.medienkultur.at\/neu\/"},{"@type":"ListItem","position":2,"name":"Ver-kehr-te Flugwelt"}]},{"@type":"WebSite","@id":"https:\/\/www.medienkultur.at\/neu\/#website","url":"https:\/\/www.medienkultur.at\/neu\/","name":"Vereinigung f\u00fcr Medienkultur","description":"","potentialAction":[{"@type":"SearchAction","target":{"@type":"EntryPoint","urlTemplate":"https:\/\/www.medienkultur.at\/neu\/?s={search_term_string}"},"query-input":{"@type":"PropertyValueSpecification","valueRequired":true,"valueName":"search_term_string"}}],"inLanguage":"de"},{"@type":"Person","@id":"https:\/\/www.medienkultur.at\/neu\/#\/schema\/person\/5307830ec125174672d8c9d829eeb256","name":"Hans H\u00f6gl"}]}},"_links":{"self":[{"href":"https:\/\/www.medienkultur.at\/neu\/wp-json\/wp\/v2\/posts\/7567","targetHints":{"allow":["GET"]}}],"collection":[{"href":"https:\/\/www.medienkultur.at\/neu\/wp-json\/wp\/v2\/posts"}],"about":[{"href":"https:\/\/www.medienkultur.at\/neu\/wp-json\/wp\/v2\/types\/post"}],"author":[{"embeddable":true,"href":"https:\/\/www.medienkultur.at\/neu\/wp-json\/wp\/v2\/users\/1"}],"replies":[{"embeddable":true,"href":"https:\/\/www.medienkultur.at\/neu\/wp-json\/wp\/v2\/comments?post=7567"}],"version-history":[{"count":6,"href":"https:\/\/www.medienkultur.at\/neu\/wp-json\/wp\/v2\/posts\/7567\/revisions"}],"predecessor-version":[{"id":7603,"href":"https:\/\/www.medienkultur.at\/neu\/wp-json\/wp\/v2\/posts\/7567\/revisions\/7603"}],"wp:attachment":[{"href":"https:\/\/www.medienkultur.at\/neu\/wp-json\/wp\/v2\/media?parent=7567"}],"wp:term":[{"taxonomy":"category","embeddable":true,"href":"https:\/\/www.medienkultur.at\/neu\/wp-json\/wp\/v2\/categories?post=7567"},{"taxonomy":"post_tag","embeddable":true,"href":"https:\/\/www.medienkultur.at\/neu\/wp-json\/wp\/v2\/tags?post=7567"}],"curies":[{"name":"wp","href":"https:\/\/api.w.org\/{rel}","templated":true}]}}