{"id":7356,"date":"2020-03-09T08:07:05","date_gmt":"2020-03-09T07:07:05","guid":{"rendered":"http:\/\/www.medienkultur.at\/neu\/?p=7356"},"modified":"2020-03-09T08:07:05","modified_gmt":"2020-03-09T07:07:05","slug":"corona-schweiz-mit-italienischen-grenzgaengern","status":"publish","type":"post","link":"https:\/\/www.medienkultur.at\/neu\/corona-schweiz-mit-italienischen-grenzgaengern\/","title":{"rendered":"Corona: Schweiz- mit italienischen Grenzg\u00e4ngern"},"content":{"rendered":"<p>Hans H\u00f6gl- Information aus der Schweiz<br \/>\n           In \u00d6sterreich erfahren wir kaum etwas dar\u00fcber, wie die Schweiz mit dem Corona-Virus umgeht. <\/p>\n<p>Das Bundesamt f\u00fcr Gesundheit (BAG) hat bis Sonntag 281 Ansteckungen und zwei Todesf\u00e4lle best\u00e4tigt. Nachdem am Donnerstag eine 74-J\u00e4hrige im Kanton Waadt verstarb, wurde am Sonntag der Tod eines 76-J\u00e4hrigen aus dem Kanton Basel-Landschaft gemeldet. Trotz steigender Zahl der Coronavirus-F\u00e4lle <strong>bleibt eine Mehrheit der Bev\u00f6lkerung gelassen, so eine Umfrage. Zweidrittel f\u00fchlten sich demnach vom Virus nicht oder nur gering bedroht<\/strong>.  <\/p>\n<p>Das ist der Hintergrund: <strong>68\u2005000 Grenzg\u00e4nger, die im Tessin arbeiten, sind von den verh\u00e4ngten Reiseverboten der italienischen Regierung ausgenommen. Auch der G\u00fcterverkehr darf frei zirkulieren.<\/strong> Damit will man schwere wirtschaftliche Sch\u00e4den in der Region vermeiden. Allerdings ist unklar, ob die Grenzen auch weiterhin offen bleiben. Die Verunsicherung in der Region w\u00e4chst<\/p>\n","protected":false},"excerpt":{"rendered":"<p>Hans H\u00f6gl- Information aus der Schweiz In \u00d6sterreich erfahren wir kaum etwas dar\u00fcber, wie die Schweiz mit dem Corona-Virus umgeht. Das Bundesamt f\u00fcr Gesundheit (BAG) hat bis Sonntag 281 Ansteckungen und zwei Todesf\u00e4lle best\u00e4tigt. Nachdem am Donnerstag eine 74-J\u00e4hrige im Kanton Waadt verstarb, wurde am Sonntag der Tod eines 76-J\u00e4hrigen aus dem Kanton Basel-Landschaft gemeldet. &hellip; <a href=\"https:\/\/www.medienkultur.at\/neu\/corona-schweiz-mit-italienischen-grenzgaengern\/\" class=\"more-link\"><span class=\"screen-reader-text\">Corona: Schweiz- mit italienischen Grenzg\u00e4ngern<\/span> weiterlesen <span class=\"meta-nav\">&rarr;<\/span><\/a><\/p>\n","protected":false},"author":1,"featured_media":0,"comment_status":"open","ping_status":"open","sticky":false,"template":"","format":"standard","meta":{"footnotes":""},"categories":[1,12,11],"tags":[5793,5794,5792,5791],"class_list":["post-7356","post","type-post","status-publish","format-standard","hentry","category-allgemein","category-medien_bildung_religion","category-medien_politik_wirtschaft","tag-68-000-grenzgaenger-aus-italien","tag-bevoelkerung-mehrheitlich-gelassen","tag-gueterverkehr-mit-italien-frei","tag-schweiz-u-corona"],"yoast_head":"<!-- This site is optimized with the Yoast SEO plugin v27.5 - https:\/\/yoast.com\/product\/yoast-seo-wordpress\/ -->\n<title>Corona: Schweiz- mit italienischen Grenzg\u00e4ngern | Vereinigung f\u00fcr Medienkultur<\/title>\n<meta name=\"robots\" content=\"index, follow, max-snippet:-1, max-image-preview:large, max-video-preview:-1\" \/>\n<link rel=\"canonical\" href=\"https:\/\/www.medienkultur.at\/neu\/corona-schweiz-mit-italienischen-grenzgaengern\/\" \/>\n<meta property=\"og:locale\" content=\"de_DE\" \/>\n<meta property=\"og:type\" content=\"article\" \/>\n<meta property=\"og:title\" content=\"Corona: Schweiz- mit italienischen Grenzg\u00e4ngern | Vereinigung f\u00fcr Medienkultur\" \/>\n<meta property=\"og:description\" content=\"Hans H\u00f6gl- Information aus der Schweiz In \u00d6sterreich erfahren wir kaum etwas dar\u00fcber, wie die Schweiz mit dem Corona-Virus umgeht. Das Bundesamt f\u00fcr Gesundheit (BAG) hat bis Sonntag 281 Ansteckungen und zwei Todesf\u00e4lle best\u00e4tigt. Nachdem am Donnerstag eine 74-J\u00e4hrige im Kanton Waadt verstarb, wurde am Sonntag der Tod eines 76-J\u00e4hrigen aus dem Kanton Basel-Landschaft gemeldet. &hellip; Corona: Schweiz- mit italienischen Grenzg\u00e4ngern weiterlesen &rarr;\" \/>\n<meta property=\"og:url\" content=\"https:\/\/www.medienkultur.at\/neu\/corona-schweiz-mit-italienischen-grenzgaengern\/\" \/>\n<meta property=\"og:site_name\" content=\"Vereinigung f\u00fcr Medienkultur\" \/>\n<meta property=\"article:published_time\" content=\"2020-03-09T07:07:05+00:00\" \/>\n<meta name=\"author\" content=\"Hans H\u00f6gl\" \/>\n<meta name=\"twitter:card\" content=\"summary_large_image\" \/>\n<meta name=\"twitter:label1\" content=\"Verfasst von\" \/>\n\t<meta name=\"twitter:data1\" content=\"Hans H\u00f6gl\" \/>\n\t<meta name=\"twitter:label2\" content=\"Gesch\u00e4tzte Lesezeit\" \/>\n\t<meta name=\"twitter:data2\" content=\"1\u00a0Minute\" \/>\n<script type=\"application\/ld+json\" class=\"yoast-schema-graph\">{\"@context\":\"https:\\\/\\\/schema.org\",\"@graph\":[{\"@type\":\"Article\",\"@id\":\"https:\\\/\\\/www.medienkultur.at\\\/neu\\\/corona-schweiz-mit-italienischen-grenzgaengern\\\/#article\",\"isPartOf\":{\"@id\":\"https:\\\/\\\/www.medienkultur.at\\\/neu\\\/corona-schweiz-mit-italienischen-grenzgaengern\\\/\"},\"author\":{\"name\":\"Hans H\u00f6gl\",\"@id\":\"https:\\\/\\\/www.medienkultur.at\\\/neu\\\/#\\\/schema\\\/person\\\/5307830ec125174672d8c9d829eeb256\"},\"headline\":\"Corona: Schweiz- mit italienischen Grenzg\u00e4ngern\",\"datePublished\":\"2020-03-09T07:07:05+00:00\",\"mainEntityOfPage\":{\"@id\":\"https:\\\/\\\/www.medienkultur.at\\\/neu\\\/corona-schweiz-mit-italienischen-grenzgaengern\\\/\"},\"wordCount\":150,\"commentCount\":0,\"keywords\":[\"68 000 Grenzg\u00e4nger aus Italien\",\"Bev\u00f6lkerung mehrheitlich gelassen\",\"G\u00fcterverkehr mit Italien frei\",\"Schweiz u. Corona\"],\"articleSection\":[\"J\u00dcNGSTE BEITR\u00c4GE\",\"Medien und Bildung \\\/ Religion\",\"Medien und Politik \\\/ Wirtschaft\"],\"inLanguage\":\"de\",\"potentialAction\":[{\"@type\":\"CommentAction\",\"name\":\"Comment\",\"target\":[\"https:\\\/\\\/www.medienkultur.at\\\/neu\\\/corona-schweiz-mit-italienischen-grenzgaengern\\\/#respond\"]}]},{\"@type\":\"WebPage\",\"@id\":\"https:\\\/\\\/www.medienkultur.at\\\/neu\\\/corona-schweiz-mit-italienischen-grenzgaengern\\\/\",\"url\":\"https:\\\/\\\/www.medienkultur.at\\\/neu\\\/corona-schweiz-mit-italienischen-grenzgaengern\\\/\",\"name\":\"Corona: Schweiz- mit italienischen Grenzg\u00e4ngern | Vereinigung f\u00fcr Medienkultur\",\"isPartOf\":{\"@id\":\"https:\\\/\\\/www.medienkultur.at\\\/neu\\\/#website\"},\"datePublished\":\"2020-03-09T07:07:05+00:00\",\"author\":{\"@id\":\"https:\\\/\\\/www.medienkultur.at\\\/neu\\\/#\\\/schema\\\/person\\\/5307830ec125174672d8c9d829eeb256\"},\"breadcrumb\":{\"@id\":\"https:\\\/\\\/www.medienkultur.at\\\/neu\\\/corona-schweiz-mit-italienischen-grenzgaengern\\\/#breadcrumb\"},\"inLanguage\":\"de\",\"potentialAction\":[{\"@type\":\"ReadAction\",\"target\":[\"https:\\\/\\\/www.medienkultur.at\\\/neu\\\/corona-schweiz-mit-italienischen-grenzgaengern\\\/\"]}]},{\"@type\":\"BreadcrumbList\",\"@id\":\"https:\\\/\\\/www.medienkultur.at\\\/neu\\\/corona-schweiz-mit-italienischen-grenzgaengern\\\/#breadcrumb\",\"itemListElement\":[{\"@type\":\"ListItem\",\"position\":1,\"name\":\"Startseite\",\"item\":\"https:\\\/\\\/www.medienkultur.at\\\/neu\\\/\"},{\"@type\":\"ListItem\",\"position\":2,\"name\":\"Corona: Schweiz- mit italienischen Grenzg\u00e4ngern\"}]},{\"@type\":\"WebSite\",\"@id\":\"https:\\\/\\\/www.medienkultur.at\\\/neu\\\/#website\",\"url\":\"https:\\\/\\\/www.medienkultur.at\\\/neu\\\/\",\"name\":\"Vereinigung f\u00fcr Medienkultur\",\"description\":\"\",\"potentialAction\":[{\"@type\":\"SearchAction\",\"target\":{\"@type\":\"EntryPoint\",\"urlTemplate\":\"https:\\\/\\\/www.medienkultur.at\\\/neu\\\/?s={search_term_string}\"},\"query-input\":{\"@type\":\"PropertyValueSpecification\",\"valueRequired\":true,\"valueName\":\"search_term_string\"}}],\"inLanguage\":\"de\"},{\"@type\":\"Person\",\"@id\":\"https:\\\/\\\/www.medienkultur.at\\\/neu\\\/#\\\/schema\\\/person\\\/5307830ec125174672d8c9d829eeb256\",\"name\":\"Hans H\u00f6gl\"}]}<\/script>\n<!-- \/ Yoast SEO plugin. -->","yoast_head_json":{"title":"Corona: Schweiz- mit italienischen Grenzg\u00e4ngern | Vereinigung f\u00fcr Medienkultur","robots":{"index":"index","follow":"follow","max-snippet":"max-snippet:-1","max-image-preview":"max-image-preview:large","max-video-preview":"max-video-preview:-1"},"canonical":"https:\/\/www.medienkultur.at\/neu\/corona-schweiz-mit-italienischen-grenzgaengern\/","og_locale":"de_DE","og_type":"article","og_title":"Corona: Schweiz- mit italienischen Grenzg\u00e4ngern | Vereinigung f\u00fcr Medienkultur","og_description":"Hans H\u00f6gl- Information aus der Schweiz In \u00d6sterreich erfahren wir kaum etwas dar\u00fcber, wie die Schweiz mit dem Corona-Virus umgeht. Das Bundesamt f\u00fcr Gesundheit (BAG) hat bis Sonntag 281 Ansteckungen und zwei Todesf\u00e4lle best\u00e4tigt. Nachdem am Donnerstag eine 74-J\u00e4hrige im Kanton Waadt verstarb, wurde am Sonntag der Tod eines 76-J\u00e4hrigen aus dem Kanton Basel-Landschaft gemeldet. &hellip; Corona: Schweiz- mit italienischen Grenzg\u00e4ngern weiterlesen &rarr;","og_url":"https:\/\/www.medienkultur.at\/neu\/corona-schweiz-mit-italienischen-grenzgaengern\/","og_site_name":"Vereinigung f\u00fcr Medienkultur","article_published_time":"2020-03-09T07:07:05+00:00","author":"Hans H\u00f6gl","twitter_card":"summary_large_image","twitter_misc":{"Verfasst von":"Hans H\u00f6gl","Gesch\u00e4tzte Lesezeit":"1\u00a0Minute"},"schema":{"@context":"https:\/\/schema.org","@graph":[{"@type":"Article","@id":"https:\/\/www.medienkultur.at\/neu\/corona-schweiz-mit-italienischen-grenzgaengern\/#article","isPartOf":{"@id":"https:\/\/www.medienkultur.at\/neu\/corona-schweiz-mit-italienischen-grenzgaengern\/"},"author":{"name":"Hans H\u00f6gl","@id":"https:\/\/www.medienkultur.at\/neu\/#\/schema\/person\/5307830ec125174672d8c9d829eeb256"},"headline":"Corona: Schweiz- mit italienischen Grenzg\u00e4ngern","datePublished":"2020-03-09T07:07:05+00:00","mainEntityOfPage":{"@id":"https:\/\/www.medienkultur.at\/neu\/corona-schweiz-mit-italienischen-grenzgaengern\/"},"wordCount":150,"commentCount":0,"keywords":["68 000 Grenzg\u00e4nger aus Italien","Bev\u00f6lkerung mehrheitlich gelassen","G\u00fcterverkehr mit Italien frei","Schweiz u. Corona"],"articleSection":["J\u00dcNGSTE BEITR\u00c4GE","Medien und Bildung \/ Religion","Medien und Politik \/ Wirtschaft"],"inLanguage":"de","potentialAction":[{"@type":"CommentAction","name":"Comment","target":["https:\/\/www.medienkultur.at\/neu\/corona-schweiz-mit-italienischen-grenzgaengern\/#respond"]}]},{"@type":"WebPage","@id":"https:\/\/www.medienkultur.at\/neu\/corona-schweiz-mit-italienischen-grenzgaengern\/","url":"https:\/\/www.medienkultur.at\/neu\/corona-schweiz-mit-italienischen-grenzgaengern\/","name":"Corona: Schweiz- mit italienischen Grenzg\u00e4ngern | Vereinigung f\u00fcr Medienkultur","isPartOf":{"@id":"https:\/\/www.medienkultur.at\/neu\/#website"},"datePublished":"2020-03-09T07:07:05+00:00","author":{"@id":"https:\/\/www.medienkultur.at\/neu\/#\/schema\/person\/5307830ec125174672d8c9d829eeb256"},"breadcrumb":{"@id":"https:\/\/www.medienkultur.at\/neu\/corona-schweiz-mit-italienischen-grenzgaengern\/#breadcrumb"},"inLanguage":"de","potentialAction":[{"@type":"ReadAction","target":["https:\/\/www.medienkultur.at\/neu\/corona-schweiz-mit-italienischen-grenzgaengern\/"]}]},{"@type":"BreadcrumbList","@id":"https:\/\/www.medienkultur.at\/neu\/corona-schweiz-mit-italienischen-grenzgaengern\/#breadcrumb","itemListElement":[{"@type":"ListItem","position":1,"name":"Startseite","item":"https:\/\/www.medienkultur.at\/neu\/"},{"@type":"ListItem","position":2,"name":"Corona: Schweiz- mit italienischen Grenzg\u00e4ngern"}]},{"@type":"WebSite","@id":"https:\/\/www.medienkultur.at\/neu\/#website","url":"https:\/\/www.medienkultur.at\/neu\/","name":"Vereinigung f\u00fcr Medienkultur","description":"","potentialAction":[{"@type":"SearchAction","target":{"@type":"EntryPoint","urlTemplate":"https:\/\/www.medienkultur.at\/neu\/?s={search_term_string}"},"query-input":{"@type":"PropertyValueSpecification","valueRequired":true,"valueName":"search_term_string"}}],"inLanguage":"de"},{"@type":"Person","@id":"https:\/\/www.medienkultur.at\/neu\/#\/schema\/person\/5307830ec125174672d8c9d829eeb256","name":"Hans H\u00f6gl"}]}},"_links":{"self":[{"href":"https:\/\/www.medienkultur.at\/neu\/wp-json\/wp\/v2\/posts\/7356","targetHints":{"allow":["GET"]}}],"collection":[{"href":"https:\/\/www.medienkultur.at\/neu\/wp-json\/wp\/v2\/posts"}],"about":[{"href":"https:\/\/www.medienkultur.at\/neu\/wp-json\/wp\/v2\/types\/post"}],"author":[{"embeddable":true,"href":"https:\/\/www.medienkultur.at\/neu\/wp-json\/wp\/v2\/users\/1"}],"replies":[{"embeddable":true,"href":"https:\/\/www.medienkultur.at\/neu\/wp-json\/wp\/v2\/comments?post=7356"}],"version-history":[{"count":2,"href":"https:\/\/www.medienkultur.at\/neu\/wp-json\/wp\/v2\/posts\/7356\/revisions"}],"predecessor-version":[{"id":7358,"href":"https:\/\/www.medienkultur.at\/neu\/wp-json\/wp\/v2\/posts\/7356\/revisions\/7358"}],"wp:attachment":[{"href":"https:\/\/www.medienkultur.at\/neu\/wp-json\/wp\/v2\/media?parent=7356"}],"wp:term":[{"taxonomy":"category","embeddable":true,"href":"https:\/\/www.medienkultur.at\/neu\/wp-json\/wp\/v2\/categories?post=7356"},{"taxonomy":"post_tag","embeddable":true,"href":"https:\/\/www.medienkultur.at\/neu\/wp-json\/wp\/v2\/tags?post=7356"}],"curies":[{"name":"wp","href":"https:\/\/api.w.org\/{rel}","templated":true}]}}