{"id":7349,"date":"2020-03-07T23:10:21","date_gmt":"2020-03-07T22:10:21","guid":{"rendered":"http:\/\/www.medienkultur.at\/neu\/?p=7349"},"modified":"2020-03-07T23:16:31","modified_gmt":"2020-03-07T22:16:31","slug":"7349-2","status":"publish","type":"post","link":"https:\/\/www.medienkultur.at\/neu\/7349-2\/","title":{"rendered":"L\u00e4ndlicher Raum : Stiefkind von Politik und Medien"},"content":{"rendered":"<p>Die <strong>Vereinigung f\u00fcr Medienkultur<\/strong> l\u00e4dt ein zu einem Diskussionsabend \u00fcber den l\u00e4ndlichen Raum, dessen Bedeutung und Entwicklung Politik und Medien mehr am Herzen liegen sollten.<\/p>\n<p>Zum Thema ein mit profunden Experten und Expertinnen besetztes Podium.<\/p>\n<p>Termin: <strong>Montag, 9. M\u00e4rz 2020, 19 Uhr<\/strong><\/p>\n<p>Ort: <strong>Presseclub Concordia, Bankgasse 8, 1010 Wien<\/strong><\/p>\n<p>Am Podium:<\/p>\n<p>Mag. <strong>Michael Jungwirth<\/strong><br \/>\nInnenpolitik-Redakteur der \u201eKleinen Zeitung\u201c<\/p>\n<p>Univ. Prof. Dr. <strong>Hermann Knoflacher<\/strong><br \/>\n44 Jahre Verkehrsplaner in Stadt und Land, Globaler Fu\u00dfgehervertreter der UNO,<br \/>\nKolumnist in der Zeitschrift \u201eDie ganze Woche\u201c<\/p>\n<p>Dr. <strong>Christa Kranzl<\/strong><br \/>\nStaatssekret\u00e4rin a.D. im Bundesministerium f\u00fcr Verkehr und Innovation, Kommunalpolitikerin, Unternehmerin<\/p>\n<p>Mag. <strong>Franz Nahrada<\/strong><br \/>\nZukunftsforscher: \u201eGIVE\u201c- Labor f\u00fcr Globale D\u00f6rfer, er verbindet Info-Technologie und \u00d6kologie f\u00fcr Lebenschancen kleinr\u00e4umiger Siedlungen<\/p>\n<p>Mag. <strong>Ulrike Rauch-Keschmann<\/strong><br \/>\nleitet im Bundesministerium f\u00fcr Nachhaltigkeit die Sektion Tourismus\/Regionales und ist f\u00fcr den Masterplan \u201eL\u00e4ndlicher Raum\u201c zust\u00e4ndig<\/p>\n<p><strong>Karl-Heinz Wingelmaier<\/strong><br \/>\nProjektentwickler f\u00fcr nachhaltige CO2- freie Geb\u00e4ude, Founder und Berater mehrerer Unternehmen. Bautr\u00e4ger C\u00e4sar 2009<\/p>\n<p>Moderation:<\/p>\n<p><strong>Hans H\u00f6gl<\/strong>, Prof. Dr. MMag.<br \/>\nAutor: \u201eBin kein Tourist, ich wohne hier. D\u00f6rfer im Stress\u201c<br \/>\nVizepr\u00e4sident der \u201eVereinigung f\u00fcr Medienkultur<\/p>\n<p>Anmeldung erbeten: stifter@medienkultur.at<\/p>\n","protected":false},"excerpt":{"rendered":"<p>Die Vereinigung f\u00fcr Medienkultur l\u00e4dt ein zu einem Diskussionsabend \u00fcber den l\u00e4ndlichen Raum, dessen Bedeutung und Entwicklung Politik und Medien mehr am Herzen liegen sollten. Zum Thema ein mit profunden Experten und Expertinnen besetztes Podium. Termin: Montag, 9. M\u00e4rz 2020, 19 Uhr Ort: Presseclub Concordia, Bankgasse 8, 1010 Wien Am Podium: Mag. Michael Jungwirth Innenpolitik-Redakteur &hellip; <a href=\"https:\/\/www.medienkultur.at\/neu\/7349-2\/\" class=\"more-link\"><span class=\"screen-reader-text\">L\u00e4ndlicher Raum : Stiefkind von Politik und Medien<\/span> weiterlesen <span class=\"meta-nav\">&rarr;<\/span><\/a><\/p>\n","protected":false},"author":1,"featured_media":0,"comment_status":"open","ping_status":"open","sticky":false,"template":"","format":"standard","meta":{"footnotes":""},"categories":[1,11,25],"tags":[5710,5790,1011,5712,1108,310,2305,5709,335],"class_list":["post-7349","post","type-post","status-publish","format-standard","hentry","category-allgemein","category-medien_politik_wirtschaft","category-termine","tag-franz-nahrada","tag-globale-doerfer","tag-hans-hoegl","tag-hermann-knoflacher","tag-karl-heinz-wingelmaier","tag-kleine-zeitung","tag-laendlicher-raum","tag-michael-jungwirth","tag-vereinigung-fuer-medienkultur"],"yoast_head":"<!-- This site is optimized with the Yoast SEO plugin v27.5 - https:\/\/yoast.com\/product\/yoast-seo-wordpress\/ -->\n<title>L\u00e4ndlicher Raum : Stiefkind von Politik und Medien | Vereinigung f\u00fcr Medienkultur<\/title>\n<meta name=\"robots\" content=\"index, follow, max-snippet:-1, max-image-preview:large, max-video-preview:-1\" \/>\n<link rel=\"canonical\" href=\"https:\/\/www.medienkultur.at\/neu\/7349-2\/\" \/>\n<meta property=\"og:locale\" content=\"de_DE\" \/>\n<meta property=\"og:type\" content=\"article\" \/>\n<meta property=\"og:title\" content=\"L\u00e4ndlicher Raum : Stiefkind von Politik und Medien | Vereinigung f\u00fcr Medienkultur\" \/>\n<meta property=\"og:description\" content=\"Die Vereinigung f\u00fcr Medienkultur l\u00e4dt ein zu einem Diskussionsabend \u00fcber den l\u00e4ndlichen Raum, dessen Bedeutung und Entwicklung Politik und Medien mehr am Herzen liegen sollten. Zum Thema ein mit profunden Experten und Expertinnen besetztes Podium. Termin: Montag, 9. M\u00e4rz 2020, 19 Uhr Ort: Presseclub Concordia, Bankgasse 8, 1010 Wien Am Podium: Mag. Michael Jungwirth Innenpolitik-Redakteur &hellip; L\u00e4ndlicher Raum : Stiefkind von Politik und Medien weiterlesen &rarr;\" \/>\n<meta property=\"og:url\" content=\"https:\/\/www.medienkultur.at\/neu\/7349-2\/\" \/>\n<meta property=\"og:site_name\" content=\"Vereinigung f\u00fcr Medienkultur\" \/>\n<meta property=\"article:published_time\" content=\"2020-03-07T22:10:21+00:00\" \/>\n<meta property=\"article:modified_time\" content=\"2020-03-07T22:16:31+00:00\" \/>\n<meta name=\"author\" content=\"Hans H\u00f6gl\" \/>\n<meta name=\"twitter:card\" content=\"summary_large_image\" \/>\n<meta name=\"twitter:label1\" content=\"Verfasst von\" \/>\n\t<meta name=\"twitter:data1\" content=\"Hans H\u00f6gl\" \/>\n\t<meta name=\"twitter:label2\" content=\"Gesch\u00e4tzte Lesezeit\" \/>\n\t<meta name=\"twitter:data2\" content=\"1\u00a0Minute\" \/>\n<script type=\"application\/ld+json\" class=\"yoast-schema-graph\">{\"@context\":\"https:\\\/\\\/schema.org\",\"@graph\":[{\"@type\":\"Article\",\"@id\":\"https:\\\/\\\/www.medienkultur.at\\\/neu\\\/7349-2\\\/#article\",\"isPartOf\":{\"@id\":\"https:\\\/\\\/www.medienkultur.at\\\/neu\\\/7349-2\\\/\"},\"author\":{\"name\":\"Hans H\u00f6gl\",\"@id\":\"https:\\\/\\\/www.medienkultur.at\\\/neu\\\/#\\\/schema\\\/person\\\/5307830ec125174672d8c9d829eeb256\"},\"headline\":\"L\u00e4ndlicher Raum : Stiefkind von Politik und Medien\",\"datePublished\":\"2020-03-07T22:10:21+00:00\",\"dateModified\":\"2020-03-07T22:16:31+00:00\",\"mainEntityOfPage\":{\"@id\":\"https:\\\/\\\/www.medienkultur.at\\\/neu\\\/7349-2\\\/\"},\"wordCount\":201,\"commentCount\":0,\"keywords\":[\"Franz Nahrada\",\"globale D\u00f6rfer\",\"Hans H\u00f6gl\",\"Hermann Knoflacher\",\"Karl Heinz Wingelmaier\",\"Kleine Zeitung\",\"L\u00e4ndlicher Raum\",\"Michael Jungwirth\",\"Vereinigung f\u00fcr Medienkultur\"],\"articleSection\":[\"J\u00dcNGSTE BEITR\u00c4GE\",\"Medien und Politik \\\/ Wirtschaft\",\"VERANSTALTUNGEN\"],\"inLanguage\":\"de\",\"potentialAction\":[{\"@type\":\"CommentAction\",\"name\":\"Comment\",\"target\":[\"https:\\\/\\\/www.medienkultur.at\\\/neu\\\/7349-2\\\/#respond\"]}]},{\"@type\":\"WebPage\",\"@id\":\"https:\\\/\\\/www.medienkultur.at\\\/neu\\\/7349-2\\\/\",\"url\":\"https:\\\/\\\/www.medienkultur.at\\\/neu\\\/7349-2\\\/\",\"name\":\"L\u00e4ndlicher Raum : Stiefkind von Politik und Medien | Vereinigung f\u00fcr Medienkultur\",\"isPartOf\":{\"@id\":\"https:\\\/\\\/www.medienkultur.at\\\/neu\\\/#website\"},\"datePublished\":\"2020-03-07T22:10:21+00:00\",\"dateModified\":\"2020-03-07T22:16:31+00:00\",\"author\":{\"@id\":\"https:\\\/\\\/www.medienkultur.at\\\/neu\\\/#\\\/schema\\\/person\\\/5307830ec125174672d8c9d829eeb256\"},\"breadcrumb\":{\"@id\":\"https:\\\/\\\/www.medienkultur.at\\\/neu\\\/7349-2\\\/#breadcrumb\"},\"inLanguage\":\"de\",\"potentialAction\":[{\"@type\":\"ReadAction\",\"target\":[\"https:\\\/\\\/www.medienkultur.at\\\/neu\\\/7349-2\\\/\"]}]},{\"@type\":\"BreadcrumbList\",\"@id\":\"https:\\\/\\\/www.medienkultur.at\\\/neu\\\/7349-2\\\/#breadcrumb\",\"itemListElement\":[{\"@type\":\"ListItem\",\"position\":1,\"name\":\"Startseite\",\"item\":\"https:\\\/\\\/www.medienkultur.at\\\/neu\\\/\"},{\"@type\":\"ListItem\",\"position\":2,\"name\":\"L\u00e4ndlicher Raum : Stiefkind von Politik und Medien\"}]},{\"@type\":\"WebSite\",\"@id\":\"https:\\\/\\\/www.medienkultur.at\\\/neu\\\/#website\",\"url\":\"https:\\\/\\\/www.medienkultur.at\\\/neu\\\/\",\"name\":\"Vereinigung f\u00fcr Medienkultur\",\"description\":\"\",\"potentialAction\":[{\"@type\":\"SearchAction\",\"target\":{\"@type\":\"EntryPoint\",\"urlTemplate\":\"https:\\\/\\\/www.medienkultur.at\\\/neu\\\/?s={search_term_string}\"},\"query-input\":{\"@type\":\"PropertyValueSpecification\",\"valueRequired\":true,\"valueName\":\"search_term_string\"}}],\"inLanguage\":\"de\"},{\"@type\":\"Person\",\"@id\":\"https:\\\/\\\/www.medienkultur.at\\\/neu\\\/#\\\/schema\\\/person\\\/5307830ec125174672d8c9d829eeb256\",\"name\":\"Hans H\u00f6gl\"}]}<\/script>\n<!-- \/ Yoast SEO plugin. -->","yoast_head_json":{"title":"L\u00e4ndlicher Raum : Stiefkind von Politik und Medien | Vereinigung f\u00fcr Medienkultur","robots":{"index":"index","follow":"follow","max-snippet":"max-snippet:-1","max-image-preview":"max-image-preview:large","max-video-preview":"max-video-preview:-1"},"canonical":"https:\/\/www.medienkultur.at\/neu\/7349-2\/","og_locale":"de_DE","og_type":"article","og_title":"L\u00e4ndlicher Raum : Stiefkind von Politik und Medien | Vereinigung f\u00fcr Medienkultur","og_description":"Die Vereinigung f\u00fcr Medienkultur l\u00e4dt ein zu einem Diskussionsabend \u00fcber den l\u00e4ndlichen Raum, dessen Bedeutung und Entwicklung Politik und Medien mehr am Herzen liegen sollten. Zum Thema ein mit profunden Experten und Expertinnen besetztes Podium. Termin: Montag, 9. M\u00e4rz 2020, 19 Uhr Ort: Presseclub Concordia, Bankgasse 8, 1010 Wien Am Podium: Mag. Michael Jungwirth Innenpolitik-Redakteur &hellip; L\u00e4ndlicher Raum : Stiefkind von Politik und Medien weiterlesen &rarr;","og_url":"https:\/\/www.medienkultur.at\/neu\/7349-2\/","og_site_name":"Vereinigung f\u00fcr Medienkultur","article_published_time":"2020-03-07T22:10:21+00:00","article_modified_time":"2020-03-07T22:16:31+00:00","author":"Hans H\u00f6gl","twitter_card":"summary_large_image","twitter_misc":{"Verfasst von":"Hans H\u00f6gl","Gesch\u00e4tzte Lesezeit":"1\u00a0Minute"},"schema":{"@context":"https:\/\/schema.org","@graph":[{"@type":"Article","@id":"https:\/\/www.medienkultur.at\/neu\/7349-2\/#article","isPartOf":{"@id":"https:\/\/www.medienkultur.at\/neu\/7349-2\/"},"author":{"name":"Hans H\u00f6gl","@id":"https:\/\/www.medienkultur.at\/neu\/#\/schema\/person\/5307830ec125174672d8c9d829eeb256"},"headline":"L\u00e4ndlicher Raum : Stiefkind von Politik und Medien","datePublished":"2020-03-07T22:10:21+00:00","dateModified":"2020-03-07T22:16:31+00:00","mainEntityOfPage":{"@id":"https:\/\/www.medienkultur.at\/neu\/7349-2\/"},"wordCount":201,"commentCount":0,"keywords":["Franz Nahrada","globale D\u00f6rfer","Hans H\u00f6gl","Hermann Knoflacher","Karl Heinz Wingelmaier","Kleine Zeitung","L\u00e4ndlicher Raum","Michael Jungwirth","Vereinigung f\u00fcr Medienkultur"],"articleSection":["J\u00dcNGSTE BEITR\u00c4GE","Medien und Politik \/ Wirtschaft","VERANSTALTUNGEN"],"inLanguage":"de","potentialAction":[{"@type":"CommentAction","name":"Comment","target":["https:\/\/www.medienkultur.at\/neu\/7349-2\/#respond"]}]},{"@type":"WebPage","@id":"https:\/\/www.medienkultur.at\/neu\/7349-2\/","url":"https:\/\/www.medienkultur.at\/neu\/7349-2\/","name":"L\u00e4ndlicher Raum : Stiefkind von Politik und Medien | Vereinigung f\u00fcr Medienkultur","isPartOf":{"@id":"https:\/\/www.medienkultur.at\/neu\/#website"},"datePublished":"2020-03-07T22:10:21+00:00","dateModified":"2020-03-07T22:16:31+00:00","author":{"@id":"https:\/\/www.medienkultur.at\/neu\/#\/schema\/person\/5307830ec125174672d8c9d829eeb256"},"breadcrumb":{"@id":"https:\/\/www.medienkultur.at\/neu\/7349-2\/#breadcrumb"},"inLanguage":"de","potentialAction":[{"@type":"ReadAction","target":["https:\/\/www.medienkultur.at\/neu\/7349-2\/"]}]},{"@type":"BreadcrumbList","@id":"https:\/\/www.medienkultur.at\/neu\/7349-2\/#breadcrumb","itemListElement":[{"@type":"ListItem","position":1,"name":"Startseite","item":"https:\/\/www.medienkultur.at\/neu\/"},{"@type":"ListItem","position":2,"name":"L\u00e4ndlicher Raum : Stiefkind von Politik und Medien"}]},{"@type":"WebSite","@id":"https:\/\/www.medienkultur.at\/neu\/#website","url":"https:\/\/www.medienkultur.at\/neu\/","name":"Vereinigung f\u00fcr Medienkultur","description":"","potentialAction":[{"@type":"SearchAction","target":{"@type":"EntryPoint","urlTemplate":"https:\/\/www.medienkultur.at\/neu\/?s={search_term_string}"},"query-input":{"@type":"PropertyValueSpecification","valueRequired":true,"valueName":"search_term_string"}}],"inLanguage":"de"},{"@type":"Person","@id":"https:\/\/www.medienkultur.at\/neu\/#\/schema\/person\/5307830ec125174672d8c9d829eeb256","name":"Hans H\u00f6gl"}]}},"_links":{"self":[{"href":"https:\/\/www.medienkultur.at\/neu\/wp-json\/wp\/v2\/posts\/7349","targetHints":{"allow":["GET"]}}],"collection":[{"href":"https:\/\/www.medienkultur.at\/neu\/wp-json\/wp\/v2\/posts"}],"about":[{"href":"https:\/\/www.medienkultur.at\/neu\/wp-json\/wp\/v2\/types\/post"}],"author":[{"embeddable":true,"href":"https:\/\/www.medienkultur.at\/neu\/wp-json\/wp\/v2\/users\/1"}],"replies":[{"embeddable":true,"href":"https:\/\/www.medienkultur.at\/neu\/wp-json\/wp\/v2\/comments?post=7349"}],"version-history":[{"count":2,"href":"https:\/\/www.medienkultur.at\/neu\/wp-json\/wp\/v2\/posts\/7349\/revisions"}],"predecessor-version":[{"id":7351,"href":"https:\/\/www.medienkultur.at\/neu\/wp-json\/wp\/v2\/posts\/7349\/revisions\/7351"}],"wp:attachment":[{"href":"https:\/\/www.medienkultur.at\/neu\/wp-json\/wp\/v2\/media?parent=7349"}],"wp:term":[{"taxonomy":"category","embeddable":true,"href":"https:\/\/www.medienkultur.at\/neu\/wp-json\/wp\/v2\/categories?post=7349"},{"taxonomy":"post_tag","embeddable":true,"href":"https:\/\/www.medienkultur.at\/neu\/wp-json\/wp\/v2\/tags?post=7349"}],"curies":[{"name":"wp","href":"https:\/\/api.w.org\/{rel}","templated":true}]}}