{"id":6597,"date":"2019-09-27T09:19:27","date_gmt":"2019-09-27T08:19:27","guid":{"rendered":"http:\/\/www.medienkultur.at\/neu\/?p=6597"},"modified":"2019-10-07T07:10:41","modified_gmt":"2019-10-07T06:10:41","slug":"eine-alte-aus-einem-dorf-an-greta-thunberg","status":"publish","type":"post","link":"https:\/\/www.medienkultur.at\/neu\/eine-alte-aus-einem-dorf-an-greta-thunberg\/","title":{"rendered":"Eine &#8222;alte Frau&#8220; eines Dorfes an Greta Thunberg"},"content":{"rendered":"<p>Wie sich die Dorfbewohnerin Daniela Pichler (50) verteidigt  <\/p>\n<p>Greta Thunberg, Deine Wutrede in New York hat mir imponiert. Aber auch ich bin w\u00fctend. W\u00fctend, weil es immer &#8222;die Alten&#8220; sind, die an der Zerst\u00f6rung unserer Erde schuld sein sollen. Das stimmt nicht ganz.<\/p>\n<p>Ich geh\u00f6re zu einer Generation, die jeden Tag zu Fu\u00df zur Schule ging, wir hatten bis zum Arbeitseintritt weder einen Fernseher geschweige ein Telefon. Wir standen nicht jeden Tag unter der Dusche. Nach Wachstumssch\u00fcben gab es neue Kleidung, der Rest war von Verwandten geschenkt. Mit 14 Jahren sah ich das erste Mal ein Kino von innen. An eine Flugreise war nicht zu denken. Dennoch hatte ich eine sch\u00f6ne Kindheit, bescheiden ja, aber mir fehlte es an nichts. Demn\u00e4chst werde ich 50 und sehe mich bis heute keineswegs als Klimas\u00fcnderin.<\/p>\n<p>Wenn ich mein Leben mit eurem vergleiche, k\u00f6nnte es unterschiedlicher nicht sein. Bei all euren guten Taten, die ich zweifelsohne sch\u00e4tze: Habt ihr jemals nachgedacht, woher euer Smartphone, euer Laptop oder euer Tablet kommt? Wisst ihr, wie gro\u00df der \u00f6kologische Fu\u00dfabdruck eines Handys ist? Habt ihr eine Ahnung, wie viel Energie, wie viel Ressourcen bei der Anwendung von Streaming-Diensten verschleudert werden? Wohin ging die Maturareise? Wie viele Fotos wurden im Netz versandt? Wisst ihr, wie viele B\u00e4ume beim Ausbau von 5G ihr Leben lassen m\u00fcssen?<br \/>\nEs ist nicht genug, weniger zu fliegen, auf Plastik zu verzichten, Wasser zu sparen, Second-Hand zu tragen und Bio-\u00c4pfel zu kaufen. Es braucht viel mehr, um einen lebenswerten Planeten zu retten. Es liegt auch in eurer Hand.<\/p>\n<p>Daniela Pichler,<br \/>\n5324 Hintersee. Leserbrief in Wiener Zeitung am 26.9.2019<\/p>\n","protected":false},"excerpt":{"rendered":"<p>Wie sich die Dorfbewohnerin Daniela Pichler (50) verteidigt Greta Thunberg, Deine Wutrede in New York hat mir imponiert. Aber auch ich bin w\u00fctend. W\u00fctend, weil es immer &#8222;die Alten&#8220; sind, die an der Zerst\u00f6rung unserer Erde schuld sein sollen. Das stimmt nicht ganz. Ich geh\u00f6re zu einer Generation, die jeden Tag zu Fu\u00df zur Schule &hellip; <a href=\"https:\/\/www.medienkultur.at\/neu\/eine-alte-aus-einem-dorf-an-greta-thunberg\/\" class=\"more-link\"><span class=\"screen-reader-text\">Eine &#8222;alte Frau&#8220; eines Dorfes an Greta Thunberg<\/span> weiterlesen <span class=\"meta-nav\">&rarr;<\/span><\/a><\/p>\n","protected":false},"author":1,"featured_media":0,"comment_status":"open","ping_status":"open","sticky":false,"template":"","format":"standard","meta":{"footnotes":""},"categories":[14,1,23],"tags":[4999,5002,5003,5000,5005,1011,5004,5001,363,111,4998,5006],"class_list":["post-6597","post","type-post","status-publish","format-standard","hentry","category-diverses","category-allgemein","category-medienschmankerl","tag-angriff-auf-alte","tag-aufforderung-an-junge-generation","tag-doerfer-um-1960-in-oesterreich","tag-generation-der-alten-getadelt","tag-generation-jetzt","tag-hans-hoegl","tag-jugend-heute","tag-klimasuender","tag-klimawandel","tag-oekologie","tag-wutrede-von-greta-thunberg","tag-5006"],"yoast_head":"<!-- This site is optimized with the Yoast SEO plugin v27.4 - https:\/\/yoast.com\/product\/yoast-seo-wordpress\/ -->\n<title>Eine &quot;alte Frau&quot; eines Dorfes an Greta Thunberg | Vereinigung f\u00fcr Medienkultur<\/title>\n<meta name=\"robots\" content=\"index, follow, max-snippet:-1, max-image-preview:large, max-video-preview:-1\" \/>\n<link rel=\"canonical\" href=\"https:\/\/www.medienkultur.at\/neu\/eine-alte-aus-einem-dorf-an-greta-thunberg\/\" \/>\n<meta property=\"og:locale\" content=\"de_DE\" \/>\n<meta property=\"og:type\" content=\"article\" \/>\n<meta property=\"og:title\" content=\"Eine &quot;alte Frau&quot; eines Dorfes an Greta Thunberg | Vereinigung f\u00fcr Medienkultur\" \/>\n<meta property=\"og:description\" content=\"Wie sich die Dorfbewohnerin Daniela Pichler (50) verteidigt Greta Thunberg, Deine Wutrede in New York hat mir imponiert. Aber auch ich bin w\u00fctend. W\u00fctend, weil es immer &#8222;die Alten&#8220; sind, die an der Zerst\u00f6rung unserer Erde schuld sein sollen. Das stimmt nicht ganz. Ich geh\u00f6re zu einer Generation, die jeden Tag zu Fu\u00df zur Schule &hellip; Eine &#8222;alte Frau&#8220; eines Dorfes an Greta Thunberg weiterlesen &rarr;\" \/>\n<meta property=\"og:url\" content=\"https:\/\/www.medienkultur.at\/neu\/eine-alte-aus-einem-dorf-an-greta-thunberg\/\" \/>\n<meta property=\"og:site_name\" content=\"Vereinigung f\u00fcr Medienkultur\" \/>\n<meta property=\"article:published_time\" content=\"2019-09-27T08:19:27+00:00\" \/>\n<meta property=\"article:modified_time\" content=\"2019-10-07T06:10:41+00:00\" \/>\n<meta name=\"author\" content=\"Hans H\u00f6gl\" \/>\n<meta name=\"twitter:card\" content=\"summary_large_image\" \/>\n<meta name=\"twitter:label1\" content=\"Verfasst von\" \/>\n\t<meta name=\"twitter:data1\" content=\"Hans H\u00f6gl\" \/>\n\t<meta name=\"twitter:label2\" content=\"Gesch\u00e4tzte Lesezeit\" \/>\n\t<meta name=\"twitter:data2\" content=\"1\u00a0Minute\" \/>\n<script type=\"application\/ld+json\" class=\"yoast-schema-graph\">{\"@context\":\"https:\\\/\\\/schema.org\",\"@graph\":[{\"@type\":\"Article\",\"@id\":\"https:\\\/\\\/www.medienkultur.at\\\/neu\\\/eine-alte-aus-einem-dorf-an-greta-thunberg\\\/#article\",\"isPartOf\":{\"@id\":\"https:\\\/\\\/www.medienkultur.at\\\/neu\\\/eine-alte-aus-einem-dorf-an-greta-thunberg\\\/\"},\"author\":{\"name\":\"Hans H\u00f6gl\",\"@id\":\"https:\\\/\\\/www.medienkultur.at\\\/neu\\\/#\\\/schema\\\/person\\\/5307830ec125174672d8c9d829eeb256\"},\"headline\":\"Eine &#8222;alte Frau&#8220; eines Dorfes an Greta Thunberg\",\"datePublished\":\"2019-09-27T08:19:27+00:00\",\"dateModified\":\"2019-10-07T06:10:41+00:00\",\"mainEntityOfPage\":{\"@id\":\"https:\\\/\\\/www.medienkultur.at\\\/neu\\\/eine-alte-aus-einem-dorf-an-greta-thunberg\\\/\"},\"wordCount\":281,\"commentCount\":0,\"keywords\":[\"Angriff auf Alte\",\"Aufforderung an junge Generation\",\"D\u00f6rfer um 1960 in \u00d6sterreich\",\"Generation der Alten getadelt\",\"Generation Jetzt\",\"Hans H\u00f6gl\",\"Jugend heute\",\"Klimas\u00fcnder\",\"Klimawandel\",\"\u00d6kologie\",\"Wutrede von Greta Thunberg\",\"^\"],\"articleSection\":[\"Diverses\",\"J\u00dcNGSTE BEITR\u00c4GE\",\"Medienschmankerl\"],\"inLanguage\":\"de\",\"potentialAction\":[{\"@type\":\"CommentAction\",\"name\":\"Comment\",\"target\":[\"https:\\\/\\\/www.medienkultur.at\\\/neu\\\/eine-alte-aus-einem-dorf-an-greta-thunberg\\\/#respond\"]}]},{\"@type\":\"WebPage\",\"@id\":\"https:\\\/\\\/www.medienkultur.at\\\/neu\\\/eine-alte-aus-einem-dorf-an-greta-thunberg\\\/\",\"url\":\"https:\\\/\\\/www.medienkultur.at\\\/neu\\\/eine-alte-aus-einem-dorf-an-greta-thunberg\\\/\",\"name\":\"Eine \\\"alte Frau\\\" eines Dorfes an Greta Thunberg | Vereinigung f\u00fcr Medienkultur\",\"isPartOf\":{\"@id\":\"https:\\\/\\\/www.medienkultur.at\\\/neu\\\/#website\"},\"datePublished\":\"2019-09-27T08:19:27+00:00\",\"dateModified\":\"2019-10-07T06:10:41+00:00\",\"author\":{\"@id\":\"https:\\\/\\\/www.medienkultur.at\\\/neu\\\/#\\\/schema\\\/person\\\/5307830ec125174672d8c9d829eeb256\"},\"breadcrumb\":{\"@id\":\"https:\\\/\\\/www.medienkultur.at\\\/neu\\\/eine-alte-aus-einem-dorf-an-greta-thunberg\\\/#breadcrumb\"},\"inLanguage\":\"de\",\"potentialAction\":[{\"@type\":\"ReadAction\",\"target\":[\"https:\\\/\\\/www.medienkultur.at\\\/neu\\\/eine-alte-aus-einem-dorf-an-greta-thunberg\\\/\"]}]},{\"@type\":\"BreadcrumbList\",\"@id\":\"https:\\\/\\\/www.medienkultur.at\\\/neu\\\/eine-alte-aus-einem-dorf-an-greta-thunberg\\\/#breadcrumb\",\"itemListElement\":[{\"@type\":\"ListItem\",\"position\":1,\"name\":\"Startseite\",\"item\":\"https:\\\/\\\/www.medienkultur.at\\\/neu\\\/\"},{\"@type\":\"ListItem\",\"position\":2,\"name\":\"Eine &#8222;alte Frau&#8220; eines Dorfes an Greta Thunberg\"}]},{\"@type\":\"WebSite\",\"@id\":\"https:\\\/\\\/www.medienkultur.at\\\/neu\\\/#website\",\"url\":\"https:\\\/\\\/www.medienkultur.at\\\/neu\\\/\",\"name\":\"Vereinigung f\u00fcr Medienkultur\",\"description\":\"\",\"potentialAction\":[{\"@type\":\"SearchAction\",\"target\":{\"@type\":\"EntryPoint\",\"urlTemplate\":\"https:\\\/\\\/www.medienkultur.at\\\/neu\\\/?s={search_term_string}\"},\"query-input\":{\"@type\":\"PropertyValueSpecification\",\"valueRequired\":true,\"valueName\":\"search_term_string\"}}],\"inLanguage\":\"de\"},{\"@type\":\"Person\",\"@id\":\"https:\\\/\\\/www.medienkultur.at\\\/neu\\\/#\\\/schema\\\/person\\\/5307830ec125174672d8c9d829eeb256\",\"name\":\"Hans H\u00f6gl\"}]}<\/script>\n<!-- \/ Yoast SEO plugin. -->","yoast_head_json":{"title":"Eine \"alte Frau\" eines Dorfes an Greta Thunberg | Vereinigung f\u00fcr Medienkultur","robots":{"index":"index","follow":"follow","max-snippet":"max-snippet:-1","max-image-preview":"max-image-preview:large","max-video-preview":"max-video-preview:-1"},"canonical":"https:\/\/www.medienkultur.at\/neu\/eine-alte-aus-einem-dorf-an-greta-thunberg\/","og_locale":"de_DE","og_type":"article","og_title":"Eine \"alte Frau\" eines Dorfes an Greta Thunberg | Vereinigung f\u00fcr Medienkultur","og_description":"Wie sich die Dorfbewohnerin Daniela Pichler (50) verteidigt Greta Thunberg, Deine Wutrede in New York hat mir imponiert. Aber auch ich bin w\u00fctend. W\u00fctend, weil es immer &#8222;die Alten&#8220; sind, die an der Zerst\u00f6rung unserer Erde schuld sein sollen. Das stimmt nicht ganz. Ich geh\u00f6re zu einer Generation, die jeden Tag zu Fu\u00df zur Schule &hellip; Eine &#8222;alte Frau&#8220; eines Dorfes an Greta Thunberg weiterlesen &rarr;","og_url":"https:\/\/www.medienkultur.at\/neu\/eine-alte-aus-einem-dorf-an-greta-thunberg\/","og_site_name":"Vereinigung f\u00fcr Medienkultur","article_published_time":"2019-09-27T08:19:27+00:00","article_modified_time":"2019-10-07T06:10:41+00:00","author":"Hans H\u00f6gl","twitter_card":"summary_large_image","twitter_misc":{"Verfasst von":"Hans H\u00f6gl","Gesch\u00e4tzte Lesezeit":"1\u00a0Minute"},"schema":{"@context":"https:\/\/schema.org","@graph":[{"@type":"Article","@id":"https:\/\/www.medienkultur.at\/neu\/eine-alte-aus-einem-dorf-an-greta-thunberg\/#article","isPartOf":{"@id":"https:\/\/www.medienkultur.at\/neu\/eine-alte-aus-einem-dorf-an-greta-thunberg\/"},"author":{"name":"Hans H\u00f6gl","@id":"https:\/\/www.medienkultur.at\/neu\/#\/schema\/person\/5307830ec125174672d8c9d829eeb256"},"headline":"Eine &#8222;alte Frau&#8220; eines Dorfes an Greta Thunberg","datePublished":"2019-09-27T08:19:27+00:00","dateModified":"2019-10-07T06:10:41+00:00","mainEntityOfPage":{"@id":"https:\/\/www.medienkultur.at\/neu\/eine-alte-aus-einem-dorf-an-greta-thunberg\/"},"wordCount":281,"commentCount":0,"keywords":["Angriff auf Alte","Aufforderung an junge Generation","D\u00f6rfer um 1960 in \u00d6sterreich","Generation der Alten getadelt","Generation Jetzt","Hans H\u00f6gl","Jugend heute","Klimas\u00fcnder","Klimawandel","\u00d6kologie","Wutrede von Greta Thunberg","^"],"articleSection":["Diverses","J\u00dcNGSTE BEITR\u00c4GE","Medienschmankerl"],"inLanguage":"de","potentialAction":[{"@type":"CommentAction","name":"Comment","target":["https:\/\/www.medienkultur.at\/neu\/eine-alte-aus-einem-dorf-an-greta-thunberg\/#respond"]}]},{"@type":"WebPage","@id":"https:\/\/www.medienkultur.at\/neu\/eine-alte-aus-einem-dorf-an-greta-thunberg\/","url":"https:\/\/www.medienkultur.at\/neu\/eine-alte-aus-einem-dorf-an-greta-thunberg\/","name":"Eine \"alte Frau\" eines Dorfes an Greta Thunberg | Vereinigung f\u00fcr Medienkultur","isPartOf":{"@id":"https:\/\/www.medienkultur.at\/neu\/#website"},"datePublished":"2019-09-27T08:19:27+00:00","dateModified":"2019-10-07T06:10:41+00:00","author":{"@id":"https:\/\/www.medienkultur.at\/neu\/#\/schema\/person\/5307830ec125174672d8c9d829eeb256"},"breadcrumb":{"@id":"https:\/\/www.medienkultur.at\/neu\/eine-alte-aus-einem-dorf-an-greta-thunberg\/#breadcrumb"},"inLanguage":"de","potentialAction":[{"@type":"ReadAction","target":["https:\/\/www.medienkultur.at\/neu\/eine-alte-aus-einem-dorf-an-greta-thunberg\/"]}]},{"@type":"BreadcrumbList","@id":"https:\/\/www.medienkultur.at\/neu\/eine-alte-aus-einem-dorf-an-greta-thunberg\/#breadcrumb","itemListElement":[{"@type":"ListItem","position":1,"name":"Startseite","item":"https:\/\/www.medienkultur.at\/neu\/"},{"@type":"ListItem","position":2,"name":"Eine &#8222;alte Frau&#8220; eines Dorfes an Greta Thunberg"}]},{"@type":"WebSite","@id":"https:\/\/www.medienkultur.at\/neu\/#website","url":"https:\/\/www.medienkultur.at\/neu\/","name":"Vereinigung f\u00fcr Medienkultur","description":"","potentialAction":[{"@type":"SearchAction","target":{"@type":"EntryPoint","urlTemplate":"https:\/\/www.medienkultur.at\/neu\/?s={search_term_string}"},"query-input":{"@type":"PropertyValueSpecification","valueRequired":true,"valueName":"search_term_string"}}],"inLanguage":"de"},{"@type":"Person","@id":"https:\/\/www.medienkultur.at\/neu\/#\/schema\/person\/5307830ec125174672d8c9d829eeb256","name":"Hans H\u00f6gl"}]}},"_links":{"self":[{"href":"https:\/\/www.medienkultur.at\/neu\/wp-json\/wp\/v2\/posts\/6597","targetHints":{"allow":["GET"]}}],"collection":[{"href":"https:\/\/www.medienkultur.at\/neu\/wp-json\/wp\/v2\/posts"}],"about":[{"href":"https:\/\/www.medienkultur.at\/neu\/wp-json\/wp\/v2\/types\/post"}],"author":[{"embeddable":true,"href":"https:\/\/www.medienkultur.at\/neu\/wp-json\/wp\/v2\/users\/1"}],"replies":[{"embeddable":true,"href":"https:\/\/www.medienkultur.at\/neu\/wp-json\/wp\/v2\/comments?post=6597"}],"version-history":[{"count":4,"href":"https:\/\/www.medienkultur.at\/neu\/wp-json\/wp\/v2\/posts\/6597\/revisions"}],"predecessor-version":[{"id":6603,"href":"https:\/\/www.medienkultur.at\/neu\/wp-json\/wp\/v2\/posts\/6597\/revisions\/6603"}],"wp:attachment":[{"href":"https:\/\/www.medienkultur.at\/neu\/wp-json\/wp\/v2\/media?parent=6597"}],"wp:term":[{"taxonomy":"category","embeddable":true,"href":"https:\/\/www.medienkultur.at\/neu\/wp-json\/wp\/v2\/categories?post=6597"},{"taxonomy":"post_tag","embeddable":true,"href":"https:\/\/www.medienkultur.at\/neu\/wp-json\/wp\/v2\/tags?post=6597"}],"curies":[{"name":"wp","href":"https:\/\/api.w.org\/{rel}","templated":true}]}}