{"id":6545,"date":"2019-09-22T18:07:45","date_gmt":"2019-09-22T17:07:45","guid":{"rendered":"http:\/\/www.medienkultur.at\/neu\/?p=6545"},"modified":"2019-09-24T09:44:31","modified_gmt":"2019-09-24T08:44:31","slug":"rhein-oekologische-erfolge","status":"publish","type":"post","link":"https:\/\/www.medienkultur.at\/neu\/rhein-oekologische-erfolge\/","title":{"rendered":"Rhein: \u00d6kologische Erfolge"},"content":{"rendered":"<p>Hans H\u00d6GL<\/p>\n<p>Nachtrag zum Blog: Klimawandel: &#8222;Es ist noch nicht zu sp\u00e4t&#8220;!<\/p>\n<p>Bei der Brandbek\u00e4mpfung in der Schweizerhalle in Basel am 1. November 1986 gelangten 500 Tonnen Chemikalien mit dem L\u00f6schwasser in den Rhein. Und auf einer L\u00e4nge von 400 km starb der gesamte Aalbestand. Nach der Brandkatastrophe gab es ein Badeverbot. <\/p>\n<p>AM 5. OKTOBER 2008  wurde in Basel  seit 50 Jahren wieder ein Lachs im Rhein gefangen.<\/p>\n<p>2015 wurde im Rhein bei Basel 41 Fisch- und Krebsarten nachgewiesen.<\/p>\n<p>2018 beim Rheinschwimmen nahmen fast 4.000 Personen teil.  <\/p>\n","protected":false},"excerpt":{"rendered":"<p>Hans H\u00d6GL Nachtrag zum Blog: Klimawandel: &#8222;Es ist noch nicht zu sp\u00e4t&#8220;! Bei der Brandbek\u00e4mpfung in der Schweizerhalle in Basel am 1. November 1986 gelangten 500 Tonnen Chemikalien mit dem L\u00f6schwasser in den Rhein. Und auf einer L\u00e4nge von 400 km starb der gesamte Aalbestand. Nach der Brandkatastrophe gab es ein Badeverbot. AM 5. OKTOBER &hellip; <a href=\"https:\/\/www.medienkultur.at\/neu\/rhein-oekologische-erfolge\/\" class=\"more-link\"><span class=\"screen-reader-text\">Rhein: \u00d6kologische Erfolge<\/span> weiterlesen <span class=\"meta-nav\">&rarr;<\/span><\/a><\/p>\n","protected":false},"author":1,"featured_media":0,"comment_status":"open","ping_status":"open","sticky":false,"template":"","format":"standard","meta":{"footnotes":""},"categories":[22,1,19],"tags":[4950,4949,4948,1977],"class_list":["post-6545","post","type-post","status-publish","format-standard","hentry","category-good-news","category-allgemein","category-studien_rezensionen","tag-basel","tag-fische","tag-rhein-sauber","tag-schweiz"],"yoast_head":"<!-- This site is optimized with the Yoast SEO plugin v27.4 - https:\/\/yoast.com\/product\/yoast-seo-wordpress\/ -->\n<title>Rhein: \u00d6kologische Erfolge | Vereinigung f\u00fcr Medienkultur<\/title>\n<meta name=\"robots\" content=\"index, follow, max-snippet:-1, max-image-preview:large, max-video-preview:-1\" \/>\n<link rel=\"canonical\" href=\"https:\/\/www.medienkultur.at\/neu\/rhein-oekologische-erfolge\/\" \/>\n<meta property=\"og:locale\" content=\"de_DE\" \/>\n<meta property=\"og:type\" content=\"article\" \/>\n<meta property=\"og:title\" content=\"Rhein: \u00d6kologische Erfolge | Vereinigung f\u00fcr Medienkultur\" \/>\n<meta property=\"og:description\" content=\"Hans H\u00d6GL Nachtrag zum Blog: Klimawandel: &#8222;Es ist noch nicht zu sp\u00e4t&#8220;! Bei der Brandbek\u00e4mpfung in der Schweizerhalle in Basel am 1. November 1986 gelangten 500 Tonnen Chemikalien mit dem L\u00f6schwasser in den Rhein. Und auf einer L\u00e4nge von 400 km starb der gesamte Aalbestand. Nach der Brandkatastrophe gab es ein Badeverbot. AM 5. OKTOBER &hellip; Rhein: \u00d6kologische Erfolge weiterlesen &rarr;\" \/>\n<meta property=\"og:url\" content=\"https:\/\/www.medienkultur.at\/neu\/rhein-oekologische-erfolge\/\" \/>\n<meta property=\"og:site_name\" content=\"Vereinigung f\u00fcr Medienkultur\" \/>\n<meta property=\"article:published_time\" content=\"2019-09-22T17:07:45+00:00\" \/>\n<meta property=\"article:modified_time\" content=\"2019-09-24T08:44:31+00:00\" \/>\n<meta name=\"author\" content=\"Hans H\u00f6gl\" \/>\n<meta name=\"twitter:card\" content=\"summary_large_image\" \/>\n<meta name=\"twitter:label1\" content=\"Verfasst von\" \/>\n\t<meta name=\"twitter:data1\" content=\"Hans H\u00f6gl\" \/>\n<script type=\"application\/ld+json\" class=\"yoast-schema-graph\">{\"@context\":\"https:\\\/\\\/schema.org\",\"@graph\":[{\"@type\":\"Article\",\"@id\":\"https:\\\/\\\/www.medienkultur.at\\\/neu\\\/rhein-oekologische-erfolge\\\/#article\",\"isPartOf\":{\"@id\":\"https:\\\/\\\/www.medienkultur.at\\\/neu\\\/rhein-oekologische-erfolge\\\/\"},\"author\":{\"name\":\"Hans H\u00f6gl\",\"@id\":\"https:\\\/\\\/www.medienkultur.at\\\/neu\\\/#\\\/schema\\\/person\\\/5307830ec125174672d8c9d829eeb256\"},\"headline\":\"Rhein: \u00d6kologische Erfolge\",\"datePublished\":\"2019-09-22T17:07:45+00:00\",\"dateModified\":\"2019-09-24T08:44:31+00:00\",\"mainEntityOfPage\":{\"@id\":\"https:\\\/\\\/www.medienkultur.at\\\/neu\\\/rhein-oekologische-erfolge\\\/\"},\"wordCount\":84,\"commentCount\":0,\"keywords\":[\"Basel\",\"Fische\",\"Rhein sauber\",\"Schweiz\"],\"articleSection\":[\"Good News\",\"J\u00dcNGSTE BEITR\u00c4GE\",\"Studien \\\/ Rezensionen\"],\"inLanguage\":\"de\",\"potentialAction\":[{\"@type\":\"CommentAction\",\"name\":\"Comment\",\"target\":[\"https:\\\/\\\/www.medienkultur.at\\\/neu\\\/rhein-oekologische-erfolge\\\/#respond\"]}]},{\"@type\":\"WebPage\",\"@id\":\"https:\\\/\\\/www.medienkultur.at\\\/neu\\\/rhein-oekologische-erfolge\\\/\",\"url\":\"https:\\\/\\\/www.medienkultur.at\\\/neu\\\/rhein-oekologische-erfolge\\\/\",\"name\":\"Rhein: \u00d6kologische Erfolge | Vereinigung f\u00fcr Medienkultur\",\"isPartOf\":{\"@id\":\"https:\\\/\\\/www.medienkultur.at\\\/neu\\\/#website\"},\"datePublished\":\"2019-09-22T17:07:45+00:00\",\"dateModified\":\"2019-09-24T08:44:31+00:00\",\"author\":{\"@id\":\"https:\\\/\\\/www.medienkultur.at\\\/neu\\\/#\\\/schema\\\/person\\\/5307830ec125174672d8c9d829eeb256\"},\"breadcrumb\":{\"@id\":\"https:\\\/\\\/www.medienkultur.at\\\/neu\\\/rhein-oekologische-erfolge\\\/#breadcrumb\"},\"inLanguage\":\"de\",\"potentialAction\":[{\"@type\":\"ReadAction\",\"target\":[\"https:\\\/\\\/www.medienkultur.at\\\/neu\\\/rhein-oekologische-erfolge\\\/\"]}]},{\"@type\":\"BreadcrumbList\",\"@id\":\"https:\\\/\\\/www.medienkultur.at\\\/neu\\\/rhein-oekologische-erfolge\\\/#breadcrumb\",\"itemListElement\":[{\"@type\":\"ListItem\",\"position\":1,\"name\":\"Startseite\",\"item\":\"https:\\\/\\\/www.medienkultur.at\\\/neu\\\/\"},{\"@type\":\"ListItem\",\"position\":2,\"name\":\"Rhein: \u00d6kologische Erfolge\"}]},{\"@type\":\"WebSite\",\"@id\":\"https:\\\/\\\/www.medienkultur.at\\\/neu\\\/#website\",\"url\":\"https:\\\/\\\/www.medienkultur.at\\\/neu\\\/\",\"name\":\"Vereinigung f\u00fcr Medienkultur\",\"description\":\"\",\"potentialAction\":[{\"@type\":\"SearchAction\",\"target\":{\"@type\":\"EntryPoint\",\"urlTemplate\":\"https:\\\/\\\/www.medienkultur.at\\\/neu\\\/?s={search_term_string}\"},\"query-input\":{\"@type\":\"PropertyValueSpecification\",\"valueRequired\":true,\"valueName\":\"search_term_string\"}}],\"inLanguage\":\"de\"},{\"@type\":\"Person\",\"@id\":\"https:\\\/\\\/www.medienkultur.at\\\/neu\\\/#\\\/schema\\\/person\\\/5307830ec125174672d8c9d829eeb256\",\"name\":\"Hans H\u00f6gl\"}]}<\/script>\n<!-- \/ Yoast SEO plugin. -->","yoast_head_json":{"title":"Rhein: \u00d6kologische Erfolge | Vereinigung f\u00fcr Medienkultur","robots":{"index":"index","follow":"follow","max-snippet":"max-snippet:-1","max-image-preview":"max-image-preview:large","max-video-preview":"max-video-preview:-1"},"canonical":"https:\/\/www.medienkultur.at\/neu\/rhein-oekologische-erfolge\/","og_locale":"de_DE","og_type":"article","og_title":"Rhein: \u00d6kologische Erfolge | Vereinigung f\u00fcr Medienkultur","og_description":"Hans H\u00d6GL Nachtrag zum Blog: Klimawandel: &#8222;Es ist noch nicht zu sp\u00e4t&#8220;! Bei der Brandbek\u00e4mpfung in der Schweizerhalle in Basel am 1. November 1986 gelangten 500 Tonnen Chemikalien mit dem L\u00f6schwasser in den Rhein. Und auf einer L\u00e4nge von 400 km starb der gesamte Aalbestand. Nach der Brandkatastrophe gab es ein Badeverbot. AM 5. OKTOBER &hellip; Rhein: \u00d6kologische Erfolge weiterlesen &rarr;","og_url":"https:\/\/www.medienkultur.at\/neu\/rhein-oekologische-erfolge\/","og_site_name":"Vereinigung f\u00fcr Medienkultur","article_published_time":"2019-09-22T17:07:45+00:00","article_modified_time":"2019-09-24T08:44:31+00:00","author":"Hans H\u00f6gl","twitter_card":"summary_large_image","twitter_misc":{"Verfasst von":"Hans H\u00f6gl"},"schema":{"@context":"https:\/\/schema.org","@graph":[{"@type":"Article","@id":"https:\/\/www.medienkultur.at\/neu\/rhein-oekologische-erfolge\/#article","isPartOf":{"@id":"https:\/\/www.medienkultur.at\/neu\/rhein-oekologische-erfolge\/"},"author":{"name":"Hans H\u00f6gl","@id":"https:\/\/www.medienkultur.at\/neu\/#\/schema\/person\/5307830ec125174672d8c9d829eeb256"},"headline":"Rhein: \u00d6kologische Erfolge","datePublished":"2019-09-22T17:07:45+00:00","dateModified":"2019-09-24T08:44:31+00:00","mainEntityOfPage":{"@id":"https:\/\/www.medienkultur.at\/neu\/rhein-oekologische-erfolge\/"},"wordCount":84,"commentCount":0,"keywords":["Basel","Fische","Rhein sauber","Schweiz"],"articleSection":["Good News","J\u00dcNGSTE BEITR\u00c4GE","Studien \/ Rezensionen"],"inLanguage":"de","potentialAction":[{"@type":"CommentAction","name":"Comment","target":["https:\/\/www.medienkultur.at\/neu\/rhein-oekologische-erfolge\/#respond"]}]},{"@type":"WebPage","@id":"https:\/\/www.medienkultur.at\/neu\/rhein-oekologische-erfolge\/","url":"https:\/\/www.medienkultur.at\/neu\/rhein-oekologische-erfolge\/","name":"Rhein: \u00d6kologische Erfolge | Vereinigung f\u00fcr Medienkultur","isPartOf":{"@id":"https:\/\/www.medienkultur.at\/neu\/#website"},"datePublished":"2019-09-22T17:07:45+00:00","dateModified":"2019-09-24T08:44:31+00:00","author":{"@id":"https:\/\/www.medienkultur.at\/neu\/#\/schema\/person\/5307830ec125174672d8c9d829eeb256"},"breadcrumb":{"@id":"https:\/\/www.medienkultur.at\/neu\/rhein-oekologische-erfolge\/#breadcrumb"},"inLanguage":"de","potentialAction":[{"@type":"ReadAction","target":["https:\/\/www.medienkultur.at\/neu\/rhein-oekologische-erfolge\/"]}]},{"@type":"BreadcrumbList","@id":"https:\/\/www.medienkultur.at\/neu\/rhein-oekologische-erfolge\/#breadcrumb","itemListElement":[{"@type":"ListItem","position":1,"name":"Startseite","item":"https:\/\/www.medienkultur.at\/neu\/"},{"@type":"ListItem","position":2,"name":"Rhein: \u00d6kologische Erfolge"}]},{"@type":"WebSite","@id":"https:\/\/www.medienkultur.at\/neu\/#website","url":"https:\/\/www.medienkultur.at\/neu\/","name":"Vereinigung f\u00fcr Medienkultur","description":"","potentialAction":[{"@type":"SearchAction","target":{"@type":"EntryPoint","urlTemplate":"https:\/\/www.medienkultur.at\/neu\/?s={search_term_string}"},"query-input":{"@type":"PropertyValueSpecification","valueRequired":true,"valueName":"search_term_string"}}],"inLanguage":"de"},{"@type":"Person","@id":"https:\/\/www.medienkultur.at\/neu\/#\/schema\/person\/5307830ec125174672d8c9d829eeb256","name":"Hans H\u00f6gl"}]}},"_links":{"self":[{"href":"https:\/\/www.medienkultur.at\/neu\/wp-json\/wp\/v2\/posts\/6545","targetHints":{"allow":["GET"]}}],"collection":[{"href":"https:\/\/www.medienkultur.at\/neu\/wp-json\/wp\/v2\/posts"}],"about":[{"href":"https:\/\/www.medienkultur.at\/neu\/wp-json\/wp\/v2\/types\/post"}],"author":[{"embeddable":true,"href":"https:\/\/www.medienkultur.at\/neu\/wp-json\/wp\/v2\/users\/1"}],"replies":[{"embeddable":true,"href":"https:\/\/www.medienkultur.at\/neu\/wp-json\/wp\/v2\/comments?post=6545"}],"version-history":[{"count":4,"href":"https:\/\/www.medienkultur.at\/neu\/wp-json\/wp\/v2\/posts\/6545\/revisions"}],"predecessor-version":[{"id":6585,"href":"https:\/\/www.medienkultur.at\/neu\/wp-json\/wp\/v2\/posts\/6545\/revisions\/6585"}],"wp:attachment":[{"href":"https:\/\/www.medienkultur.at\/neu\/wp-json\/wp\/v2\/media?parent=6545"}],"wp:term":[{"taxonomy":"category","embeddable":true,"href":"https:\/\/www.medienkultur.at\/neu\/wp-json\/wp\/v2\/categories?post=6545"},{"taxonomy":"post_tag","embeddable":true,"href":"https:\/\/www.medienkultur.at\/neu\/wp-json\/wp\/v2\/tags?post=6545"}],"curies":[{"name":"wp","href":"https:\/\/api.w.org\/{rel}","templated":true}]}}