{"id":5913,"date":"2019-05-05T04:38:51","date_gmt":"2019-05-05T03:38:51","guid":{"rendered":"http:\/\/www.medienkultur.at\/neu\/?p=5913"},"modified":"2019-05-05T21:21:10","modified_gmt":"2019-05-05T20:21:10","slug":"amazon-werbung-unerwuenscht","status":"publish","type":"post","link":"https:\/\/www.medienkultur.at\/neu\/amazon-werbung-unerwuenscht\/","title":{"rendered":"\u00c4rger \u00fcber nicht zu stoppende Werbemails"},"content":{"rendered":"<p>HANS H\u00f6gl <\/p>\n<p>St\u00e4ndig bekomme ich von Amazon Werbungsangebote per Mail, und ich will dies nicht und weise dies zur\u00fcck. Das ist mir nicht m\u00f6glich. Denn es wird das Mail zur\u00fcckgewiesen. Folgende Adressen fand ich von Amazon im Impressum, an die ich mich vielleicht wenden kann. Dies ist alles f\u00fcr den Konsumenten viel zu umst\u00e4ndlich, um diese Dauerwerbung abzumelden. \u00c4hnliches gilt f\u00fcr Tschibo. Dort habe ich mich direkt gemeldet. Vergeblich.  <\/p>\n<p>Die Antwort lautet. Ihre Nachricht wurde nicht an store-news@amazon.de zugestellt, weil die Adresse nicht gefunden wurde oder keine E-Mails empfangen kann.<\/p>\n<p>Es w\u00e4re Aufgabe des Konsumentenschutzes, hier generell etwas zu unternehmen und nicht jedem Einzelnen dies aufzub\u00fcrden.  <\/p>\n<p>Impressum: Kontaktinformationen<br \/>\nAmazon Europe Core S.\u00e0 r.l. (technischer Betrieb der Website amazon.de):<\/p>\n<p>Amazon Europe Core S.\u00e0 r.l. (Soci\u00e9t\u00e9 \u00e0 responsabilit\u00e9 limit\u00e9e), 38 avenue John F. Kennedy, L-1855 Luxemburg (Stammkapital: EUR 192.061; registriert beim RCS Luxemburg; Registernummer: B-180022; Business Licence Number: 10040783; Ust-ID: LU 26375245). Die Gesellschaft wird gesetzlich vertreten durch Terry Hanold.<\/p>\n<p>Amazon EU S.\u00e0 r.l. (Soci\u00e9t\u00e9 \u00e0 responsabilit\u00e9 limit\u00e9e), 38 avenue John F. Kennedy, L-1855 Luxemburg (Stammkapital: EUR 125.000; registriert beim RCS Luxemburg; Registernummer: B-101818; Business Licence Number: 134248; Ust-ID: LU 20260743). Die Gesellschaft wird gesetzlich vertreten durch Xavier Garambois.<\/p>\n<p>Eingetragene Zweigniederlassung: Amazon EU SARL, Niederlassung Deutschland, Marcel-Breuer-Str. 12, 80807 M\u00fcnchen, Germany; eingetragen beim Amtsgericht M\u00fcnchen unter HRB 218574 ; Ust-ID DE 814584193; st\u00e4ndiger Vertreter: Ralf Kleber.<\/p>\n<p>Amazon Media EU S.\u00e0 r.l. (Verk\u00e4uferin hinsichtlich der mit &#8222;Verkauf durch Amazon Media EU SARL&#8220; gekennzeichneten digitalen Inhalte):<\/p>\n<p>Amazon Media EU S.\u00e0 r.l. (Soci\u00e9t\u00e9 \u00e0 responsabilit\u00e9 limit\u00e9e), 38 avenue John F. Kennedy, L-1855 Luxemburg (Stammkapital: EUR 12.500; registriert beim RCS Luxembourg; Registernummer: 112767; Business Licence Number: 110001; Ust-ID: LU 20944528). Die Gesellschaft wird gesetzlich vertreten durch Alessio Santarelli.<\/p>\n","protected":false},"excerpt":{"rendered":"<p>HANS H\u00f6gl St\u00e4ndig bekomme ich von Amazon Werbungsangebote per Mail, und ich will dies nicht und weise dies zur\u00fcck. Das ist mir nicht m\u00f6glich. Denn es wird das Mail zur\u00fcckgewiesen. Folgende Adressen fand ich von Amazon im Impressum, an die ich mich vielleicht wenden kann. Dies ist alles f\u00fcr den Konsumenten viel zu umst\u00e4ndlich, um &hellip; <a href=\"https:\/\/www.medienkultur.at\/neu\/amazon-werbung-unerwuenscht\/\" class=\"more-link\"><span class=\"screen-reader-text\">\u00c4rger \u00fcber nicht zu stoppende Werbemails<\/span> weiterlesen <span class=\"meta-nav\">&rarr;<\/span><\/a><\/p>\n","protected":false},"author":1,"featured_media":0,"comment_status":"open","ping_status":"open","sticky":false,"template":"","format":"standard","meta":{"footnotes":""},"categories":[14,1,11,20],"tags":[4232,4231,4233,4235,4234],"class_list":["post-5913","post","type-post","status-publish","format-standard","hentry","category-diverses","category-allgemein","category-medien_politik_wirtschaft","category-medienverantwortung_medienrecht","tag-abweisung-sehr-kompliziert","tag-amazon-werbung","tag-keine-rueckantwort","tag-konsumentenschutz","tag-tschibo"],"yoast_head":"<!-- This site is optimized with the Yoast SEO plugin v27.4 - https:\/\/yoast.com\/product\/yoast-seo-wordpress\/ -->\n<title>\u00c4rger \u00fcber nicht zu stoppende Werbemails | Vereinigung f\u00fcr Medienkultur<\/title>\n<meta name=\"robots\" content=\"index, follow, max-snippet:-1, max-image-preview:large, max-video-preview:-1\" \/>\n<link rel=\"canonical\" href=\"https:\/\/www.medienkultur.at\/neu\/amazon-werbung-unerwuenscht\/\" \/>\n<meta property=\"og:locale\" content=\"de_DE\" \/>\n<meta property=\"og:type\" content=\"article\" \/>\n<meta property=\"og:title\" content=\"\u00c4rger \u00fcber nicht zu stoppende Werbemails | Vereinigung f\u00fcr Medienkultur\" \/>\n<meta property=\"og:description\" content=\"HANS H\u00f6gl St\u00e4ndig bekomme ich von Amazon Werbungsangebote per Mail, und ich will dies nicht und weise dies zur\u00fcck. Das ist mir nicht m\u00f6glich. Denn es wird das Mail zur\u00fcckgewiesen. Folgende Adressen fand ich von Amazon im Impressum, an die ich mich vielleicht wenden kann. Dies ist alles f\u00fcr den Konsumenten viel zu umst\u00e4ndlich, um &hellip; \u00c4rger \u00fcber nicht zu stoppende Werbemails weiterlesen &rarr;\" \/>\n<meta property=\"og:url\" content=\"https:\/\/www.medienkultur.at\/neu\/amazon-werbung-unerwuenscht\/\" \/>\n<meta property=\"og:site_name\" content=\"Vereinigung f\u00fcr Medienkultur\" \/>\n<meta property=\"article:published_time\" content=\"2019-05-05T03:38:51+00:00\" \/>\n<meta property=\"article:modified_time\" content=\"2019-05-05T20:21:10+00:00\" \/>\n<meta name=\"author\" content=\"Hans H\u00f6gl\" \/>\n<meta name=\"twitter:card\" content=\"summary_large_image\" \/>\n<meta name=\"twitter:label1\" content=\"Verfasst von\" \/>\n\t<meta name=\"twitter:data1\" content=\"Hans H\u00f6gl\" \/>\n\t<meta name=\"twitter:label2\" content=\"Gesch\u00e4tzte Lesezeit\" \/>\n\t<meta name=\"twitter:data2\" content=\"1\u00a0Minute\" \/>\n<script type=\"application\/ld+json\" class=\"yoast-schema-graph\">{\"@context\":\"https:\\\/\\\/schema.org\",\"@graph\":[{\"@type\":\"Article\",\"@id\":\"https:\\\/\\\/www.medienkultur.at\\\/neu\\\/amazon-werbung-unerwuenscht\\\/#article\",\"isPartOf\":{\"@id\":\"https:\\\/\\\/www.medienkultur.at\\\/neu\\\/amazon-werbung-unerwuenscht\\\/\"},\"author\":{\"name\":\"Hans H\u00f6gl\",\"@id\":\"https:\\\/\\\/www.medienkultur.at\\\/neu\\\/#\\\/schema\\\/person\\\/5307830ec125174672d8c9d829eeb256\"},\"headline\":\"\u00c4rger \u00fcber nicht zu stoppende Werbemails\",\"datePublished\":\"2019-05-05T03:38:51+00:00\",\"dateModified\":\"2019-05-05T20:21:10+00:00\",\"mainEntityOfPage\":{\"@id\":\"https:\\\/\\\/www.medienkultur.at\\\/neu\\\/amazon-werbung-unerwuenscht\\\/\"},\"wordCount\":295,\"commentCount\":0,\"keywords\":[\"Abweisung sehr kompliziert\",\"AMAZON Werbung\",\"keine R\u00fcckantwort\",\"Konsumentenschutz\",\"Tschibo\"],\"articleSection\":[\"Diverses\",\"J\u00dcNGSTE BEITR\u00c4GE\",\"Medien und Politik \\\/ Wirtschaft\",\"Medienverantwortung \\\/ Medienrecht\"],\"inLanguage\":\"de\",\"potentialAction\":[{\"@type\":\"CommentAction\",\"name\":\"Comment\",\"target\":[\"https:\\\/\\\/www.medienkultur.at\\\/neu\\\/amazon-werbung-unerwuenscht\\\/#respond\"]}]},{\"@type\":\"WebPage\",\"@id\":\"https:\\\/\\\/www.medienkultur.at\\\/neu\\\/amazon-werbung-unerwuenscht\\\/\",\"url\":\"https:\\\/\\\/www.medienkultur.at\\\/neu\\\/amazon-werbung-unerwuenscht\\\/\",\"name\":\"\u00c4rger \u00fcber nicht zu stoppende Werbemails | Vereinigung f\u00fcr Medienkultur\",\"isPartOf\":{\"@id\":\"https:\\\/\\\/www.medienkultur.at\\\/neu\\\/#website\"},\"datePublished\":\"2019-05-05T03:38:51+00:00\",\"dateModified\":\"2019-05-05T20:21:10+00:00\",\"author\":{\"@id\":\"https:\\\/\\\/www.medienkultur.at\\\/neu\\\/#\\\/schema\\\/person\\\/5307830ec125174672d8c9d829eeb256\"},\"breadcrumb\":{\"@id\":\"https:\\\/\\\/www.medienkultur.at\\\/neu\\\/amazon-werbung-unerwuenscht\\\/#breadcrumb\"},\"inLanguage\":\"de\",\"potentialAction\":[{\"@type\":\"ReadAction\",\"target\":[\"https:\\\/\\\/www.medienkultur.at\\\/neu\\\/amazon-werbung-unerwuenscht\\\/\"]}]},{\"@type\":\"BreadcrumbList\",\"@id\":\"https:\\\/\\\/www.medienkultur.at\\\/neu\\\/amazon-werbung-unerwuenscht\\\/#breadcrumb\",\"itemListElement\":[{\"@type\":\"ListItem\",\"position\":1,\"name\":\"Startseite\",\"item\":\"https:\\\/\\\/www.medienkultur.at\\\/neu\\\/\"},{\"@type\":\"ListItem\",\"position\":2,\"name\":\"\u00c4rger \u00fcber nicht zu stoppende Werbemails\"}]},{\"@type\":\"WebSite\",\"@id\":\"https:\\\/\\\/www.medienkultur.at\\\/neu\\\/#website\",\"url\":\"https:\\\/\\\/www.medienkultur.at\\\/neu\\\/\",\"name\":\"Vereinigung f\u00fcr Medienkultur\",\"description\":\"\",\"potentialAction\":[{\"@type\":\"SearchAction\",\"target\":{\"@type\":\"EntryPoint\",\"urlTemplate\":\"https:\\\/\\\/www.medienkultur.at\\\/neu\\\/?s={search_term_string}\"},\"query-input\":{\"@type\":\"PropertyValueSpecification\",\"valueRequired\":true,\"valueName\":\"search_term_string\"}}],\"inLanguage\":\"de\"},{\"@type\":\"Person\",\"@id\":\"https:\\\/\\\/www.medienkultur.at\\\/neu\\\/#\\\/schema\\\/person\\\/5307830ec125174672d8c9d829eeb256\",\"name\":\"Hans H\u00f6gl\"}]}<\/script>\n<!-- \/ Yoast SEO plugin. -->","yoast_head_json":{"title":"\u00c4rger \u00fcber nicht zu stoppende Werbemails | Vereinigung f\u00fcr Medienkultur","robots":{"index":"index","follow":"follow","max-snippet":"max-snippet:-1","max-image-preview":"max-image-preview:large","max-video-preview":"max-video-preview:-1"},"canonical":"https:\/\/www.medienkultur.at\/neu\/amazon-werbung-unerwuenscht\/","og_locale":"de_DE","og_type":"article","og_title":"\u00c4rger \u00fcber nicht zu stoppende Werbemails | Vereinigung f\u00fcr Medienkultur","og_description":"HANS H\u00f6gl St\u00e4ndig bekomme ich von Amazon Werbungsangebote per Mail, und ich will dies nicht und weise dies zur\u00fcck. Das ist mir nicht m\u00f6glich. Denn es wird das Mail zur\u00fcckgewiesen. Folgende Adressen fand ich von Amazon im Impressum, an die ich mich vielleicht wenden kann. Dies ist alles f\u00fcr den Konsumenten viel zu umst\u00e4ndlich, um &hellip; \u00c4rger \u00fcber nicht zu stoppende Werbemails weiterlesen &rarr;","og_url":"https:\/\/www.medienkultur.at\/neu\/amazon-werbung-unerwuenscht\/","og_site_name":"Vereinigung f\u00fcr Medienkultur","article_published_time":"2019-05-05T03:38:51+00:00","article_modified_time":"2019-05-05T20:21:10+00:00","author":"Hans H\u00f6gl","twitter_card":"summary_large_image","twitter_misc":{"Verfasst von":"Hans H\u00f6gl","Gesch\u00e4tzte Lesezeit":"1\u00a0Minute"},"schema":{"@context":"https:\/\/schema.org","@graph":[{"@type":"Article","@id":"https:\/\/www.medienkultur.at\/neu\/amazon-werbung-unerwuenscht\/#article","isPartOf":{"@id":"https:\/\/www.medienkultur.at\/neu\/amazon-werbung-unerwuenscht\/"},"author":{"name":"Hans H\u00f6gl","@id":"https:\/\/www.medienkultur.at\/neu\/#\/schema\/person\/5307830ec125174672d8c9d829eeb256"},"headline":"\u00c4rger \u00fcber nicht zu stoppende Werbemails","datePublished":"2019-05-05T03:38:51+00:00","dateModified":"2019-05-05T20:21:10+00:00","mainEntityOfPage":{"@id":"https:\/\/www.medienkultur.at\/neu\/amazon-werbung-unerwuenscht\/"},"wordCount":295,"commentCount":0,"keywords":["Abweisung sehr kompliziert","AMAZON Werbung","keine R\u00fcckantwort","Konsumentenschutz","Tschibo"],"articleSection":["Diverses","J\u00dcNGSTE BEITR\u00c4GE","Medien und Politik \/ Wirtschaft","Medienverantwortung \/ Medienrecht"],"inLanguage":"de","potentialAction":[{"@type":"CommentAction","name":"Comment","target":["https:\/\/www.medienkultur.at\/neu\/amazon-werbung-unerwuenscht\/#respond"]}]},{"@type":"WebPage","@id":"https:\/\/www.medienkultur.at\/neu\/amazon-werbung-unerwuenscht\/","url":"https:\/\/www.medienkultur.at\/neu\/amazon-werbung-unerwuenscht\/","name":"\u00c4rger \u00fcber nicht zu stoppende Werbemails | Vereinigung f\u00fcr Medienkultur","isPartOf":{"@id":"https:\/\/www.medienkultur.at\/neu\/#website"},"datePublished":"2019-05-05T03:38:51+00:00","dateModified":"2019-05-05T20:21:10+00:00","author":{"@id":"https:\/\/www.medienkultur.at\/neu\/#\/schema\/person\/5307830ec125174672d8c9d829eeb256"},"breadcrumb":{"@id":"https:\/\/www.medienkultur.at\/neu\/amazon-werbung-unerwuenscht\/#breadcrumb"},"inLanguage":"de","potentialAction":[{"@type":"ReadAction","target":["https:\/\/www.medienkultur.at\/neu\/amazon-werbung-unerwuenscht\/"]}]},{"@type":"BreadcrumbList","@id":"https:\/\/www.medienkultur.at\/neu\/amazon-werbung-unerwuenscht\/#breadcrumb","itemListElement":[{"@type":"ListItem","position":1,"name":"Startseite","item":"https:\/\/www.medienkultur.at\/neu\/"},{"@type":"ListItem","position":2,"name":"\u00c4rger \u00fcber nicht zu stoppende Werbemails"}]},{"@type":"WebSite","@id":"https:\/\/www.medienkultur.at\/neu\/#website","url":"https:\/\/www.medienkultur.at\/neu\/","name":"Vereinigung f\u00fcr Medienkultur","description":"","potentialAction":[{"@type":"SearchAction","target":{"@type":"EntryPoint","urlTemplate":"https:\/\/www.medienkultur.at\/neu\/?s={search_term_string}"},"query-input":{"@type":"PropertyValueSpecification","valueRequired":true,"valueName":"search_term_string"}}],"inLanguage":"de"},{"@type":"Person","@id":"https:\/\/www.medienkultur.at\/neu\/#\/schema\/person\/5307830ec125174672d8c9d829eeb256","name":"Hans H\u00f6gl"}]}},"_links":{"self":[{"href":"https:\/\/www.medienkultur.at\/neu\/wp-json\/wp\/v2\/posts\/5913","targetHints":{"allow":["GET"]}}],"collection":[{"href":"https:\/\/www.medienkultur.at\/neu\/wp-json\/wp\/v2\/posts"}],"about":[{"href":"https:\/\/www.medienkultur.at\/neu\/wp-json\/wp\/v2\/types\/post"}],"author":[{"embeddable":true,"href":"https:\/\/www.medienkultur.at\/neu\/wp-json\/wp\/v2\/users\/1"}],"replies":[{"embeddable":true,"href":"https:\/\/www.medienkultur.at\/neu\/wp-json\/wp\/v2\/comments?post=5913"}],"version-history":[{"count":9,"href":"https:\/\/www.medienkultur.at\/neu\/wp-json\/wp\/v2\/posts\/5913\/revisions"}],"predecessor-version":[{"id":5933,"href":"https:\/\/www.medienkultur.at\/neu\/wp-json\/wp\/v2\/posts\/5913\/revisions\/5933"}],"wp:attachment":[{"href":"https:\/\/www.medienkultur.at\/neu\/wp-json\/wp\/v2\/media?parent=5913"}],"wp:term":[{"taxonomy":"category","embeddable":true,"href":"https:\/\/www.medienkultur.at\/neu\/wp-json\/wp\/v2\/categories?post=5913"},{"taxonomy":"post_tag","embeddable":true,"href":"https:\/\/www.medienkultur.at\/neu\/wp-json\/wp\/v2\/tags?post=5913"}],"curies":[{"name":"wp","href":"https:\/\/api.w.org\/{rel}","templated":true}]}}