{"id":5848,"date":"2019-04-26T19:36:29","date_gmt":"2019-04-26T18:36:29","guid":{"rendered":"http:\/\/www.medienkultur.at\/neu\/?p=5848"},"modified":"2019-04-26T19:37:23","modified_gmt":"2019-04-26T18:37:23","slug":"junge-praktikanten-in-bruessel","status":"publish","type":"post","link":"https:\/\/www.medienkultur.at\/neu\/junge-praktikanten-in-bruessel\/","title":{"rendered":"Junge Praktikanten in Br\u00fcssel"},"content":{"rendered":"<p>Hans H\u00f6gl- Medientipp angesichts der EU-Wahl<\/p>\n<p> NEUE KR\u00c4FTE F\u00dcR DIE EU.Junge Praktikanten in Br\u00fcssel.<br \/>\nReportage, Erstausstrahlung.Deutschland, 2019<\/p>\n<p>Sie sind jung, haben einen sicheren Job gek\u00fcndigt, um in Br\u00fcssel ein Praktikum von f\u00fcnf Monaten in den EU-Institutionen zu machen. Die EU ist f\u00fcr sie attraktiv, denn sie hat Macht und ist f\u00fcr die Karriere n\u00fctzlich. Mit der Schottin Rosie Birchard und dem Deutsch-Uruguayer Jeremy Dommnich schaut ARTE hinter die Kulissen der EU-Institutionen.<\/p>\n<p>19:40 \u2013 20:10, ARTE- 03.05. FREITAG<\/p>\n","protected":false},"excerpt":{"rendered":"<p>Hans H\u00f6gl- Medientipp angesichts der EU-Wahl NEUE KR\u00c4FTE F\u00dcR DIE EU.Junge Praktikanten in Br\u00fcssel. Reportage, Erstausstrahlung.Deutschland, 2019 Sie sind jung, haben einen sicheren Job gek\u00fcndigt, um in Br\u00fcssel ein Praktikum von f\u00fcnf Monaten in den EU-Institutionen zu machen. Die EU ist f\u00fcr sie attraktiv, denn sie hat Macht und ist f\u00fcr die Karriere n\u00fctzlich. Mit &hellip; <a href=\"https:\/\/www.medienkultur.at\/neu\/junge-praktikanten-in-bruessel\/\" class=\"more-link\"><span class=\"screen-reader-text\">Junge Praktikanten in Br\u00fcssel<\/span> weiterlesen <span class=\"meta-nav\">&rarr;<\/span><\/a><\/p>\n","protected":false},"author":1,"featured_media":0,"comment_status":"open","ping_status":"open","sticky":false,"template":"","format":"standard","meta":{"footnotes":""},"categories":[1,23],"tags":[477,1793,97,4187,4186],"class_list":["post-5848","post","type-post","status-publish","format-standard","hentry","category-allgemein","category-medienschmankerl","tag-arte","tag-bruessel","tag-eu","tag-hinter-den-kulissen-der-eu-behoerden","tag-praktikanten-erfahrung-der-eu-behoerden"],"yoast_head":"<!-- This site is optimized with the Yoast SEO plugin v27.4 - https:\/\/yoast.com\/product\/yoast-seo-wordpress\/ -->\n<title>Junge Praktikanten in Br\u00fcssel | Vereinigung f\u00fcr Medienkultur<\/title>\n<meta name=\"robots\" content=\"index, follow, max-snippet:-1, max-image-preview:large, max-video-preview:-1\" \/>\n<link rel=\"canonical\" href=\"https:\/\/www.medienkultur.at\/neu\/junge-praktikanten-in-bruessel\/\" \/>\n<meta property=\"og:locale\" content=\"de_DE\" \/>\n<meta property=\"og:type\" content=\"article\" \/>\n<meta property=\"og:title\" content=\"Junge Praktikanten in Br\u00fcssel | Vereinigung f\u00fcr Medienkultur\" \/>\n<meta property=\"og:description\" content=\"Hans H\u00f6gl- Medientipp angesichts der EU-Wahl NEUE KR\u00c4FTE F\u00dcR DIE EU.Junge Praktikanten in Br\u00fcssel. Reportage, Erstausstrahlung.Deutschland, 2019 Sie sind jung, haben einen sicheren Job gek\u00fcndigt, um in Br\u00fcssel ein Praktikum von f\u00fcnf Monaten in den EU-Institutionen zu machen. Die EU ist f\u00fcr sie attraktiv, denn sie hat Macht und ist f\u00fcr die Karriere n\u00fctzlich. Mit &hellip; Junge Praktikanten in Br\u00fcssel weiterlesen &rarr;\" \/>\n<meta property=\"og:url\" content=\"https:\/\/www.medienkultur.at\/neu\/junge-praktikanten-in-bruessel\/\" \/>\n<meta property=\"og:site_name\" content=\"Vereinigung f\u00fcr Medienkultur\" \/>\n<meta property=\"article:published_time\" content=\"2019-04-26T18:36:29+00:00\" \/>\n<meta property=\"article:modified_time\" content=\"2019-04-26T18:37:23+00:00\" \/>\n<meta name=\"author\" content=\"Hans H\u00f6gl\" \/>\n<meta name=\"twitter:card\" content=\"summary_large_image\" \/>\n<meta name=\"twitter:label1\" content=\"Verfasst von\" \/>\n\t<meta name=\"twitter:data1\" content=\"Hans H\u00f6gl\" \/>\n<script type=\"application\/ld+json\" class=\"yoast-schema-graph\">{\"@context\":\"https:\\\/\\\/schema.org\",\"@graph\":[{\"@type\":\"Article\",\"@id\":\"https:\\\/\\\/www.medienkultur.at\\\/neu\\\/junge-praktikanten-in-bruessel\\\/#article\",\"isPartOf\":{\"@id\":\"https:\\\/\\\/www.medienkultur.at\\\/neu\\\/junge-praktikanten-in-bruessel\\\/\"},\"author\":{\"name\":\"Hans H\u00f6gl\",\"@id\":\"https:\\\/\\\/www.medienkultur.at\\\/neu\\\/#\\\/schema\\\/person\\\/5307830ec125174672d8c9d829eeb256\"},\"headline\":\"Junge Praktikanten in Br\u00fcssel\",\"datePublished\":\"2019-04-26T18:36:29+00:00\",\"dateModified\":\"2019-04-26T18:37:23+00:00\",\"mainEntityOfPage\":{\"@id\":\"https:\\\/\\\/www.medienkultur.at\\\/neu\\\/junge-praktikanten-in-bruessel\\\/\"},\"wordCount\":89,\"commentCount\":0,\"keywords\":[\"ARTE\",\"Br\u00fcssel\",\"EU\",\"Hinter den Kulissen der EU-Beh\u00f6rden\",\"Praktikanten-Erfahrung der EU-Beh\u00f6rden\"],\"articleSection\":[\"J\u00dcNGSTE BEITR\u00c4GE\",\"Medienschmankerl\"],\"inLanguage\":\"de\",\"potentialAction\":[{\"@type\":\"CommentAction\",\"name\":\"Comment\",\"target\":[\"https:\\\/\\\/www.medienkultur.at\\\/neu\\\/junge-praktikanten-in-bruessel\\\/#respond\"]}]},{\"@type\":\"WebPage\",\"@id\":\"https:\\\/\\\/www.medienkultur.at\\\/neu\\\/junge-praktikanten-in-bruessel\\\/\",\"url\":\"https:\\\/\\\/www.medienkultur.at\\\/neu\\\/junge-praktikanten-in-bruessel\\\/\",\"name\":\"Junge Praktikanten in Br\u00fcssel | Vereinigung f\u00fcr Medienkultur\",\"isPartOf\":{\"@id\":\"https:\\\/\\\/www.medienkultur.at\\\/neu\\\/#website\"},\"datePublished\":\"2019-04-26T18:36:29+00:00\",\"dateModified\":\"2019-04-26T18:37:23+00:00\",\"author\":{\"@id\":\"https:\\\/\\\/www.medienkultur.at\\\/neu\\\/#\\\/schema\\\/person\\\/5307830ec125174672d8c9d829eeb256\"},\"breadcrumb\":{\"@id\":\"https:\\\/\\\/www.medienkultur.at\\\/neu\\\/junge-praktikanten-in-bruessel\\\/#breadcrumb\"},\"inLanguage\":\"de\",\"potentialAction\":[{\"@type\":\"ReadAction\",\"target\":[\"https:\\\/\\\/www.medienkultur.at\\\/neu\\\/junge-praktikanten-in-bruessel\\\/\"]}]},{\"@type\":\"BreadcrumbList\",\"@id\":\"https:\\\/\\\/www.medienkultur.at\\\/neu\\\/junge-praktikanten-in-bruessel\\\/#breadcrumb\",\"itemListElement\":[{\"@type\":\"ListItem\",\"position\":1,\"name\":\"Startseite\",\"item\":\"https:\\\/\\\/www.medienkultur.at\\\/neu\\\/\"},{\"@type\":\"ListItem\",\"position\":2,\"name\":\"Junge Praktikanten in Br\u00fcssel\"}]},{\"@type\":\"WebSite\",\"@id\":\"https:\\\/\\\/www.medienkultur.at\\\/neu\\\/#website\",\"url\":\"https:\\\/\\\/www.medienkultur.at\\\/neu\\\/\",\"name\":\"Vereinigung f\u00fcr Medienkultur\",\"description\":\"\",\"potentialAction\":[{\"@type\":\"SearchAction\",\"target\":{\"@type\":\"EntryPoint\",\"urlTemplate\":\"https:\\\/\\\/www.medienkultur.at\\\/neu\\\/?s={search_term_string}\"},\"query-input\":{\"@type\":\"PropertyValueSpecification\",\"valueRequired\":true,\"valueName\":\"search_term_string\"}}],\"inLanguage\":\"de\"},{\"@type\":\"Person\",\"@id\":\"https:\\\/\\\/www.medienkultur.at\\\/neu\\\/#\\\/schema\\\/person\\\/5307830ec125174672d8c9d829eeb256\",\"name\":\"Hans H\u00f6gl\"}]}<\/script>\n<!-- \/ Yoast SEO plugin. -->","yoast_head_json":{"title":"Junge Praktikanten in Br\u00fcssel | Vereinigung f\u00fcr Medienkultur","robots":{"index":"index","follow":"follow","max-snippet":"max-snippet:-1","max-image-preview":"max-image-preview:large","max-video-preview":"max-video-preview:-1"},"canonical":"https:\/\/www.medienkultur.at\/neu\/junge-praktikanten-in-bruessel\/","og_locale":"de_DE","og_type":"article","og_title":"Junge Praktikanten in Br\u00fcssel | Vereinigung f\u00fcr Medienkultur","og_description":"Hans H\u00f6gl- Medientipp angesichts der EU-Wahl NEUE KR\u00c4FTE F\u00dcR DIE EU.Junge Praktikanten in Br\u00fcssel. Reportage, Erstausstrahlung.Deutschland, 2019 Sie sind jung, haben einen sicheren Job gek\u00fcndigt, um in Br\u00fcssel ein Praktikum von f\u00fcnf Monaten in den EU-Institutionen zu machen. Die EU ist f\u00fcr sie attraktiv, denn sie hat Macht und ist f\u00fcr die Karriere n\u00fctzlich. Mit &hellip; Junge Praktikanten in Br\u00fcssel weiterlesen &rarr;","og_url":"https:\/\/www.medienkultur.at\/neu\/junge-praktikanten-in-bruessel\/","og_site_name":"Vereinigung f\u00fcr Medienkultur","article_published_time":"2019-04-26T18:36:29+00:00","article_modified_time":"2019-04-26T18:37:23+00:00","author":"Hans H\u00f6gl","twitter_card":"summary_large_image","twitter_misc":{"Verfasst von":"Hans H\u00f6gl"},"schema":{"@context":"https:\/\/schema.org","@graph":[{"@type":"Article","@id":"https:\/\/www.medienkultur.at\/neu\/junge-praktikanten-in-bruessel\/#article","isPartOf":{"@id":"https:\/\/www.medienkultur.at\/neu\/junge-praktikanten-in-bruessel\/"},"author":{"name":"Hans H\u00f6gl","@id":"https:\/\/www.medienkultur.at\/neu\/#\/schema\/person\/5307830ec125174672d8c9d829eeb256"},"headline":"Junge Praktikanten in Br\u00fcssel","datePublished":"2019-04-26T18:36:29+00:00","dateModified":"2019-04-26T18:37:23+00:00","mainEntityOfPage":{"@id":"https:\/\/www.medienkultur.at\/neu\/junge-praktikanten-in-bruessel\/"},"wordCount":89,"commentCount":0,"keywords":["ARTE","Br\u00fcssel","EU","Hinter den Kulissen der EU-Beh\u00f6rden","Praktikanten-Erfahrung der EU-Beh\u00f6rden"],"articleSection":["J\u00dcNGSTE BEITR\u00c4GE","Medienschmankerl"],"inLanguage":"de","potentialAction":[{"@type":"CommentAction","name":"Comment","target":["https:\/\/www.medienkultur.at\/neu\/junge-praktikanten-in-bruessel\/#respond"]}]},{"@type":"WebPage","@id":"https:\/\/www.medienkultur.at\/neu\/junge-praktikanten-in-bruessel\/","url":"https:\/\/www.medienkultur.at\/neu\/junge-praktikanten-in-bruessel\/","name":"Junge Praktikanten in Br\u00fcssel | Vereinigung f\u00fcr Medienkultur","isPartOf":{"@id":"https:\/\/www.medienkultur.at\/neu\/#website"},"datePublished":"2019-04-26T18:36:29+00:00","dateModified":"2019-04-26T18:37:23+00:00","author":{"@id":"https:\/\/www.medienkultur.at\/neu\/#\/schema\/person\/5307830ec125174672d8c9d829eeb256"},"breadcrumb":{"@id":"https:\/\/www.medienkultur.at\/neu\/junge-praktikanten-in-bruessel\/#breadcrumb"},"inLanguage":"de","potentialAction":[{"@type":"ReadAction","target":["https:\/\/www.medienkultur.at\/neu\/junge-praktikanten-in-bruessel\/"]}]},{"@type":"BreadcrumbList","@id":"https:\/\/www.medienkultur.at\/neu\/junge-praktikanten-in-bruessel\/#breadcrumb","itemListElement":[{"@type":"ListItem","position":1,"name":"Startseite","item":"https:\/\/www.medienkultur.at\/neu\/"},{"@type":"ListItem","position":2,"name":"Junge Praktikanten in Br\u00fcssel"}]},{"@type":"WebSite","@id":"https:\/\/www.medienkultur.at\/neu\/#website","url":"https:\/\/www.medienkultur.at\/neu\/","name":"Vereinigung f\u00fcr Medienkultur","description":"","potentialAction":[{"@type":"SearchAction","target":{"@type":"EntryPoint","urlTemplate":"https:\/\/www.medienkultur.at\/neu\/?s={search_term_string}"},"query-input":{"@type":"PropertyValueSpecification","valueRequired":true,"valueName":"search_term_string"}}],"inLanguage":"de"},{"@type":"Person","@id":"https:\/\/www.medienkultur.at\/neu\/#\/schema\/person\/5307830ec125174672d8c9d829eeb256","name":"Hans H\u00f6gl"}]}},"_links":{"self":[{"href":"https:\/\/www.medienkultur.at\/neu\/wp-json\/wp\/v2\/posts\/5848","targetHints":{"allow":["GET"]}}],"collection":[{"href":"https:\/\/www.medienkultur.at\/neu\/wp-json\/wp\/v2\/posts"}],"about":[{"href":"https:\/\/www.medienkultur.at\/neu\/wp-json\/wp\/v2\/types\/post"}],"author":[{"embeddable":true,"href":"https:\/\/www.medienkultur.at\/neu\/wp-json\/wp\/v2\/users\/1"}],"replies":[{"embeddable":true,"href":"https:\/\/www.medienkultur.at\/neu\/wp-json\/wp\/v2\/comments?post=5848"}],"version-history":[{"count":1,"href":"https:\/\/www.medienkultur.at\/neu\/wp-json\/wp\/v2\/posts\/5848\/revisions"}],"predecessor-version":[{"id":5849,"href":"https:\/\/www.medienkultur.at\/neu\/wp-json\/wp\/v2\/posts\/5848\/revisions\/5849"}],"wp:attachment":[{"href":"https:\/\/www.medienkultur.at\/neu\/wp-json\/wp\/v2\/media?parent=5848"}],"wp:term":[{"taxonomy":"category","embeddable":true,"href":"https:\/\/www.medienkultur.at\/neu\/wp-json\/wp\/v2\/categories?post=5848"},{"taxonomy":"post_tag","embeddable":true,"href":"https:\/\/www.medienkultur.at\/neu\/wp-json\/wp\/v2\/tags?post=5848"}],"curies":[{"name":"wp","href":"https:\/\/api.w.org\/{rel}","templated":true}]}}