{"id":5791,"date":"2019-04-23T16:35:38","date_gmt":"2019-04-23T15:35:38","guid":{"rendered":"http:\/\/www.medienkultur.at\/neu\/?p=5791"},"modified":"2019-04-23T16:46:10","modified_gmt":"2019-04-23T15:46:10","slug":"wie-politik-und-medien-unsere-werte-verraten","status":"publish","type":"post","link":"https:\/\/www.medienkultur.at\/neu\/wie-politik-und-medien-unsere-werte-verraten\/","title":{"rendered":"Wie Politik und Medien unsere Werte verraten"},"content":{"rendered":"<p>\u201eDie gro\u00dfe Heuchelei. Wie Politik und Medien unsere Werte verraten\u201c ist der Titel eines neuen Buches von J\u00fcrgen Todenh\u00f6fer. Eine Buchempfehlung.<\/p>\n<p>Udo Bachmair<\/p>\n<p>Der Kern des Buches umfasst das Thema Krieg und Frieden und die Rolle des Westens. Dieser m\u00fcsse eine vermittelnde Rolle spielen. Viel mehr als heute. So sollten wir die westliche Partnerschaft durch eine strategische Partnerschaft mit Russland erg\u00e4nzen, meint der Autor. Im Sinne eines dauerhaften Friedens in Europa.<br \/>\nEs geht in der bemerkenswerten Neuerscheinung zudem um die perfekte propagandistische F\u00e4higkeit des Westens, Gewalt und Krieg gegen andere V\u00f6lker in \u201eedle Worte\u201c verpackt zu haben, wie etwa Freiheit, Humanit\u00e4t, Christianisierung, etc..  <\/p>\n<p>J\u00fcrgen Todenh\u00f6fers j\u00fcngstes Werk zeichnet sich durch eine schn\u00f6rkellose Darstellung aus: \u201eImmer wenn man t\u00f6tete, sagte man: \u201aDas ist eine humanit\u00e4re Aktion\u2018\u201c. Wenn wir von \u201ehumanit\u00e4ren Kriegen\u201c sprechen, w\u00e4re die laut Todenh\u00f6fer korrekte \u00dcbersetzung: \u201eHumanes Totschlagen\u201c.<\/p>\n<p>Albrecht M\u00fcller hat f\u00fcr die \u201eNachDenkSeiten\u201c (www.nachdenkseiten.de) ein Gespr\u00e4ch mit J\u00fcrgen Todenh\u00f6fer \u00fcber dessen Buch gef\u00fchrt. Hier ein kurzer Ausschnitt :<\/p>\n<p>Erl\u00e4utern Sie bitte die Begr\u00fcndung f\u00fcr den harten Titel Ihres Buches:<\/p>\n<p>J\u00fcrgen Todenh\u00f6fer:<br \/>\nDas ist der Versuch, die Geschichte des Aufstiegs der Europ\u00e4er und der Amerikaner in den letzten 500 Jahren ehrlich zu beschreiben. Und ich glaube, dass diese Geschichte der europ\u00e4isch-amerikanischen Zivilisation umgeschrieben werden muss: wir, die Europ\u00e4er und die Amerikaner haben die Welt ja nicht durch, wie wir immer sagen, durch unsere Werte und durch besondere Genialit\u00e4t der sogenannten wei\u00dfen Rasse erobert, sondern durch eine grenzenlose Brutalit\u00e4t, die wir aber, und es gab auch andere brutale Weltm\u00e4chte in der Geschichte der Menschheit, die wir aber, und das unterscheidet uns von anderen Gro\u00dfm\u00e4chten, systematisch in edle Worte und edle Werte verpackt haben. Freiheit, Gleichheit, Br\u00fcderlichkeit, Christianisierung, Zivilisierung und so weiter.<\/p>\n<p>Also, wir waren schon immer gro\u00dfe Propagandisten?<\/p>\n<p>J\u00fcrgen Todenh\u00f6fer:<br \/>\nJa, ich glaube, dass der Mensch dazu neigt, und ich schlie\u00dfe mich davon nicht aus, das, was er tut, nicht im schlechtesten Licht, sondern in einem m\u00f6glichst positiven Licht zu zeigen. Und auch andere Gro\u00dfm\u00e4chte haben das versucht. Die R\u00f6mer haben angeblich immer nur gerechte Kriege gef\u00fchrt. Aber es gibt in der Geschichte der Menschheit keine einzige Gro\u00dfmacht, die die Chuzpe gehabt hat, das T\u00f6ten, das massenhafte T\u00f6ten von Menschen als humanit\u00e4re Handlung darzustellen.<\/p>\n<p>Das ist offensichtlich eine gewaltige \u201eLeistung\u201c.<\/p>\n<p>J\u00fcrgen Todenh\u00f6fer<\/p>\n<p>Das ist eine riesige Leistung, vor allem, wenn man an das Unrecht denkt in diesen 500 Jahren. Ich starte mal den Aufstieg der westlichen, der europ\u00e4isch-amerikanischen Zivilisation mit Kolumbus, weil das auch dasselbe Jahr ist, als die islamische Hochkultur, die 800 Jahre dauerte, in Granada unterging. Wir haben seitdem weit \u00fcber 100 Millionen massakriert, ganze V\u00f6lker ausgerottet.<\/p>\n","protected":false},"excerpt":{"rendered":"<p>\u201eDie gro\u00dfe Heuchelei. Wie Politik und Medien unsere Werte verraten\u201c ist der Titel eines neuen Buches von J\u00fcrgen Todenh\u00f6fer. Eine Buchempfehlung. Udo Bachmair Der Kern des Buches umfasst das Thema Krieg und Frieden und die Rolle des Westens. Dieser m\u00fcsse eine vermittelnde Rolle spielen. Viel mehr als heute. So sollten wir die westliche Partnerschaft durch &hellip; <a href=\"https:\/\/www.medienkultur.at\/neu\/wie-politik-und-medien-unsere-werte-verraten\/\" class=\"more-link\"><span class=\"screen-reader-text\">Wie Politik und Medien unsere Werte verraten<\/span> weiterlesen <span class=\"meta-nav\">&rarr;<\/span><\/a><\/p>\n","protected":false},"author":1,"featured_media":0,"comment_status":"open","ping_status":"open","sticky":false,"template":"","format":"standard","meta":{"footnotes":""},"categories":[9,1,12,11,18,10,20],"tags":[4152,4154,4150,369,4155,4151,4156,637,4158,4157,660,4153,368,122],"class_list":["post-5791","post","type-post","status-publish","format-standard","hentry","category-berichte_analysen","category-allgemein","category-medien_bildung_religion","category-medien_politik_wirtschaft","category-medienkompetenz","category-medienkritik","category-medienverantwortung_medienrecht","tag-bruederlichkeit","tag-buchempfehlung","tag-die-grosse-heuchelei","tag-freiheit","tag-geschichte-der-menschheit","tag-gleichheit","tag-humanitaere-aktion","tag-juergen-todenhoefer","tag-krieg-und-frieden","tag-nachdenkseiten","tag-politik-und-medien","tag-propagandisten","tag-werte","tag-westen"],"yoast_head":"<!-- This site is optimized with the Yoast SEO plugin v27.4 - https:\/\/yoast.com\/product\/yoast-seo-wordpress\/ -->\n<title>Wie Politik und Medien unsere Werte verraten | Vereinigung f\u00fcr Medienkultur<\/title>\n<meta name=\"robots\" content=\"index, follow, max-snippet:-1, max-image-preview:large, max-video-preview:-1\" \/>\n<link rel=\"canonical\" href=\"https:\/\/www.medienkultur.at\/neu\/wie-politik-und-medien-unsere-werte-verraten\/\" \/>\n<meta property=\"og:locale\" content=\"de_DE\" \/>\n<meta property=\"og:type\" content=\"article\" \/>\n<meta property=\"og:title\" content=\"Wie Politik und Medien unsere Werte verraten | Vereinigung f\u00fcr Medienkultur\" \/>\n<meta property=\"og:description\" content=\"\u201eDie gro\u00dfe Heuchelei. Wie Politik und Medien unsere Werte verraten\u201c ist der Titel eines neuen Buches von J\u00fcrgen Todenh\u00f6fer. Eine Buchempfehlung. Udo Bachmair Der Kern des Buches umfasst das Thema Krieg und Frieden und die Rolle des Westens. Dieser m\u00fcsse eine vermittelnde Rolle spielen. Viel mehr als heute. So sollten wir die westliche Partnerschaft durch &hellip; Wie Politik und Medien unsere Werte verraten weiterlesen &rarr;\" \/>\n<meta property=\"og:url\" content=\"https:\/\/www.medienkultur.at\/neu\/wie-politik-und-medien-unsere-werte-verraten\/\" \/>\n<meta property=\"og:site_name\" content=\"Vereinigung f\u00fcr Medienkultur\" \/>\n<meta property=\"article:published_time\" content=\"2019-04-23T15:35:38+00:00\" \/>\n<meta property=\"article:modified_time\" content=\"2019-04-23T15:46:10+00:00\" \/>\n<meta name=\"author\" content=\"Hans H\u00f6gl\" \/>\n<meta name=\"twitter:card\" content=\"summary_large_image\" \/>\n<meta name=\"twitter:label1\" content=\"Verfasst von\" \/>\n\t<meta name=\"twitter:data1\" content=\"Hans H\u00f6gl\" \/>\n\t<meta name=\"twitter:label2\" content=\"Gesch\u00e4tzte Lesezeit\" \/>\n\t<meta name=\"twitter:data2\" content=\"2\u00a0Minuten\" \/>\n<script type=\"application\/ld+json\" class=\"yoast-schema-graph\">{\"@context\":\"https:\\\/\\\/schema.org\",\"@graph\":[{\"@type\":\"Article\",\"@id\":\"https:\\\/\\\/www.medienkultur.at\\\/neu\\\/wie-politik-und-medien-unsere-werte-verraten\\\/#article\",\"isPartOf\":{\"@id\":\"https:\\\/\\\/www.medienkultur.at\\\/neu\\\/wie-politik-und-medien-unsere-werte-verraten\\\/\"},\"author\":{\"name\":\"Hans H\u00f6gl\",\"@id\":\"https:\\\/\\\/www.medienkultur.at\\\/neu\\\/#\\\/schema\\\/person\\\/5307830ec125174672d8c9d829eeb256\"},\"headline\":\"Wie Politik und Medien unsere Werte verraten\",\"datePublished\":\"2019-04-23T15:35:38+00:00\",\"dateModified\":\"2019-04-23T15:46:10+00:00\",\"mainEntityOfPage\":{\"@id\":\"https:\\\/\\\/www.medienkultur.at\\\/neu\\\/wie-politik-und-medien-unsere-werte-verraten\\\/\"},\"wordCount\":488,\"commentCount\":0,\"keywords\":[\"Br\u00fcderlichkeit\",\"Buchempfehlung\",\"die gro\u00dfe Heuchelei\",\"Freiheit\",\"Geschichte der Menschheit\",\"Gleichheit\",\"humanit\u00e4re Aktion\",\"J\u00fcrgen Todenh\u00f6fer\",\"Krieg und Frieden\",\"Nachdenkseiten\",\"Politik und Medien\",\"Propagandisten\",\"Werte\",\"Westen\"],\"articleSection\":[\"BERICHTE \\\/ ANALYSEN\",\"J\u00dcNGSTE BEITR\u00c4GE\",\"Medien und Bildung \\\/ Religion\",\"Medien und Politik \\\/ Wirtschaft\",\"Medienkompetenz\",\"Medienkritik\",\"Medienverantwortung \\\/ Medienrecht\"],\"inLanguage\":\"de\",\"potentialAction\":[{\"@type\":\"CommentAction\",\"name\":\"Comment\",\"target\":[\"https:\\\/\\\/www.medienkultur.at\\\/neu\\\/wie-politik-und-medien-unsere-werte-verraten\\\/#respond\"]}]},{\"@type\":\"WebPage\",\"@id\":\"https:\\\/\\\/www.medienkultur.at\\\/neu\\\/wie-politik-und-medien-unsere-werte-verraten\\\/\",\"url\":\"https:\\\/\\\/www.medienkultur.at\\\/neu\\\/wie-politik-und-medien-unsere-werte-verraten\\\/\",\"name\":\"Wie Politik und Medien unsere Werte verraten | Vereinigung f\u00fcr Medienkultur\",\"isPartOf\":{\"@id\":\"https:\\\/\\\/www.medienkultur.at\\\/neu\\\/#website\"},\"datePublished\":\"2019-04-23T15:35:38+00:00\",\"dateModified\":\"2019-04-23T15:46:10+00:00\",\"author\":{\"@id\":\"https:\\\/\\\/www.medienkultur.at\\\/neu\\\/#\\\/schema\\\/person\\\/5307830ec125174672d8c9d829eeb256\"},\"breadcrumb\":{\"@id\":\"https:\\\/\\\/www.medienkultur.at\\\/neu\\\/wie-politik-und-medien-unsere-werte-verraten\\\/#breadcrumb\"},\"inLanguage\":\"de\",\"potentialAction\":[{\"@type\":\"ReadAction\",\"target\":[\"https:\\\/\\\/www.medienkultur.at\\\/neu\\\/wie-politik-und-medien-unsere-werte-verraten\\\/\"]}]},{\"@type\":\"BreadcrumbList\",\"@id\":\"https:\\\/\\\/www.medienkultur.at\\\/neu\\\/wie-politik-und-medien-unsere-werte-verraten\\\/#breadcrumb\",\"itemListElement\":[{\"@type\":\"ListItem\",\"position\":1,\"name\":\"Startseite\",\"item\":\"https:\\\/\\\/www.medienkultur.at\\\/neu\\\/\"},{\"@type\":\"ListItem\",\"position\":2,\"name\":\"Wie Politik und Medien unsere Werte verraten\"}]},{\"@type\":\"WebSite\",\"@id\":\"https:\\\/\\\/www.medienkultur.at\\\/neu\\\/#website\",\"url\":\"https:\\\/\\\/www.medienkultur.at\\\/neu\\\/\",\"name\":\"Vereinigung f\u00fcr Medienkultur\",\"description\":\"\",\"potentialAction\":[{\"@type\":\"SearchAction\",\"target\":{\"@type\":\"EntryPoint\",\"urlTemplate\":\"https:\\\/\\\/www.medienkultur.at\\\/neu\\\/?s={search_term_string}\"},\"query-input\":{\"@type\":\"PropertyValueSpecification\",\"valueRequired\":true,\"valueName\":\"search_term_string\"}}],\"inLanguage\":\"de\"},{\"@type\":\"Person\",\"@id\":\"https:\\\/\\\/www.medienkultur.at\\\/neu\\\/#\\\/schema\\\/person\\\/5307830ec125174672d8c9d829eeb256\",\"name\":\"Hans H\u00f6gl\"}]}<\/script>\n<!-- \/ Yoast SEO plugin. -->","yoast_head_json":{"title":"Wie Politik und Medien unsere Werte verraten | Vereinigung f\u00fcr Medienkultur","robots":{"index":"index","follow":"follow","max-snippet":"max-snippet:-1","max-image-preview":"max-image-preview:large","max-video-preview":"max-video-preview:-1"},"canonical":"https:\/\/www.medienkultur.at\/neu\/wie-politik-und-medien-unsere-werte-verraten\/","og_locale":"de_DE","og_type":"article","og_title":"Wie Politik und Medien unsere Werte verraten | Vereinigung f\u00fcr Medienkultur","og_description":"\u201eDie gro\u00dfe Heuchelei. Wie Politik und Medien unsere Werte verraten\u201c ist der Titel eines neuen Buches von J\u00fcrgen Todenh\u00f6fer. Eine Buchempfehlung. Udo Bachmair Der Kern des Buches umfasst das Thema Krieg und Frieden und die Rolle des Westens. Dieser m\u00fcsse eine vermittelnde Rolle spielen. Viel mehr als heute. So sollten wir die westliche Partnerschaft durch &hellip; Wie Politik und Medien unsere Werte verraten weiterlesen &rarr;","og_url":"https:\/\/www.medienkultur.at\/neu\/wie-politik-und-medien-unsere-werte-verraten\/","og_site_name":"Vereinigung f\u00fcr Medienkultur","article_published_time":"2019-04-23T15:35:38+00:00","article_modified_time":"2019-04-23T15:46:10+00:00","author":"Hans H\u00f6gl","twitter_card":"summary_large_image","twitter_misc":{"Verfasst von":"Hans H\u00f6gl","Gesch\u00e4tzte Lesezeit":"2\u00a0Minuten"},"schema":{"@context":"https:\/\/schema.org","@graph":[{"@type":"Article","@id":"https:\/\/www.medienkultur.at\/neu\/wie-politik-und-medien-unsere-werte-verraten\/#article","isPartOf":{"@id":"https:\/\/www.medienkultur.at\/neu\/wie-politik-und-medien-unsere-werte-verraten\/"},"author":{"name":"Hans H\u00f6gl","@id":"https:\/\/www.medienkultur.at\/neu\/#\/schema\/person\/5307830ec125174672d8c9d829eeb256"},"headline":"Wie Politik und Medien unsere Werte verraten","datePublished":"2019-04-23T15:35:38+00:00","dateModified":"2019-04-23T15:46:10+00:00","mainEntityOfPage":{"@id":"https:\/\/www.medienkultur.at\/neu\/wie-politik-und-medien-unsere-werte-verraten\/"},"wordCount":488,"commentCount":0,"keywords":["Br\u00fcderlichkeit","Buchempfehlung","die gro\u00dfe Heuchelei","Freiheit","Geschichte der Menschheit","Gleichheit","humanit\u00e4re Aktion","J\u00fcrgen Todenh\u00f6fer","Krieg und Frieden","Nachdenkseiten","Politik und Medien","Propagandisten","Werte","Westen"],"articleSection":["BERICHTE \/ ANALYSEN","J\u00dcNGSTE BEITR\u00c4GE","Medien und Bildung \/ Religion","Medien und Politik \/ Wirtschaft","Medienkompetenz","Medienkritik","Medienverantwortung \/ Medienrecht"],"inLanguage":"de","potentialAction":[{"@type":"CommentAction","name":"Comment","target":["https:\/\/www.medienkultur.at\/neu\/wie-politik-und-medien-unsere-werte-verraten\/#respond"]}]},{"@type":"WebPage","@id":"https:\/\/www.medienkultur.at\/neu\/wie-politik-und-medien-unsere-werte-verraten\/","url":"https:\/\/www.medienkultur.at\/neu\/wie-politik-und-medien-unsere-werte-verraten\/","name":"Wie Politik und Medien unsere Werte verraten | Vereinigung f\u00fcr Medienkultur","isPartOf":{"@id":"https:\/\/www.medienkultur.at\/neu\/#website"},"datePublished":"2019-04-23T15:35:38+00:00","dateModified":"2019-04-23T15:46:10+00:00","author":{"@id":"https:\/\/www.medienkultur.at\/neu\/#\/schema\/person\/5307830ec125174672d8c9d829eeb256"},"breadcrumb":{"@id":"https:\/\/www.medienkultur.at\/neu\/wie-politik-und-medien-unsere-werte-verraten\/#breadcrumb"},"inLanguage":"de","potentialAction":[{"@type":"ReadAction","target":["https:\/\/www.medienkultur.at\/neu\/wie-politik-und-medien-unsere-werte-verraten\/"]}]},{"@type":"BreadcrumbList","@id":"https:\/\/www.medienkultur.at\/neu\/wie-politik-und-medien-unsere-werte-verraten\/#breadcrumb","itemListElement":[{"@type":"ListItem","position":1,"name":"Startseite","item":"https:\/\/www.medienkultur.at\/neu\/"},{"@type":"ListItem","position":2,"name":"Wie Politik und Medien unsere Werte verraten"}]},{"@type":"WebSite","@id":"https:\/\/www.medienkultur.at\/neu\/#website","url":"https:\/\/www.medienkultur.at\/neu\/","name":"Vereinigung f\u00fcr Medienkultur","description":"","potentialAction":[{"@type":"SearchAction","target":{"@type":"EntryPoint","urlTemplate":"https:\/\/www.medienkultur.at\/neu\/?s={search_term_string}"},"query-input":{"@type":"PropertyValueSpecification","valueRequired":true,"valueName":"search_term_string"}}],"inLanguage":"de"},{"@type":"Person","@id":"https:\/\/www.medienkultur.at\/neu\/#\/schema\/person\/5307830ec125174672d8c9d829eeb256","name":"Hans H\u00f6gl"}]}},"_links":{"self":[{"href":"https:\/\/www.medienkultur.at\/neu\/wp-json\/wp\/v2\/posts\/5791","targetHints":{"allow":["GET"]}}],"collection":[{"href":"https:\/\/www.medienkultur.at\/neu\/wp-json\/wp\/v2\/posts"}],"about":[{"href":"https:\/\/www.medienkultur.at\/neu\/wp-json\/wp\/v2\/types\/post"}],"author":[{"embeddable":true,"href":"https:\/\/www.medienkultur.at\/neu\/wp-json\/wp\/v2\/users\/1"}],"replies":[{"embeddable":true,"href":"https:\/\/www.medienkultur.at\/neu\/wp-json\/wp\/v2\/comments?post=5791"}],"version-history":[{"count":3,"href":"https:\/\/www.medienkultur.at\/neu\/wp-json\/wp\/v2\/posts\/5791\/revisions"}],"predecessor-version":[{"id":5794,"href":"https:\/\/www.medienkultur.at\/neu\/wp-json\/wp\/v2\/posts\/5791\/revisions\/5794"}],"wp:attachment":[{"href":"https:\/\/www.medienkultur.at\/neu\/wp-json\/wp\/v2\/media?parent=5791"}],"wp:term":[{"taxonomy":"category","embeddable":true,"href":"https:\/\/www.medienkultur.at\/neu\/wp-json\/wp\/v2\/categories?post=5791"},{"taxonomy":"post_tag","embeddable":true,"href":"https:\/\/www.medienkultur.at\/neu\/wp-json\/wp\/v2\/tags?post=5791"}],"curies":[{"name":"wp","href":"https:\/\/api.w.org\/{rel}","templated":true}]}}