{"id":5599,"date":"2019-03-20T10:53:25","date_gmt":"2019-03-20T09:53:25","guid":{"rendered":"http:\/\/www.medienkultur.at\/neu\/?p=5599"},"modified":"2019-03-20T10:53:25","modified_gmt":"2019-03-20T09:53:25","slug":"klimawandel-wenige-gute-infos-in-medien","status":"publish","type":"post","link":"https:\/\/www.medienkultur.at\/neu\/klimawandel-wenige-gute-infos-in-medien\/","title":{"rendered":"Klimawandel &#8211; wenige gute Infos in Medien"},"content":{"rendered":"<p>Gastbeitrag:  Dipl.-Ing. Marion Jaros<br \/>\nWiener Umweltanwaltschaft<br \/>\nMuthgasse 62 <\/p>\n<p>Liebe Klimaschutz-Bewegte!<\/p>\n<p>Die Medien bringen immer noch verh\u00e4ltnism\u00e4\u00dfig wenig gute Informationssendungen zum Klimawandel. Viel zu wenige Menschen wissen deshalb \u00fcber die tats\u00e4chliche Gef\u00e4hrlichkeit des Klimawandels und sein immer rascheres Fortschreiten ausreichend Bescheid.<\/p>\n<p>Da Bilder der Bev\u00f6lkerung oft mehr sagen als Zahlen und wissenschaftliche Grafiken, sende ich Ihnen anbei den Sharepoint-Link eines Lehrers, von dem aus man aktuelle Dokumentationen \u00fcber das Fortschreiten des Klimawandels in verschiedenen L\u00e4ndern und den Einfluss des Klimawandels auf die Menschheitsgeschichte anschauen und auch downloaden kann.<\/p>\n<p>https:\/\/hblva17-my.sharepoint.com\/:f:\/g\/personal\/michael_kraus_hblva17_ac_at\/Eh8ExnzgTEBHluX_gqFSRT4BMng5yrzTf_NzWSOKPxp_Gg?e=eXbGVq<\/p>\n<p>Zus\u00e4tzlich noch ein informatives 4 min Video zum Jetstream aus den deutschen Wetternachrichten, wo man sieht, dass auch die Nordhalbkugel stark vom Klimawandel betroffen ist:<br \/>\nhttps:\/\/www.daserste.de\/information\/nachrichten-wetter\/wetter\/videos\/klimawandel-braende-kalifornien-regen-italien-100.html?fbclid=IwAR3WdaCXa8335ZkpAZxe-51I_qO8gXzrhOVjMXbL-Swec7wiGqnPa38SB58<\/p>\n","protected":false},"excerpt":{"rendered":"<p>Gastbeitrag: Dipl.-Ing. Marion Jaros Wiener Umweltanwaltschaft Muthgasse 62 Liebe Klimaschutz-Bewegte! Die Medien bringen immer noch verh\u00e4ltnism\u00e4\u00dfig wenig gute Informationssendungen zum Klimawandel. Viel zu wenige Menschen wissen deshalb \u00fcber die tats\u00e4chliche Gef\u00e4hrlichkeit des Klimawandels und sein immer rascheres Fortschreiten ausreichend Bescheid. Da Bilder der Bev\u00f6lkerung oft mehr sagen als Zahlen und wissenschaftliche Grafiken, sende ich Ihnen &hellip; <a href=\"https:\/\/www.medienkultur.at\/neu\/klimawandel-wenige-gute-infos-in-medien\/\" class=\"more-link\"><span class=\"screen-reader-text\">Klimawandel &#8211; wenige gute Infos in Medien<\/span> weiterlesen <span class=\"meta-nav\">&rarr;<\/span><\/a><\/p>\n","protected":false},"author":1,"featured_media":0,"comment_status":"open","ping_status":"open","sticky":false,"template":"","format":"standard","meta":{"footnotes":""},"categories":[15,1,12],"tags":[363,312,3969],"class_list":["post-5599","post","type-post","status-publish","format-standard","hentry","category-gastbeitraege","category-allgemein","category-medien_bildung_religion","tag-klimawandel","tag-medientipp","tag-winer-umweltanwaltschaft"],"yoast_head":"<!-- This site is optimized with the Yoast SEO plugin v27.5 - https:\/\/yoast.com\/product\/yoast-seo-wordpress\/ -->\n<title>Klimawandel - wenige gute Infos in Medien | Vereinigung f\u00fcr Medienkultur<\/title>\n<meta name=\"robots\" content=\"index, follow, max-snippet:-1, max-image-preview:large, max-video-preview:-1\" \/>\n<link rel=\"canonical\" href=\"https:\/\/www.medienkultur.at\/neu\/klimawandel-wenige-gute-infos-in-medien\/\" \/>\n<meta property=\"og:locale\" content=\"de_DE\" \/>\n<meta property=\"og:type\" content=\"article\" \/>\n<meta property=\"og:title\" content=\"Klimawandel - wenige gute Infos in Medien | Vereinigung f\u00fcr Medienkultur\" \/>\n<meta property=\"og:description\" content=\"Gastbeitrag: Dipl.-Ing. Marion Jaros Wiener Umweltanwaltschaft Muthgasse 62 Liebe Klimaschutz-Bewegte! Die Medien bringen immer noch verh\u00e4ltnism\u00e4\u00dfig wenig gute Informationssendungen zum Klimawandel. Viel zu wenige Menschen wissen deshalb \u00fcber die tats\u00e4chliche Gef\u00e4hrlichkeit des Klimawandels und sein immer rascheres Fortschreiten ausreichend Bescheid. Da Bilder der Bev\u00f6lkerung oft mehr sagen als Zahlen und wissenschaftliche Grafiken, sende ich Ihnen &hellip; Klimawandel &#8211; wenige gute Infos in Medien weiterlesen &rarr;\" \/>\n<meta property=\"og:url\" content=\"https:\/\/www.medienkultur.at\/neu\/klimawandel-wenige-gute-infos-in-medien\/\" \/>\n<meta property=\"og:site_name\" content=\"Vereinigung f\u00fcr Medienkultur\" \/>\n<meta property=\"article:published_time\" content=\"2019-03-20T09:53:25+00:00\" \/>\n<meta name=\"author\" content=\"Hans H\u00f6gl\" \/>\n<meta name=\"twitter:card\" content=\"summary_large_image\" \/>\n<meta name=\"twitter:label1\" content=\"Verfasst von\" \/>\n\t<meta name=\"twitter:data1\" content=\"Hans H\u00f6gl\" \/>\n\t<meta name=\"twitter:label2\" content=\"Gesch\u00e4tzte Lesezeit\" \/>\n\t<meta name=\"twitter:data2\" content=\"1\u00a0Minute\" \/>\n<script type=\"application\/ld+json\" class=\"yoast-schema-graph\">{\"@context\":\"https:\\\/\\\/schema.org\",\"@graph\":[{\"@type\":\"Article\",\"@id\":\"https:\\\/\\\/www.medienkultur.at\\\/neu\\\/klimawandel-wenige-gute-infos-in-medien\\\/#article\",\"isPartOf\":{\"@id\":\"https:\\\/\\\/www.medienkultur.at\\\/neu\\\/klimawandel-wenige-gute-infos-in-medien\\\/\"},\"author\":{\"name\":\"Hans H\u00f6gl\",\"@id\":\"https:\\\/\\\/www.medienkultur.at\\\/neu\\\/#\\\/schema\\\/person\\\/5307830ec125174672d8c9d829eeb256\"},\"headline\":\"Klimawandel &#8211; wenige gute Infos in Medien\",\"datePublished\":\"2019-03-20T09:53:25+00:00\",\"mainEntityOfPage\":{\"@id\":\"https:\\\/\\\/www.medienkultur.at\\\/neu\\\/klimawandel-wenige-gute-infos-in-medien\\\/\"},\"wordCount\":166,\"commentCount\":0,\"keywords\":[\"Klimawandel\",\"Medientipp\",\"Winer Umweltanwaltschaft\"],\"articleSection\":[\"Gastbeitr\u00e4ge\",\"J\u00dcNGSTE BEITR\u00c4GE\",\"Medien und Bildung \\\/ Religion\"],\"inLanguage\":\"de\",\"potentialAction\":[{\"@type\":\"CommentAction\",\"name\":\"Comment\",\"target\":[\"https:\\\/\\\/www.medienkultur.at\\\/neu\\\/klimawandel-wenige-gute-infos-in-medien\\\/#respond\"]}]},{\"@type\":\"WebPage\",\"@id\":\"https:\\\/\\\/www.medienkultur.at\\\/neu\\\/klimawandel-wenige-gute-infos-in-medien\\\/\",\"url\":\"https:\\\/\\\/www.medienkultur.at\\\/neu\\\/klimawandel-wenige-gute-infos-in-medien\\\/\",\"name\":\"Klimawandel - wenige gute Infos in Medien | Vereinigung f\u00fcr Medienkultur\",\"isPartOf\":{\"@id\":\"https:\\\/\\\/www.medienkultur.at\\\/neu\\\/#website\"},\"datePublished\":\"2019-03-20T09:53:25+00:00\",\"author\":{\"@id\":\"https:\\\/\\\/www.medienkultur.at\\\/neu\\\/#\\\/schema\\\/person\\\/5307830ec125174672d8c9d829eeb256\"},\"breadcrumb\":{\"@id\":\"https:\\\/\\\/www.medienkultur.at\\\/neu\\\/klimawandel-wenige-gute-infos-in-medien\\\/#breadcrumb\"},\"inLanguage\":\"de\",\"potentialAction\":[{\"@type\":\"ReadAction\",\"target\":[\"https:\\\/\\\/www.medienkultur.at\\\/neu\\\/klimawandel-wenige-gute-infos-in-medien\\\/\"]}]},{\"@type\":\"BreadcrumbList\",\"@id\":\"https:\\\/\\\/www.medienkultur.at\\\/neu\\\/klimawandel-wenige-gute-infos-in-medien\\\/#breadcrumb\",\"itemListElement\":[{\"@type\":\"ListItem\",\"position\":1,\"name\":\"Startseite\",\"item\":\"https:\\\/\\\/www.medienkultur.at\\\/neu\\\/\"},{\"@type\":\"ListItem\",\"position\":2,\"name\":\"Klimawandel &#8211; wenige gute Infos in Medien\"}]},{\"@type\":\"WebSite\",\"@id\":\"https:\\\/\\\/www.medienkultur.at\\\/neu\\\/#website\",\"url\":\"https:\\\/\\\/www.medienkultur.at\\\/neu\\\/\",\"name\":\"Vereinigung f\u00fcr Medienkultur\",\"description\":\"\",\"potentialAction\":[{\"@type\":\"SearchAction\",\"target\":{\"@type\":\"EntryPoint\",\"urlTemplate\":\"https:\\\/\\\/www.medienkultur.at\\\/neu\\\/?s={search_term_string}\"},\"query-input\":{\"@type\":\"PropertyValueSpecification\",\"valueRequired\":true,\"valueName\":\"search_term_string\"}}],\"inLanguage\":\"de\"},{\"@type\":\"Person\",\"@id\":\"https:\\\/\\\/www.medienkultur.at\\\/neu\\\/#\\\/schema\\\/person\\\/5307830ec125174672d8c9d829eeb256\",\"name\":\"Hans H\u00f6gl\"}]}<\/script>\n<!-- \/ Yoast SEO plugin. -->","yoast_head_json":{"title":"Klimawandel - wenige gute Infos in Medien | Vereinigung f\u00fcr Medienkultur","robots":{"index":"index","follow":"follow","max-snippet":"max-snippet:-1","max-image-preview":"max-image-preview:large","max-video-preview":"max-video-preview:-1"},"canonical":"https:\/\/www.medienkultur.at\/neu\/klimawandel-wenige-gute-infos-in-medien\/","og_locale":"de_DE","og_type":"article","og_title":"Klimawandel - wenige gute Infos in Medien | Vereinigung f\u00fcr Medienkultur","og_description":"Gastbeitrag: Dipl.-Ing. Marion Jaros Wiener Umweltanwaltschaft Muthgasse 62 Liebe Klimaschutz-Bewegte! Die Medien bringen immer noch verh\u00e4ltnism\u00e4\u00dfig wenig gute Informationssendungen zum Klimawandel. Viel zu wenige Menschen wissen deshalb \u00fcber die tats\u00e4chliche Gef\u00e4hrlichkeit des Klimawandels und sein immer rascheres Fortschreiten ausreichend Bescheid. Da Bilder der Bev\u00f6lkerung oft mehr sagen als Zahlen und wissenschaftliche Grafiken, sende ich Ihnen &hellip; Klimawandel &#8211; wenige gute Infos in Medien weiterlesen &rarr;","og_url":"https:\/\/www.medienkultur.at\/neu\/klimawandel-wenige-gute-infos-in-medien\/","og_site_name":"Vereinigung f\u00fcr Medienkultur","article_published_time":"2019-03-20T09:53:25+00:00","author":"Hans H\u00f6gl","twitter_card":"summary_large_image","twitter_misc":{"Verfasst von":"Hans H\u00f6gl","Gesch\u00e4tzte Lesezeit":"1\u00a0Minute"},"schema":{"@context":"https:\/\/schema.org","@graph":[{"@type":"Article","@id":"https:\/\/www.medienkultur.at\/neu\/klimawandel-wenige-gute-infos-in-medien\/#article","isPartOf":{"@id":"https:\/\/www.medienkultur.at\/neu\/klimawandel-wenige-gute-infos-in-medien\/"},"author":{"name":"Hans H\u00f6gl","@id":"https:\/\/www.medienkultur.at\/neu\/#\/schema\/person\/5307830ec125174672d8c9d829eeb256"},"headline":"Klimawandel &#8211; wenige gute Infos in Medien","datePublished":"2019-03-20T09:53:25+00:00","mainEntityOfPage":{"@id":"https:\/\/www.medienkultur.at\/neu\/klimawandel-wenige-gute-infos-in-medien\/"},"wordCount":166,"commentCount":0,"keywords":["Klimawandel","Medientipp","Winer Umweltanwaltschaft"],"articleSection":["Gastbeitr\u00e4ge","J\u00dcNGSTE BEITR\u00c4GE","Medien und Bildung \/ Religion"],"inLanguage":"de","potentialAction":[{"@type":"CommentAction","name":"Comment","target":["https:\/\/www.medienkultur.at\/neu\/klimawandel-wenige-gute-infos-in-medien\/#respond"]}]},{"@type":"WebPage","@id":"https:\/\/www.medienkultur.at\/neu\/klimawandel-wenige-gute-infos-in-medien\/","url":"https:\/\/www.medienkultur.at\/neu\/klimawandel-wenige-gute-infos-in-medien\/","name":"Klimawandel - wenige gute Infos in Medien | Vereinigung f\u00fcr Medienkultur","isPartOf":{"@id":"https:\/\/www.medienkultur.at\/neu\/#website"},"datePublished":"2019-03-20T09:53:25+00:00","author":{"@id":"https:\/\/www.medienkultur.at\/neu\/#\/schema\/person\/5307830ec125174672d8c9d829eeb256"},"breadcrumb":{"@id":"https:\/\/www.medienkultur.at\/neu\/klimawandel-wenige-gute-infos-in-medien\/#breadcrumb"},"inLanguage":"de","potentialAction":[{"@type":"ReadAction","target":["https:\/\/www.medienkultur.at\/neu\/klimawandel-wenige-gute-infos-in-medien\/"]}]},{"@type":"BreadcrumbList","@id":"https:\/\/www.medienkultur.at\/neu\/klimawandel-wenige-gute-infos-in-medien\/#breadcrumb","itemListElement":[{"@type":"ListItem","position":1,"name":"Startseite","item":"https:\/\/www.medienkultur.at\/neu\/"},{"@type":"ListItem","position":2,"name":"Klimawandel &#8211; wenige gute Infos in Medien"}]},{"@type":"WebSite","@id":"https:\/\/www.medienkultur.at\/neu\/#website","url":"https:\/\/www.medienkultur.at\/neu\/","name":"Vereinigung f\u00fcr Medienkultur","description":"","potentialAction":[{"@type":"SearchAction","target":{"@type":"EntryPoint","urlTemplate":"https:\/\/www.medienkultur.at\/neu\/?s={search_term_string}"},"query-input":{"@type":"PropertyValueSpecification","valueRequired":true,"valueName":"search_term_string"}}],"inLanguage":"de"},{"@type":"Person","@id":"https:\/\/www.medienkultur.at\/neu\/#\/schema\/person\/5307830ec125174672d8c9d829eeb256","name":"Hans H\u00f6gl"}]}},"_links":{"self":[{"href":"https:\/\/www.medienkultur.at\/neu\/wp-json\/wp\/v2\/posts\/5599","targetHints":{"allow":["GET"]}}],"collection":[{"href":"https:\/\/www.medienkultur.at\/neu\/wp-json\/wp\/v2\/posts"}],"about":[{"href":"https:\/\/www.medienkultur.at\/neu\/wp-json\/wp\/v2\/types\/post"}],"author":[{"embeddable":true,"href":"https:\/\/www.medienkultur.at\/neu\/wp-json\/wp\/v2\/users\/1"}],"replies":[{"embeddable":true,"href":"https:\/\/www.medienkultur.at\/neu\/wp-json\/wp\/v2\/comments?post=5599"}],"version-history":[{"count":1,"href":"https:\/\/www.medienkultur.at\/neu\/wp-json\/wp\/v2\/posts\/5599\/revisions"}],"predecessor-version":[{"id":5604,"href":"https:\/\/www.medienkultur.at\/neu\/wp-json\/wp\/v2\/posts\/5599\/revisions\/5604"}],"wp:attachment":[{"href":"https:\/\/www.medienkultur.at\/neu\/wp-json\/wp\/v2\/media?parent=5599"}],"wp:term":[{"taxonomy":"category","embeddable":true,"href":"https:\/\/www.medienkultur.at\/neu\/wp-json\/wp\/v2\/categories?post=5599"},{"taxonomy":"post_tag","embeddable":true,"href":"https:\/\/www.medienkultur.at\/neu\/wp-json\/wp\/v2\/tags?post=5599"}],"curies":[{"name":"wp","href":"https:\/\/api.w.org\/{rel}","templated":true}]}}