{"id":4762,"date":"2018-09-12T08:25:38","date_gmt":"2018-09-12T06:25:38","guid":{"rendered":"http:\/\/www.medienkultur.at\/neu\/?p=4762"},"modified":"2018-09-12T08:25:38","modified_gmt":"2018-09-12T06:25:38","slug":"projektstipendium-journalismus","status":"publish","type":"post","link":"https:\/\/www.medienkultur.at\/neu\/projektstipendium-journalismus\/","title":{"rendered":"Projektstipendium Journalismus"},"content":{"rendered":"<p>&nbsp;<\/p>\n<p>Die Literar Mechana<\/p>\n<p>vergibt auch heuer wieder aus dem Topf SKE\u00a0\u00a0(Sozialen und kulturellen Zwecken dienende Einrichtungen)\u00a0<strong>f\u00fcnf\u00a0Projektstipendien zu je \u20ac 1.500,&#8211; f\u00fcr jeweils drei Monate\u00a0<\/strong>an haupt- und freiberufliche\u00a0Journalist\/inn\/en (Fernseh-, Radio- und Printjournalist\/inn\/en sowie solche, die vorrangig in Onlinemedien publizieren).<\/p>\n<p>Die Vergabe der Projektstipendien Journalismus erfolgt auf Vorschlag einer unabh\u00e4ngigen Kommission, die vom Aufsichtsrat j\u00e4hrlich neu bestellt wird.<\/p>\n<p>Einreichungen zu den Projektstipendien Journalismus f\u00fcr 2018 k\u00f6nnen per E-Mail bis zum 30. September 2018 an Elisabeth Bogensberger (<a href=\"mailto:bogensberger@literar.at\">bogensberger@literar.at<\/a>) erfolgen. Der Bewerbung sind ein Lebenslauf und eine genaue Beschreibung des geplanten journalistischen Projekts anzuschlie\u00dfen (bitte keine Sachbuchprojekte einreichen).<\/p>\n<ul>\n<li><a href=\"https:\/\/www.literar.at\/docs\/default-source\/downloads\/neu-int-bewerbung-projektstipendium-journalismus.pdf?sfvrsn=4\" data-saferedirecturl=\"https:\/\/www.google.com\/url?q=https:\/\/www.literar.at\/docs\/default-source\/downloads\/neu-int-bewerbung-projektstipendium-journalismus.pdf?sfvrsn%3D4&amp;source=gmail&amp;ust=1536819485961000&amp;usg=AFQjCNGs3NGOp-EJsOfWZRmuKSYDSiTvyQ\">Bewerbungsformular Projektstipendium Journalismus<\/a><\/li>\n<\/ul>\n<p>&nbsp;<\/p>\n","protected":false},"excerpt":{"rendered":"<p>&nbsp; Die Literar Mechana vergibt auch heuer wieder aus dem Topf SKE\u00a0\u00a0(Sozialen und kulturellen Zwecken dienende Einrichtungen)\u00a0f\u00fcnf\u00a0Projektstipendien zu je \u20ac 1.500,&#8211; f\u00fcr jeweils drei Monate\u00a0an haupt- und freiberufliche\u00a0Journalist\/inn\/en (Fernseh-, Radio- und Printjournalist\/inn\/en sowie solche, die vorrangig in Onlinemedien publizieren). Die Vergabe der Projektstipendien Journalismus erfolgt auf Vorschlag einer unabh\u00e4ngigen Kommission, die vom Aufsichtsrat j\u00e4hrlich neu &hellip; <a href=\"https:\/\/www.medienkultur.at\/neu\/projektstipendium-journalismus\/\" class=\"more-link\"><span class=\"screen-reader-text\">Projektstipendium Journalismus<\/span> weiterlesen <span class=\"meta-nav\">&rarr;<\/span><\/a><\/p>\n","protected":false},"author":1,"featured_media":0,"comment_status":"open","ping_status":"open","sticky":false,"template":"","format":"standard","meta":{"footnotes":""},"categories":[14,15,1,19],"tags":[2571,3313],"class_list":["post-4762","post","type-post","status-publish","format-standard","hentry","category-diverses","category-gastbeitraege","category-allgemein","category-studien_rezensionen","tag-journalismus","tag-stipendien"],"yoast_head":"<!-- This site is optimized with the Yoast SEO plugin v27.4 - https:\/\/yoast.com\/product\/yoast-seo-wordpress\/ -->\n<title>Projektstipendium Journalismus | Vereinigung f\u00fcr Medienkultur<\/title>\n<meta name=\"robots\" content=\"index, follow, max-snippet:-1, max-image-preview:large, max-video-preview:-1\" \/>\n<link rel=\"canonical\" href=\"https:\/\/www.medienkultur.at\/neu\/projektstipendium-journalismus\/\" \/>\n<meta property=\"og:locale\" content=\"de_DE\" \/>\n<meta property=\"og:type\" content=\"article\" \/>\n<meta property=\"og:title\" content=\"Projektstipendium Journalismus | Vereinigung f\u00fcr Medienkultur\" \/>\n<meta property=\"og:description\" content=\"&nbsp; Die Literar Mechana vergibt auch heuer wieder aus dem Topf SKE\u00a0\u00a0(Sozialen und kulturellen Zwecken dienende Einrichtungen)\u00a0f\u00fcnf\u00a0Projektstipendien zu je \u20ac 1.500,&#8211; f\u00fcr jeweils drei Monate\u00a0an haupt- und freiberufliche\u00a0Journalist\/inn\/en (Fernseh-, Radio- und Printjournalist\/inn\/en sowie solche, die vorrangig in Onlinemedien publizieren). Die Vergabe der Projektstipendien Journalismus erfolgt auf Vorschlag einer unabh\u00e4ngigen Kommission, die vom Aufsichtsrat j\u00e4hrlich neu &hellip; Projektstipendium Journalismus weiterlesen &rarr;\" \/>\n<meta property=\"og:url\" content=\"https:\/\/www.medienkultur.at\/neu\/projektstipendium-journalismus\/\" \/>\n<meta property=\"og:site_name\" content=\"Vereinigung f\u00fcr Medienkultur\" \/>\n<meta property=\"article:published_time\" content=\"2018-09-12T06:25:38+00:00\" \/>\n<meta name=\"author\" content=\"Hans H\u00f6gl\" \/>\n<meta name=\"twitter:card\" content=\"summary_large_image\" \/>\n<meta name=\"twitter:label1\" content=\"Verfasst von\" \/>\n\t<meta name=\"twitter:data1\" content=\"Hans H\u00f6gl\" \/>\n\t<meta name=\"twitter:label2\" content=\"Gesch\u00e4tzte Lesezeit\" \/>\n\t<meta name=\"twitter:data2\" content=\"1\u00a0Minute\" \/>\n<script type=\"application\/ld+json\" class=\"yoast-schema-graph\">{\"@context\":\"https:\\\/\\\/schema.org\",\"@graph\":[{\"@type\":\"Article\",\"@id\":\"https:\\\/\\\/www.medienkultur.at\\\/neu\\\/projektstipendium-journalismus\\\/#article\",\"isPartOf\":{\"@id\":\"https:\\\/\\\/www.medienkultur.at\\\/neu\\\/projektstipendium-journalismus\\\/\"},\"author\":{\"name\":\"Hans H\u00f6gl\",\"@id\":\"https:\\\/\\\/www.medienkultur.at\\\/neu\\\/#\\\/schema\\\/person\\\/5307830ec125174672d8c9d829eeb256\"},\"headline\":\"Projektstipendium Journalismus\",\"datePublished\":\"2018-09-12T06:25:38+00:00\",\"mainEntityOfPage\":{\"@id\":\"https:\\\/\\\/www.medienkultur.at\\\/neu\\\/projektstipendium-journalismus\\\/\"},\"wordCount\":115,\"commentCount\":0,\"keywords\":[\"Journalismus\",\"Stipendien\"],\"articleSection\":[\"Diverses\",\"Gastbeitr\u00e4ge\",\"J\u00dcNGSTE BEITR\u00c4GE\",\"Studien \\\/ Rezensionen\"],\"inLanguage\":\"de\",\"potentialAction\":[{\"@type\":\"CommentAction\",\"name\":\"Comment\",\"target\":[\"https:\\\/\\\/www.medienkultur.at\\\/neu\\\/projektstipendium-journalismus\\\/#respond\"]}]},{\"@type\":\"WebPage\",\"@id\":\"https:\\\/\\\/www.medienkultur.at\\\/neu\\\/projektstipendium-journalismus\\\/\",\"url\":\"https:\\\/\\\/www.medienkultur.at\\\/neu\\\/projektstipendium-journalismus\\\/\",\"name\":\"Projektstipendium Journalismus | Vereinigung f\u00fcr Medienkultur\",\"isPartOf\":{\"@id\":\"https:\\\/\\\/www.medienkultur.at\\\/neu\\\/#website\"},\"datePublished\":\"2018-09-12T06:25:38+00:00\",\"author\":{\"@id\":\"https:\\\/\\\/www.medienkultur.at\\\/neu\\\/#\\\/schema\\\/person\\\/5307830ec125174672d8c9d829eeb256\"},\"breadcrumb\":{\"@id\":\"https:\\\/\\\/www.medienkultur.at\\\/neu\\\/projektstipendium-journalismus\\\/#breadcrumb\"},\"inLanguage\":\"de\",\"potentialAction\":[{\"@type\":\"ReadAction\",\"target\":[\"https:\\\/\\\/www.medienkultur.at\\\/neu\\\/projektstipendium-journalismus\\\/\"]}]},{\"@type\":\"BreadcrumbList\",\"@id\":\"https:\\\/\\\/www.medienkultur.at\\\/neu\\\/projektstipendium-journalismus\\\/#breadcrumb\",\"itemListElement\":[{\"@type\":\"ListItem\",\"position\":1,\"name\":\"Startseite\",\"item\":\"https:\\\/\\\/www.medienkultur.at\\\/neu\\\/\"},{\"@type\":\"ListItem\",\"position\":2,\"name\":\"Projektstipendium Journalismus\"}]},{\"@type\":\"WebSite\",\"@id\":\"https:\\\/\\\/www.medienkultur.at\\\/neu\\\/#website\",\"url\":\"https:\\\/\\\/www.medienkultur.at\\\/neu\\\/\",\"name\":\"Vereinigung f\u00fcr Medienkultur\",\"description\":\"\",\"potentialAction\":[{\"@type\":\"SearchAction\",\"target\":{\"@type\":\"EntryPoint\",\"urlTemplate\":\"https:\\\/\\\/www.medienkultur.at\\\/neu\\\/?s={search_term_string}\"},\"query-input\":{\"@type\":\"PropertyValueSpecification\",\"valueRequired\":true,\"valueName\":\"search_term_string\"}}],\"inLanguage\":\"de\"},{\"@type\":\"Person\",\"@id\":\"https:\\\/\\\/www.medienkultur.at\\\/neu\\\/#\\\/schema\\\/person\\\/5307830ec125174672d8c9d829eeb256\",\"name\":\"Hans H\u00f6gl\"}]}<\/script>\n<!-- \/ Yoast SEO plugin. -->","yoast_head_json":{"title":"Projektstipendium Journalismus | Vereinigung f\u00fcr Medienkultur","robots":{"index":"index","follow":"follow","max-snippet":"max-snippet:-1","max-image-preview":"max-image-preview:large","max-video-preview":"max-video-preview:-1"},"canonical":"https:\/\/www.medienkultur.at\/neu\/projektstipendium-journalismus\/","og_locale":"de_DE","og_type":"article","og_title":"Projektstipendium Journalismus | Vereinigung f\u00fcr Medienkultur","og_description":"&nbsp; Die Literar Mechana vergibt auch heuer wieder aus dem Topf SKE\u00a0\u00a0(Sozialen und kulturellen Zwecken dienende Einrichtungen)\u00a0f\u00fcnf\u00a0Projektstipendien zu je \u20ac 1.500,&#8211; f\u00fcr jeweils drei Monate\u00a0an haupt- und freiberufliche\u00a0Journalist\/inn\/en (Fernseh-, Radio- und Printjournalist\/inn\/en sowie solche, die vorrangig in Onlinemedien publizieren). Die Vergabe der Projektstipendien Journalismus erfolgt auf Vorschlag einer unabh\u00e4ngigen Kommission, die vom Aufsichtsrat j\u00e4hrlich neu &hellip; Projektstipendium Journalismus weiterlesen &rarr;","og_url":"https:\/\/www.medienkultur.at\/neu\/projektstipendium-journalismus\/","og_site_name":"Vereinigung f\u00fcr Medienkultur","article_published_time":"2018-09-12T06:25:38+00:00","author":"Hans H\u00f6gl","twitter_card":"summary_large_image","twitter_misc":{"Verfasst von":"Hans H\u00f6gl","Gesch\u00e4tzte Lesezeit":"1\u00a0Minute"},"schema":{"@context":"https:\/\/schema.org","@graph":[{"@type":"Article","@id":"https:\/\/www.medienkultur.at\/neu\/projektstipendium-journalismus\/#article","isPartOf":{"@id":"https:\/\/www.medienkultur.at\/neu\/projektstipendium-journalismus\/"},"author":{"name":"Hans H\u00f6gl","@id":"https:\/\/www.medienkultur.at\/neu\/#\/schema\/person\/5307830ec125174672d8c9d829eeb256"},"headline":"Projektstipendium Journalismus","datePublished":"2018-09-12T06:25:38+00:00","mainEntityOfPage":{"@id":"https:\/\/www.medienkultur.at\/neu\/projektstipendium-journalismus\/"},"wordCount":115,"commentCount":0,"keywords":["Journalismus","Stipendien"],"articleSection":["Diverses","Gastbeitr\u00e4ge","J\u00dcNGSTE BEITR\u00c4GE","Studien \/ Rezensionen"],"inLanguage":"de","potentialAction":[{"@type":"CommentAction","name":"Comment","target":["https:\/\/www.medienkultur.at\/neu\/projektstipendium-journalismus\/#respond"]}]},{"@type":"WebPage","@id":"https:\/\/www.medienkultur.at\/neu\/projektstipendium-journalismus\/","url":"https:\/\/www.medienkultur.at\/neu\/projektstipendium-journalismus\/","name":"Projektstipendium Journalismus | Vereinigung f\u00fcr Medienkultur","isPartOf":{"@id":"https:\/\/www.medienkultur.at\/neu\/#website"},"datePublished":"2018-09-12T06:25:38+00:00","author":{"@id":"https:\/\/www.medienkultur.at\/neu\/#\/schema\/person\/5307830ec125174672d8c9d829eeb256"},"breadcrumb":{"@id":"https:\/\/www.medienkultur.at\/neu\/projektstipendium-journalismus\/#breadcrumb"},"inLanguage":"de","potentialAction":[{"@type":"ReadAction","target":["https:\/\/www.medienkultur.at\/neu\/projektstipendium-journalismus\/"]}]},{"@type":"BreadcrumbList","@id":"https:\/\/www.medienkultur.at\/neu\/projektstipendium-journalismus\/#breadcrumb","itemListElement":[{"@type":"ListItem","position":1,"name":"Startseite","item":"https:\/\/www.medienkultur.at\/neu\/"},{"@type":"ListItem","position":2,"name":"Projektstipendium Journalismus"}]},{"@type":"WebSite","@id":"https:\/\/www.medienkultur.at\/neu\/#website","url":"https:\/\/www.medienkultur.at\/neu\/","name":"Vereinigung f\u00fcr Medienkultur","description":"","potentialAction":[{"@type":"SearchAction","target":{"@type":"EntryPoint","urlTemplate":"https:\/\/www.medienkultur.at\/neu\/?s={search_term_string}"},"query-input":{"@type":"PropertyValueSpecification","valueRequired":true,"valueName":"search_term_string"}}],"inLanguage":"de"},{"@type":"Person","@id":"https:\/\/www.medienkultur.at\/neu\/#\/schema\/person\/5307830ec125174672d8c9d829eeb256","name":"Hans H\u00f6gl"}]}},"_links":{"self":[{"href":"https:\/\/www.medienkultur.at\/neu\/wp-json\/wp\/v2\/posts\/4762","targetHints":{"allow":["GET"]}}],"collection":[{"href":"https:\/\/www.medienkultur.at\/neu\/wp-json\/wp\/v2\/posts"}],"about":[{"href":"https:\/\/www.medienkultur.at\/neu\/wp-json\/wp\/v2\/types\/post"}],"author":[{"embeddable":true,"href":"https:\/\/www.medienkultur.at\/neu\/wp-json\/wp\/v2\/users\/1"}],"replies":[{"embeddable":true,"href":"https:\/\/www.medienkultur.at\/neu\/wp-json\/wp\/v2\/comments?post=4762"}],"version-history":[{"count":1,"href":"https:\/\/www.medienkultur.at\/neu\/wp-json\/wp\/v2\/posts\/4762\/revisions"}],"predecessor-version":[{"id":4763,"href":"https:\/\/www.medienkultur.at\/neu\/wp-json\/wp\/v2\/posts\/4762\/revisions\/4763"}],"wp:attachment":[{"href":"https:\/\/www.medienkultur.at\/neu\/wp-json\/wp\/v2\/media?parent=4762"}],"wp:term":[{"taxonomy":"category","embeddable":true,"href":"https:\/\/www.medienkultur.at\/neu\/wp-json\/wp\/v2\/categories?post=4762"},{"taxonomy":"post_tag","embeddable":true,"href":"https:\/\/www.medienkultur.at\/neu\/wp-json\/wp\/v2\/tags?post=4762"}],"curies":[{"name":"wp","href":"https:\/\/api.w.org\/{rel}","templated":true}]}}