{"id":4583,"date":"2018-06-29T10:53:34","date_gmt":"2018-06-29T08:53:34","guid":{"rendered":"http:\/\/www.medienkultur.at\/neu\/?p=4583"},"modified":"2018-06-29T10:53:39","modified_gmt":"2018-06-29T08:53:39","slug":"antwort-des-orf-kundendienstes","status":"publish","type":"post","link":"https:\/\/www.medienkultur.at\/neu\/antwort-des-orf-kundendienstes\/","title":{"rendered":"Antwort des ORF- Kundendienstes"},"content":{"rendered":"<p><strong>Der ORF-Kundendienst<\/strong><\/p>\n<p>dankte uns \u00a0in einem pers\u00f6nlichen Schreiben f\u00fcr unsere R\u00fcckmeldungen zum ORF Programm. &#8222;Wir freuen uns, dass Sie sich kritisch mit dem Programm des ORF und den Aufgaben einer \u00f6ffentlich-rechtlichen Rundfunkanstalt auseinandersetzen und haben <strong>Ihre Anmerkungen zu unserer Berichterstattung in der \u201eZiB 2\u201c, zum ORF im Allgemeinen sowie Ihre Programmw\u00fcnsche vom 8. Juni 2018 verl\u00e4sslich an die entsprechenden TV-Redaktionen \u00fcbermittelt<\/strong>.<\/p>\n<p>F\u00fcr einen \u00f6ffentlich-rechtlichen Sender wie den ORF sind Anregungen seines Publikums besonders wertvoll, bitte haben Sie auch Verst\u00e4ndnis, dass der Umgang mit den Publikumsreaktionen und etwaige Konsequenzen im Ermessen unserer Redakteurinnen und Redakteure liegt.\u00a0Bez\u00fcglich Ihrer <strong>R\u00fcckmeldung zum \u201eMorgenjournal\u201c in Radio \u00d61 haben wir Ihre Nachricht an die Kolleginnen und Kollegen vom \u00d61 Service weitergeleitet.&#8220;<\/strong><\/p>\n<p>Freundliche Gr\u00fc\u00dfe. \u00a0Johanna Winter<\/p>\n<p>&nbsp;<\/p>\n","protected":false},"excerpt":{"rendered":"<p>Der ORF-Kundendienst dankte uns \u00a0in einem pers\u00f6nlichen Schreiben f\u00fcr unsere R\u00fcckmeldungen zum ORF Programm. &#8222;Wir freuen uns, dass Sie sich kritisch mit dem Programm des ORF und den Aufgaben einer \u00f6ffentlich-rechtlichen Rundfunkanstalt auseinandersetzen und haben Ihre Anmerkungen zu unserer Berichterstattung in der \u201eZiB 2\u201c, zum ORF im Allgemeinen sowie Ihre Programmw\u00fcnsche vom 8. Juni 2018 &hellip; <a href=\"https:\/\/www.medienkultur.at\/neu\/antwort-des-orf-kundendienstes\/\" class=\"more-link\"><span class=\"screen-reader-text\">Antwort des ORF- Kundendienstes<\/span> weiterlesen <span class=\"meta-nav\">&rarr;<\/span><\/a><\/p>\n","protected":false},"author":1,"featured_media":0,"comment_status":"open","ping_status":"open","sticky":false,"template":"","format":"standard","meta":{"footnotes":""},"categories":[15,1,12,18,10,25],"tags":[3125,3124,3126],"class_list":["post-4583","post","type-post","status-publish","format-standard","hentry","category-gastbeitraege","category-allgemein","category-medien_bildung_religion","category-medienkompetenz","category-medienkritik","category-termine","tag-dank-an-die-vereinigung-fuer-medienkultur","tag-orf-kundendienst","tag-publikumsreaktionen-zu-medien"],"yoast_head":"<!-- This site is optimized with the Yoast SEO plugin v27.5 - https:\/\/yoast.com\/product\/yoast-seo-wordpress\/ -->\n<title>Antwort des ORF- Kundendienstes | Vereinigung f\u00fcr Medienkultur<\/title>\n<meta name=\"robots\" content=\"index, follow, max-snippet:-1, max-image-preview:large, max-video-preview:-1\" \/>\n<link rel=\"canonical\" href=\"https:\/\/www.medienkultur.at\/neu\/antwort-des-orf-kundendienstes\/\" \/>\n<meta property=\"og:locale\" content=\"de_DE\" \/>\n<meta property=\"og:type\" content=\"article\" \/>\n<meta property=\"og:title\" content=\"Antwort des ORF- Kundendienstes | Vereinigung f\u00fcr Medienkultur\" \/>\n<meta property=\"og:description\" content=\"Der ORF-Kundendienst dankte uns \u00a0in einem pers\u00f6nlichen Schreiben f\u00fcr unsere R\u00fcckmeldungen zum ORF Programm. &#8222;Wir freuen uns, dass Sie sich kritisch mit dem Programm des ORF und den Aufgaben einer \u00f6ffentlich-rechtlichen Rundfunkanstalt auseinandersetzen und haben Ihre Anmerkungen zu unserer Berichterstattung in der \u201eZiB 2\u201c, zum ORF im Allgemeinen sowie Ihre Programmw\u00fcnsche vom 8. Juni 2018 &hellip; Antwort des ORF- Kundendienstes weiterlesen &rarr;\" \/>\n<meta property=\"og:url\" content=\"https:\/\/www.medienkultur.at\/neu\/antwort-des-orf-kundendienstes\/\" \/>\n<meta property=\"og:site_name\" content=\"Vereinigung f\u00fcr Medienkultur\" \/>\n<meta property=\"article:published_time\" content=\"2018-06-29T08:53:34+00:00\" \/>\n<meta property=\"article:modified_time\" content=\"2018-06-29T08:53:39+00:00\" \/>\n<meta name=\"author\" content=\"Hans H\u00f6gl\" \/>\n<meta name=\"twitter:card\" content=\"summary_large_image\" \/>\n<meta name=\"twitter:label1\" content=\"Verfasst von\" \/>\n\t<meta name=\"twitter:data1\" content=\"Hans H\u00f6gl\" \/>\n\t<meta name=\"twitter:label2\" content=\"Gesch\u00e4tzte Lesezeit\" \/>\n\t<meta name=\"twitter:data2\" content=\"1\u00a0Minute\" \/>\n<script type=\"application\/ld+json\" class=\"yoast-schema-graph\">{\"@context\":\"https:\\\/\\\/schema.org\",\"@graph\":[{\"@type\":\"Article\",\"@id\":\"https:\\\/\\\/www.medienkultur.at\\\/neu\\\/antwort-des-orf-kundendienstes\\\/#article\",\"isPartOf\":{\"@id\":\"https:\\\/\\\/www.medienkultur.at\\\/neu\\\/antwort-des-orf-kundendienstes\\\/\"},\"author\":{\"name\":\"Hans H\u00f6gl\",\"@id\":\"https:\\\/\\\/www.medienkultur.at\\\/neu\\\/#\\\/schema\\\/person\\\/5307830ec125174672d8c9d829eeb256\"},\"headline\":\"Antwort des ORF- Kundendienstes\",\"datePublished\":\"2018-06-29T08:53:34+00:00\",\"dateModified\":\"2018-06-29T08:53:39+00:00\",\"mainEntityOfPage\":{\"@id\":\"https:\\\/\\\/www.medienkultur.at\\\/neu\\\/antwort-des-orf-kundendienstes\\\/\"},\"wordCount\":130,\"commentCount\":0,\"keywords\":[\"Dank an die Vereinigung f\u00fcr Medienkultur\",\"ORF-Kundendienst\",\"Publikumsreaktionen zu Medien\"],\"articleSection\":[\"Gastbeitr\u00e4ge\",\"J\u00dcNGSTE BEITR\u00c4GE\",\"Medien und Bildung \\\/ Religion\",\"Medienkompetenz\",\"Medienkritik\",\"VERANSTALTUNGEN\"],\"inLanguage\":\"de\",\"potentialAction\":[{\"@type\":\"CommentAction\",\"name\":\"Comment\",\"target\":[\"https:\\\/\\\/www.medienkultur.at\\\/neu\\\/antwort-des-orf-kundendienstes\\\/#respond\"]}]},{\"@type\":\"WebPage\",\"@id\":\"https:\\\/\\\/www.medienkultur.at\\\/neu\\\/antwort-des-orf-kundendienstes\\\/\",\"url\":\"https:\\\/\\\/www.medienkultur.at\\\/neu\\\/antwort-des-orf-kundendienstes\\\/\",\"name\":\"Antwort des ORF- Kundendienstes | Vereinigung f\u00fcr Medienkultur\",\"isPartOf\":{\"@id\":\"https:\\\/\\\/www.medienkultur.at\\\/neu\\\/#website\"},\"datePublished\":\"2018-06-29T08:53:34+00:00\",\"dateModified\":\"2018-06-29T08:53:39+00:00\",\"author\":{\"@id\":\"https:\\\/\\\/www.medienkultur.at\\\/neu\\\/#\\\/schema\\\/person\\\/5307830ec125174672d8c9d829eeb256\"},\"breadcrumb\":{\"@id\":\"https:\\\/\\\/www.medienkultur.at\\\/neu\\\/antwort-des-orf-kundendienstes\\\/#breadcrumb\"},\"inLanguage\":\"de\",\"potentialAction\":[{\"@type\":\"ReadAction\",\"target\":[\"https:\\\/\\\/www.medienkultur.at\\\/neu\\\/antwort-des-orf-kundendienstes\\\/\"]}]},{\"@type\":\"BreadcrumbList\",\"@id\":\"https:\\\/\\\/www.medienkultur.at\\\/neu\\\/antwort-des-orf-kundendienstes\\\/#breadcrumb\",\"itemListElement\":[{\"@type\":\"ListItem\",\"position\":1,\"name\":\"Startseite\",\"item\":\"https:\\\/\\\/www.medienkultur.at\\\/neu\\\/\"},{\"@type\":\"ListItem\",\"position\":2,\"name\":\"Antwort des ORF- Kundendienstes\"}]},{\"@type\":\"WebSite\",\"@id\":\"https:\\\/\\\/www.medienkultur.at\\\/neu\\\/#website\",\"url\":\"https:\\\/\\\/www.medienkultur.at\\\/neu\\\/\",\"name\":\"Vereinigung f\u00fcr Medienkultur\",\"description\":\"\",\"potentialAction\":[{\"@type\":\"SearchAction\",\"target\":{\"@type\":\"EntryPoint\",\"urlTemplate\":\"https:\\\/\\\/www.medienkultur.at\\\/neu\\\/?s={search_term_string}\"},\"query-input\":{\"@type\":\"PropertyValueSpecification\",\"valueRequired\":true,\"valueName\":\"search_term_string\"}}],\"inLanguage\":\"de\"},{\"@type\":\"Person\",\"@id\":\"https:\\\/\\\/www.medienkultur.at\\\/neu\\\/#\\\/schema\\\/person\\\/5307830ec125174672d8c9d829eeb256\",\"name\":\"Hans H\u00f6gl\"}]}<\/script>\n<!-- \/ Yoast SEO plugin. -->","yoast_head_json":{"title":"Antwort des ORF- Kundendienstes | Vereinigung f\u00fcr Medienkultur","robots":{"index":"index","follow":"follow","max-snippet":"max-snippet:-1","max-image-preview":"max-image-preview:large","max-video-preview":"max-video-preview:-1"},"canonical":"https:\/\/www.medienkultur.at\/neu\/antwort-des-orf-kundendienstes\/","og_locale":"de_DE","og_type":"article","og_title":"Antwort des ORF- Kundendienstes | Vereinigung f\u00fcr Medienkultur","og_description":"Der ORF-Kundendienst dankte uns \u00a0in einem pers\u00f6nlichen Schreiben f\u00fcr unsere R\u00fcckmeldungen zum ORF Programm. &#8222;Wir freuen uns, dass Sie sich kritisch mit dem Programm des ORF und den Aufgaben einer \u00f6ffentlich-rechtlichen Rundfunkanstalt auseinandersetzen und haben Ihre Anmerkungen zu unserer Berichterstattung in der \u201eZiB 2\u201c, zum ORF im Allgemeinen sowie Ihre Programmw\u00fcnsche vom 8. Juni 2018 &hellip; Antwort des ORF- Kundendienstes weiterlesen &rarr;","og_url":"https:\/\/www.medienkultur.at\/neu\/antwort-des-orf-kundendienstes\/","og_site_name":"Vereinigung f\u00fcr Medienkultur","article_published_time":"2018-06-29T08:53:34+00:00","article_modified_time":"2018-06-29T08:53:39+00:00","author":"Hans H\u00f6gl","twitter_card":"summary_large_image","twitter_misc":{"Verfasst von":"Hans H\u00f6gl","Gesch\u00e4tzte Lesezeit":"1\u00a0Minute"},"schema":{"@context":"https:\/\/schema.org","@graph":[{"@type":"Article","@id":"https:\/\/www.medienkultur.at\/neu\/antwort-des-orf-kundendienstes\/#article","isPartOf":{"@id":"https:\/\/www.medienkultur.at\/neu\/antwort-des-orf-kundendienstes\/"},"author":{"name":"Hans H\u00f6gl","@id":"https:\/\/www.medienkultur.at\/neu\/#\/schema\/person\/5307830ec125174672d8c9d829eeb256"},"headline":"Antwort des ORF- Kundendienstes","datePublished":"2018-06-29T08:53:34+00:00","dateModified":"2018-06-29T08:53:39+00:00","mainEntityOfPage":{"@id":"https:\/\/www.medienkultur.at\/neu\/antwort-des-orf-kundendienstes\/"},"wordCount":130,"commentCount":0,"keywords":["Dank an die Vereinigung f\u00fcr Medienkultur","ORF-Kundendienst","Publikumsreaktionen zu Medien"],"articleSection":["Gastbeitr\u00e4ge","J\u00dcNGSTE BEITR\u00c4GE","Medien und Bildung \/ Religion","Medienkompetenz","Medienkritik","VERANSTALTUNGEN"],"inLanguage":"de","potentialAction":[{"@type":"CommentAction","name":"Comment","target":["https:\/\/www.medienkultur.at\/neu\/antwort-des-orf-kundendienstes\/#respond"]}]},{"@type":"WebPage","@id":"https:\/\/www.medienkultur.at\/neu\/antwort-des-orf-kundendienstes\/","url":"https:\/\/www.medienkultur.at\/neu\/antwort-des-orf-kundendienstes\/","name":"Antwort des ORF- Kundendienstes | Vereinigung f\u00fcr Medienkultur","isPartOf":{"@id":"https:\/\/www.medienkultur.at\/neu\/#website"},"datePublished":"2018-06-29T08:53:34+00:00","dateModified":"2018-06-29T08:53:39+00:00","author":{"@id":"https:\/\/www.medienkultur.at\/neu\/#\/schema\/person\/5307830ec125174672d8c9d829eeb256"},"breadcrumb":{"@id":"https:\/\/www.medienkultur.at\/neu\/antwort-des-orf-kundendienstes\/#breadcrumb"},"inLanguage":"de","potentialAction":[{"@type":"ReadAction","target":["https:\/\/www.medienkultur.at\/neu\/antwort-des-orf-kundendienstes\/"]}]},{"@type":"BreadcrumbList","@id":"https:\/\/www.medienkultur.at\/neu\/antwort-des-orf-kundendienstes\/#breadcrumb","itemListElement":[{"@type":"ListItem","position":1,"name":"Startseite","item":"https:\/\/www.medienkultur.at\/neu\/"},{"@type":"ListItem","position":2,"name":"Antwort des ORF- Kundendienstes"}]},{"@type":"WebSite","@id":"https:\/\/www.medienkultur.at\/neu\/#website","url":"https:\/\/www.medienkultur.at\/neu\/","name":"Vereinigung f\u00fcr Medienkultur","description":"","potentialAction":[{"@type":"SearchAction","target":{"@type":"EntryPoint","urlTemplate":"https:\/\/www.medienkultur.at\/neu\/?s={search_term_string}"},"query-input":{"@type":"PropertyValueSpecification","valueRequired":true,"valueName":"search_term_string"}}],"inLanguage":"de"},{"@type":"Person","@id":"https:\/\/www.medienkultur.at\/neu\/#\/schema\/person\/5307830ec125174672d8c9d829eeb256","name":"Hans H\u00f6gl"}]}},"_links":{"self":[{"href":"https:\/\/www.medienkultur.at\/neu\/wp-json\/wp\/v2\/posts\/4583","targetHints":{"allow":["GET"]}}],"collection":[{"href":"https:\/\/www.medienkultur.at\/neu\/wp-json\/wp\/v2\/posts"}],"about":[{"href":"https:\/\/www.medienkultur.at\/neu\/wp-json\/wp\/v2\/types\/post"}],"author":[{"embeddable":true,"href":"https:\/\/www.medienkultur.at\/neu\/wp-json\/wp\/v2\/users\/1"}],"replies":[{"embeddable":true,"href":"https:\/\/www.medienkultur.at\/neu\/wp-json\/wp\/v2\/comments?post=4583"}],"version-history":[{"count":2,"href":"https:\/\/www.medienkultur.at\/neu\/wp-json\/wp\/v2\/posts\/4583\/revisions"}],"predecessor-version":[{"id":4585,"href":"https:\/\/www.medienkultur.at\/neu\/wp-json\/wp\/v2\/posts\/4583\/revisions\/4585"}],"wp:attachment":[{"href":"https:\/\/www.medienkultur.at\/neu\/wp-json\/wp\/v2\/media?parent=4583"}],"wp:term":[{"taxonomy":"category","embeddable":true,"href":"https:\/\/www.medienkultur.at\/neu\/wp-json\/wp\/v2\/categories?post=4583"},{"taxonomy":"post_tag","embeddable":true,"href":"https:\/\/www.medienkultur.at\/neu\/wp-json\/wp\/v2\/tags?post=4583"}],"curies":[{"name":"wp","href":"https:\/\/api.w.org\/{rel}","templated":true}]}}