{"id":4577,"date":"2018-06-27T11:16:25","date_gmt":"2018-06-27T09:16:25","guid":{"rendered":"http:\/\/www.medienkultur.at\/neu\/?p=4577"},"modified":"2018-06-27T11:16:25","modified_gmt":"2018-06-27T09:16:25","slug":"straffreiheit-von-aemtern-in-oesterreich-bei-verstoessen-gegen-eu-datenschutz","status":"publish","type":"post","link":"https:\/\/www.medienkultur.at\/neu\/straffreiheit-von-aemtern-in-oesterreich-bei-verstoessen-gegen-eu-datenschutz\/","title":{"rendered":"Straffreiheit von \u00c4mtern in \u00d6sterreich &#8211; bei Verst\u00f6\u00dfen gegen EU-Datenschutz"},"content":{"rendered":"<p><span style=\"font-size: large;\">Hans H\u00f6gl<\/span><\/p>\n<p><span style=\"font-size: large;\"><b>Gert Scobel hob in einer Fachdiskussion Folgendes \u00fcber den Umgang der Daten in \u00d6sterreich hervor. Die EU-Datenschutz-Verordnung sieht sehr hohe Strafen vor, wenn dagegen versto\u00dfen wird. Die jetzige \u00f6sterr. Regierung hebelte das Gesetz aus, schw\u00e4chte die Strafen zum Teil v\u00f6llig ab.<\/b><\/span><\/p>\n<p><span style=\"font-size: large;\"><b>Wenn also \u00f6sterr. \u00c4mter oder Beh\u00f6rden, so Gert Scobel, gegen die Datenschutz-Verordnung versto\u00dfen, bleiben Beh\u00f6rden und \u00c4mter &#8222;v\u00f6llig straffrei&#8220;. Wenn also eine NGO gegen den Staat einen Prozess f\u00fchrt, bleibt sie auf den Prozesskosten sitzen ( 3sat\/scobel. Der digitalisierte Mensch &#8211; 3. Mai 2018). <\/b><\/span><\/p>\n<p><span style=\"font-size: large;\"><b>In der gleichen Sendung wurde darauf verwiesen, dass in Deutschland fast unbemerkt eine Organisation mit Namen &#8222;Die Schufa&#8220; Daten von Individuen sammelt. Von diesen wird ein Scoring (Bewertung in Zahlen) angelegt, um z.B. deren Kreditw\u00fcrdigkeit festzulegen. Damit wird der Einzelne ganau qualifiziert und als Zahl ausgedr\u00fcckt. In diesem Kontext wird auf das Buch von Steffen Mau verwiesen &#8211; mit dem Titel &#8222;Das metrische Wir&#8220;. <\/b><\/span><\/p>\n<p><span style=\"font-size: large;\"><b>Im \u00dcbrigen: China strebt ein solche Bewertung der Chinesen fl\u00e4chendeckend an&#8230;<\/b><\/span><\/p>\n<p>&nbsp;<\/p>\n","protected":false},"excerpt":{"rendered":"<p>Hans H\u00f6gl Gert Scobel hob in einer Fachdiskussion Folgendes \u00fcber den Umgang der Daten in \u00d6sterreich hervor. Die EU-Datenschutz-Verordnung sieht sehr hohe Strafen vor, wenn dagegen versto\u00dfen wird. Die jetzige \u00f6sterr. Regierung hebelte das Gesetz aus, schw\u00e4chte die Strafen zum Teil v\u00f6llig ab. Wenn also \u00f6sterr. \u00c4mter oder Beh\u00f6rden, so Gert Scobel, gegen die Datenschutz-Verordnung &hellip; <a href=\"https:\/\/www.medienkultur.at\/neu\/straffreiheit-von-aemtern-in-oesterreich-bei-verstoessen-gegen-eu-datenschutz\/\" class=\"more-link\"><span class=\"screen-reader-text\">Straffreiheit von \u00c4mtern in \u00d6sterreich &#8211; bei Verst\u00f6\u00dfen gegen EU-Datenschutz<\/span> weiterlesen <span class=\"meta-nav\">&rarr;<\/span><\/a><\/p>\n","protected":false},"author":1,"featured_media":0,"comment_status":"open","ping_status":"open","sticky":false,"template":"","format":"standard","meta":{"footnotes":""},"categories":[1,12,11,10,13,23],"tags":[3116,3114,883,206,3121,3113,3119,3118,3120,930,3115,3117],"class_list":["post-4577","post","type-post","status-publish","format-standard","hentry","category-allgemein","category-medien_bildung_religion","category-medien_politik_wirtschaft","category-medienkritik","category-medienpolitik","category-medienschmankerl","tag-3-sat-gert-scobel","tag-aemter-in-oesterreich-straffrei","tag-china","tag-deutschland","tag-die-schufa","tag-eu-datenschutz-verordnung","tag-kreditwuerdigkeit","tag-mau-steffen","tag-mensch-als-zahl","tag-oesterreich","tag-schufa-in-deutschland","tag-straffreie-behoerden"],"yoast_head":"<!-- This site is optimized with the Yoast SEO plugin v27.5 - https:\/\/yoast.com\/product\/yoast-seo-wordpress\/ -->\n<title>Straffreiheit von \u00c4mtern in \u00d6sterreich - bei Verst\u00f6\u00dfen gegen EU-Datenschutz | Vereinigung f\u00fcr Medienkultur<\/title>\n<meta name=\"robots\" content=\"index, follow, max-snippet:-1, max-image-preview:large, max-video-preview:-1\" \/>\n<link rel=\"canonical\" href=\"https:\/\/www.medienkultur.at\/neu\/straffreiheit-von-aemtern-in-oesterreich-bei-verstoessen-gegen-eu-datenschutz\/\" \/>\n<meta property=\"og:locale\" content=\"de_DE\" \/>\n<meta property=\"og:type\" content=\"article\" \/>\n<meta property=\"og:title\" content=\"Straffreiheit von \u00c4mtern in \u00d6sterreich - bei Verst\u00f6\u00dfen gegen EU-Datenschutz | Vereinigung f\u00fcr Medienkultur\" \/>\n<meta property=\"og:description\" content=\"Hans H\u00f6gl Gert Scobel hob in einer Fachdiskussion Folgendes \u00fcber den Umgang der Daten in \u00d6sterreich hervor. Die EU-Datenschutz-Verordnung sieht sehr hohe Strafen vor, wenn dagegen versto\u00dfen wird. Die jetzige \u00f6sterr. Regierung hebelte das Gesetz aus, schw\u00e4chte die Strafen zum Teil v\u00f6llig ab. Wenn also \u00f6sterr. \u00c4mter oder Beh\u00f6rden, so Gert Scobel, gegen die Datenschutz-Verordnung &hellip; Straffreiheit von \u00c4mtern in \u00d6sterreich &#8211; bei Verst\u00f6\u00dfen gegen EU-Datenschutz weiterlesen &rarr;\" \/>\n<meta property=\"og:url\" content=\"https:\/\/www.medienkultur.at\/neu\/straffreiheit-von-aemtern-in-oesterreich-bei-verstoessen-gegen-eu-datenschutz\/\" \/>\n<meta property=\"og:site_name\" content=\"Vereinigung f\u00fcr Medienkultur\" \/>\n<meta property=\"article:published_time\" content=\"2018-06-27T09:16:25+00:00\" \/>\n<meta name=\"author\" content=\"Hans H\u00f6gl\" \/>\n<meta name=\"twitter:card\" content=\"summary_large_image\" \/>\n<meta name=\"twitter:label1\" content=\"Verfasst von\" \/>\n\t<meta name=\"twitter:data1\" content=\"Hans H\u00f6gl\" \/>\n\t<meta name=\"twitter:label2\" content=\"Gesch\u00e4tzte Lesezeit\" \/>\n\t<meta name=\"twitter:data2\" content=\"1\u00a0Minute\" \/>\n<script type=\"application\/ld+json\" class=\"yoast-schema-graph\">{\"@context\":\"https:\\\/\\\/schema.org\",\"@graph\":[{\"@type\":\"Article\",\"@id\":\"https:\\\/\\\/www.medienkultur.at\\\/neu\\\/straffreiheit-von-aemtern-in-oesterreich-bei-verstoessen-gegen-eu-datenschutz\\\/#article\",\"isPartOf\":{\"@id\":\"https:\\\/\\\/www.medienkultur.at\\\/neu\\\/straffreiheit-von-aemtern-in-oesterreich-bei-verstoessen-gegen-eu-datenschutz\\\/\"},\"author\":{\"name\":\"Hans H\u00f6gl\",\"@id\":\"https:\\\/\\\/www.medienkultur.at\\\/neu\\\/#\\\/schema\\\/person\\\/5307830ec125174672d8c9d829eeb256\"},\"headline\":\"Straffreiheit von \u00c4mtern in \u00d6sterreich &#8211; bei Verst\u00f6\u00dfen gegen EU-Datenschutz\",\"datePublished\":\"2018-06-27T09:16:25+00:00\",\"mainEntityOfPage\":{\"@id\":\"https:\\\/\\\/www.medienkultur.at\\\/neu\\\/straffreiheit-von-aemtern-in-oesterreich-bei-verstoessen-gegen-eu-datenschutz\\\/\"},\"wordCount\":185,\"commentCount\":0,\"keywords\":[\"3-sat\\\/ Gert Scobel\",\"\u00c4mter in \u00d6sterreich straffrei\",\"China\",\"Deutschland\",\"Die Schufa\",\"EU- Datenschutz-Verordnung\",\"Kreditw\u00fcrdigkeit\",\"Mau Steffen\",\"Mensch als Zahl\",\"\u00d6sterreich\",\"Schufa in Deutschland\",\"Straffreie Beh\u00f6rden\"],\"articleSection\":[\"J\u00dcNGSTE BEITR\u00c4GE\",\"Medien und Bildung \\\/ Religion\",\"Medien und Politik \\\/ Wirtschaft\",\"Medienkritik\",\"Medienpolitik\",\"Medienschmankerl\"],\"inLanguage\":\"de\",\"potentialAction\":[{\"@type\":\"CommentAction\",\"name\":\"Comment\",\"target\":[\"https:\\\/\\\/www.medienkultur.at\\\/neu\\\/straffreiheit-von-aemtern-in-oesterreich-bei-verstoessen-gegen-eu-datenschutz\\\/#respond\"]}]},{\"@type\":\"WebPage\",\"@id\":\"https:\\\/\\\/www.medienkultur.at\\\/neu\\\/straffreiheit-von-aemtern-in-oesterreich-bei-verstoessen-gegen-eu-datenschutz\\\/\",\"url\":\"https:\\\/\\\/www.medienkultur.at\\\/neu\\\/straffreiheit-von-aemtern-in-oesterreich-bei-verstoessen-gegen-eu-datenschutz\\\/\",\"name\":\"Straffreiheit von \u00c4mtern in \u00d6sterreich - bei Verst\u00f6\u00dfen gegen EU-Datenschutz | Vereinigung f\u00fcr Medienkultur\",\"isPartOf\":{\"@id\":\"https:\\\/\\\/www.medienkultur.at\\\/neu\\\/#website\"},\"datePublished\":\"2018-06-27T09:16:25+00:00\",\"author\":{\"@id\":\"https:\\\/\\\/www.medienkultur.at\\\/neu\\\/#\\\/schema\\\/person\\\/5307830ec125174672d8c9d829eeb256\"},\"breadcrumb\":{\"@id\":\"https:\\\/\\\/www.medienkultur.at\\\/neu\\\/straffreiheit-von-aemtern-in-oesterreich-bei-verstoessen-gegen-eu-datenschutz\\\/#breadcrumb\"},\"inLanguage\":\"de\",\"potentialAction\":[{\"@type\":\"ReadAction\",\"target\":[\"https:\\\/\\\/www.medienkultur.at\\\/neu\\\/straffreiheit-von-aemtern-in-oesterreich-bei-verstoessen-gegen-eu-datenschutz\\\/\"]}]},{\"@type\":\"BreadcrumbList\",\"@id\":\"https:\\\/\\\/www.medienkultur.at\\\/neu\\\/straffreiheit-von-aemtern-in-oesterreich-bei-verstoessen-gegen-eu-datenschutz\\\/#breadcrumb\",\"itemListElement\":[{\"@type\":\"ListItem\",\"position\":1,\"name\":\"Startseite\",\"item\":\"https:\\\/\\\/www.medienkultur.at\\\/neu\\\/\"},{\"@type\":\"ListItem\",\"position\":2,\"name\":\"Straffreiheit von \u00c4mtern in \u00d6sterreich &#8211; bei Verst\u00f6\u00dfen gegen EU-Datenschutz\"}]},{\"@type\":\"WebSite\",\"@id\":\"https:\\\/\\\/www.medienkultur.at\\\/neu\\\/#website\",\"url\":\"https:\\\/\\\/www.medienkultur.at\\\/neu\\\/\",\"name\":\"Vereinigung f\u00fcr Medienkultur\",\"description\":\"\",\"potentialAction\":[{\"@type\":\"SearchAction\",\"target\":{\"@type\":\"EntryPoint\",\"urlTemplate\":\"https:\\\/\\\/www.medienkultur.at\\\/neu\\\/?s={search_term_string}\"},\"query-input\":{\"@type\":\"PropertyValueSpecification\",\"valueRequired\":true,\"valueName\":\"search_term_string\"}}],\"inLanguage\":\"de\"},{\"@type\":\"Person\",\"@id\":\"https:\\\/\\\/www.medienkultur.at\\\/neu\\\/#\\\/schema\\\/person\\\/5307830ec125174672d8c9d829eeb256\",\"name\":\"Hans H\u00f6gl\"}]}<\/script>\n<!-- \/ Yoast SEO plugin. -->","yoast_head_json":{"title":"Straffreiheit von \u00c4mtern in \u00d6sterreich - bei Verst\u00f6\u00dfen gegen EU-Datenschutz | Vereinigung f\u00fcr Medienkultur","robots":{"index":"index","follow":"follow","max-snippet":"max-snippet:-1","max-image-preview":"max-image-preview:large","max-video-preview":"max-video-preview:-1"},"canonical":"https:\/\/www.medienkultur.at\/neu\/straffreiheit-von-aemtern-in-oesterreich-bei-verstoessen-gegen-eu-datenschutz\/","og_locale":"de_DE","og_type":"article","og_title":"Straffreiheit von \u00c4mtern in \u00d6sterreich - bei Verst\u00f6\u00dfen gegen EU-Datenschutz | Vereinigung f\u00fcr Medienkultur","og_description":"Hans H\u00f6gl Gert Scobel hob in einer Fachdiskussion Folgendes \u00fcber den Umgang der Daten in \u00d6sterreich hervor. Die EU-Datenschutz-Verordnung sieht sehr hohe Strafen vor, wenn dagegen versto\u00dfen wird. Die jetzige \u00f6sterr. Regierung hebelte das Gesetz aus, schw\u00e4chte die Strafen zum Teil v\u00f6llig ab. Wenn also \u00f6sterr. \u00c4mter oder Beh\u00f6rden, so Gert Scobel, gegen die Datenschutz-Verordnung &hellip; Straffreiheit von \u00c4mtern in \u00d6sterreich &#8211; bei Verst\u00f6\u00dfen gegen EU-Datenschutz weiterlesen &rarr;","og_url":"https:\/\/www.medienkultur.at\/neu\/straffreiheit-von-aemtern-in-oesterreich-bei-verstoessen-gegen-eu-datenschutz\/","og_site_name":"Vereinigung f\u00fcr Medienkultur","article_published_time":"2018-06-27T09:16:25+00:00","author":"Hans H\u00f6gl","twitter_card":"summary_large_image","twitter_misc":{"Verfasst von":"Hans H\u00f6gl","Gesch\u00e4tzte Lesezeit":"1\u00a0Minute"},"schema":{"@context":"https:\/\/schema.org","@graph":[{"@type":"Article","@id":"https:\/\/www.medienkultur.at\/neu\/straffreiheit-von-aemtern-in-oesterreich-bei-verstoessen-gegen-eu-datenschutz\/#article","isPartOf":{"@id":"https:\/\/www.medienkultur.at\/neu\/straffreiheit-von-aemtern-in-oesterreich-bei-verstoessen-gegen-eu-datenschutz\/"},"author":{"name":"Hans H\u00f6gl","@id":"https:\/\/www.medienkultur.at\/neu\/#\/schema\/person\/5307830ec125174672d8c9d829eeb256"},"headline":"Straffreiheit von \u00c4mtern in \u00d6sterreich &#8211; bei Verst\u00f6\u00dfen gegen EU-Datenschutz","datePublished":"2018-06-27T09:16:25+00:00","mainEntityOfPage":{"@id":"https:\/\/www.medienkultur.at\/neu\/straffreiheit-von-aemtern-in-oesterreich-bei-verstoessen-gegen-eu-datenschutz\/"},"wordCount":185,"commentCount":0,"keywords":["3-sat\/ Gert Scobel","\u00c4mter in \u00d6sterreich straffrei","China","Deutschland","Die Schufa","EU- Datenschutz-Verordnung","Kreditw\u00fcrdigkeit","Mau Steffen","Mensch als Zahl","\u00d6sterreich","Schufa in Deutschland","Straffreie Beh\u00f6rden"],"articleSection":["J\u00dcNGSTE BEITR\u00c4GE","Medien und Bildung \/ Religion","Medien und Politik \/ Wirtschaft","Medienkritik","Medienpolitik","Medienschmankerl"],"inLanguage":"de","potentialAction":[{"@type":"CommentAction","name":"Comment","target":["https:\/\/www.medienkultur.at\/neu\/straffreiheit-von-aemtern-in-oesterreich-bei-verstoessen-gegen-eu-datenschutz\/#respond"]}]},{"@type":"WebPage","@id":"https:\/\/www.medienkultur.at\/neu\/straffreiheit-von-aemtern-in-oesterreich-bei-verstoessen-gegen-eu-datenschutz\/","url":"https:\/\/www.medienkultur.at\/neu\/straffreiheit-von-aemtern-in-oesterreich-bei-verstoessen-gegen-eu-datenschutz\/","name":"Straffreiheit von \u00c4mtern in \u00d6sterreich - bei Verst\u00f6\u00dfen gegen EU-Datenschutz | Vereinigung f\u00fcr Medienkultur","isPartOf":{"@id":"https:\/\/www.medienkultur.at\/neu\/#website"},"datePublished":"2018-06-27T09:16:25+00:00","author":{"@id":"https:\/\/www.medienkultur.at\/neu\/#\/schema\/person\/5307830ec125174672d8c9d829eeb256"},"breadcrumb":{"@id":"https:\/\/www.medienkultur.at\/neu\/straffreiheit-von-aemtern-in-oesterreich-bei-verstoessen-gegen-eu-datenschutz\/#breadcrumb"},"inLanguage":"de","potentialAction":[{"@type":"ReadAction","target":["https:\/\/www.medienkultur.at\/neu\/straffreiheit-von-aemtern-in-oesterreich-bei-verstoessen-gegen-eu-datenschutz\/"]}]},{"@type":"BreadcrumbList","@id":"https:\/\/www.medienkultur.at\/neu\/straffreiheit-von-aemtern-in-oesterreich-bei-verstoessen-gegen-eu-datenschutz\/#breadcrumb","itemListElement":[{"@type":"ListItem","position":1,"name":"Startseite","item":"https:\/\/www.medienkultur.at\/neu\/"},{"@type":"ListItem","position":2,"name":"Straffreiheit von \u00c4mtern in \u00d6sterreich &#8211; bei Verst\u00f6\u00dfen gegen EU-Datenschutz"}]},{"@type":"WebSite","@id":"https:\/\/www.medienkultur.at\/neu\/#website","url":"https:\/\/www.medienkultur.at\/neu\/","name":"Vereinigung f\u00fcr Medienkultur","description":"","potentialAction":[{"@type":"SearchAction","target":{"@type":"EntryPoint","urlTemplate":"https:\/\/www.medienkultur.at\/neu\/?s={search_term_string}"},"query-input":{"@type":"PropertyValueSpecification","valueRequired":true,"valueName":"search_term_string"}}],"inLanguage":"de"},{"@type":"Person","@id":"https:\/\/www.medienkultur.at\/neu\/#\/schema\/person\/5307830ec125174672d8c9d829eeb256","name":"Hans H\u00f6gl"}]}},"_links":{"self":[{"href":"https:\/\/www.medienkultur.at\/neu\/wp-json\/wp\/v2\/posts\/4577","targetHints":{"allow":["GET"]}}],"collection":[{"href":"https:\/\/www.medienkultur.at\/neu\/wp-json\/wp\/v2\/posts"}],"about":[{"href":"https:\/\/www.medienkultur.at\/neu\/wp-json\/wp\/v2\/types\/post"}],"author":[{"embeddable":true,"href":"https:\/\/www.medienkultur.at\/neu\/wp-json\/wp\/v2\/users\/1"}],"replies":[{"embeddable":true,"href":"https:\/\/www.medienkultur.at\/neu\/wp-json\/wp\/v2\/comments?post=4577"}],"version-history":[{"count":1,"href":"https:\/\/www.medienkultur.at\/neu\/wp-json\/wp\/v2\/posts\/4577\/revisions"}],"predecessor-version":[{"id":4578,"href":"https:\/\/www.medienkultur.at\/neu\/wp-json\/wp\/v2\/posts\/4577\/revisions\/4578"}],"wp:attachment":[{"href":"https:\/\/www.medienkultur.at\/neu\/wp-json\/wp\/v2\/media?parent=4577"}],"wp:term":[{"taxonomy":"category","embeddable":true,"href":"https:\/\/www.medienkultur.at\/neu\/wp-json\/wp\/v2\/categories?post=4577"},{"taxonomy":"post_tag","embeddable":true,"href":"https:\/\/www.medienkultur.at\/neu\/wp-json\/wp\/v2\/tags?post=4577"}],"curies":[{"name":"wp","href":"https:\/\/api.w.org\/{rel}","templated":true}]}}