{"id":4433,"date":"2018-04-01T00:08:40","date_gmt":"2018-03-31T22:08:40","guid":{"rendered":"http:\/\/www.medienkultur.at\/neu\/?p=4433"},"modified":"2018-04-01T00:08:40","modified_gmt":"2018-03-31T22:08:40","slug":"politik-und-medien-auf-antirussischer-welle","status":"publish","type":"post","link":"https:\/\/www.medienkultur.at\/neu\/politik-und-medien-auf-antirussischer-welle\/","title":{"rendered":"Politik und Medien auf antirussischer Welle"},"content":{"rendered":"<h5><span style=\"color: #800000;\">Feindbild Putin : Schwindende Hoffnung auf Dialog<\/span><\/h5>\n<p>Udo Bachmair<\/p>\n<p>Russophobie greift wieder um sich. Antirussische Reflexe dominieren einmal mehr die Berichterstattung in westlichen Medien. Willkommener(?) Anlass: \u00a0Der Giftanschlag von Salesbury, der Putin in die Schuhe geschoben wird. Allerdings bisher ohne konkrete Beweise. Hauptsache, das alte Feindbild aus dem Kalten Krieg l\u00e4sst sich damit am Leben erhalten.<\/p>\n<p>Aber auch die j\u00fcngere Zeitgeschichte bietet genug Stoff, um an der Eskalationsschraube zu drehen. Putin mit seinen innenpolitisch autokratischen Tendenzen gilt freilich zu Recht nicht als Waisenknabe. Au\u00dfenpolitisch jedoch jede Chance f\u00fcr einen Dialog mit ihm zu gef\u00e4hrden, erscheint als fahrl\u00e4ssig, gef\u00e4hrlich und realpolitisch naiv zugleich.<\/p>\n<p>Seit Br\u00fcssel, best\u00e4rkt durch politische und milit\u00e4rische Interessen von USA und NATO, kompromisslos das antirussische Regime der Ukraine unterst\u00fctzt, \u00a0ist die Distanz zwischen dem Westen und Russland noch gr\u00f6\u00dfer geworden. Ins Bild passt da auch die Huldigung des Pr\u00e4sidenten der Ukraine als Ehrengast unseres Staatsoberhaupts beim j\u00fcngsten Opernball.<\/p>\n<p>Ob der ukrainische Pr\u00e4sident Poroschenko bei der erw\u00e4hnten festlichen Gelegenheit Mahnungen von Bundespr\u00e4sident Van der Bellen vernommen hat, sich in der Feindschaft und den Verbalaggressionen gegen das \u00f6stliche Nachbarland etwas zur\u00fcckzunehmen, ist nicht bekannt. Hingegen mittlerweile bekannt sind kritische Worte von VdB zum Thema.<\/p>\n<p>So erkl\u00e4rte vor drei Jahren der nunmehrige Bundespr\u00e4sident zur EU-Russland-Politik auf eine entsprechende Frage der Redaktion der Internetplattform \u201eNachgehakt\u201c (<a href=\"http:\/\/www.nachgehakt.at\">www.nachgehakt.at<\/a> ) :<\/p>\n<p><em>Nachgehakt: <\/em><\/p>\n<p><em>Wie bewerten Sie den Umgang Europas mit Russland?<\/em><\/p>\n<p><em>Van der Bellen: <\/em><\/p>\n<p><em>Ich glaube, wenn ich mich \u00f6ffentlich dazu ge\u00e4u\u00dfert h\u00e4tte, w\u00e4re ich als Putin-Versteher diffamiert worden. Ich finde es skandal\u00f6s, wie nahezu die gesamte europ\u00e4ische Presse, \u00d6sterreich ist da keine Ausnahme, nicht einmal versucht russische Positionen zu verstehen. Die Krim war nie ukrainisch, au\u00dfer in den letzten 50 Jahren. Chruschtschow hat die Halbinsel aus unerfindlichen Gr\u00fcnden damals der Ukraine angegliedert. Wenn es eine indigene Bev\u00f6lkerung dort gibt, dann sind das die Tataren, sicher nicht die Ukrainer. Ein weiterer wichtiger Punkt ist die milit\u00e4risch-strategische Position Russlands. Als 1989 der eiserne Vorhang fiel und die Wiedervereinigung Deutschlands bevorstand, ist Russland zugesichert worden, dass die NATO-Grenze nicht weiter nach Osten verschoben wird. Das geht aus US-Quellen hervor. Die Russen haben aber das Pech, dass das niemals schriftlich vereinbart wurde. Und was ist passiert? Die NATO-Ostgrenze verl\u00e4uft heute direkt an den Grenzen zu Russland. Ich kann schon verstehen, dass das ein Stirnrunzeln in Russland hervorruft. Wenn Sie 200 Jahre zur\u00fcckgehen, woher kamen alle Invasoren? Alle durch die Ukraine. Deswegen bin ich sehr erbost, wenn gesagt wird, dass von der Ukraine keine milit\u00e4rische Gefahr ausgeht. Ja nat\u00fcrlich, von der Ukraine selbst nicht, aber dass es sich um ein strategisches Vorfeld Russlands handelt, ist doch klar. Wie haben die USA in den letzten 100 Jahren reagiert, wenn vor ihrer Haust\u00fcr eine potenzielle Gefahr entstand? Die haben sich auch nicht um das V\u00f6lkerrecht gek\u00fcmmert. Da wird mit zweierlei Ma\u00df gemessen. Ungeachtet all dieser Faktoren ist das Ukraineproblem l\u00f6sbar. Aber es scheint auf beiden Seiten keinen guten Willen zu geben.<\/em><\/p>\n<p><em>\u00a0<\/em><\/p>\n<p>&nbsp;<\/p>\n<p>&nbsp;<\/p>\n<p>&nbsp;<\/p>\n","protected":false},"excerpt":{"rendered":"<p>Feindbild Putin : Schwindende Hoffnung auf Dialog Udo Bachmair Russophobie greift wieder um sich. Antirussische Reflexe dominieren einmal mehr die Berichterstattung in westlichen Medien. Willkommener(?) Anlass: \u00a0Der Giftanschlag von Salesbury, der Putin in die Schuhe geschoben wird. Allerdings bisher ohne konkrete Beweise. Hauptsache, das alte Feindbild aus dem Kalten Krieg l\u00e4sst sich damit am Leben &hellip; <a href=\"https:\/\/www.medienkultur.at\/neu\/politik-und-medien-auf-antirussischer-welle\/\" class=\"more-link\"><span class=\"screen-reader-text\">Politik und Medien auf antirussischer Welle<\/span> weiterlesen <span class=\"meta-nav\">&rarr;<\/span><\/a><\/p>\n","protected":false},"author":1,"featured_media":0,"comment_status":"open","ping_status":"open","sticky":false,"template":"","format":"standard","meta":{"footnotes":""},"categories":[9,1,11,20],"tags":[1619,1793,2913,2915,2910,2914,871,55,660,2912,2911,33,98,825],"class_list":["post-4433","post","type-post","status-publish","format-standard","hentry","category-berichte_analysen","category-allgemein","category-medien_politik_wirtschaft","category-medienverantwortung_medienrecht","tag-antirussische-reflexe","tag-bruessel","tag-eu-russland-politik","tag-europaeische-presse","tag-feindbild-putin","tag-internetplattform-nachgehakt","tag-moskau","tag-nato","tag-politik-und-medien","tag-poroschenko","tag-russophobie","tag-ukraine","tag-usa","tag-van-der-bellen"],"yoast_head":"<!-- This site is optimized with the Yoast SEO plugin v27.5 - https:\/\/yoast.com\/product\/yoast-seo-wordpress\/ -->\n<title>Politik und Medien auf antirussischer Welle | Vereinigung f\u00fcr Medienkultur<\/title>\n<meta name=\"robots\" content=\"index, follow, max-snippet:-1, max-image-preview:large, max-video-preview:-1\" \/>\n<link rel=\"canonical\" href=\"https:\/\/www.medienkultur.at\/neu\/politik-und-medien-auf-antirussischer-welle\/\" \/>\n<meta property=\"og:locale\" content=\"de_DE\" \/>\n<meta property=\"og:type\" content=\"article\" \/>\n<meta property=\"og:title\" content=\"Politik und Medien auf antirussischer Welle | Vereinigung f\u00fcr Medienkultur\" \/>\n<meta property=\"og:description\" content=\"Feindbild Putin : Schwindende Hoffnung auf Dialog Udo Bachmair Russophobie greift wieder um sich. Antirussische Reflexe dominieren einmal mehr die Berichterstattung in westlichen Medien. Willkommener(?) Anlass: \u00a0Der Giftanschlag von Salesbury, der Putin in die Schuhe geschoben wird. Allerdings bisher ohne konkrete Beweise. Hauptsache, das alte Feindbild aus dem Kalten Krieg l\u00e4sst sich damit am Leben &hellip; Politik und Medien auf antirussischer Welle weiterlesen &rarr;\" \/>\n<meta property=\"og:url\" content=\"https:\/\/www.medienkultur.at\/neu\/politik-und-medien-auf-antirussischer-welle\/\" \/>\n<meta property=\"og:site_name\" content=\"Vereinigung f\u00fcr Medienkultur\" \/>\n<meta property=\"article:published_time\" content=\"2018-03-31T22:08:40+00:00\" \/>\n<meta name=\"author\" content=\"Hans H\u00f6gl\" \/>\n<meta name=\"twitter:card\" content=\"summary_large_image\" \/>\n<meta name=\"twitter:label1\" content=\"Verfasst von\" \/>\n\t<meta name=\"twitter:data1\" content=\"Hans H\u00f6gl\" \/>\n\t<meta name=\"twitter:label2\" content=\"Gesch\u00e4tzte Lesezeit\" \/>\n\t<meta name=\"twitter:data2\" content=\"3\u00a0Minuten\" \/>\n<script type=\"application\/ld+json\" class=\"yoast-schema-graph\">{\"@context\":\"https:\\\/\\\/schema.org\",\"@graph\":[{\"@type\":\"Article\",\"@id\":\"https:\\\/\\\/www.medienkultur.at\\\/neu\\\/politik-und-medien-auf-antirussischer-welle\\\/#article\",\"isPartOf\":{\"@id\":\"https:\\\/\\\/www.medienkultur.at\\\/neu\\\/politik-und-medien-auf-antirussischer-welle\\\/\"},\"author\":{\"name\":\"Hans H\u00f6gl\",\"@id\":\"https:\\\/\\\/www.medienkultur.at\\\/neu\\\/#\\\/schema\\\/person\\\/5307830ec125174672d8c9d829eeb256\"},\"headline\":\"Politik und Medien auf antirussischer Welle\",\"datePublished\":\"2018-03-31T22:08:40+00:00\",\"mainEntityOfPage\":{\"@id\":\"https:\\\/\\\/www.medienkultur.at\\\/neu\\\/politik-und-medien-auf-antirussischer-welle\\\/\"},\"wordCount\":521,\"commentCount\":0,\"keywords\":[\"antirussische Reflexe\",\"Br\u00fcssel\",\"EU-Russland-Politik\",\"europ\u00e4ische Presse\",\"Feindbild Putin\",\"Internetplattform \\\"Nachgehakt\\\"\",\"Moskau\",\"NATO\",\"Politik und Medien\",\"Poroschenko\",\"Russophobie\",\"Ukraine\",\"USA\",\"Van der Bellen\"],\"articleSection\":[\"BERICHTE \\\/ ANALYSEN\",\"J\u00dcNGSTE BEITR\u00c4GE\",\"Medien und Politik \\\/ Wirtschaft\",\"Medienverantwortung \\\/ Medienrecht\"],\"inLanguage\":\"de\",\"potentialAction\":[{\"@type\":\"CommentAction\",\"name\":\"Comment\",\"target\":[\"https:\\\/\\\/www.medienkultur.at\\\/neu\\\/politik-und-medien-auf-antirussischer-welle\\\/#respond\"]}]},{\"@type\":\"WebPage\",\"@id\":\"https:\\\/\\\/www.medienkultur.at\\\/neu\\\/politik-und-medien-auf-antirussischer-welle\\\/\",\"url\":\"https:\\\/\\\/www.medienkultur.at\\\/neu\\\/politik-und-medien-auf-antirussischer-welle\\\/\",\"name\":\"Politik und Medien auf antirussischer Welle | Vereinigung f\u00fcr Medienkultur\",\"isPartOf\":{\"@id\":\"https:\\\/\\\/www.medienkultur.at\\\/neu\\\/#website\"},\"datePublished\":\"2018-03-31T22:08:40+00:00\",\"author\":{\"@id\":\"https:\\\/\\\/www.medienkultur.at\\\/neu\\\/#\\\/schema\\\/person\\\/5307830ec125174672d8c9d829eeb256\"},\"breadcrumb\":{\"@id\":\"https:\\\/\\\/www.medienkultur.at\\\/neu\\\/politik-und-medien-auf-antirussischer-welle\\\/#breadcrumb\"},\"inLanguage\":\"de\",\"potentialAction\":[{\"@type\":\"ReadAction\",\"target\":[\"https:\\\/\\\/www.medienkultur.at\\\/neu\\\/politik-und-medien-auf-antirussischer-welle\\\/\"]}]},{\"@type\":\"BreadcrumbList\",\"@id\":\"https:\\\/\\\/www.medienkultur.at\\\/neu\\\/politik-und-medien-auf-antirussischer-welle\\\/#breadcrumb\",\"itemListElement\":[{\"@type\":\"ListItem\",\"position\":1,\"name\":\"Startseite\",\"item\":\"https:\\\/\\\/www.medienkultur.at\\\/neu\\\/\"},{\"@type\":\"ListItem\",\"position\":2,\"name\":\"Politik und Medien auf antirussischer Welle\"}]},{\"@type\":\"WebSite\",\"@id\":\"https:\\\/\\\/www.medienkultur.at\\\/neu\\\/#website\",\"url\":\"https:\\\/\\\/www.medienkultur.at\\\/neu\\\/\",\"name\":\"Vereinigung f\u00fcr Medienkultur\",\"description\":\"\",\"potentialAction\":[{\"@type\":\"SearchAction\",\"target\":{\"@type\":\"EntryPoint\",\"urlTemplate\":\"https:\\\/\\\/www.medienkultur.at\\\/neu\\\/?s={search_term_string}\"},\"query-input\":{\"@type\":\"PropertyValueSpecification\",\"valueRequired\":true,\"valueName\":\"search_term_string\"}}],\"inLanguage\":\"de\"},{\"@type\":\"Person\",\"@id\":\"https:\\\/\\\/www.medienkultur.at\\\/neu\\\/#\\\/schema\\\/person\\\/5307830ec125174672d8c9d829eeb256\",\"name\":\"Hans H\u00f6gl\"}]}<\/script>\n<!-- \/ Yoast SEO plugin. -->","yoast_head_json":{"title":"Politik und Medien auf antirussischer Welle | Vereinigung f\u00fcr Medienkultur","robots":{"index":"index","follow":"follow","max-snippet":"max-snippet:-1","max-image-preview":"max-image-preview:large","max-video-preview":"max-video-preview:-1"},"canonical":"https:\/\/www.medienkultur.at\/neu\/politik-und-medien-auf-antirussischer-welle\/","og_locale":"de_DE","og_type":"article","og_title":"Politik und Medien auf antirussischer Welle | Vereinigung f\u00fcr Medienkultur","og_description":"Feindbild Putin : Schwindende Hoffnung auf Dialog Udo Bachmair Russophobie greift wieder um sich. Antirussische Reflexe dominieren einmal mehr die Berichterstattung in westlichen Medien. Willkommener(?) Anlass: \u00a0Der Giftanschlag von Salesbury, der Putin in die Schuhe geschoben wird. Allerdings bisher ohne konkrete Beweise. Hauptsache, das alte Feindbild aus dem Kalten Krieg l\u00e4sst sich damit am Leben &hellip; Politik und Medien auf antirussischer Welle weiterlesen &rarr;","og_url":"https:\/\/www.medienkultur.at\/neu\/politik-und-medien-auf-antirussischer-welle\/","og_site_name":"Vereinigung f\u00fcr Medienkultur","article_published_time":"2018-03-31T22:08:40+00:00","author":"Hans H\u00f6gl","twitter_card":"summary_large_image","twitter_misc":{"Verfasst von":"Hans H\u00f6gl","Gesch\u00e4tzte Lesezeit":"3\u00a0Minuten"},"schema":{"@context":"https:\/\/schema.org","@graph":[{"@type":"Article","@id":"https:\/\/www.medienkultur.at\/neu\/politik-und-medien-auf-antirussischer-welle\/#article","isPartOf":{"@id":"https:\/\/www.medienkultur.at\/neu\/politik-und-medien-auf-antirussischer-welle\/"},"author":{"name":"Hans H\u00f6gl","@id":"https:\/\/www.medienkultur.at\/neu\/#\/schema\/person\/5307830ec125174672d8c9d829eeb256"},"headline":"Politik und Medien auf antirussischer Welle","datePublished":"2018-03-31T22:08:40+00:00","mainEntityOfPage":{"@id":"https:\/\/www.medienkultur.at\/neu\/politik-und-medien-auf-antirussischer-welle\/"},"wordCount":521,"commentCount":0,"keywords":["antirussische Reflexe","Br\u00fcssel","EU-Russland-Politik","europ\u00e4ische Presse","Feindbild Putin","Internetplattform \"Nachgehakt\"","Moskau","NATO","Politik und Medien","Poroschenko","Russophobie","Ukraine","USA","Van der Bellen"],"articleSection":["BERICHTE \/ ANALYSEN","J\u00dcNGSTE BEITR\u00c4GE","Medien und Politik \/ Wirtschaft","Medienverantwortung \/ Medienrecht"],"inLanguage":"de","potentialAction":[{"@type":"CommentAction","name":"Comment","target":["https:\/\/www.medienkultur.at\/neu\/politik-und-medien-auf-antirussischer-welle\/#respond"]}]},{"@type":"WebPage","@id":"https:\/\/www.medienkultur.at\/neu\/politik-und-medien-auf-antirussischer-welle\/","url":"https:\/\/www.medienkultur.at\/neu\/politik-und-medien-auf-antirussischer-welle\/","name":"Politik und Medien auf antirussischer Welle | Vereinigung f\u00fcr Medienkultur","isPartOf":{"@id":"https:\/\/www.medienkultur.at\/neu\/#website"},"datePublished":"2018-03-31T22:08:40+00:00","author":{"@id":"https:\/\/www.medienkultur.at\/neu\/#\/schema\/person\/5307830ec125174672d8c9d829eeb256"},"breadcrumb":{"@id":"https:\/\/www.medienkultur.at\/neu\/politik-und-medien-auf-antirussischer-welle\/#breadcrumb"},"inLanguage":"de","potentialAction":[{"@type":"ReadAction","target":["https:\/\/www.medienkultur.at\/neu\/politik-und-medien-auf-antirussischer-welle\/"]}]},{"@type":"BreadcrumbList","@id":"https:\/\/www.medienkultur.at\/neu\/politik-und-medien-auf-antirussischer-welle\/#breadcrumb","itemListElement":[{"@type":"ListItem","position":1,"name":"Startseite","item":"https:\/\/www.medienkultur.at\/neu\/"},{"@type":"ListItem","position":2,"name":"Politik und Medien auf antirussischer Welle"}]},{"@type":"WebSite","@id":"https:\/\/www.medienkultur.at\/neu\/#website","url":"https:\/\/www.medienkultur.at\/neu\/","name":"Vereinigung f\u00fcr Medienkultur","description":"","potentialAction":[{"@type":"SearchAction","target":{"@type":"EntryPoint","urlTemplate":"https:\/\/www.medienkultur.at\/neu\/?s={search_term_string}"},"query-input":{"@type":"PropertyValueSpecification","valueRequired":true,"valueName":"search_term_string"}}],"inLanguage":"de"},{"@type":"Person","@id":"https:\/\/www.medienkultur.at\/neu\/#\/schema\/person\/5307830ec125174672d8c9d829eeb256","name":"Hans H\u00f6gl"}]}},"_links":{"self":[{"href":"https:\/\/www.medienkultur.at\/neu\/wp-json\/wp\/v2\/posts\/4433","targetHints":{"allow":["GET"]}}],"collection":[{"href":"https:\/\/www.medienkultur.at\/neu\/wp-json\/wp\/v2\/posts"}],"about":[{"href":"https:\/\/www.medienkultur.at\/neu\/wp-json\/wp\/v2\/types\/post"}],"author":[{"embeddable":true,"href":"https:\/\/www.medienkultur.at\/neu\/wp-json\/wp\/v2\/users\/1"}],"replies":[{"embeddable":true,"href":"https:\/\/www.medienkultur.at\/neu\/wp-json\/wp\/v2\/comments?post=4433"}],"version-history":[{"count":1,"href":"https:\/\/www.medienkultur.at\/neu\/wp-json\/wp\/v2\/posts\/4433\/revisions"}],"predecessor-version":[{"id":4434,"href":"https:\/\/www.medienkultur.at\/neu\/wp-json\/wp\/v2\/posts\/4433\/revisions\/4434"}],"wp:attachment":[{"href":"https:\/\/www.medienkultur.at\/neu\/wp-json\/wp\/v2\/media?parent=4433"}],"wp:term":[{"taxonomy":"category","embeddable":true,"href":"https:\/\/www.medienkultur.at\/neu\/wp-json\/wp\/v2\/categories?post=4433"},{"taxonomy":"post_tag","embeddable":true,"href":"https:\/\/www.medienkultur.at\/neu\/wp-json\/wp\/v2\/tags?post=4433"}],"curies":[{"name":"wp","href":"https:\/\/api.w.org\/{rel}","templated":true}]}}