{"id":4307,"date":"2018-02-20T12:44:23","date_gmt":"2018-02-20T10:44:23","guid":{"rendered":"http:\/\/www.medienkultur.at\/neu\/?p=4307"},"modified":"2018-02-20T12:44:39","modified_gmt":"2018-02-20T10:44:39","slug":"eiskunstlauf-im-tv-ueber-olympiade-ein-stiefkind","status":"publish","type":"post","link":"https:\/\/www.medienkultur.at\/neu\/eiskunstlauf-im-tv-ueber-olympiade-ein-stiefkind\/","title":{"rendered":"Eiskunstlauf im TV \u00fcber Olympiade &#8211; ein Stiefkind"},"content":{"rendered":"<p>Hans H\u00f6gl<\/p>\n<p>Dass Sportsendungen zu den meistgesehenen TV-Angeboten geh\u00f6ren, \u00a0ist eine Tatsache, und auch \u00f6ffentlich-rechtliches Fernsehen darf sich dem Sport bei der Olympiade ausf\u00fchrlich widmen. Es soll ja nicht sein, dass die TV-Seher und Seherinnen nur ins Privatfernsehen abwandern.<\/p>\n<p>Ich habe versucht, Olympia-Sendungen zum <strong>Eiskunstlauf z<\/strong>u programmieren &#8211; sowohl im ORF als auch im ARD. Und ich bin entt\u00e4uscht, dass dies fast \u00fcberhaupt und wenn &#8211; \u00a0nur in minimalem Ausma\u00df dem Publikum geboten wird, obschon die unglaublichen Leistungen im Eiskunstlauf zu den sch\u00f6nsten geh\u00f6ren.<\/p>\n<p>Ferner w\u00e4re hinzuweisen, dass die Bewertung, nicht die Messung, \u00a0der Differenz von Hundertstel-Sekunden \u00e4u\u00dferst fragw\u00fcrdig ist. Uninteressant sind ferner die detailgetreuen \u00a0Erl\u00e4uterungen, wie die Schwerkraft der hinteren K\u00f6rperpartie beim Riesenslalom verteilt wird. Dies ist reichlich nebens\u00e4chlich f\u00fcr die Zuseher.<\/p>\n<p><strong>Sehr<\/strong> <strong>lobenswert war, dass ORF III anl\u00e4sslich der Olympiade ausf\u00fchrlich \u00fcber die Lebens- und politische Situation in Korea berichtete. NB. Ich habe solche Sendungen beim ORF-Publikumsrat anl\u00e4sslich der Olympiade in Rio moniert. Die Idee dazu kam mir vom SRF, dem Schweizer Fernsehen.\u00a0<\/strong><\/p>\n<p>Schon vor Jahren wies ich darauf hin, dass im <strong>Medaillenspiegel<\/strong> der Print- \u00a0und elektronischen Medien auch neben den L\u00e4nderwertungen &#8211; der<strong> Medaillenstand der gesamten EU aufgelistet werden sollte<\/strong>.<\/p>\n<p>&nbsp;<\/p>\n<p>&nbsp;<\/p>\n<p>&nbsp;<\/p>\n<div><\/div>\n","protected":false},"excerpt":{"rendered":"<p>Hans H\u00f6gl Dass Sportsendungen zu den meistgesehenen TV-Angeboten geh\u00f6ren, \u00a0ist eine Tatsache, und auch \u00f6ffentlich-rechtliches Fernsehen darf sich dem Sport bei der Olympiade ausf\u00fchrlich widmen. Es soll ja nicht sein, dass die TV-Seher und Seherinnen nur ins Privatfernsehen abwandern. Ich habe versucht, Olympia-Sendungen zum Eiskunstlauf zu programmieren &#8211; sowohl im ORF als auch im ARD. &hellip; <a href=\"https:\/\/www.medienkultur.at\/neu\/eiskunstlauf-im-tv-ueber-olympiade-ein-stiefkind\/\" class=\"more-link\"><span class=\"screen-reader-text\">Eiskunstlauf im TV \u00fcber Olympiade &#8211; ein Stiefkind<\/span> weiterlesen <span class=\"meta-nav\">&rarr;<\/span><\/a><\/p>\n","protected":false},"author":1,"featured_media":0,"comment_status":"open","ping_status":"open","sticky":false,"template":"","format":"standard","meta":{"footnotes":""},"categories":[1,10],"tags":[556,2726,2730,2729,2728,2731,2732,2725,54,151,2727],"class_list":["post-4307","post","type-post","status-publish","format-standard","hentry","category-allgemein","category-medienkritik","tag-ard","tag-eislauf-wenig-beachtet","tag-hundertstel-sekunde-differenz","tag-korea-als-land","tag-lob-fuer-orf-iii","tag-lob-fuer-srf-schweizer-fernsehen","tag-medaillenspiegel-der-gesamten-eu","tag-olympia-und-eiskunstlauf","tag-orf","tag-orf-publikumsrat","tag-sport-im-uebermass"],"yoast_head":"<!-- This site is optimized with the Yoast SEO plugin v27.4 - https:\/\/yoast.com\/product\/yoast-seo-wordpress\/ -->\n<title>Eiskunstlauf im TV \u00fcber Olympiade - ein Stiefkind | Vereinigung f\u00fcr Medienkultur<\/title>\n<meta name=\"robots\" content=\"index, follow, max-snippet:-1, max-image-preview:large, max-video-preview:-1\" \/>\n<link rel=\"canonical\" href=\"https:\/\/www.medienkultur.at\/neu\/eiskunstlauf-im-tv-ueber-olympiade-ein-stiefkind\/\" \/>\n<meta property=\"og:locale\" content=\"de_DE\" \/>\n<meta property=\"og:type\" content=\"article\" \/>\n<meta property=\"og:title\" content=\"Eiskunstlauf im TV \u00fcber Olympiade - ein Stiefkind | Vereinigung f\u00fcr Medienkultur\" \/>\n<meta property=\"og:description\" content=\"Hans H\u00f6gl Dass Sportsendungen zu den meistgesehenen TV-Angeboten geh\u00f6ren, \u00a0ist eine Tatsache, und auch \u00f6ffentlich-rechtliches Fernsehen darf sich dem Sport bei der Olympiade ausf\u00fchrlich widmen. Es soll ja nicht sein, dass die TV-Seher und Seherinnen nur ins Privatfernsehen abwandern. Ich habe versucht, Olympia-Sendungen zum Eiskunstlauf zu programmieren &#8211; sowohl im ORF als auch im ARD. &hellip; Eiskunstlauf im TV \u00fcber Olympiade &#8211; ein Stiefkind weiterlesen &rarr;\" \/>\n<meta property=\"og:url\" content=\"https:\/\/www.medienkultur.at\/neu\/eiskunstlauf-im-tv-ueber-olympiade-ein-stiefkind\/\" \/>\n<meta property=\"og:site_name\" content=\"Vereinigung f\u00fcr Medienkultur\" \/>\n<meta property=\"article:published_time\" content=\"2018-02-20T10:44:23+00:00\" \/>\n<meta property=\"article:modified_time\" content=\"2018-02-20T10:44:39+00:00\" \/>\n<meta name=\"author\" content=\"Hans H\u00f6gl\" \/>\n<meta name=\"twitter:card\" content=\"summary_large_image\" \/>\n<meta name=\"twitter:label1\" content=\"Verfasst von\" \/>\n\t<meta name=\"twitter:data1\" content=\"Hans H\u00f6gl\" \/>\n\t<meta name=\"twitter:label2\" content=\"Gesch\u00e4tzte Lesezeit\" \/>\n\t<meta name=\"twitter:data2\" content=\"1\u00a0Minute\" \/>\n<script type=\"application\/ld+json\" class=\"yoast-schema-graph\">{\"@context\":\"https:\\\/\\\/schema.org\",\"@graph\":[{\"@type\":\"Article\",\"@id\":\"https:\\\/\\\/www.medienkultur.at\\\/neu\\\/eiskunstlauf-im-tv-ueber-olympiade-ein-stiefkind\\\/#article\",\"isPartOf\":{\"@id\":\"https:\\\/\\\/www.medienkultur.at\\\/neu\\\/eiskunstlauf-im-tv-ueber-olympiade-ein-stiefkind\\\/\"},\"author\":{\"name\":\"Hans H\u00f6gl\",\"@id\":\"https:\\\/\\\/www.medienkultur.at\\\/neu\\\/#\\\/schema\\\/person\\\/5307830ec125174672d8c9d829eeb256\"},\"headline\":\"Eiskunstlauf im TV \u00fcber Olympiade &#8211; ein Stiefkind\",\"datePublished\":\"2018-02-20T10:44:23+00:00\",\"dateModified\":\"2018-02-20T10:44:39+00:00\",\"mainEntityOfPage\":{\"@id\":\"https:\\\/\\\/www.medienkultur.at\\\/neu\\\/eiskunstlauf-im-tv-ueber-olympiade-ein-stiefkind\\\/\"},\"wordCount\":221,\"commentCount\":0,\"keywords\":[\"ARD\",\"Eislauf wenig beachtet\",\"Hundertstel Sekunde -Differenz\",\"Korea als Land\",\"Lob f\u00fcr ORF III\",\"Lob f\u00fcr SRF-Schweizer Fernsehen\",\"Medaillenspiegel der gesamten EU\",\"Olympia und Eiskunstlauf\",\"ORF\",\"ORF Publikumsrat\",\"Sport im \u00dcberma\u00df\"],\"articleSection\":[\"J\u00dcNGSTE BEITR\u00c4GE\",\"Medienkritik\"],\"inLanguage\":\"de\",\"potentialAction\":[{\"@type\":\"CommentAction\",\"name\":\"Comment\",\"target\":[\"https:\\\/\\\/www.medienkultur.at\\\/neu\\\/eiskunstlauf-im-tv-ueber-olympiade-ein-stiefkind\\\/#respond\"]}]},{\"@type\":\"WebPage\",\"@id\":\"https:\\\/\\\/www.medienkultur.at\\\/neu\\\/eiskunstlauf-im-tv-ueber-olympiade-ein-stiefkind\\\/\",\"url\":\"https:\\\/\\\/www.medienkultur.at\\\/neu\\\/eiskunstlauf-im-tv-ueber-olympiade-ein-stiefkind\\\/\",\"name\":\"Eiskunstlauf im TV \u00fcber Olympiade - ein Stiefkind | Vereinigung f\u00fcr Medienkultur\",\"isPartOf\":{\"@id\":\"https:\\\/\\\/www.medienkultur.at\\\/neu\\\/#website\"},\"datePublished\":\"2018-02-20T10:44:23+00:00\",\"dateModified\":\"2018-02-20T10:44:39+00:00\",\"author\":{\"@id\":\"https:\\\/\\\/www.medienkultur.at\\\/neu\\\/#\\\/schema\\\/person\\\/5307830ec125174672d8c9d829eeb256\"},\"breadcrumb\":{\"@id\":\"https:\\\/\\\/www.medienkultur.at\\\/neu\\\/eiskunstlauf-im-tv-ueber-olympiade-ein-stiefkind\\\/#breadcrumb\"},\"inLanguage\":\"de\",\"potentialAction\":[{\"@type\":\"ReadAction\",\"target\":[\"https:\\\/\\\/www.medienkultur.at\\\/neu\\\/eiskunstlauf-im-tv-ueber-olympiade-ein-stiefkind\\\/\"]}]},{\"@type\":\"BreadcrumbList\",\"@id\":\"https:\\\/\\\/www.medienkultur.at\\\/neu\\\/eiskunstlauf-im-tv-ueber-olympiade-ein-stiefkind\\\/#breadcrumb\",\"itemListElement\":[{\"@type\":\"ListItem\",\"position\":1,\"name\":\"Startseite\",\"item\":\"https:\\\/\\\/www.medienkultur.at\\\/neu\\\/\"},{\"@type\":\"ListItem\",\"position\":2,\"name\":\"Eiskunstlauf im TV \u00fcber Olympiade &#8211; ein Stiefkind\"}]},{\"@type\":\"WebSite\",\"@id\":\"https:\\\/\\\/www.medienkultur.at\\\/neu\\\/#website\",\"url\":\"https:\\\/\\\/www.medienkultur.at\\\/neu\\\/\",\"name\":\"Vereinigung f\u00fcr Medienkultur\",\"description\":\"\",\"potentialAction\":[{\"@type\":\"SearchAction\",\"target\":{\"@type\":\"EntryPoint\",\"urlTemplate\":\"https:\\\/\\\/www.medienkultur.at\\\/neu\\\/?s={search_term_string}\"},\"query-input\":{\"@type\":\"PropertyValueSpecification\",\"valueRequired\":true,\"valueName\":\"search_term_string\"}}],\"inLanguage\":\"de\"},{\"@type\":\"Person\",\"@id\":\"https:\\\/\\\/www.medienkultur.at\\\/neu\\\/#\\\/schema\\\/person\\\/5307830ec125174672d8c9d829eeb256\",\"name\":\"Hans H\u00f6gl\"}]}<\/script>\n<!-- \/ Yoast SEO plugin. -->","yoast_head_json":{"title":"Eiskunstlauf im TV \u00fcber Olympiade - ein Stiefkind | Vereinigung f\u00fcr Medienkultur","robots":{"index":"index","follow":"follow","max-snippet":"max-snippet:-1","max-image-preview":"max-image-preview:large","max-video-preview":"max-video-preview:-1"},"canonical":"https:\/\/www.medienkultur.at\/neu\/eiskunstlauf-im-tv-ueber-olympiade-ein-stiefkind\/","og_locale":"de_DE","og_type":"article","og_title":"Eiskunstlauf im TV \u00fcber Olympiade - ein Stiefkind | Vereinigung f\u00fcr Medienkultur","og_description":"Hans H\u00f6gl Dass Sportsendungen zu den meistgesehenen TV-Angeboten geh\u00f6ren, \u00a0ist eine Tatsache, und auch \u00f6ffentlich-rechtliches Fernsehen darf sich dem Sport bei der Olympiade ausf\u00fchrlich widmen. Es soll ja nicht sein, dass die TV-Seher und Seherinnen nur ins Privatfernsehen abwandern. Ich habe versucht, Olympia-Sendungen zum Eiskunstlauf zu programmieren &#8211; sowohl im ORF als auch im ARD. &hellip; Eiskunstlauf im TV \u00fcber Olympiade &#8211; ein Stiefkind weiterlesen &rarr;","og_url":"https:\/\/www.medienkultur.at\/neu\/eiskunstlauf-im-tv-ueber-olympiade-ein-stiefkind\/","og_site_name":"Vereinigung f\u00fcr Medienkultur","article_published_time":"2018-02-20T10:44:23+00:00","article_modified_time":"2018-02-20T10:44:39+00:00","author":"Hans H\u00f6gl","twitter_card":"summary_large_image","twitter_misc":{"Verfasst von":"Hans H\u00f6gl","Gesch\u00e4tzte Lesezeit":"1\u00a0Minute"},"schema":{"@context":"https:\/\/schema.org","@graph":[{"@type":"Article","@id":"https:\/\/www.medienkultur.at\/neu\/eiskunstlauf-im-tv-ueber-olympiade-ein-stiefkind\/#article","isPartOf":{"@id":"https:\/\/www.medienkultur.at\/neu\/eiskunstlauf-im-tv-ueber-olympiade-ein-stiefkind\/"},"author":{"name":"Hans H\u00f6gl","@id":"https:\/\/www.medienkultur.at\/neu\/#\/schema\/person\/5307830ec125174672d8c9d829eeb256"},"headline":"Eiskunstlauf im TV \u00fcber Olympiade &#8211; ein Stiefkind","datePublished":"2018-02-20T10:44:23+00:00","dateModified":"2018-02-20T10:44:39+00:00","mainEntityOfPage":{"@id":"https:\/\/www.medienkultur.at\/neu\/eiskunstlauf-im-tv-ueber-olympiade-ein-stiefkind\/"},"wordCount":221,"commentCount":0,"keywords":["ARD","Eislauf wenig beachtet","Hundertstel Sekunde -Differenz","Korea als Land","Lob f\u00fcr ORF III","Lob f\u00fcr SRF-Schweizer Fernsehen","Medaillenspiegel der gesamten EU","Olympia und Eiskunstlauf","ORF","ORF Publikumsrat","Sport im \u00dcberma\u00df"],"articleSection":["J\u00dcNGSTE BEITR\u00c4GE","Medienkritik"],"inLanguage":"de","potentialAction":[{"@type":"CommentAction","name":"Comment","target":["https:\/\/www.medienkultur.at\/neu\/eiskunstlauf-im-tv-ueber-olympiade-ein-stiefkind\/#respond"]}]},{"@type":"WebPage","@id":"https:\/\/www.medienkultur.at\/neu\/eiskunstlauf-im-tv-ueber-olympiade-ein-stiefkind\/","url":"https:\/\/www.medienkultur.at\/neu\/eiskunstlauf-im-tv-ueber-olympiade-ein-stiefkind\/","name":"Eiskunstlauf im TV \u00fcber Olympiade - ein Stiefkind | Vereinigung f\u00fcr Medienkultur","isPartOf":{"@id":"https:\/\/www.medienkultur.at\/neu\/#website"},"datePublished":"2018-02-20T10:44:23+00:00","dateModified":"2018-02-20T10:44:39+00:00","author":{"@id":"https:\/\/www.medienkultur.at\/neu\/#\/schema\/person\/5307830ec125174672d8c9d829eeb256"},"breadcrumb":{"@id":"https:\/\/www.medienkultur.at\/neu\/eiskunstlauf-im-tv-ueber-olympiade-ein-stiefkind\/#breadcrumb"},"inLanguage":"de","potentialAction":[{"@type":"ReadAction","target":["https:\/\/www.medienkultur.at\/neu\/eiskunstlauf-im-tv-ueber-olympiade-ein-stiefkind\/"]}]},{"@type":"BreadcrumbList","@id":"https:\/\/www.medienkultur.at\/neu\/eiskunstlauf-im-tv-ueber-olympiade-ein-stiefkind\/#breadcrumb","itemListElement":[{"@type":"ListItem","position":1,"name":"Startseite","item":"https:\/\/www.medienkultur.at\/neu\/"},{"@type":"ListItem","position":2,"name":"Eiskunstlauf im TV \u00fcber Olympiade &#8211; ein Stiefkind"}]},{"@type":"WebSite","@id":"https:\/\/www.medienkultur.at\/neu\/#website","url":"https:\/\/www.medienkultur.at\/neu\/","name":"Vereinigung f\u00fcr Medienkultur","description":"","potentialAction":[{"@type":"SearchAction","target":{"@type":"EntryPoint","urlTemplate":"https:\/\/www.medienkultur.at\/neu\/?s={search_term_string}"},"query-input":{"@type":"PropertyValueSpecification","valueRequired":true,"valueName":"search_term_string"}}],"inLanguage":"de"},{"@type":"Person","@id":"https:\/\/www.medienkultur.at\/neu\/#\/schema\/person\/5307830ec125174672d8c9d829eeb256","name":"Hans H\u00f6gl"}]}},"_links":{"self":[{"href":"https:\/\/www.medienkultur.at\/neu\/wp-json\/wp\/v2\/posts\/4307","targetHints":{"allow":["GET"]}}],"collection":[{"href":"https:\/\/www.medienkultur.at\/neu\/wp-json\/wp\/v2\/posts"}],"about":[{"href":"https:\/\/www.medienkultur.at\/neu\/wp-json\/wp\/v2\/types\/post"}],"author":[{"embeddable":true,"href":"https:\/\/www.medienkultur.at\/neu\/wp-json\/wp\/v2\/users\/1"}],"replies":[{"embeddable":true,"href":"https:\/\/www.medienkultur.at\/neu\/wp-json\/wp\/v2\/comments?post=4307"}],"version-history":[{"count":6,"href":"https:\/\/www.medienkultur.at\/neu\/wp-json\/wp\/v2\/posts\/4307\/revisions"}],"predecessor-version":[{"id":4313,"href":"https:\/\/www.medienkultur.at\/neu\/wp-json\/wp\/v2\/posts\/4307\/revisions\/4313"}],"wp:attachment":[{"href":"https:\/\/www.medienkultur.at\/neu\/wp-json\/wp\/v2\/media?parent=4307"}],"wp:term":[{"taxonomy":"category","embeddable":true,"href":"https:\/\/www.medienkultur.at\/neu\/wp-json\/wp\/v2\/categories?post=4307"},{"taxonomy":"post_tag","embeddable":true,"href":"https:\/\/www.medienkultur.at\/neu\/wp-json\/wp\/v2\/tags?post=4307"}],"curies":[{"name":"wp","href":"https:\/\/api.w.org\/{rel}","templated":true}]}}