{"id":4276,"date":"2018-01-27T19:39:31","date_gmt":"2018-01-27T17:39:31","guid":{"rendered":"http:\/\/www.medienkultur.at\/neu\/?p=4276"},"modified":"2018-01-27T19:49:20","modified_gmt":"2018-01-27T17:49:20","slug":"widerstand-erzeugt-hoffnung","status":"publish","type":"post","link":"https:\/\/www.medienkultur.at\/neu\/widerstand-erzeugt-hoffnung\/","title":{"rendered":"Widerstand erzeugt Hoffnung"},"content":{"rendered":"<h4><span style=\"color: #ff0000;\">Politik, Medien, Kirchen : Stopp dem rechten Ungeist<\/span><\/h4>\n<p>Udo Bachmair<\/p>\n<p>Hetze im Internet, Hass gegen\u00fcber Fremden, Antisemitismus, Nazi-Texte in Liederb\u00fcchern: Der Ungeist von Rassismus und Rechtsextremismus erscheint an Tagen wie diesen allgegenw\u00e4rtig. Und f\u00fcr manche scheint er bereits salonf\u00e4hig geworden zu sein.<\/p>\n<p>Doch es gibt Hoffnung.<\/p>\n<p>Ein immer breiterer Widerstand gegen rechte Z\u00fcndler regt sich: \u00a0In den Medien (Ausnahme \u00a0weitgehend die Kronenzeitung), in NGOs, in Kirchen bis hin zum beeindruckenden Appell des Bundespr\u00e4sidenten gegen NS-Verherrlichung und Menschenverachtung.<\/p>\n<p>Als mutig erscheint in dem Zusammenhang auch die R\u00fccktrittsaufforderung Van der Bellens an den n\u00f6. FP\u00d6-Spitzenkandidaten Udo Landbauer. Dieser war bis vor kurzem noch Vizeobmann der rechtsextremen Burschenschaft Germania, behauptet jedoch, von ihren Nazi-Liedern nie etwas geh\u00f6rt oder gewusst zu haben..<\/p>\n<p>G\u00e4be es in Deutschland einen \u00e4hnlichen Fall, w\u00e4re ein R\u00fccktritt wahrscheinlich nur eine Frage der Zeit. Die dortige Medienlandschaft scheint st\u00e4rker willens und in der Lage zu sein als hierzulande, entsprechend Druck auszu\u00fcben. Doch wir sind halt in \u00d6sterreich..<\/p>\n<p>In \u00d6sterreich verhallen Appelle f\u00fcr Menschlichkeit, Solidarit\u00e4t und Antifaschismus nur allzu oft. Viele Medien nehmen sie nur am Rande wahr. Dabei w\u00e4re es w\u00fcnschenswert, etwa auch kirchlichen Stimmen in der \u00d6ffentlichkeit mehr Geh\u00f6r zu verschaffen.<\/p>\n<p>So l\u00e4sst angesichts j\u00fcngster Vorf\u00e4lle um FP\u00d6-Politiker der Vorsitzende des \u00f6kumenischen Rates der Kirchen, Thomas Hennefeld, mit besonderes eindringlichen Worten aufhorchen. Er mahnt Kirche und Gesellschaft zu erh\u00f6hter Wachsamkeit und Sensibilit\u00e4t und merkt zum Fall Germania an:<\/p>\n<p><em>Wo sich das Haupt des widerw\u00e4rtigen antisemitischen Ungeistes erhebt, wie im Fall des Liederbuches bei der Burschenschaft Germania, m\u00fcssen die Kirchen aufschreien<\/em><\/p>\n<p>Zum Plan des FP\u00d6-Innenministers, Fl\u00fcchtlinge und Asylwerber \u201ekonzentriert\u201c in Massenunterk\u00fcnften \u201ehalten\u201c zu wollen, meint der Vorsitzende des \u00d6RK\u00d6 :<\/p>\n<p><em>80 Jahre nach dem\u00a0 \u201eAnschluss\u201c an Hitler-Deutschland spricht ein Minister davon, Menschen konzentrieren zu wollen. Dabei geht es nicht nur um Anspielungen auf die dunkelste Zeit unserer Geschichte, sondern auch um die Ma\u00dfnahmen, die damit verbunden sind. Anscheinend sollen tausende Menschen aus Familien, in denen sie integriert sind, herausgerissen werden und an einen anderen Ort gebracht werden. Die Kirchen d\u00fcrfen nicht darauf warten, bis es der Regierung einf\u00e4llt, auch andere Gruppen auszusondern, nur weil jetzt von uns niemand betroffen ist, sondern m\u00fcssten schon jetzt protestieren.<\/em><\/p>\n<p>&nbsp;<\/p>\n","protected":false},"excerpt":{"rendered":"<p>Politik, Medien, Kirchen : Stopp dem rechten Ungeist Udo Bachmair Hetze im Internet, Hass gegen\u00fcber Fremden, Antisemitismus, Nazi-Texte in Liederb\u00fcchern: Der Ungeist von Rassismus und Rechtsextremismus erscheint an Tagen wie diesen allgegenw\u00e4rtig. Und f\u00fcr manche scheint er bereits salonf\u00e4hig geworden zu sein. Doch es gibt Hoffnung. Ein immer breiterer Widerstand gegen rechte Z\u00fcndler regt sich: &hellip; <a href=\"https:\/\/www.medienkultur.at\/neu\/widerstand-erzeugt-hoffnung\/\" class=\"more-link\"><span class=\"screen-reader-text\">Widerstand erzeugt Hoffnung<\/span> weiterlesen <span class=\"meta-nav\">&rarr;<\/span><\/a><\/p>\n","protected":false},"author":1,"featured_media":0,"comment_status":"open","ping_status":"open","sticky":false,"template":"","format":"standard","meta":{"footnotes":""},"categories":[9,1,12,11,18,10,20],"tags":[2699,1715,2693,2697,182,2696,314,601,39,126,2698,2694,2692,2691,1614,2695,2674,825],"class_list":["post-4276","post","type-post","status-publish","format-standard","hentry","category-berichte_analysen","category-allgemein","category-medien_bildung_religion","category-medien_politik_wirtschaft","category-medienkompetenz","category-medienkritik","category-medienverantwortung_medienrecht","tag-aufschreien","tag-burschenschafter","tag-fpoe-politiker","tag-hass-gegenueber-fremden","tag-hennefeld","tag-hetze-im-internet","tag-hoffnung","tag-kirchen","tag-medien","tag-menschlichkeit","tag-nazi-lieder","tag-ns-verherrlichung","tag-oekumenischer-rat-der-kirchen","tag-oerkoe","tag-politik","tag-rechter-ungeist","tag-udo-landbauer","tag-van-der-bellen"],"yoast_head":"<!-- This site is optimized with the Yoast SEO plugin v27.5 - https:\/\/yoast.com\/product\/yoast-seo-wordpress\/ -->\n<title>Widerstand erzeugt Hoffnung | Vereinigung f\u00fcr Medienkultur<\/title>\n<meta name=\"robots\" content=\"index, follow, max-snippet:-1, max-image-preview:large, max-video-preview:-1\" \/>\n<link rel=\"canonical\" href=\"https:\/\/www.medienkultur.at\/neu\/widerstand-erzeugt-hoffnung\/\" \/>\n<meta property=\"og:locale\" content=\"de_DE\" \/>\n<meta property=\"og:type\" content=\"article\" \/>\n<meta property=\"og:title\" content=\"Widerstand erzeugt Hoffnung | Vereinigung f\u00fcr Medienkultur\" \/>\n<meta property=\"og:description\" content=\"Politik, Medien, Kirchen : Stopp dem rechten Ungeist Udo Bachmair Hetze im Internet, Hass gegen\u00fcber Fremden, Antisemitismus, Nazi-Texte in Liederb\u00fcchern: Der Ungeist von Rassismus und Rechtsextremismus erscheint an Tagen wie diesen allgegenw\u00e4rtig. Und f\u00fcr manche scheint er bereits salonf\u00e4hig geworden zu sein. Doch es gibt Hoffnung. Ein immer breiterer Widerstand gegen rechte Z\u00fcndler regt sich: &hellip; Widerstand erzeugt Hoffnung weiterlesen &rarr;\" \/>\n<meta property=\"og:url\" content=\"https:\/\/www.medienkultur.at\/neu\/widerstand-erzeugt-hoffnung\/\" \/>\n<meta property=\"og:site_name\" content=\"Vereinigung f\u00fcr Medienkultur\" \/>\n<meta property=\"article:published_time\" content=\"2018-01-27T17:39:31+00:00\" \/>\n<meta property=\"article:modified_time\" content=\"2018-01-27T17:49:20+00:00\" \/>\n<meta name=\"author\" content=\"Hans H\u00f6gl\" \/>\n<meta name=\"twitter:card\" content=\"summary_large_image\" \/>\n<meta name=\"twitter:label1\" content=\"Verfasst von\" \/>\n\t<meta name=\"twitter:data1\" content=\"Hans H\u00f6gl\" \/>\n\t<meta name=\"twitter:label2\" content=\"Gesch\u00e4tzte Lesezeit\" \/>\n\t<meta name=\"twitter:data2\" content=\"2\u00a0Minuten\" \/>\n<script type=\"application\/ld+json\" class=\"yoast-schema-graph\">{\"@context\":\"https:\\\/\\\/schema.org\",\"@graph\":[{\"@type\":\"Article\",\"@id\":\"https:\\\/\\\/www.medienkultur.at\\\/neu\\\/widerstand-erzeugt-hoffnung\\\/#article\",\"isPartOf\":{\"@id\":\"https:\\\/\\\/www.medienkultur.at\\\/neu\\\/widerstand-erzeugt-hoffnung\\\/\"},\"author\":{\"name\":\"Hans H\u00f6gl\",\"@id\":\"https:\\\/\\\/www.medienkultur.at\\\/neu\\\/#\\\/schema\\\/person\\\/5307830ec125174672d8c9d829eeb256\"},\"headline\":\"Widerstand erzeugt Hoffnung\",\"datePublished\":\"2018-01-27T17:39:31+00:00\",\"dateModified\":\"2018-01-27T17:49:20+00:00\",\"mainEntityOfPage\":{\"@id\":\"https:\\\/\\\/www.medienkultur.at\\\/neu\\\/widerstand-erzeugt-hoffnung\\\/\"},\"wordCount\":391,\"commentCount\":0,\"keywords\":[\"aufschreien\",\"Burschenschafter\",\"FP\u00d6-Politiker\",\"Hass gegen\u00fcber Fremden\",\"Hennefeld\",\"Hetze im Internet\",\"Hoffnung\",\"Kirchen\",\"Medien\",\"Menschlichkeit\",\"Nazi-Lieder\",\"NS-Verherrlichung\",\"\u00f6kumenischer Rat der Kirchen\",\"\u00d6RK\u00d6\",\"Politik\",\"rechter Ungeist\",\"Udo Landbauer\",\"Van der Bellen\"],\"articleSection\":[\"BERICHTE \\\/ ANALYSEN\",\"J\u00dcNGSTE BEITR\u00c4GE\",\"Medien und Bildung \\\/ Religion\",\"Medien und Politik \\\/ Wirtschaft\",\"Medienkompetenz\",\"Medienkritik\",\"Medienverantwortung \\\/ Medienrecht\"],\"inLanguage\":\"de\",\"potentialAction\":[{\"@type\":\"CommentAction\",\"name\":\"Comment\",\"target\":[\"https:\\\/\\\/www.medienkultur.at\\\/neu\\\/widerstand-erzeugt-hoffnung\\\/#respond\"]}]},{\"@type\":\"WebPage\",\"@id\":\"https:\\\/\\\/www.medienkultur.at\\\/neu\\\/widerstand-erzeugt-hoffnung\\\/\",\"url\":\"https:\\\/\\\/www.medienkultur.at\\\/neu\\\/widerstand-erzeugt-hoffnung\\\/\",\"name\":\"Widerstand erzeugt Hoffnung | Vereinigung f\u00fcr Medienkultur\",\"isPartOf\":{\"@id\":\"https:\\\/\\\/www.medienkultur.at\\\/neu\\\/#website\"},\"datePublished\":\"2018-01-27T17:39:31+00:00\",\"dateModified\":\"2018-01-27T17:49:20+00:00\",\"author\":{\"@id\":\"https:\\\/\\\/www.medienkultur.at\\\/neu\\\/#\\\/schema\\\/person\\\/5307830ec125174672d8c9d829eeb256\"},\"breadcrumb\":{\"@id\":\"https:\\\/\\\/www.medienkultur.at\\\/neu\\\/widerstand-erzeugt-hoffnung\\\/#breadcrumb\"},\"inLanguage\":\"de\",\"potentialAction\":[{\"@type\":\"ReadAction\",\"target\":[\"https:\\\/\\\/www.medienkultur.at\\\/neu\\\/widerstand-erzeugt-hoffnung\\\/\"]}]},{\"@type\":\"BreadcrumbList\",\"@id\":\"https:\\\/\\\/www.medienkultur.at\\\/neu\\\/widerstand-erzeugt-hoffnung\\\/#breadcrumb\",\"itemListElement\":[{\"@type\":\"ListItem\",\"position\":1,\"name\":\"Startseite\",\"item\":\"https:\\\/\\\/www.medienkultur.at\\\/neu\\\/\"},{\"@type\":\"ListItem\",\"position\":2,\"name\":\"Widerstand erzeugt Hoffnung\"}]},{\"@type\":\"WebSite\",\"@id\":\"https:\\\/\\\/www.medienkultur.at\\\/neu\\\/#website\",\"url\":\"https:\\\/\\\/www.medienkultur.at\\\/neu\\\/\",\"name\":\"Vereinigung f\u00fcr Medienkultur\",\"description\":\"\",\"potentialAction\":[{\"@type\":\"SearchAction\",\"target\":{\"@type\":\"EntryPoint\",\"urlTemplate\":\"https:\\\/\\\/www.medienkultur.at\\\/neu\\\/?s={search_term_string}\"},\"query-input\":{\"@type\":\"PropertyValueSpecification\",\"valueRequired\":true,\"valueName\":\"search_term_string\"}}],\"inLanguage\":\"de\"},{\"@type\":\"Person\",\"@id\":\"https:\\\/\\\/www.medienkultur.at\\\/neu\\\/#\\\/schema\\\/person\\\/5307830ec125174672d8c9d829eeb256\",\"name\":\"Hans H\u00f6gl\"}]}<\/script>\n<!-- \/ Yoast SEO plugin. -->","yoast_head_json":{"title":"Widerstand erzeugt Hoffnung | Vereinigung f\u00fcr Medienkultur","robots":{"index":"index","follow":"follow","max-snippet":"max-snippet:-1","max-image-preview":"max-image-preview:large","max-video-preview":"max-video-preview:-1"},"canonical":"https:\/\/www.medienkultur.at\/neu\/widerstand-erzeugt-hoffnung\/","og_locale":"de_DE","og_type":"article","og_title":"Widerstand erzeugt Hoffnung | Vereinigung f\u00fcr Medienkultur","og_description":"Politik, Medien, Kirchen : Stopp dem rechten Ungeist Udo Bachmair Hetze im Internet, Hass gegen\u00fcber Fremden, Antisemitismus, Nazi-Texte in Liederb\u00fcchern: Der Ungeist von Rassismus und Rechtsextremismus erscheint an Tagen wie diesen allgegenw\u00e4rtig. Und f\u00fcr manche scheint er bereits salonf\u00e4hig geworden zu sein. Doch es gibt Hoffnung. Ein immer breiterer Widerstand gegen rechte Z\u00fcndler regt sich: &hellip; Widerstand erzeugt Hoffnung weiterlesen &rarr;","og_url":"https:\/\/www.medienkultur.at\/neu\/widerstand-erzeugt-hoffnung\/","og_site_name":"Vereinigung f\u00fcr Medienkultur","article_published_time":"2018-01-27T17:39:31+00:00","article_modified_time":"2018-01-27T17:49:20+00:00","author":"Hans H\u00f6gl","twitter_card":"summary_large_image","twitter_misc":{"Verfasst von":"Hans H\u00f6gl","Gesch\u00e4tzte Lesezeit":"2\u00a0Minuten"},"schema":{"@context":"https:\/\/schema.org","@graph":[{"@type":"Article","@id":"https:\/\/www.medienkultur.at\/neu\/widerstand-erzeugt-hoffnung\/#article","isPartOf":{"@id":"https:\/\/www.medienkultur.at\/neu\/widerstand-erzeugt-hoffnung\/"},"author":{"name":"Hans H\u00f6gl","@id":"https:\/\/www.medienkultur.at\/neu\/#\/schema\/person\/5307830ec125174672d8c9d829eeb256"},"headline":"Widerstand erzeugt Hoffnung","datePublished":"2018-01-27T17:39:31+00:00","dateModified":"2018-01-27T17:49:20+00:00","mainEntityOfPage":{"@id":"https:\/\/www.medienkultur.at\/neu\/widerstand-erzeugt-hoffnung\/"},"wordCount":391,"commentCount":0,"keywords":["aufschreien","Burschenschafter","FP\u00d6-Politiker","Hass gegen\u00fcber Fremden","Hennefeld","Hetze im Internet","Hoffnung","Kirchen","Medien","Menschlichkeit","Nazi-Lieder","NS-Verherrlichung","\u00f6kumenischer Rat der Kirchen","\u00d6RK\u00d6","Politik","rechter Ungeist","Udo Landbauer","Van der Bellen"],"articleSection":["BERICHTE \/ ANALYSEN","J\u00dcNGSTE BEITR\u00c4GE","Medien und Bildung \/ Religion","Medien und Politik \/ Wirtschaft","Medienkompetenz","Medienkritik","Medienverantwortung \/ Medienrecht"],"inLanguage":"de","potentialAction":[{"@type":"CommentAction","name":"Comment","target":["https:\/\/www.medienkultur.at\/neu\/widerstand-erzeugt-hoffnung\/#respond"]}]},{"@type":"WebPage","@id":"https:\/\/www.medienkultur.at\/neu\/widerstand-erzeugt-hoffnung\/","url":"https:\/\/www.medienkultur.at\/neu\/widerstand-erzeugt-hoffnung\/","name":"Widerstand erzeugt Hoffnung | Vereinigung f\u00fcr Medienkultur","isPartOf":{"@id":"https:\/\/www.medienkultur.at\/neu\/#website"},"datePublished":"2018-01-27T17:39:31+00:00","dateModified":"2018-01-27T17:49:20+00:00","author":{"@id":"https:\/\/www.medienkultur.at\/neu\/#\/schema\/person\/5307830ec125174672d8c9d829eeb256"},"breadcrumb":{"@id":"https:\/\/www.medienkultur.at\/neu\/widerstand-erzeugt-hoffnung\/#breadcrumb"},"inLanguage":"de","potentialAction":[{"@type":"ReadAction","target":["https:\/\/www.medienkultur.at\/neu\/widerstand-erzeugt-hoffnung\/"]}]},{"@type":"BreadcrumbList","@id":"https:\/\/www.medienkultur.at\/neu\/widerstand-erzeugt-hoffnung\/#breadcrumb","itemListElement":[{"@type":"ListItem","position":1,"name":"Startseite","item":"https:\/\/www.medienkultur.at\/neu\/"},{"@type":"ListItem","position":2,"name":"Widerstand erzeugt Hoffnung"}]},{"@type":"WebSite","@id":"https:\/\/www.medienkultur.at\/neu\/#website","url":"https:\/\/www.medienkultur.at\/neu\/","name":"Vereinigung f\u00fcr Medienkultur","description":"","potentialAction":[{"@type":"SearchAction","target":{"@type":"EntryPoint","urlTemplate":"https:\/\/www.medienkultur.at\/neu\/?s={search_term_string}"},"query-input":{"@type":"PropertyValueSpecification","valueRequired":true,"valueName":"search_term_string"}}],"inLanguage":"de"},{"@type":"Person","@id":"https:\/\/www.medienkultur.at\/neu\/#\/schema\/person\/5307830ec125174672d8c9d829eeb256","name":"Hans H\u00f6gl"}]}},"_links":{"self":[{"href":"https:\/\/www.medienkultur.at\/neu\/wp-json\/wp\/v2\/posts\/4276","targetHints":{"allow":["GET"]}}],"collection":[{"href":"https:\/\/www.medienkultur.at\/neu\/wp-json\/wp\/v2\/posts"}],"about":[{"href":"https:\/\/www.medienkultur.at\/neu\/wp-json\/wp\/v2\/types\/post"}],"author":[{"embeddable":true,"href":"https:\/\/www.medienkultur.at\/neu\/wp-json\/wp\/v2\/users\/1"}],"replies":[{"embeddable":true,"href":"https:\/\/www.medienkultur.at\/neu\/wp-json\/wp\/v2\/comments?post=4276"}],"version-history":[{"count":3,"href":"https:\/\/www.medienkultur.at\/neu\/wp-json\/wp\/v2\/posts\/4276\/revisions"}],"predecessor-version":[{"id":4279,"href":"https:\/\/www.medienkultur.at\/neu\/wp-json\/wp\/v2\/posts\/4276\/revisions\/4279"}],"wp:attachment":[{"href":"https:\/\/www.medienkultur.at\/neu\/wp-json\/wp\/v2\/media?parent=4276"}],"wp:term":[{"taxonomy":"category","embeddable":true,"href":"https:\/\/www.medienkultur.at\/neu\/wp-json\/wp\/v2\/categories?post=4276"},{"taxonomy":"post_tag","embeddable":true,"href":"https:\/\/www.medienkultur.at\/neu\/wp-json\/wp\/v2\/tags?post=4276"}],"curies":[{"name":"wp","href":"https:\/\/api.w.org\/{rel}","templated":true}]}}