{"id":4268,"date":"2018-01-25T22:28:38","date_gmt":"2018-01-25T20:28:38","guid":{"rendered":"http:\/\/www.medienkultur.at\/neu\/?p=4268"},"modified":"2018-01-26T07:50:59","modified_gmt":"2018-01-26T05:50:59","slug":"nordlicht-in-mitteleuropa-vor-80-jahren","status":"publish","type":"post","link":"https:\/\/www.medienkultur.at\/neu\/nordlicht-in-mitteleuropa-vor-80-jahren\/","title":{"rendered":"Nordlicht in Mitteleuropa &#8211; vor 80 Jahren"},"content":{"rendered":"<p>Hans H\u00f6gl: \u00a0Sparte Chronik<\/p>\n<p>Hat irgendein Medien &#8211; unser Blog ausgenommen- \u00a0an das Nordlicht erinnert, das \u00a0in \u00d6sterreich am 25.1.1938 zu sehen war. Ein Lokalhistorikern machte mich darauf aufmerksam: \u00a0\u00dcber Ost-\u00d6sterreich wurde damals zwischen 20 und 22 Uhr ein starker dunkelroter Schein wahrgenommen, der in st\u00e4ndiger Bewegung war. Auch anderswo in Mitteleuropa wurde die gleiche Erscheinung beobachtet, die Staunen und auch Angst in der Bev\u00f6lkerung ausl\u00f6ste. Manche meinten, es w\u00e4re ein riesiger Brand. Es war ein Nordlicht &#8211; wenige Monate vor gro\u00dfer Kriegsgefahr.<\/p>\n","protected":false},"excerpt":{"rendered":"<p>Hans H\u00f6gl: \u00a0Sparte Chronik Hat irgendein Medien &#8211; unser Blog ausgenommen- \u00a0an das Nordlicht erinnert, das \u00a0in \u00d6sterreich am 25.1.1938 zu sehen war. Ein Lokalhistorikern machte mich darauf aufmerksam: \u00a0\u00dcber Ost-\u00d6sterreich wurde damals zwischen 20 und 22 Uhr ein starker dunkelroter Schein wahrgenommen, der in st\u00e4ndiger Bewegung war. Auch anderswo in Mitteleuropa wurde die gleiche &hellip; <a href=\"https:\/\/www.medienkultur.at\/neu\/nordlicht-in-mitteleuropa-vor-80-jahren\/\" class=\"more-link\"><span class=\"screen-reader-text\">Nordlicht in Mitteleuropa &#8211; vor 80 Jahren<\/span> weiterlesen <span class=\"meta-nav\">&rarr;<\/span><\/a><\/p>\n","protected":false},"author":1,"featured_media":0,"comment_status":"open","ping_status":"open","sticky":false,"template":"","format":"standard","meta":{"footnotes":""},"categories":[14,1,23],"tags":[2679,2683,2680,2677,930,1977,2681,2682,2678,2684],"class_list":["post-4268","post","type-post","status-publish","format-standard","hentry","category-diverses","category-allgemein","category-medienschmankerl","tag-2679","tag-himmelserscheinung","tag-mitteleuropa","tag-nordlicht","tag-oesterreich","tag-schweiz","tag-tschechien","tag-ungarn","tag-vor-80-jahren","tag-zweiter-weltkrieg"],"yoast_head":"<!-- This site is optimized with the Yoast SEO plugin v27.5 - https:\/\/yoast.com\/product\/yoast-seo-wordpress\/ -->\n<title>Nordlicht in Mitteleuropa - vor 80 Jahren | Vereinigung f\u00fcr Medienkultur<\/title>\n<meta name=\"robots\" content=\"index, follow, max-snippet:-1, max-image-preview:large, max-video-preview:-1\" \/>\n<link rel=\"canonical\" href=\"https:\/\/www.medienkultur.at\/neu\/nordlicht-in-mitteleuropa-vor-80-jahren\/\" \/>\n<meta property=\"og:locale\" content=\"de_DE\" \/>\n<meta property=\"og:type\" content=\"article\" \/>\n<meta property=\"og:title\" content=\"Nordlicht in Mitteleuropa - vor 80 Jahren | Vereinigung f\u00fcr Medienkultur\" \/>\n<meta property=\"og:description\" content=\"Hans H\u00f6gl: \u00a0Sparte Chronik Hat irgendein Medien &#8211; unser Blog ausgenommen- \u00a0an das Nordlicht erinnert, das \u00a0in \u00d6sterreich am 25.1.1938 zu sehen war. Ein Lokalhistorikern machte mich darauf aufmerksam: \u00a0\u00dcber Ost-\u00d6sterreich wurde damals zwischen 20 und 22 Uhr ein starker dunkelroter Schein wahrgenommen, der in st\u00e4ndiger Bewegung war. Auch anderswo in Mitteleuropa wurde die gleiche &hellip; Nordlicht in Mitteleuropa &#8211; vor 80 Jahren weiterlesen &rarr;\" \/>\n<meta property=\"og:url\" content=\"https:\/\/www.medienkultur.at\/neu\/nordlicht-in-mitteleuropa-vor-80-jahren\/\" \/>\n<meta property=\"og:site_name\" content=\"Vereinigung f\u00fcr Medienkultur\" \/>\n<meta property=\"article:published_time\" content=\"2018-01-25T20:28:38+00:00\" \/>\n<meta property=\"article:modified_time\" content=\"2018-01-26T05:50:59+00:00\" \/>\n<meta name=\"author\" content=\"Hans H\u00f6gl\" \/>\n<meta name=\"twitter:card\" content=\"summary_large_image\" \/>\n<meta name=\"twitter:label1\" content=\"Verfasst von\" \/>\n\t<meta name=\"twitter:data1\" content=\"Hans H\u00f6gl\" \/>\n<script type=\"application\/ld+json\" class=\"yoast-schema-graph\">{\"@context\":\"https:\\\/\\\/schema.org\",\"@graph\":[{\"@type\":\"Article\",\"@id\":\"https:\\\/\\\/www.medienkultur.at\\\/neu\\\/nordlicht-in-mitteleuropa-vor-80-jahren\\\/#article\",\"isPartOf\":{\"@id\":\"https:\\\/\\\/www.medienkultur.at\\\/neu\\\/nordlicht-in-mitteleuropa-vor-80-jahren\\\/\"},\"author\":{\"name\":\"Hans H\u00f6gl\",\"@id\":\"https:\\\/\\\/www.medienkultur.at\\\/neu\\\/#\\\/schema\\\/person\\\/5307830ec125174672d8c9d829eeb256\"},\"headline\":\"Nordlicht in Mitteleuropa &#8211; vor 80 Jahren\",\"datePublished\":\"2018-01-25T20:28:38+00:00\",\"dateModified\":\"2018-01-26T05:50:59+00:00\",\"mainEntityOfPage\":{\"@id\":\"https:\\\/\\\/www.medienkultur.at\\\/neu\\\/nordlicht-in-mitteleuropa-vor-80-jahren\\\/\"},\"wordCount\":93,\"commentCount\":2,\"keywords\":[\"1938\",\"Himmelserscheinung\",\"Mitteleuropa\",\"Nordlicht\",\"\u00d6sterreich\",\"Schweiz\",\"Tschechien\",\"Ungarn\",\"Vor 80 Jahren\",\"Zweiter Weltkrieg\"],\"articleSection\":[\"Diverses\",\"J\u00dcNGSTE BEITR\u00c4GE\",\"Medienschmankerl\"],\"inLanguage\":\"de\",\"potentialAction\":[{\"@type\":\"CommentAction\",\"name\":\"Comment\",\"target\":[\"https:\\\/\\\/www.medienkultur.at\\\/neu\\\/nordlicht-in-mitteleuropa-vor-80-jahren\\\/#respond\"]}]},{\"@type\":\"WebPage\",\"@id\":\"https:\\\/\\\/www.medienkultur.at\\\/neu\\\/nordlicht-in-mitteleuropa-vor-80-jahren\\\/\",\"url\":\"https:\\\/\\\/www.medienkultur.at\\\/neu\\\/nordlicht-in-mitteleuropa-vor-80-jahren\\\/\",\"name\":\"Nordlicht in Mitteleuropa - vor 80 Jahren | Vereinigung f\u00fcr Medienkultur\",\"isPartOf\":{\"@id\":\"https:\\\/\\\/www.medienkultur.at\\\/neu\\\/#website\"},\"datePublished\":\"2018-01-25T20:28:38+00:00\",\"dateModified\":\"2018-01-26T05:50:59+00:00\",\"author\":{\"@id\":\"https:\\\/\\\/www.medienkultur.at\\\/neu\\\/#\\\/schema\\\/person\\\/5307830ec125174672d8c9d829eeb256\"},\"breadcrumb\":{\"@id\":\"https:\\\/\\\/www.medienkultur.at\\\/neu\\\/nordlicht-in-mitteleuropa-vor-80-jahren\\\/#breadcrumb\"},\"inLanguage\":\"de\",\"potentialAction\":[{\"@type\":\"ReadAction\",\"target\":[\"https:\\\/\\\/www.medienkultur.at\\\/neu\\\/nordlicht-in-mitteleuropa-vor-80-jahren\\\/\"]}]},{\"@type\":\"BreadcrumbList\",\"@id\":\"https:\\\/\\\/www.medienkultur.at\\\/neu\\\/nordlicht-in-mitteleuropa-vor-80-jahren\\\/#breadcrumb\",\"itemListElement\":[{\"@type\":\"ListItem\",\"position\":1,\"name\":\"Startseite\",\"item\":\"https:\\\/\\\/www.medienkultur.at\\\/neu\\\/\"},{\"@type\":\"ListItem\",\"position\":2,\"name\":\"Nordlicht in Mitteleuropa &#8211; vor 80 Jahren\"}]},{\"@type\":\"WebSite\",\"@id\":\"https:\\\/\\\/www.medienkultur.at\\\/neu\\\/#website\",\"url\":\"https:\\\/\\\/www.medienkultur.at\\\/neu\\\/\",\"name\":\"Vereinigung f\u00fcr Medienkultur\",\"description\":\"\",\"potentialAction\":[{\"@type\":\"SearchAction\",\"target\":{\"@type\":\"EntryPoint\",\"urlTemplate\":\"https:\\\/\\\/www.medienkultur.at\\\/neu\\\/?s={search_term_string}\"},\"query-input\":{\"@type\":\"PropertyValueSpecification\",\"valueRequired\":true,\"valueName\":\"search_term_string\"}}],\"inLanguage\":\"de\"},{\"@type\":\"Person\",\"@id\":\"https:\\\/\\\/www.medienkultur.at\\\/neu\\\/#\\\/schema\\\/person\\\/5307830ec125174672d8c9d829eeb256\",\"name\":\"Hans H\u00f6gl\"}]}<\/script>\n<!-- \/ Yoast SEO plugin. -->","yoast_head_json":{"title":"Nordlicht in Mitteleuropa - vor 80 Jahren | Vereinigung f\u00fcr Medienkultur","robots":{"index":"index","follow":"follow","max-snippet":"max-snippet:-1","max-image-preview":"max-image-preview:large","max-video-preview":"max-video-preview:-1"},"canonical":"https:\/\/www.medienkultur.at\/neu\/nordlicht-in-mitteleuropa-vor-80-jahren\/","og_locale":"de_DE","og_type":"article","og_title":"Nordlicht in Mitteleuropa - vor 80 Jahren | Vereinigung f\u00fcr Medienkultur","og_description":"Hans H\u00f6gl: \u00a0Sparte Chronik Hat irgendein Medien &#8211; unser Blog ausgenommen- \u00a0an das Nordlicht erinnert, das \u00a0in \u00d6sterreich am 25.1.1938 zu sehen war. Ein Lokalhistorikern machte mich darauf aufmerksam: \u00a0\u00dcber Ost-\u00d6sterreich wurde damals zwischen 20 und 22 Uhr ein starker dunkelroter Schein wahrgenommen, der in st\u00e4ndiger Bewegung war. Auch anderswo in Mitteleuropa wurde die gleiche &hellip; Nordlicht in Mitteleuropa &#8211; vor 80 Jahren weiterlesen &rarr;","og_url":"https:\/\/www.medienkultur.at\/neu\/nordlicht-in-mitteleuropa-vor-80-jahren\/","og_site_name":"Vereinigung f\u00fcr Medienkultur","article_published_time":"2018-01-25T20:28:38+00:00","article_modified_time":"2018-01-26T05:50:59+00:00","author":"Hans H\u00f6gl","twitter_card":"summary_large_image","twitter_misc":{"Verfasst von":"Hans H\u00f6gl"},"schema":{"@context":"https:\/\/schema.org","@graph":[{"@type":"Article","@id":"https:\/\/www.medienkultur.at\/neu\/nordlicht-in-mitteleuropa-vor-80-jahren\/#article","isPartOf":{"@id":"https:\/\/www.medienkultur.at\/neu\/nordlicht-in-mitteleuropa-vor-80-jahren\/"},"author":{"name":"Hans H\u00f6gl","@id":"https:\/\/www.medienkultur.at\/neu\/#\/schema\/person\/5307830ec125174672d8c9d829eeb256"},"headline":"Nordlicht in Mitteleuropa &#8211; vor 80 Jahren","datePublished":"2018-01-25T20:28:38+00:00","dateModified":"2018-01-26T05:50:59+00:00","mainEntityOfPage":{"@id":"https:\/\/www.medienkultur.at\/neu\/nordlicht-in-mitteleuropa-vor-80-jahren\/"},"wordCount":93,"commentCount":2,"keywords":["1938","Himmelserscheinung","Mitteleuropa","Nordlicht","\u00d6sterreich","Schweiz","Tschechien","Ungarn","Vor 80 Jahren","Zweiter Weltkrieg"],"articleSection":["Diverses","J\u00dcNGSTE BEITR\u00c4GE","Medienschmankerl"],"inLanguage":"de","potentialAction":[{"@type":"CommentAction","name":"Comment","target":["https:\/\/www.medienkultur.at\/neu\/nordlicht-in-mitteleuropa-vor-80-jahren\/#respond"]}]},{"@type":"WebPage","@id":"https:\/\/www.medienkultur.at\/neu\/nordlicht-in-mitteleuropa-vor-80-jahren\/","url":"https:\/\/www.medienkultur.at\/neu\/nordlicht-in-mitteleuropa-vor-80-jahren\/","name":"Nordlicht in Mitteleuropa - vor 80 Jahren | Vereinigung f\u00fcr Medienkultur","isPartOf":{"@id":"https:\/\/www.medienkultur.at\/neu\/#website"},"datePublished":"2018-01-25T20:28:38+00:00","dateModified":"2018-01-26T05:50:59+00:00","author":{"@id":"https:\/\/www.medienkultur.at\/neu\/#\/schema\/person\/5307830ec125174672d8c9d829eeb256"},"breadcrumb":{"@id":"https:\/\/www.medienkultur.at\/neu\/nordlicht-in-mitteleuropa-vor-80-jahren\/#breadcrumb"},"inLanguage":"de","potentialAction":[{"@type":"ReadAction","target":["https:\/\/www.medienkultur.at\/neu\/nordlicht-in-mitteleuropa-vor-80-jahren\/"]}]},{"@type":"BreadcrumbList","@id":"https:\/\/www.medienkultur.at\/neu\/nordlicht-in-mitteleuropa-vor-80-jahren\/#breadcrumb","itemListElement":[{"@type":"ListItem","position":1,"name":"Startseite","item":"https:\/\/www.medienkultur.at\/neu\/"},{"@type":"ListItem","position":2,"name":"Nordlicht in Mitteleuropa &#8211; vor 80 Jahren"}]},{"@type":"WebSite","@id":"https:\/\/www.medienkultur.at\/neu\/#website","url":"https:\/\/www.medienkultur.at\/neu\/","name":"Vereinigung f\u00fcr Medienkultur","description":"","potentialAction":[{"@type":"SearchAction","target":{"@type":"EntryPoint","urlTemplate":"https:\/\/www.medienkultur.at\/neu\/?s={search_term_string}"},"query-input":{"@type":"PropertyValueSpecification","valueRequired":true,"valueName":"search_term_string"}}],"inLanguage":"de"},{"@type":"Person","@id":"https:\/\/www.medienkultur.at\/neu\/#\/schema\/person\/5307830ec125174672d8c9d829eeb256","name":"Hans H\u00f6gl"}]}},"_links":{"self":[{"href":"https:\/\/www.medienkultur.at\/neu\/wp-json\/wp\/v2\/posts\/4268","targetHints":{"allow":["GET"]}}],"collection":[{"href":"https:\/\/www.medienkultur.at\/neu\/wp-json\/wp\/v2\/posts"}],"about":[{"href":"https:\/\/www.medienkultur.at\/neu\/wp-json\/wp\/v2\/types\/post"}],"author":[{"embeddable":true,"href":"https:\/\/www.medienkultur.at\/neu\/wp-json\/wp\/v2\/users\/1"}],"replies":[{"embeddable":true,"href":"https:\/\/www.medienkultur.at\/neu\/wp-json\/wp\/v2\/comments?post=4268"}],"version-history":[{"count":4,"href":"https:\/\/www.medienkultur.at\/neu\/wp-json\/wp\/v2\/posts\/4268\/revisions"}],"predecessor-version":[{"id":4273,"href":"https:\/\/www.medienkultur.at\/neu\/wp-json\/wp\/v2\/posts\/4268\/revisions\/4273"}],"wp:attachment":[{"href":"https:\/\/www.medienkultur.at\/neu\/wp-json\/wp\/v2\/media?parent=4268"}],"wp:term":[{"taxonomy":"category","embeddable":true,"href":"https:\/\/www.medienkultur.at\/neu\/wp-json\/wp\/v2\/categories?post=4268"},{"taxonomy":"post_tag","embeddable":true,"href":"https:\/\/www.medienkultur.at\/neu\/wp-json\/wp\/v2\/tags?post=4268"}],"curies":[{"name":"wp","href":"https:\/\/api.w.org\/{rel}","templated":true}]}}