{"id":4062,"date":"2017-09-05T21:20:56","date_gmt":"2017-09-05T19:20:56","guid":{"rendered":"http:\/\/www.medienkultur.at\/neu\/?p=4062"},"modified":"2017-09-05T21:29:41","modified_gmt":"2017-09-05T19:29:41","slug":"schutz-fuer-die-fischer-perus","status":"publish","type":"post","link":"https:\/\/www.medienkultur.at\/neu\/schutz-fuer-die-fischer-perus\/","title":{"rendered":"Schutz f\u00fcr die Fischer Perus"},"content":{"rendered":"<p>Hans H\u00f6gl<\/p>\n<p>Die peruanische Sardelle ist klein, rund 15 cm lang und findet sich an der K\u00fcste von Peru und Chile. F\u00fcr Peru hat sie eine gro\u00dfe Bedeutung; denn sie ist eine bedeutende Einnahmequelle. N\u00e4mlich Peru ist weltweit der Hauptexportateur von Fischmehl. Das Fischmehl dient der Viehzucht und dem Ackerbau. Die peruanische Regierung hat die Fischfangflotte stark reduziert zugunsten der kleinen Fischer und damit die Arbeitslosigkeit vermindert. Dies schreibt die Zeitschrift Ecos. Einfach besser Spanisch (Juni 2017).<\/p>\n<p>&nbsp;<\/p>\n<p>&nbsp;<\/p>\n","protected":false},"excerpt":{"rendered":"<p>Hans H\u00f6gl Die peruanische Sardelle ist klein, rund 15 cm lang und findet sich an der K\u00fcste von Peru und Chile. F\u00fcr Peru hat sie eine gro\u00dfe Bedeutung; denn sie ist eine bedeutende Einnahmequelle. N\u00e4mlich Peru ist weltweit der Hauptexportateur von Fischmehl. Das Fischmehl dient der Viehzucht und dem Ackerbau. Die peruanische Regierung hat die &hellip; <a href=\"https:\/\/www.medienkultur.at\/neu\/schutz-fuer-die-fischer-perus\/\" class=\"more-link\"><span class=\"screen-reader-text\">Schutz f\u00fcr die Fischer Perus<\/span> weiterlesen <span class=\"meta-nav\">&rarr;<\/span><\/a><\/p>\n","protected":false},"author":1,"featured_media":0,"comment_status":"open","ping_status":"open","sticky":false,"template":"","format":"standard","meta":{"footnotes":""},"categories":[22,11],"tags":[2469,2471,2470,2468,2472],"class_list":["post-4062","post","type-post","status-publish","format-standard","hentry","category-good-news","category-medien_politik_wirtschaft","tag-aktion-fuer-kleine-fischer","tag-fischfangflotte-reduziert","tag-fischmehl","tag-peru-regierung","tag-sardelle"],"yoast_head":"<!-- This site is optimized with the Yoast SEO plugin v27.5 - https:\/\/yoast.com\/product\/yoast-seo-wordpress\/ -->\n<title>Schutz f\u00fcr die Fischer Perus | Vereinigung f\u00fcr Medienkultur<\/title>\n<meta name=\"robots\" content=\"index, follow, max-snippet:-1, max-image-preview:large, max-video-preview:-1\" \/>\n<link rel=\"canonical\" href=\"https:\/\/www.medienkultur.at\/neu\/schutz-fuer-die-fischer-perus\/\" \/>\n<meta property=\"og:locale\" content=\"de_DE\" \/>\n<meta property=\"og:type\" content=\"article\" \/>\n<meta property=\"og:title\" content=\"Schutz f\u00fcr die Fischer Perus | Vereinigung f\u00fcr Medienkultur\" \/>\n<meta property=\"og:description\" content=\"Hans H\u00f6gl Die peruanische Sardelle ist klein, rund 15 cm lang und findet sich an der K\u00fcste von Peru und Chile. F\u00fcr Peru hat sie eine gro\u00dfe Bedeutung; denn sie ist eine bedeutende Einnahmequelle. N\u00e4mlich Peru ist weltweit der Hauptexportateur von Fischmehl. Das Fischmehl dient der Viehzucht und dem Ackerbau. Die peruanische Regierung hat die &hellip; Schutz f\u00fcr die Fischer Perus weiterlesen &rarr;\" \/>\n<meta property=\"og:url\" content=\"https:\/\/www.medienkultur.at\/neu\/schutz-fuer-die-fischer-perus\/\" \/>\n<meta property=\"og:site_name\" content=\"Vereinigung f\u00fcr Medienkultur\" \/>\n<meta property=\"article:published_time\" content=\"2017-09-05T19:20:56+00:00\" \/>\n<meta property=\"article:modified_time\" content=\"2017-09-05T19:29:41+00:00\" \/>\n<meta name=\"author\" content=\"Hans H\u00f6gl\" \/>\n<meta name=\"twitter:card\" content=\"summary_large_image\" \/>\n<meta name=\"twitter:label1\" content=\"Verfasst von\" \/>\n\t<meta name=\"twitter:data1\" content=\"Hans H\u00f6gl\" \/>\n<script type=\"application\/ld+json\" class=\"yoast-schema-graph\">{\"@context\":\"https:\\\/\\\/schema.org\",\"@graph\":[{\"@type\":\"Article\",\"@id\":\"https:\\\/\\\/www.medienkultur.at\\\/neu\\\/schutz-fuer-die-fischer-perus\\\/#article\",\"isPartOf\":{\"@id\":\"https:\\\/\\\/www.medienkultur.at\\\/neu\\\/schutz-fuer-die-fischer-perus\\\/\"},\"author\":{\"name\":\"Hans H\u00f6gl\",\"@id\":\"https:\\\/\\\/www.medienkultur.at\\\/neu\\\/#\\\/schema\\\/person\\\/5307830ec125174672d8c9d829eeb256\"},\"headline\":\"Schutz f\u00fcr die Fischer Perus\",\"datePublished\":\"2017-09-05T19:20:56+00:00\",\"dateModified\":\"2017-09-05T19:29:41+00:00\",\"mainEntityOfPage\":{\"@id\":\"https:\\\/\\\/www.medienkultur.at\\\/neu\\\/schutz-fuer-die-fischer-perus\\\/\"},\"wordCount\":88,\"commentCount\":0,\"keywords\":[\"Aktion f\u00fcr kleine Fischer\",\"Fischfangflotte reduziert\",\"Fischmehl\",\"Peru: Regierung\",\"Sardelle.\"],\"articleSection\":[\"Good News\",\"Medien und Politik \\\/ Wirtschaft\"],\"inLanguage\":\"de\",\"potentialAction\":[{\"@type\":\"CommentAction\",\"name\":\"Comment\",\"target\":[\"https:\\\/\\\/www.medienkultur.at\\\/neu\\\/schutz-fuer-die-fischer-perus\\\/#respond\"]}]},{\"@type\":\"WebPage\",\"@id\":\"https:\\\/\\\/www.medienkultur.at\\\/neu\\\/schutz-fuer-die-fischer-perus\\\/\",\"url\":\"https:\\\/\\\/www.medienkultur.at\\\/neu\\\/schutz-fuer-die-fischer-perus\\\/\",\"name\":\"Schutz f\u00fcr die Fischer Perus | Vereinigung f\u00fcr Medienkultur\",\"isPartOf\":{\"@id\":\"https:\\\/\\\/www.medienkultur.at\\\/neu\\\/#website\"},\"datePublished\":\"2017-09-05T19:20:56+00:00\",\"dateModified\":\"2017-09-05T19:29:41+00:00\",\"author\":{\"@id\":\"https:\\\/\\\/www.medienkultur.at\\\/neu\\\/#\\\/schema\\\/person\\\/5307830ec125174672d8c9d829eeb256\"},\"breadcrumb\":{\"@id\":\"https:\\\/\\\/www.medienkultur.at\\\/neu\\\/schutz-fuer-die-fischer-perus\\\/#breadcrumb\"},\"inLanguage\":\"de\",\"potentialAction\":[{\"@type\":\"ReadAction\",\"target\":[\"https:\\\/\\\/www.medienkultur.at\\\/neu\\\/schutz-fuer-die-fischer-perus\\\/\"]}]},{\"@type\":\"BreadcrumbList\",\"@id\":\"https:\\\/\\\/www.medienkultur.at\\\/neu\\\/schutz-fuer-die-fischer-perus\\\/#breadcrumb\",\"itemListElement\":[{\"@type\":\"ListItem\",\"position\":1,\"name\":\"Startseite\",\"item\":\"https:\\\/\\\/www.medienkultur.at\\\/neu\\\/\"},{\"@type\":\"ListItem\",\"position\":2,\"name\":\"Schutz f\u00fcr die Fischer Perus\"}]},{\"@type\":\"WebSite\",\"@id\":\"https:\\\/\\\/www.medienkultur.at\\\/neu\\\/#website\",\"url\":\"https:\\\/\\\/www.medienkultur.at\\\/neu\\\/\",\"name\":\"Vereinigung f\u00fcr Medienkultur\",\"description\":\"\",\"potentialAction\":[{\"@type\":\"SearchAction\",\"target\":{\"@type\":\"EntryPoint\",\"urlTemplate\":\"https:\\\/\\\/www.medienkultur.at\\\/neu\\\/?s={search_term_string}\"},\"query-input\":{\"@type\":\"PropertyValueSpecification\",\"valueRequired\":true,\"valueName\":\"search_term_string\"}}],\"inLanguage\":\"de\"},{\"@type\":\"Person\",\"@id\":\"https:\\\/\\\/www.medienkultur.at\\\/neu\\\/#\\\/schema\\\/person\\\/5307830ec125174672d8c9d829eeb256\",\"name\":\"Hans H\u00f6gl\"}]}<\/script>\n<!-- \/ Yoast SEO plugin. -->","yoast_head_json":{"title":"Schutz f\u00fcr die Fischer Perus | Vereinigung f\u00fcr Medienkultur","robots":{"index":"index","follow":"follow","max-snippet":"max-snippet:-1","max-image-preview":"max-image-preview:large","max-video-preview":"max-video-preview:-1"},"canonical":"https:\/\/www.medienkultur.at\/neu\/schutz-fuer-die-fischer-perus\/","og_locale":"de_DE","og_type":"article","og_title":"Schutz f\u00fcr die Fischer Perus | Vereinigung f\u00fcr Medienkultur","og_description":"Hans H\u00f6gl Die peruanische Sardelle ist klein, rund 15 cm lang und findet sich an der K\u00fcste von Peru und Chile. F\u00fcr Peru hat sie eine gro\u00dfe Bedeutung; denn sie ist eine bedeutende Einnahmequelle. N\u00e4mlich Peru ist weltweit der Hauptexportateur von Fischmehl. Das Fischmehl dient der Viehzucht und dem Ackerbau. Die peruanische Regierung hat die &hellip; Schutz f\u00fcr die Fischer Perus weiterlesen &rarr;","og_url":"https:\/\/www.medienkultur.at\/neu\/schutz-fuer-die-fischer-perus\/","og_site_name":"Vereinigung f\u00fcr Medienkultur","article_published_time":"2017-09-05T19:20:56+00:00","article_modified_time":"2017-09-05T19:29:41+00:00","author":"Hans H\u00f6gl","twitter_card":"summary_large_image","twitter_misc":{"Verfasst von":"Hans H\u00f6gl"},"schema":{"@context":"https:\/\/schema.org","@graph":[{"@type":"Article","@id":"https:\/\/www.medienkultur.at\/neu\/schutz-fuer-die-fischer-perus\/#article","isPartOf":{"@id":"https:\/\/www.medienkultur.at\/neu\/schutz-fuer-die-fischer-perus\/"},"author":{"name":"Hans H\u00f6gl","@id":"https:\/\/www.medienkultur.at\/neu\/#\/schema\/person\/5307830ec125174672d8c9d829eeb256"},"headline":"Schutz f\u00fcr die Fischer Perus","datePublished":"2017-09-05T19:20:56+00:00","dateModified":"2017-09-05T19:29:41+00:00","mainEntityOfPage":{"@id":"https:\/\/www.medienkultur.at\/neu\/schutz-fuer-die-fischer-perus\/"},"wordCount":88,"commentCount":0,"keywords":["Aktion f\u00fcr kleine Fischer","Fischfangflotte reduziert","Fischmehl","Peru: Regierung","Sardelle."],"articleSection":["Good News","Medien und Politik \/ Wirtschaft"],"inLanguage":"de","potentialAction":[{"@type":"CommentAction","name":"Comment","target":["https:\/\/www.medienkultur.at\/neu\/schutz-fuer-die-fischer-perus\/#respond"]}]},{"@type":"WebPage","@id":"https:\/\/www.medienkultur.at\/neu\/schutz-fuer-die-fischer-perus\/","url":"https:\/\/www.medienkultur.at\/neu\/schutz-fuer-die-fischer-perus\/","name":"Schutz f\u00fcr die Fischer Perus | Vereinigung f\u00fcr Medienkultur","isPartOf":{"@id":"https:\/\/www.medienkultur.at\/neu\/#website"},"datePublished":"2017-09-05T19:20:56+00:00","dateModified":"2017-09-05T19:29:41+00:00","author":{"@id":"https:\/\/www.medienkultur.at\/neu\/#\/schema\/person\/5307830ec125174672d8c9d829eeb256"},"breadcrumb":{"@id":"https:\/\/www.medienkultur.at\/neu\/schutz-fuer-die-fischer-perus\/#breadcrumb"},"inLanguage":"de","potentialAction":[{"@type":"ReadAction","target":["https:\/\/www.medienkultur.at\/neu\/schutz-fuer-die-fischer-perus\/"]}]},{"@type":"BreadcrumbList","@id":"https:\/\/www.medienkultur.at\/neu\/schutz-fuer-die-fischer-perus\/#breadcrumb","itemListElement":[{"@type":"ListItem","position":1,"name":"Startseite","item":"https:\/\/www.medienkultur.at\/neu\/"},{"@type":"ListItem","position":2,"name":"Schutz f\u00fcr die Fischer Perus"}]},{"@type":"WebSite","@id":"https:\/\/www.medienkultur.at\/neu\/#website","url":"https:\/\/www.medienkultur.at\/neu\/","name":"Vereinigung f\u00fcr Medienkultur","description":"","potentialAction":[{"@type":"SearchAction","target":{"@type":"EntryPoint","urlTemplate":"https:\/\/www.medienkultur.at\/neu\/?s={search_term_string}"},"query-input":{"@type":"PropertyValueSpecification","valueRequired":true,"valueName":"search_term_string"}}],"inLanguage":"de"},{"@type":"Person","@id":"https:\/\/www.medienkultur.at\/neu\/#\/schema\/person\/5307830ec125174672d8c9d829eeb256","name":"Hans H\u00f6gl"}]}},"_links":{"self":[{"href":"https:\/\/www.medienkultur.at\/neu\/wp-json\/wp\/v2\/posts\/4062","targetHints":{"allow":["GET"]}}],"collection":[{"href":"https:\/\/www.medienkultur.at\/neu\/wp-json\/wp\/v2\/posts"}],"about":[{"href":"https:\/\/www.medienkultur.at\/neu\/wp-json\/wp\/v2\/types\/post"}],"author":[{"embeddable":true,"href":"https:\/\/www.medienkultur.at\/neu\/wp-json\/wp\/v2\/users\/1"}],"replies":[{"embeddable":true,"href":"https:\/\/www.medienkultur.at\/neu\/wp-json\/wp\/v2\/comments?post=4062"}],"version-history":[{"count":1,"href":"https:\/\/www.medienkultur.at\/neu\/wp-json\/wp\/v2\/posts\/4062\/revisions"}],"predecessor-version":[{"id":4063,"href":"https:\/\/www.medienkultur.at\/neu\/wp-json\/wp\/v2\/posts\/4062\/revisions\/4063"}],"wp:attachment":[{"href":"https:\/\/www.medienkultur.at\/neu\/wp-json\/wp\/v2\/media?parent=4062"}],"wp:term":[{"taxonomy":"category","embeddable":true,"href":"https:\/\/www.medienkultur.at\/neu\/wp-json\/wp\/v2\/categories?post=4062"},{"taxonomy":"post_tag","embeddable":true,"href":"https:\/\/www.medienkultur.at\/neu\/wp-json\/wp\/v2\/tags?post=4062"}],"curies":[{"name":"wp","href":"https:\/\/api.w.org\/{rel}","templated":true}]}}