{"id":4055,"date":"2017-09-02T20:52:30","date_gmt":"2017-09-02T18:52:30","guid":{"rendered":"http:\/\/www.medienkultur.at\/neu\/?p=4055"},"modified":"2017-09-02T20:52:59","modified_gmt":"2017-09-02T18:52:59","slug":"christian-kern-buch-ueber-oesterreichs-kanzler-informativer-als-orf-sommergespraech","status":"publish","type":"post","link":"https:\/\/www.medienkultur.at\/neu\/christian-kern-buch-ueber-oesterreichs-kanzler-informativer-als-orf-sommergespraech\/","title":{"rendered":"Christian Kern \u2013 Buch \u00fcber \u00d6sterreichs Kanzler. Informativer als ORF-Sommergespr\u00e4ch?"},"content":{"rendered":"<p>Hans H\u00f6gl. Eine Rezension<\/p>\n<p>Schicksal von B\u00fcchern ist es, davon geh\u00f6rt zu haben&#8230;.Gestern fand ich in der B\u00fccherei der Stadt Wien den Bestseller \u201eChristian Kern\u201c. Der Verfasser: Robert Misik. F\u00fcr die Historikerin Dr. Barbara Toth ist es \u201eabsolut lesenswert\u201c. Im Prinzip stimmt das wohl.<\/p>\n<p>Ich las die 191 Seiten, die inhaltlich gut sind, auch wenn sie ein pers\u00f6nlicher Freund von Kern schrieb. Und es ist teilweise niveauvoll und nicht einfachhin vor der Wahl <em>hingeschmissen<\/em>. Unterschwellig findet sich Nachdenkliches zum Politiker Kern, der angeblich Grunds\u00e4tze \u00fcber politische Strategie stellt.<\/p>\n<p>Christian Kern wuchs im Wiener Randbezirk Simmering auf. Sein Vater war Arbeiter (Installateur), die Mutter besuchte eine Handelsschule, war Sekret\u00e4rin und tat alles, damit ihr Sohn eine gute Ausbildung erhielt, obwohl die Volksschul-Lehrerin ihn zuerst als nicht reif f\u00fcr das Gymnasium beurteilte.<\/p>\n<p>Das Buch gibt ein schl\u00fcssiges Portrait vom Kanzler \u2013 von seiner Studienzeit, der T\u00e4tigkeit als Wirtschaftspublizist, dann in der E-Wirtschaft und Bundesbahn: Und es spart nicht mit kritischen Notizen zur Partei. Es legt Interna dar, die Medien nicht aufgreifen &#8211; so nennt Misik die Namen eines Strategiekreises, so erfahren wir, dass Kerns fr\u00fchere \u00d6BB -Sekret\u00e4rin nun das Dr. Karl-Renner-Institut, die Partei-Akademie, leitet.<\/p>\n<p>Differenziert legt Kern seine Solidarit\u00e4t mit Fl\u00fcchtlingen dar und nimmt auch Abstiegs\u00e4ngste und kulturelle Irritationen der kleinen Leute ernst. Es klingt an, dass liberal-soziale Intellektuelle sich bisher zu sehr den Genderfragen und ethnischen Minderheiten widmeten.<\/p>\n<p>Erst am Buchende finden sich die brisanten Texte: \u201eWenn Migration nicht nur Bereicherung ist&#8220; und \u201eWie patriotisch d\u00fcrfen Progressive sein?&#8220;. Verlegenheit des Autors. Dazu f\u00fcge ich ein Wort, das den gordischen Knoten l\u00f6st &#8211; vom russischen Philosophen W. Solowjow: Liebe deine Volk und achte die anderen V\u00f6lker (Politisch korrekt: \u201eEthnien!\u201c&#8230;). Mit dem belasteten Wort <em>Heimat befasse ich mich im Buch Bin kein Tourist, ich wohne hier<\/em>. Das war 2002 \u2013zu fr\u00fch. Ja ein Buch&#8230;Vergiss es und amusiere Dich, Publikum, mit dem k\u00f6stlichen Film &#8222;Monsieur Claude und seine T\u00f6chter&#8220;! Jede heiratet \u201e mulitkulturell\u201c, und da entsteht hintergr\u00fcndige Komik.<\/p>\n<p>&nbsp;<\/p>\n<p>&nbsp;<\/p>\n","protected":false},"excerpt":{"rendered":"<p>Hans H\u00f6gl. Eine Rezension Schicksal von B\u00fcchern ist es, davon geh\u00f6rt zu haben&#8230;.Gestern fand ich in der B\u00fccherei der Stadt Wien den Bestseller \u201eChristian Kern\u201c. Der Verfasser: Robert Misik. F\u00fcr die Historikerin Dr. Barbara Toth ist es \u201eabsolut lesenswert\u201c. Im Prinzip stimmt das wohl. Ich las die 191 Seiten, die inhaltlich gut sind, auch wenn &hellip; <a href=\"https:\/\/www.medienkultur.at\/neu\/christian-kern-buch-ueber-oesterreichs-kanzler-informativer-als-orf-sommergespraech\/\" class=\"more-link\"><span class=\"screen-reader-text\">Christian Kern \u2013 Buch \u00fcber \u00d6sterreichs Kanzler. Informativer als ORF-Sommergespr\u00e4ch?<\/span> weiterlesen <span class=\"meta-nav\">&rarr;<\/span><\/a><\/p>\n","protected":false},"author":1,"featured_media":0,"comment_status":"open","ping_status":"open","sticky":false,"template":"","format":"standard","meta":{"footnotes":""},"categories":[1,11,23,19],"tags":[2456,2448,2445,985,2444,2450,471,2449,1122,2455,1307,2452,54,2451,780,2453,2443,2447,2454,2446],"class_list":["post-4055","post","type-post","status-publish","format-standard","hentry","category-allgemein","category-medien_politik_wirtschaft","category-medienschmankerl","category-studien_rezensionen","tag-abstiegsaengste","tag-arbeiter-u-mittelschicht","tag-barbara-toth","tag-bundeskanzler-kern","tag-christian-kern","tag-ethnische-minderheiten","tag-flucht","tag-gender","tag-heimat","tag-kulturelle-irritation","tag-migration","tag-monsieur-claude-u-seine-toechter","tag-orf","tag-renner-institut","tag-robert-misik","tag-solowjow","tag-sommergespraech","tag-spoe-interna","tag-volk-eigenes","tag-wahl-in-oesterreich"],"yoast_head":"<!-- This site is optimized with the Yoast SEO plugin v27.5 - https:\/\/yoast.com\/product\/yoast-seo-wordpress\/ -->\n<title>Christian Kern \u2013 Buch \u00fcber \u00d6sterreichs Kanzler. Informativer als ORF-Sommergespr\u00e4ch? | Vereinigung f\u00fcr Medienkultur<\/title>\n<meta name=\"robots\" content=\"index, follow, max-snippet:-1, max-image-preview:large, max-video-preview:-1\" \/>\n<link rel=\"canonical\" href=\"https:\/\/www.medienkultur.at\/neu\/christian-kern-buch-ueber-oesterreichs-kanzler-informativer-als-orf-sommergespraech\/\" \/>\n<meta property=\"og:locale\" content=\"de_DE\" \/>\n<meta property=\"og:type\" content=\"article\" \/>\n<meta property=\"og:title\" content=\"Christian Kern \u2013 Buch \u00fcber \u00d6sterreichs Kanzler. Informativer als ORF-Sommergespr\u00e4ch? | Vereinigung f\u00fcr Medienkultur\" \/>\n<meta property=\"og:description\" content=\"Hans H\u00f6gl. Eine Rezension Schicksal von B\u00fcchern ist es, davon geh\u00f6rt zu haben&#8230;.Gestern fand ich in der B\u00fccherei der Stadt Wien den Bestseller \u201eChristian Kern\u201c. Der Verfasser: Robert Misik. F\u00fcr die Historikerin Dr. Barbara Toth ist es \u201eabsolut lesenswert\u201c. Im Prinzip stimmt das wohl. Ich las die 191 Seiten, die inhaltlich gut sind, auch wenn &hellip; Christian Kern \u2013 Buch \u00fcber \u00d6sterreichs Kanzler. Informativer als ORF-Sommergespr\u00e4ch? weiterlesen &rarr;\" \/>\n<meta property=\"og:url\" content=\"https:\/\/www.medienkultur.at\/neu\/christian-kern-buch-ueber-oesterreichs-kanzler-informativer-als-orf-sommergespraech\/\" \/>\n<meta property=\"og:site_name\" content=\"Vereinigung f\u00fcr Medienkultur\" \/>\n<meta property=\"article:published_time\" content=\"2017-09-02T18:52:30+00:00\" \/>\n<meta property=\"article:modified_time\" content=\"2017-09-02T18:52:59+00:00\" \/>\n<meta name=\"author\" content=\"Hans H\u00f6gl\" \/>\n<meta name=\"twitter:card\" content=\"summary_large_image\" \/>\n<meta name=\"twitter:label1\" content=\"Verfasst von\" \/>\n\t<meta name=\"twitter:data1\" content=\"Hans H\u00f6gl\" \/>\n\t<meta name=\"twitter:label2\" content=\"Gesch\u00e4tzte Lesezeit\" \/>\n\t<meta name=\"twitter:data2\" content=\"2\u00a0Minuten\" \/>\n<script type=\"application\/ld+json\" class=\"yoast-schema-graph\">{\"@context\":\"https:\\\/\\\/schema.org\",\"@graph\":[{\"@type\":\"Article\",\"@id\":\"https:\\\/\\\/www.medienkultur.at\\\/neu\\\/christian-kern-buch-ueber-oesterreichs-kanzler-informativer-als-orf-sommergespraech\\\/#article\",\"isPartOf\":{\"@id\":\"https:\\\/\\\/www.medienkultur.at\\\/neu\\\/christian-kern-buch-ueber-oesterreichs-kanzler-informativer-als-orf-sommergespraech\\\/\"},\"author\":{\"name\":\"Hans H\u00f6gl\",\"@id\":\"https:\\\/\\\/www.medienkultur.at\\\/neu\\\/#\\\/schema\\\/person\\\/5307830ec125174672d8c9d829eeb256\"},\"headline\":\"Christian Kern \u2013 Buch \u00fcber \u00d6sterreichs Kanzler. Informativer als ORF-Sommergespr\u00e4ch?\",\"datePublished\":\"2017-09-02T18:52:30+00:00\",\"dateModified\":\"2017-09-02T18:52:59+00:00\",\"mainEntityOfPage\":{\"@id\":\"https:\\\/\\\/www.medienkultur.at\\\/neu\\\/christian-kern-buch-ueber-oesterreichs-kanzler-informativer-als-orf-sommergespraech\\\/\"},\"wordCount\":358,\"commentCount\":0,\"keywords\":[\"Abstiegs\u00e4ngste\",\"Arbeiter u. Mittelschicht\",\"Barbara Toth\",\"Bundeskanzler Kern\",\"Christian Kern\",\"ethnische Minderheiten\",\"Flucht\",\"Gender\",\"Heimat\",\"kulturelle Irritation\",\"Migration\",\"Monsieur Claude u. seine T\u00f6chter\",\"ORF\",\"Renner Institut\",\"Robert Misik\",\"Solowjow\",\"Sommergespr\u00e4ch\",\"SP\u00d6-Interna\",\"Volk eigenes\",\"Wahl in \u00d6sterreich\"],\"articleSection\":[\"J\u00dcNGSTE BEITR\u00c4GE\",\"Medien und Politik \\\/ Wirtschaft\",\"Medienschmankerl\",\"Studien \\\/ Rezensionen\"],\"inLanguage\":\"de\",\"potentialAction\":[{\"@type\":\"CommentAction\",\"name\":\"Comment\",\"target\":[\"https:\\\/\\\/www.medienkultur.at\\\/neu\\\/christian-kern-buch-ueber-oesterreichs-kanzler-informativer-als-orf-sommergespraech\\\/#respond\"]}]},{\"@type\":\"WebPage\",\"@id\":\"https:\\\/\\\/www.medienkultur.at\\\/neu\\\/christian-kern-buch-ueber-oesterreichs-kanzler-informativer-als-orf-sommergespraech\\\/\",\"url\":\"https:\\\/\\\/www.medienkultur.at\\\/neu\\\/christian-kern-buch-ueber-oesterreichs-kanzler-informativer-als-orf-sommergespraech\\\/\",\"name\":\"Christian Kern \u2013 Buch \u00fcber \u00d6sterreichs Kanzler. Informativer als ORF-Sommergespr\u00e4ch? | Vereinigung f\u00fcr Medienkultur\",\"isPartOf\":{\"@id\":\"https:\\\/\\\/www.medienkultur.at\\\/neu\\\/#website\"},\"datePublished\":\"2017-09-02T18:52:30+00:00\",\"dateModified\":\"2017-09-02T18:52:59+00:00\",\"author\":{\"@id\":\"https:\\\/\\\/www.medienkultur.at\\\/neu\\\/#\\\/schema\\\/person\\\/5307830ec125174672d8c9d829eeb256\"},\"breadcrumb\":{\"@id\":\"https:\\\/\\\/www.medienkultur.at\\\/neu\\\/christian-kern-buch-ueber-oesterreichs-kanzler-informativer-als-orf-sommergespraech\\\/#breadcrumb\"},\"inLanguage\":\"de\",\"potentialAction\":[{\"@type\":\"ReadAction\",\"target\":[\"https:\\\/\\\/www.medienkultur.at\\\/neu\\\/christian-kern-buch-ueber-oesterreichs-kanzler-informativer-als-orf-sommergespraech\\\/\"]}]},{\"@type\":\"BreadcrumbList\",\"@id\":\"https:\\\/\\\/www.medienkultur.at\\\/neu\\\/christian-kern-buch-ueber-oesterreichs-kanzler-informativer-als-orf-sommergespraech\\\/#breadcrumb\",\"itemListElement\":[{\"@type\":\"ListItem\",\"position\":1,\"name\":\"Startseite\",\"item\":\"https:\\\/\\\/www.medienkultur.at\\\/neu\\\/\"},{\"@type\":\"ListItem\",\"position\":2,\"name\":\"Christian Kern \u2013 Buch \u00fcber \u00d6sterreichs Kanzler. Informativer als ORF-Sommergespr\u00e4ch?\"}]},{\"@type\":\"WebSite\",\"@id\":\"https:\\\/\\\/www.medienkultur.at\\\/neu\\\/#website\",\"url\":\"https:\\\/\\\/www.medienkultur.at\\\/neu\\\/\",\"name\":\"Vereinigung f\u00fcr Medienkultur\",\"description\":\"\",\"potentialAction\":[{\"@type\":\"SearchAction\",\"target\":{\"@type\":\"EntryPoint\",\"urlTemplate\":\"https:\\\/\\\/www.medienkultur.at\\\/neu\\\/?s={search_term_string}\"},\"query-input\":{\"@type\":\"PropertyValueSpecification\",\"valueRequired\":true,\"valueName\":\"search_term_string\"}}],\"inLanguage\":\"de\"},{\"@type\":\"Person\",\"@id\":\"https:\\\/\\\/www.medienkultur.at\\\/neu\\\/#\\\/schema\\\/person\\\/5307830ec125174672d8c9d829eeb256\",\"name\":\"Hans H\u00f6gl\"}]}<\/script>\n<!-- \/ Yoast SEO plugin. -->","yoast_head_json":{"title":"Christian Kern \u2013 Buch \u00fcber \u00d6sterreichs Kanzler. Informativer als ORF-Sommergespr\u00e4ch? | Vereinigung f\u00fcr Medienkultur","robots":{"index":"index","follow":"follow","max-snippet":"max-snippet:-1","max-image-preview":"max-image-preview:large","max-video-preview":"max-video-preview:-1"},"canonical":"https:\/\/www.medienkultur.at\/neu\/christian-kern-buch-ueber-oesterreichs-kanzler-informativer-als-orf-sommergespraech\/","og_locale":"de_DE","og_type":"article","og_title":"Christian Kern \u2013 Buch \u00fcber \u00d6sterreichs Kanzler. Informativer als ORF-Sommergespr\u00e4ch? | Vereinigung f\u00fcr Medienkultur","og_description":"Hans H\u00f6gl. Eine Rezension Schicksal von B\u00fcchern ist es, davon geh\u00f6rt zu haben&#8230;.Gestern fand ich in der B\u00fccherei der Stadt Wien den Bestseller \u201eChristian Kern\u201c. Der Verfasser: Robert Misik. F\u00fcr die Historikerin Dr. Barbara Toth ist es \u201eabsolut lesenswert\u201c. Im Prinzip stimmt das wohl. Ich las die 191 Seiten, die inhaltlich gut sind, auch wenn &hellip; Christian Kern \u2013 Buch \u00fcber \u00d6sterreichs Kanzler. Informativer als ORF-Sommergespr\u00e4ch? weiterlesen &rarr;","og_url":"https:\/\/www.medienkultur.at\/neu\/christian-kern-buch-ueber-oesterreichs-kanzler-informativer-als-orf-sommergespraech\/","og_site_name":"Vereinigung f\u00fcr Medienkultur","article_published_time":"2017-09-02T18:52:30+00:00","article_modified_time":"2017-09-02T18:52:59+00:00","author":"Hans H\u00f6gl","twitter_card":"summary_large_image","twitter_misc":{"Verfasst von":"Hans H\u00f6gl","Gesch\u00e4tzte Lesezeit":"2\u00a0Minuten"},"schema":{"@context":"https:\/\/schema.org","@graph":[{"@type":"Article","@id":"https:\/\/www.medienkultur.at\/neu\/christian-kern-buch-ueber-oesterreichs-kanzler-informativer-als-orf-sommergespraech\/#article","isPartOf":{"@id":"https:\/\/www.medienkultur.at\/neu\/christian-kern-buch-ueber-oesterreichs-kanzler-informativer-als-orf-sommergespraech\/"},"author":{"name":"Hans H\u00f6gl","@id":"https:\/\/www.medienkultur.at\/neu\/#\/schema\/person\/5307830ec125174672d8c9d829eeb256"},"headline":"Christian Kern \u2013 Buch \u00fcber \u00d6sterreichs Kanzler. Informativer als ORF-Sommergespr\u00e4ch?","datePublished":"2017-09-02T18:52:30+00:00","dateModified":"2017-09-02T18:52:59+00:00","mainEntityOfPage":{"@id":"https:\/\/www.medienkultur.at\/neu\/christian-kern-buch-ueber-oesterreichs-kanzler-informativer-als-orf-sommergespraech\/"},"wordCount":358,"commentCount":0,"keywords":["Abstiegs\u00e4ngste","Arbeiter u. Mittelschicht","Barbara Toth","Bundeskanzler Kern","Christian Kern","ethnische Minderheiten","Flucht","Gender","Heimat","kulturelle Irritation","Migration","Monsieur Claude u. seine T\u00f6chter","ORF","Renner Institut","Robert Misik","Solowjow","Sommergespr\u00e4ch","SP\u00d6-Interna","Volk eigenes","Wahl in \u00d6sterreich"],"articleSection":["J\u00dcNGSTE BEITR\u00c4GE","Medien und Politik \/ Wirtschaft","Medienschmankerl","Studien \/ Rezensionen"],"inLanguage":"de","potentialAction":[{"@type":"CommentAction","name":"Comment","target":["https:\/\/www.medienkultur.at\/neu\/christian-kern-buch-ueber-oesterreichs-kanzler-informativer-als-orf-sommergespraech\/#respond"]}]},{"@type":"WebPage","@id":"https:\/\/www.medienkultur.at\/neu\/christian-kern-buch-ueber-oesterreichs-kanzler-informativer-als-orf-sommergespraech\/","url":"https:\/\/www.medienkultur.at\/neu\/christian-kern-buch-ueber-oesterreichs-kanzler-informativer-als-orf-sommergespraech\/","name":"Christian Kern \u2013 Buch \u00fcber \u00d6sterreichs Kanzler. Informativer als ORF-Sommergespr\u00e4ch? | Vereinigung f\u00fcr Medienkultur","isPartOf":{"@id":"https:\/\/www.medienkultur.at\/neu\/#website"},"datePublished":"2017-09-02T18:52:30+00:00","dateModified":"2017-09-02T18:52:59+00:00","author":{"@id":"https:\/\/www.medienkultur.at\/neu\/#\/schema\/person\/5307830ec125174672d8c9d829eeb256"},"breadcrumb":{"@id":"https:\/\/www.medienkultur.at\/neu\/christian-kern-buch-ueber-oesterreichs-kanzler-informativer-als-orf-sommergespraech\/#breadcrumb"},"inLanguage":"de","potentialAction":[{"@type":"ReadAction","target":["https:\/\/www.medienkultur.at\/neu\/christian-kern-buch-ueber-oesterreichs-kanzler-informativer-als-orf-sommergespraech\/"]}]},{"@type":"BreadcrumbList","@id":"https:\/\/www.medienkultur.at\/neu\/christian-kern-buch-ueber-oesterreichs-kanzler-informativer-als-orf-sommergespraech\/#breadcrumb","itemListElement":[{"@type":"ListItem","position":1,"name":"Startseite","item":"https:\/\/www.medienkultur.at\/neu\/"},{"@type":"ListItem","position":2,"name":"Christian Kern \u2013 Buch \u00fcber \u00d6sterreichs Kanzler. Informativer als ORF-Sommergespr\u00e4ch?"}]},{"@type":"WebSite","@id":"https:\/\/www.medienkultur.at\/neu\/#website","url":"https:\/\/www.medienkultur.at\/neu\/","name":"Vereinigung f\u00fcr Medienkultur","description":"","potentialAction":[{"@type":"SearchAction","target":{"@type":"EntryPoint","urlTemplate":"https:\/\/www.medienkultur.at\/neu\/?s={search_term_string}"},"query-input":{"@type":"PropertyValueSpecification","valueRequired":true,"valueName":"search_term_string"}}],"inLanguage":"de"},{"@type":"Person","@id":"https:\/\/www.medienkultur.at\/neu\/#\/schema\/person\/5307830ec125174672d8c9d829eeb256","name":"Hans H\u00f6gl"}]}},"_links":{"self":[{"href":"https:\/\/www.medienkultur.at\/neu\/wp-json\/wp\/v2\/posts\/4055","targetHints":{"allow":["GET"]}}],"collection":[{"href":"https:\/\/www.medienkultur.at\/neu\/wp-json\/wp\/v2\/posts"}],"about":[{"href":"https:\/\/www.medienkultur.at\/neu\/wp-json\/wp\/v2\/types\/post"}],"author":[{"embeddable":true,"href":"https:\/\/www.medienkultur.at\/neu\/wp-json\/wp\/v2\/users\/1"}],"replies":[{"embeddable":true,"href":"https:\/\/www.medienkultur.at\/neu\/wp-json\/wp\/v2\/comments?post=4055"}],"version-history":[{"count":1,"href":"https:\/\/www.medienkultur.at\/neu\/wp-json\/wp\/v2\/posts\/4055\/revisions"}],"predecessor-version":[{"id":4056,"href":"https:\/\/www.medienkultur.at\/neu\/wp-json\/wp\/v2\/posts\/4055\/revisions\/4056"}],"wp:attachment":[{"href":"https:\/\/www.medienkultur.at\/neu\/wp-json\/wp\/v2\/media?parent=4055"}],"wp:term":[{"taxonomy":"category","embeddable":true,"href":"https:\/\/www.medienkultur.at\/neu\/wp-json\/wp\/v2\/categories?post=4055"},{"taxonomy":"post_tag","embeddable":true,"href":"https:\/\/www.medienkultur.at\/neu\/wp-json\/wp\/v2\/tags?post=4055"}],"curies":[{"name":"wp","href":"https:\/\/api.w.org\/{rel}","templated":true}]}}