{"id":4048,"date":"2017-08-30T15:42:29","date_gmt":"2017-08-30T13:42:29","guid":{"rendered":"http:\/\/www.medienkultur.at\/neu\/?p=4048"},"modified":"2017-08-30T15:49:16","modified_gmt":"2017-08-30T13:49:16","slug":"dinge-auf-den-punkt-bringen-irren-koennen","status":"publish","type":"post","link":"https:\/\/www.medienkultur.at\/neu\/dinge-auf-den-punkt-bringen-irren-koennen\/","title":{"rendered":"Dinge auf den Punkt bringen. Irren k\u00f6nnen."},"content":{"rendered":"<hr \/>\n<p>Kardinal Franz K\u00f6nig (Gastbeitrag).<\/p>\n<p>Folgende Gedanken und Gebete einer Ordensfrau aus dem 17. Jahrhundert, aufgegriffen vom\u00a0gro\u00dfen verstorbenen Wiener Kardinal, sind nicht nur f\u00fcr Einzelne zutreffend, sondern auch f\u00fcr die\u00a0Medienlandschaft (Hans H\u00f6gl). Brosch\u00fcre Hg.:\u00a0Kardinal K\u00f6nighaus, Bildungshaus in Wien 13.<\/p>\n<p><strong>Bewahre mich vor der Aufz\u00e4hlung endloser Einzelheiten und hilf mir die Dinge auf den Punkt zu bringen. <\/strong><\/p>\n<p><strong>Lehre mich die wunderbare Weisheit, dass ich mich irren kann.<\/strong><\/p>\n<p>Erl\u00f6se mich von der gro\u00dfen Leidenschaft, die Angelegenheiten anderer regeln zu wollen.<\/p>\n","protected":false},"excerpt":{"rendered":"<p>Kardinal Franz K\u00f6nig (Gastbeitrag). Folgende Gedanken und Gebete einer Ordensfrau aus dem 17. Jahrhundert, aufgegriffen vom\u00a0gro\u00dfen verstorbenen Wiener Kardinal, sind nicht nur f\u00fcr Einzelne zutreffend, sondern auch f\u00fcr die\u00a0Medienlandschaft (Hans H\u00f6gl). Brosch\u00fcre Hg.:\u00a0Kardinal K\u00f6nighaus, Bildungshaus in Wien 13. Bewahre mich vor der Aufz\u00e4hlung endloser Einzelheiten und hilf mir die Dinge auf den Punkt zu bringen. &hellip; <a href=\"https:\/\/www.medienkultur.at\/neu\/dinge-auf-den-punkt-bringen-irren-koennen\/\" class=\"more-link\"><span class=\"screen-reader-text\">Dinge auf den Punkt bringen. Irren k\u00f6nnen.<\/span> weiterlesen <span class=\"meta-nav\">&rarr;<\/span><\/a><\/p>\n","protected":false},"author":1,"featured_media":0,"comment_status":"open","ping_status":"open","sticky":false,"template":"","format":"standard","meta":{"footnotes":""},"categories":[15,1,12,18,10,23],"tags":[2440,2438,2439,2442,2437,2441,2436],"class_list":["post-4048","post","type-post","status-publish","format-standard","hentry","category-gastbeitraege","category-allgemein","category-medien_bildung_religion","category-medienkompetenz","category-medienkritik","category-medienschmankerl","tag-angelegenheiten-anderer","tag-bildungshaus-kardinal-koenig","tag-einzelheiten-zu-viele","tag-franz-koenig","tag-irren-koennen","tag-kardinal-franz-koenig","tag-praezision"],"yoast_head":"<!-- This site is optimized with the Yoast SEO plugin v27.5 - https:\/\/yoast.com\/product\/yoast-seo-wordpress\/ -->\n<title>Dinge auf den Punkt bringen. Irren k\u00f6nnen. | Vereinigung f\u00fcr Medienkultur<\/title>\n<meta name=\"robots\" content=\"index, follow, max-snippet:-1, max-image-preview:large, max-video-preview:-1\" \/>\n<link rel=\"canonical\" href=\"https:\/\/www.medienkultur.at\/neu\/dinge-auf-den-punkt-bringen-irren-koennen\/\" \/>\n<meta property=\"og:locale\" content=\"de_DE\" \/>\n<meta property=\"og:type\" content=\"article\" \/>\n<meta property=\"og:title\" content=\"Dinge auf den Punkt bringen. Irren k\u00f6nnen. | Vereinigung f\u00fcr Medienkultur\" \/>\n<meta property=\"og:description\" content=\"Kardinal Franz K\u00f6nig (Gastbeitrag). Folgende Gedanken und Gebete einer Ordensfrau aus dem 17. Jahrhundert, aufgegriffen vom\u00a0gro\u00dfen verstorbenen Wiener Kardinal, sind nicht nur f\u00fcr Einzelne zutreffend, sondern auch f\u00fcr die\u00a0Medienlandschaft (Hans H\u00f6gl). Brosch\u00fcre Hg.:\u00a0Kardinal K\u00f6nighaus, Bildungshaus in Wien 13. Bewahre mich vor der Aufz\u00e4hlung endloser Einzelheiten und hilf mir die Dinge auf den Punkt zu bringen. &hellip; Dinge auf den Punkt bringen. Irren k\u00f6nnen. weiterlesen &rarr;\" \/>\n<meta property=\"og:url\" content=\"https:\/\/www.medienkultur.at\/neu\/dinge-auf-den-punkt-bringen-irren-koennen\/\" \/>\n<meta property=\"og:site_name\" content=\"Vereinigung f\u00fcr Medienkultur\" \/>\n<meta property=\"article:published_time\" content=\"2017-08-30T13:42:29+00:00\" \/>\n<meta property=\"article:modified_time\" content=\"2017-08-30T13:49:16+00:00\" \/>\n<meta name=\"author\" content=\"Hans H\u00f6gl\" \/>\n<meta name=\"twitter:card\" content=\"summary_large_image\" \/>\n<meta name=\"twitter:label1\" content=\"Verfasst von\" \/>\n\t<meta name=\"twitter:data1\" content=\"Hans H\u00f6gl\" \/>\n<script type=\"application\/ld+json\" class=\"yoast-schema-graph\">{\"@context\":\"https:\\\/\\\/schema.org\",\"@graph\":[{\"@type\":\"Article\",\"@id\":\"https:\\\/\\\/www.medienkultur.at\\\/neu\\\/dinge-auf-den-punkt-bringen-irren-koennen\\\/#article\",\"isPartOf\":{\"@id\":\"https:\\\/\\\/www.medienkultur.at\\\/neu\\\/dinge-auf-den-punkt-bringen-irren-koennen\\\/\"},\"author\":{\"name\":\"Hans H\u00f6gl\",\"@id\":\"https:\\\/\\\/www.medienkultur.at\\\/neu\\\/#\\\/schema\\\/person\\\/5307830ec125174672d8c9d829eeb256\"},\"headline\":\"Dinge auf den Punkt bringen. Irren k\u00f6nnen.\",\"datePublished\":\"2017-08-30T13:42:29+00:00\",\"dateModified\":\"2017-08-30T13:49:16+00:00\",\"mainEntityOfPage\":{\"@id\":\"https:\\\/\\\/www.medienkultur.at\\\/neu\\\/dinge-auf-den-punkt-bringen-irren-koennen\\\/\"},\"wordCount\":96,\"commentCount\":0,\"keywords\":[\"Angelegenheiten anderer\",\"Bildungshaus Kardinal K\u00f6nig\",\"Einzelheiten zu viele\",\"Franz K\u00f6nig\",\"Irren k\u00f6nnen\",\"Kardinal Franz K\u00f6nig\",\"Pr\u00e4zision\"],\"articleSection\":[\"Gastbeitr\u00e4ge\",\"J\u00dcNGSTE BEITR\u00c4GE\",\"Medien und Bildung \\\/ Religion\",\"Medienkompetenz\",\"Medienkritik\",\"Medienschmankerl\"],\"inLanguage\":\"de\",\"potentialAction\":[{\"@type\":\"CommentAction\",\"name\":\"Comment\",\"target\":[\"https:\\\/\\\/www.medienkultur.at\\\/neu\\\/dinge-auf-den-punkt-bringen-irren-koennen\\\/#respond\"]}]},{\"@type\":\"WebPage\",\"@id\":\"https:\\\/\\\/www.medienkultur.at\\\/neu\\\/dinge-auf-den-punkt-bringen-irren-koennen\\\/\",\"url\":\"https:\\\/\\\/www.medienkultur.at\\\/neu\\\/dinge-auf-den-punkt-bringen-irren-koennen\\\/\",\"name\":\"Dinge auf den Punkt bringen. Irren k\u00f6nnen. | Vereinigung f\u00fcr Medienkultur\",\"isPartOf\":{\"@id\":\"https:\\\/\\\/www.medienkultur.at\\\/neu\\\/#website\"},\"datePublished\":\"2017-08-30T13:42:29+00:00\",\"dateModified\":\"2017-08-30T13:49:16+00:00\",\"author\":{\"@id\":\"https:\\\/\\\/www.medienkultur.at\\\/neu\\\/#\\\/schema\\\/person\\\/5307830ec125174672d8c9d829eeb256\"},\"breadcrumb\":{\"@id\":\"https:\\\/\\\/www.medienkultur.at\\\/neu\\\/dinge-auf-den-punkt-bringen-irren-koennen\\\/#breadcrumb\"},\"inLanguage\":\"de\",\"potentialAction\":[{\"@type\":\"ReadAction\",\"target\":[\"https:\\\/\\\/www.medienkultur.at\\\/neu\\\/dinge-auf-den-punkt-bringen-irren-koennen\\\/\"]}]},{\"@type\":\"BreadcrumbList\",\"@id\":\"https:\\\/\\\/www.medienkultur.at\\\/neu\\\/dinge-auf-den-punkt-bringen-irren-koennen\\\/#breadcrumb\",\"itemListElement\":[{\"@type\":\"ListItem\",\"position\":1,\"name\":\"Startseite\",\"item\":\"https:\\\/\\\/www.medienkultur.at\\\/neu\\\/\"},{\"@type\":\"ListItem\",\"position\":2,\"name\":\"Dinge auf den Punkt bringen. Irren k\u00f6nnen.\"}]},{\"@type\":\"WebSite\",\"@id\":\"https:\\\/\\\/www.medienkultur.at\\\/neu\\\/#website\",\"url\":\"https:\\\/\\\/www.medienkultur.at\\\/neu\\\/\",\"name\":\"Vereinigung f\u00fcr Medienkultur\",\"description\":\"\",\"potentialAction\":[{\"@type\":\"SearchAction\",\"target\":{\"@type\":\"EntryPoint\",\"urlTemplate\":\"https:\\\/\\\/www.medienkultur.at\\\/neu\\\/?s={search_term_string}\"},\"query-input\":{\"@type\":\"PropertyValueSpecification\",\"valueRequired\":true,\"valueName\":\"search_term_string\"}}],\"inLanguage\":\"de\"},{\"@type\":\"Person\",\"@id\":\"https:\\\/\\\/www.medienkultur.at\\\/neu\\\/#\\\/schema\\\/person\\\/5307830ec125174672d8c9d829eeb256\",\"name\":\"Hans H\u00f6gl\"}]}<\/script>\n<!-- \/ Yoast SEO plugin. -->","yoast_head_json":{"title":"Dinge auf den Punkt bringen. Irren k\u00f6nnen. | Vereinigung f\u00fcr Medienkultur","robots":{"index":"index","follow":"follow","max-snippet":"max-snippet:-1","max-image-preview":"max-image-preview:large","max-video-preview":"max-video-preview:-1"},"canonical":"https:\/\/www.medienkultur.at\/neu\/dinge-auf-den-punkt-bringen-irren-koennen\/","og_locale":"de_DE","og_type":"article","og_title":"Dinge auf den Punkt bringen. Irren k\u00f6nnen. | Vereinigung f\u00fcr Medienkultur","og_description":"Kardinal Franz K\u00f6nig (Gastbeitrag). Folgende Gedanken und Gebete einer Ordensfrau aus dem 17. Jahrhundert, aufgegriffen vom\u00a0gro\u00dfen verstorbenen Wiener Kardinal, sind nicht nur f\u00fcr Einzelne zutreffend, sondern auch f\u00fcr die\u00a0Medienlandschaft (Hans H\u00f6gl). Brosch\u00fcre Hg.:\u00a0Kardinal K\u00f6nighaus, Bildungshaus in Wien 13. Bewahre mich vor der Aufz\u00e4hlung endloser Einzelheiten und hilf mir die Dinge auf den Punkt zu bringen. &hellip; Dinge auf den Punkt bringen. Irren k\u00f6nnen. weiterlesen &rarr;","og_url":"https:\/\/www.medienkultur.at\/neu\/dinge-auf-den-punkt-bringen-irren-koennen\/","og_site_name":"Vereinigung f\u00fcr Medienkultur","article_published_time":"2017-08-30T13:42:29+00:00","article_modified_time":"2017-08-30T13:49:16+00:00","author":"Hans H\u00f6gl","twitter_card":"summary_large_image","twitter_misc":{"Verfasst von":"Hans H\u00f6gl"},"schema":{"@context":"https:\/\/schema.org","@graph":[{"@type":"Article","@id":"https:\/\/www.medienkultur.at\/neu\/dinge-auf-den-punkt-bringen-irren-koennen\/#article","isPartOf":{"@id":"https:\/\/www.medienkultur.at\/neu\/dinge-auf-den-punkt-bringen-irren-koennen\/"},"author":{"name":"Hans H\u00f6gl","@id":"https:\/\/www.medienkultur.at\/neu\/#\/schema\/person\/5307830ec125174672d8c9d829eeb256"},"headline":"Dinge auf den Punkt bringen. Irren k\u00f6nnen.","datePublished":"2017-08-30T13:42:29+00:00","dateModified":"2017-08-30T13:49:16+00:00","mainEntityOfPage":{"@id":"https:\/\/www.medienkultur.at\/neu\/dinge-auf-den-punkt-bringen-irren-koennen\/"},"wordCount":96,"commentCount":0,"keywords":["Angelegenheiten anderer","Bildungshaus Kardinal K\u00f6nig","Einzelheiten zu viele","Franz K\u00f6nig","Irren k\u00f6nnen","Kardinal Franz K\u00f6nig","Pr\u00e4zision"],"articleSection":["Gastbeitr\u00e4ge","J\u00dcNGSTE BEITR\u00c4GE","Medien und Bildung \/ Religion","Medienkompetenz","Medienkritik","Medienschmankerl"],"inLanguage":"de","potentialAction":[{"@type":"CommentAction","name":"Comment","target":["https:\/\/www.medienkultur.at\/neu\/dinge-auf-den-punkt-bringen-irren-koennen\/#respond"]}]},{"@type":"WebPage","@id":"https:\/\/www.medienkultur.at\/neu\/dinge-auf-den-punkt-bringen-irren-koennen\/","url":"https:\/\/www.medienkultur.at\/neu\/dinge-auf-den-punkt-bringen-irren-koennen\/","name":"Dinge auf den Punkt bringen. Irren k\u00f6nnen. | Vereinigung f\u00fcr Medienkultur","isPartOf":{"@id":"https:\/\/www.medienkultur.at\/neu\/#website"},"datePublished":"2017-08-30T13:42:29+00:00","dateModified":"2017-08-30T13:49:16+00:00","author":{"@id":"https:\/\/www.medienkultur.at\/neu\/#\/schema\/person\/5307830ec125174672d8c9d829eeb256"},"breadcrumb":{"@id":"https:\/\/www.medienkultur.at\/neu\/dinge-auf-den-punkt-bringen-irren-koennen\/#breadcrumb"},"inLanguage":"de","potentialAction":[{"@type":"ReadAction","target":["https:\/\/www.medienkultur.at\/neu\/dinge-auf-den-punkt-bringen-irren-koennen\/"]}]},{"@type":"BreadcrumbList","@id":"https:\/\/www.medienkultur.at\/neu\/dinge-auf-den-punkt-bringen-irren-koennen\/#breadcrumb","itemListElement":[{"@type":"ListItem","position":1,"name":"Startseite","item":"https:\/\/www.medienkultur.at\/neu\/"},{"@type":"ListItem","position":2,"name":"Dinge auf den Punkt bringen. Irren k\u00f6nnen."}]},{"@type":"WebSite","@id":"https:\/\/www.medienkultur.at\/neu\/#website","url":"https:\/\/www.medienkultur.at\/neu\/","name":"Vereinigung f\u00fcr Medienkultur","description":"","potentialAction":[{"@type":"SearchAction","target":{"@type":"EntryPoint","urlTemplate":"https:\/\/www.medienkultur.at\/neu\/?s={search_term_string}"},"query-input":{"@type":"PropertyValueSpecification","valueRequired":true,"valueName":"search_term_string"}}],"inLanguage":"de"},{"@type":"Person","@id":"https:\/\/www.medienkultur.at\/neu\/#\/schema\/person\/5307830ec125174672d8c9d829eeb256","name":"Hans H\u00f6gl"}]}},"_links":{"self":[{"href":"https:\/\/www.medienkultur.at\/neu\/wp-json\/wp\/v2\/posts\/4048","targetHints":{"allow":["GET"]}}],"collection":[{"href":"https:\/\/www.medienkultur.at\/neu\/wp-json\/wp\/v2\/posts"}],"about":[{"href":"https:\/\/www.medienkultur.at\/neu\/wp-json\/wp\/v2\/types\/post"}],"author":[{"embeddable":true,"href":"https:\/\/www.medienkultur.at\/neu\/wp-json\/wp\/v2\/users\/1"}],"replies":[{"embeddable":true,"href":"https:\/\/www.medienkultur.at\/neu\/wp-json\/wp\/v2\/comments?post=4048"}],"version-history":[{"count":5,"href":"https:\/\/www.medienkultur.at\/neu\/wp-json\/wp\/v2\/posts\/4048\/revisions"}],"predecessor-version":[{"id":4053,"href":"https:\/\/www.medienkultur.at\/neu\/wp-json\/wp\/v2\/posts\/4048\/revisions\/4053"}],"wp:attachment":[{"href":"https:\/\/www.medienkultur.at\/neu\/wp-json\/wp\/v2\/media?parent=4048"}],"wp:term":[{"taxonomy":"category","embeddable":true,"href":"https:\/\/www.medienkultur.at\/neu\/wp-json\/wp\/v2\/categories?post=4048"},{"taxonomy":"post_tag","embeddable":true,"href":"https:\/\/www.medienkultur.at\/neu\/wp-json\/wp\/v2\/tags?post=4048"}],"curies":[{"name":"wp","href":"https:\/\/api.w.org\/{rel}","templated":true}]}}