{"id":4046,"date":"2017-08-28T08:53:19","date_gmt":"2017-08-28T06:53:19","guid":{"rendered":"http:\/\/www.medienkultur.at\/neu\/?p=4046"},"modified":"2017-08-28T08:53:19","modified_gmt":"2017-08-28T06:53:19","slug":"book-for-trees-afrika-projekt-wiederaufforstung","status":"publish","type":"post","link":"https:\/\/www.medienkultur.at\/neu\/book-for-trees-afrika-projekt-wiederaufforstung\/","title":{"rendered":"Book for trees. Afrika: Projekt Wiederaufforstung"},"content":{"rendered":"<p>Heini Staudinger (Gastbeitrag in Brennstoff Nr. 48\/2017)<\/p>\n<p>Bernhard Wagenknecht ist Lehrer an der Gartenbauschule Sch\u00f6nbrunn. Er hatte die Idee, die Wiederaufforstung Afrikas\u00a0zu unterst\u00fctzen. Sch\u00fcler pflegen die jungen B\u00e4ume so lange, bis diese stark genug sind, die Verpflanzung in ihre afrikanischen Heimatd\u00f6rfer auszuhalten. Sylvia Kieslinger und Heini Staudinger waren dort. Alle &#8211; die Sch\u00fcler, die Lehrer, die Eltern- arbeiten mit.\u00a0Das Projekt ist supererfolgreich. Die &#8222;Fr\u00fcchte&#8220; unserer Aktion sieht man sogar auf Google Earth. F\u00fcr diesen Dienst an Mutter Erde bekommen die Sch\u00fcler die Schulb\u00fccher gratis.<\/p>\n<p>&nbsp;<\/p>\n","protected":false},"excerpt":{"rendered":"<p>Heini Staudinger (Gastbeitrag in Brennstoff Nr. 48\/2017) Bernhard Wagenknecht ist Lehrer an der Gartenbauschule Sch\u00f6nbrunn. Er hatte die Idee, die Wiederaufforstung Afrikas\u00a0zu unterst\u00fctzen. Sch\u00fcler pflegen die jungen B\u00e4ume so lange, bis diese stark genug sind, die Verpflanzung in ihre afrikanischen Heimatd\u00f6rfer auszuhalten. Sylvia Kieslinger und Heini Staudinger waren dort. Alle &#8211; die Sch\u00fcler, die Lehrer, &hellip; <a href=\"https:\/\/www.medienkultur.at\/neu\/book-for-trees-afrika-projekt-wiederaufforstung\/\" class=\"more-link\"><span class=\"screen-reader-text\">Book for trees. Afrika: Projekt Wiederaufforstung<\/span> weiterlesen <span class=\"meta-nav\">&rarr;<\/span><\/a><\/p>\n","protected":false},"author":1,"featured_media":0,"comment_status":"open","ping_status":"open","sticky":false,"template":"","format":"standard","meta":{"footnotes":""},"categories":[15,22,1,23],"tags":[2430,2433,2428,2429,188,2432,2431,2434,2435],"class_list":["post-4046","post","type-post","status-publish","format-standard","hentry","category-gastbeitraege","category-good-news","category-allgemein","category-medienschmankerl","tag-afrika-wiederaufforstung","tag-afrikaner-arbeiten-mit","tag-bernhard-wagenknecht","tag-gartenbauschule-schoenbrunn","tag-heini-staudinger","tag-mutter-erde","tag-projekt-erfolgreich","tag-schueler-belohnung","tag-sylvia-kieslinger"],"yoast_head":"<!-- This site is optimized with the Yoast SEO plugin v27.5 - https:\/\/yoast.com\/product\/yoast-seo-wordpress\/ -->\n<title>Book for trees. Afrika: Projekt Wiederaufforstung | Vereinigung f\u00fcr Medienkultur<\/title>\n<meta name=\"robots\" content=\"index, follow, max-snippet:-1, max-image-preview:large, max-video-preview:-1\" \/>\n<link rel=\"canonical\" href=\"https:\/\/www.medienkultur.at\/neu\/book-for-trees-afrika-projekt-wiederaufforstung\/\" \/>\n<meta property=\"og:locale\" content=\"de_DE\" \/>\n<meta property=\"og:type\" content=\"article\" \/>\n<meta property=\"og:title\" content=\"Book for trees. Afrika: Projekt Wiederaufforstung | Vereinigung f\u00fcr Medienkultur\" \/>\n<meta property=\"og:description\" content=\"Heini Staudinger (Gastbeitrag in Brennstoff Nr. 48\/2017) Bernhard Wagenknecht ist Lehrer an der Gartenbauschule Sch\u00f6nbrunn. Er hatte die Idee, die Wiederaufforstung Afrikas\u00a0zu unterst\u00fctzen. Sch\u00fcler pflegen die jungen B\u00e4ume so lange, bis diese stark genug sind, die Verpflanzung in ihre afrikanischen Heimatd\u00f6rfer auszuhalten. Sylvia Kieslinger und Heini Staudinger waren dort. Alle &#8211; die Sch\u00fcler, die Lehrer, &hellip; Book for trees. Afrika: Projekt Wiederaufforstung weiterlesen &rarr;\" \/>\n<meta property=\"og:url\" content=\"https:\/\/www.medienkultur.at\/neu\/book-for-trees-afrika-projekt-wiederaufforstung\/\" \/>\n<meta property=\"og:site_name\" content=\"Vereinigung f\u00fcr Medienkultur\" \/>\n<meta property=\"article:published_time\" content=\"2017-08-28T06:53:19+00:00\" \/>\n<meta name=\"author\" content=\"Hans H\u00f6gl\" \/>\n<meta name=\"twitter:card\" content=\"summary_large_image\" \/>\n<meta name=\"twitter:label1\" content=\"Verfasst von\" \/>\n\t<meta name=\"twitter:data1\" content=\"Hans H\u00f6gl\" \/>\n<script type=\"application\/ld+json\" class=\"yoast-schema-graph\">{\"@context\":\"https:\\\/\\\/schema.org\",\"@graph\":[{\"@type\":\"Article\",\"@id\":\"https:\\\/\\\/www.medienkultur.at\\\/neu\\\/book-for-trees-afrika-projekt-wiederaufforstung\\\/#article\",\"isPartOf\":{\"@id\":\"https:\\\/\\\/www.medienkultur.at\\\/neu\\\/book-for-trees-afrika-projekt-wiederaufforstung\\\/\"},\"author\":{\"name\":\"Hans H\u00f6gl\",\"@id\":\"https:\\\/\\\/www.medienkultur.at\\\/neu\\\/#\\\/schema\\\/person\\\/5307830ec125174672d8c9d829eeb256\"},\"headline\":\"Book for trees. Afrika: Projekt Wiederaufforstung\",\"datePublished\":\"2017-08-28T06:53:19+00:00\",\"mainEntityOfPage\":{\"@id\":\"https:\\\/\\\/www.medienkultur.at\\\/neu\\\/book-for-trees-afrika-projekt-wiederaufforstung\\\/\"},\"wordCount\":102,\"commentCount\":0,\"keywords\":[\"Afrika: Wiederaufforstung\",\"Afrikaner arbeiten mit\",\"Bernhard Wagenknecht\",\"Gartenbauschule Sch\u00f6nbrunn\",\"Heini Staudinger\",\"Mutter Erde\",\"Projekt erfolgreich\",\"Sch\u00fcler: Belohnung\",\"Sylvia Kieslinger\"],\"articleSection\":[\"Gastbeitr\u00e4ge\",\"Good News\",\"J\u00dcNGSTE BEITR\u00c4GE\",\"Medienschmankerl\"],\"inLanguage\":\"de\",\"potentialAction\":[{\"@type\":\"CommentAction\",\"name\":\"Comment\",\"target\":[\"https:\\\/\\\/www.medienkultur.at\\\/neu\\\/book-for-trees-afrika-projekt-wiederaufforstung\\\/#respond\"]}]},{\"@type\":\"WebPage\",\"@id\":\"https:\\\/\\\/www.medienkultur.at\\\/neu\\\/book-for-trees-afrika-projekt-wiederaufforstung\\\/\",\"url\":\"https:\\\/\\\/www.medienkultur.at\\\/neu\\\/book-for-trees-afrika-projekt-wiederaufforstung\\\/\",\"name\":\"Book for trees. Afrika: Projekt Wiederaufforstung | Vereinigung f\u00fcr Medienkultur\",\"isPartOf\":{\"@id\":\"https:\\\/\\\/www.medienkultur.at\\\/neu\\\/#website\"},\"datePublished\":\"2017-08-28T06:53:19+00:00\",\"author\":{\"@id\":\"https:\\\/\\\/www.medienkultur.at\\\/neu\\\/#\\\/schema\\\/person\\\/5307830ec125174672d8c9d829eeb256\"},\"breadcrumb\":{\"@id\":\"https:\\\/\\\/www.medienkultur.at\\\/neu\\\/book-for-trees-afrika-projekt-wiederaufforstung\\\/#breadcrumb\"},\"inLanguage\":\"de\",\"potentialAction\":[{\"@type\":\"ReadAction\",\"target\":[\"https:\\\/\\\/www.medienkultur.at\\\/neu\\\/book-for-trees-afrika-projekt-wiederaufforstung\\\/\"]}]},{\"@type\":\"BreadcrumbList\",\"@id\":\"https:\\\/\\\/www.medienkultur.at\\\/neu\\\/book-for-trees-afrika-projekt-wiederaufforstung\\\/#breadcrumb\",\"itemListElement\":[{\"@type\":\"ListItem\",\"position\":1,\"name\":\"Startseite\",\"item\":\"https:\\\/\\\/www.medienkultur.at\\\/neu\\\/\"},{\"@type\":\"ListItem\",\"position\":2,\"name\":\"Book for trees. Afrika: Projekt Wiederaufforstung\"}]},{\"@type\":\"WebSite\",\"@id\":\"https:\\\/\\\/www.medienkultur.at\\\/neu\\\/#website\",\"url\":\"https:\\\/\\\/www.medienkultur.at\\\/neu\\\/\",\"name\":\"Vereinigung f\u00fcr Medienkultur\",\"description\":\"\",\"potentialAction\":[{\"@type\":\"SearchAction\",\"target\":{\"@type\":\"EntryPoint\",\"urlTemplate\":\"https:\\\/\\\/www.medienkultur.at\\\/neu\\\/?s={search_term_string}\"},\"query-input\":{\"@type\":\"PropertyValueSpecification\",\"valueRequired\":true,\"valueName\":\"search_term_string\"}}],\"inLanguage\":\"de\"},{\"@type\":\"Person\",\"@id\":\"https:\\\/\\\/www.medienkultur.at\\\/neu\\\/#\\\/schema\\\/person\\\/5307830ec125174672d8c9d829eeb256\",\"name\":\"Hans H\u00f6gl\"}]}<\/script>\n<!-- \/ Yoast SEO plugin. -->","yoast_head_json":{"title":"Book for trees. Afrika: Projekt Wiederaufforstung | Vereinigung f\u00fcr Medienkultur","robots":{"index":"index","follow":"follow","max-snippet":"max-snippet:-1","max-image-preview":"max-image-preview:large","max-video-preview":"max-video-preview:-1"},"canonical":"https:\/\/www.medienkultur.at\/neu\/book-for-trees-afrika-projekt-wiederaufforstung\/","og_locale":"de_DE","og_type":"article","og_title":"Book for trees. Afrika: Projekt Wiederaufforstung | Vereinigung f\u00fcr Medienkultur","og_description":"Heini Staudinger (Gastbeitrag in Brennstoff Nr. 48\/2017) Bernhard Wagenknecht ist Lehrer an der Gartenbauschule Sch\u00f6nbrunn. Er hatte die Idee, die Wiederaufforstung Afrikas\u00a0zu unterst\u00fctzen. Sch\u00fcler pflegen die jungen B\u00e4ume so lange, bis diese stark genug sind, die Verpflanzung in ihre afrikanischen Heimatd\u00f6rfer auszuhalten. Sylvia Kieslinger und Heini Staudinger waren dort. Alle &#8211; die Sch\u00fcler, die Lehrer, &hellip; Book for trees. Afrika: Projekt Wiederaufforstung weiterlesen &rarr;","og_url":"https:\/\/www.medienkultur.at\/neu\/book-for-trees-afrika-projekt-wiederaufforstung\/","og_site_name":"Vereinigung f\u00fcr Medienkultur","article_published_time":"2017-08-28T06:53:19+00:00","author":"Hans H\u00f6gl","twitter_card":"summary_large_image","twitter_misc":{"Verfasst von":"Hans H\u00f6gl"},"schema":{"@context":"https:\/\/schema.org","@graph":[{"@type":"Article","@id":"https:\/\/www.medienkultur.at\/neu\/book-for-trees-afrika-projekt-wiederaufforstung\/#article","isPartOf":{"@id":"https:\/\/www.medienkultur.at\/neu\/book-for-trees-afrika-projekt-wiederaufforstung\/"},"author":{"name":"Hans H\u00f6gl","@id":"https:\/\/www.medienkultur.at\/neu\/#\/schema\/person\/5307830ec125174672d8c9d829eeb256"},"headline":"Book for trees. Afrika: Projekt Wiederaufforstung","datePublished":"2017-08-28T06:53:19+00:00","mainEntityOfPage":{"@id":"https:\/\/www.medienkultur.at\/neu\/book-for-trees-afrika-projekt-wiederaufforstung\/"},"wordCount":102,"commentCount":0,"keywords":["Afrika: Wiederaufforstung","Afrikaner arbeiten mit","Bernhard Wagenknecht","Gartenbauschule Sch\u00f6nbrunn","Heini Staudinger","Mutter Erde","Projekt erfolgreich","Sch\u00fcler: Belohnung","Sylvia Kieslinger"],"articleSection":["Gastbeitr\u00e4ge","Good News","J\u00dcNGSTE BEITR\u00c4GE","Medienschmankerl"],"inLanguage":"de","potentialAction":[{"@type":"CommentAction","name":"Comment","target":["https:\/\/www.medienkultur.at\/neu\/book-for-trees-afrika-projekt-wiederaufforstung\/#respond"]}]},{"@type":"WebPage","@id":"https:\/\/www.medienkultur.at\/neu\/book-for-trees-afrika-projekt-wiederaufforstung\/","url":"https:\/\/www.medienkultur.at\/neu\/book-for-trees-afrika-projekt-wiederaufforstung\/","name":"Book for trees. Afrika: Projekt Wiederaufforstung | Vereinigung f\u00fcr Medienkultur","isPartOf":{"@id":"https:\/\/www.medienkultur.at\/neu\/#website"},"datePublished":"2017-08-28T06:53:19+00:00","author":{"@id":"https:\/\/www.medienkultur.at\/neu\/#\/schema\/person\/5307830ec125174672d8c9d829eeb256"},"breadcrumb":{"@id":"https:\/\/www.medienkultur.at\/neu\/book-for-trees-afrika-projekt-wiederaufforstung\/#breadcrumb"},"inLanguage":"de","potentialAction":[{"@type":"ReadAction","target":["https:\/\/www.medienkultur.at\/neu\/book-for-trees-afrika-projekt-wiederaufforstung\/"]}]},{"@type":"BreadcrumbList","@id":"https:\/\/www.medienkultur.at\/neu\/book-for-trees-afrika-projekt-wiederaufforstung\/#breadcrumb","itemListElement":[{"@type":"ListItem","position":1,"name":"Startseite","item":"https:\/\/www.medienkultur.at\/neu\/"},{"@type":"ListItem","position":2,"name":"Book for trees. Afrika: Projekt Wiederaufforstung"}]},{"@type":"WebSite","@id":"https:\/\/www.medienkultur.at\/neu\/#website","url":"https:\/\/www.medienkultur.at\/neu\/","name":"Vereinigung f\u00fcr Medienkultur","description":"","potentialAction":[{"@type":"SearchAction","target":{"@type":"EntryPoint","urlTemplate":"https:\/\/www.medienkultur.at\/neu\/?s={search_term_string}"},"query-input":{"@type":"PropertyValueSpecification","valueRequired":true,"valueName":"search_term_string"}}],"inLanguage":"de"},{"@type":"Person","@id":"https:\/\/www.medienkultur.at\/neu\/#\/schema\/person\/5307830ec125174672d8c9d829eeb256","name":"Hans H\u00f6gl"}]}},"_links":{"self":[{"href":"https:\/\/www.medienkultur.at\/neu\/wp-json\/wp\/v2\/posts\/4046","targetHints":{"allow":["GET"]}}],"collection":[{"href":"https:\/\/www.medienkultur.at\/neu\/wp-json\/wp\/v2\/posts"}],"about":[{"href":"https:\/\/www.medienkultur.at\/neu\/wp-json\/wp\/v2\/types\/post"}],"author":[{"embeddable":true,"href":"https:\/\/www.medienkultur.at\/neu\/wp-json\/wp\/v2\/users\/1"}],"replies":[{"embeddable":true,"href":"https:\/\/www.medienkultur.at\/neu\/wp-json\/wp\/v2\/comments?post=4046"}],"version-history":[{"count":1,"href":"https:\/\/www.medienkultur.at\/neu\/wp-json\/wp\/v2\/posts\/4046\/revisions"}],"predecessor-version":[{"id":4047,"href":"https:\/\/www.medienkultur.at\/neu\/wp-json\/wp\/v2\/posts\/4046\/revisions\/4047"}],"wp:attachment":[{"href":"https:\/\/www.medienkultur.at\/neu\/wp-json\/wp\/v2\/media?parent=4046"}],"wp:term":[{"taxonomy":"category","embeddable":true,"href":"https:\/\/www.medienkultur.at\/neu\/wp-json\/wp\/v2\/categories?post=4046"},{"taxonomy":"post_tag","embeddable":true,"href":"https:\/\/www.medienkultur.at\/neu\/wp-json\/wp\/v2\/tags?post=4046"}],"curies":[{"name":"wp","href":"https:\/\/api.w.org\/{rel}","templated":true}]}}