{"id":3836,"date":"2017-06-11T10:56:50","date_gmt":"2017-06-11T08:56:50","guid":{"rendered":"http:\/\/www.medienkultur.at\/neu\/?p=3836"},"modified":"2017-06-14T22:47:27","modified_gmt":"2017-06-14T20:47:27","slug":"migrantenkinder-und-schule-als-heimat","status":"publish","type":"post","link":"https:\/\/www.medienkultur.at\/neu\/migrantenkinder-und-schule-als-heimat\/","title":{"rendered":"Bildungsreform u. Integration. Deutschkenntnisse in Volksschule?"},"content":{"rendered":"<h5><span style=\"color: #000000;\"><strong><em>Beitrag von Hans H\u00f6gl\u00a0\u00a0<\/em><\/strong> <\/span><\/h5>\n<h6>Er lehrte\u00a0Bildungs- und\u00a0 Medien-Soziologie an der P\u00e4dgag. Hochschule u. Universit\u00e4t.<\/h6>\n<p><em>Anonym packte k\u00fcrzlich eine\u00a0Volksschullehrerin\u00a0 in einem \u00d61-Interview\u00a0 \u00fcber die\u00a0reelle Schulsituation aus.\u00a0 In einer von mir untersuchten Studie\u00a0einer<span style=\"color: #ff0000;\"> Wiener Volksschule haben\u00a09 von 10 Kindern Deutsch nicht als Muttersprache<\/span> . \u00dcber das Wie des Unterrichtens an dieser Schule besteht eine\u00a030-seitige, lebensnahe\u00a0\u00a0Fallstudie und\u00a0 Sozialreportage.\u00a0Hier: \u00a0eine\u00a0aktuell gebliebene, \u00f6ffentlich kaum\u00a0wahrgenommene \u00a0Kurzfassung.\u00a0Die\u00a0Studie\u00a0wurde dem Wiener Stadtschulrat als Langfassung pers\u00f6nlich in einer Vorsprache \u00fcbergeben.\u00a0\u00a0\u00a0<\/em><\/p>\n<p>Hinter einem Paravent verstecken sich ein paar Tische und eine Schultafel, einzelne Schulb\u00e4nke f\u00fcgen sich in Nischen. Auch Blumenst\u00f6cke lassen in den Hintergrund treten, dass hier auf dem Gang St\u00fctz- bzw. BegleitlehrerInnen ihre Kleinstgruppen unterrichten. Alles wirkt gepflegt, wie eine zweite Heimat. Die Schule wurde gebaut, als es in Wien kaum Migranten gab, dann kamen sie zahllos. Und bei der Adaptierung wurden die Pl\u00e4ne leider nicht ge\u00e4ndert. Darum der Unterricht auf dem Gang. Ein Junglehrer schm\u00fcckt und gestaltet mit Kindern die langen Gangw\u00e4nde. Laut Direktorin bereiten die meisten Lehrerinnen in einem Ferienmonat ihre Schult\u00e4tigkeit vor und erstellen Lernspiele.<\/p>\n<p>Diese f\u00fcr das Bildungsministerium verfasste Fallstudie fu\u00dft auf einem Dutzend zeitversetzten Gespr\u00e4chen&#8230;\u00a0, die auf Tonband aufgenommen wurden. Lehrerinnen empfinden geballte Belastungen und f\u00fchlen sich allein gelassen zu werden \u2013 so von den Beh\u00f6rden. Aber das Kollegium steht wacker zusammen und versucht, so gut es geht, mit der Situation ad\u00e4quat umzugehen.<\/p>\n<p>Die Schulleiterin unterrichtete fr\u00fcher im gleichen Stadtteil an einer Ganztagsschule. F\u00fcr das Mittagessen und die Betreuung war ein Beitrag zu entrichten \u2013 dies ist eine finanzielle H\u00fcrde f\u00fcr Emigranten. In einer Klasse gab es dort maximal drei, vier Migrantenkinder, Und die Art des Unterrichts war \u201eeine ganz andere\u201c als hier, wo in einer Klasse auf 25 Sch\u00fclerInnen ein einziges \u00f6sterreichischen Kind kommt.<\/p>\n<p><strong>\u201eLehrer anderswo wissen, dass es das gibt<\/strong>, <strong>aber wie man arbeiten muss, k\u00f6nnen sie sich nicht vorstellen.\u201c<\/strong> In den acht Klassen unterrichten 19 Lehrkr\u00e4fte (davon 2 m\u00e4nnliche)<strong> insgesamt 198 Sch\u00fclerInnen, davon sind 185 nichtdeutscher Muttersprache, also 93 %<\/strong>. <!--more-->Je ein Drittel der Kinder (69) sind t\u00fcrkisch und aus Exjugoslawien, polnisch sind f\u00fcnf Kinder, albanisch elf, und dann gibt es sechs rum\u00e4nische Kinder, drei indische, drei afghanische, zwei persische, zwei arabische und je ein ungarisches und ukrainisches Kind.<\/p>\n<p><strong>Die Ausl\u00e4nderquote im Stadtteil betr\u00e4gt 60 %. Die Eltern haben teilweise Schichtarbeit<\/strong>. Das geht nicht, dass 6-j\u00e4hrige Kinder den ganzen Tag auf der Stra\u00dfe sind. Ohne F\u00f6rderung durch die Eltern \u2013da kommt nichts. Man meint, irgendwo in der 3. Welt zu sein. Aber es gibt Kinderg\u00e4rten. Nur t\u00fcrkische Kinder kommen nicht hin, weil es was kostet, so eine\u00a0Lehrerin.<\/p>\n<p>Exjugoslawische Kinder besuchen den Kindergarten und sprechen in der ersten Klasse ein gutes Deutsch. (Lehrerin A). Es gibt acht Klassenlehrerinnen, sechs Begleitlehrerinnen, je eine f\u00fcr Serbokroatisch und T\u00fcrkisch, einen St\u00fctzlehrer, eine Werklehrerin u. Religionslehrer f\u00fcr serbisch-orthodoxe, f\u00fcr moslemische und r\u00f6m.- katholische Kinder.<\/p>\n<p>Lehrerin B. ist im 17. Dienstjahr im Bezirk und sieht die sprachlichen Voraussetzungen f\u00fcr den Schulbeginn immer weniger gegeben. \u201eFr\u00fcher konnten sie den Namen schreiben, ein bisschen rechnen. Jetzt haben sie nicht einmal einen Stift\u00a0\u00a0 in der Hand gehabt, nehmen ihn in die Faust. Das Kind hat noch nie gemalt.\u201c<\/p>\n<p>Und die Leiterin bedauert: \u201eMigrantenkinder haben oft ein Allgemeinwissen von drei- oder vierj\u00e4hrigen. Jedes \u00f6sterreichische Kindergartenkind kann oft mehr. Das ist oft zum Verzweifeln!\u201c Sachunterricht greift lebensnahe Themen auf, aber t\u00fcrkische Kinder kennen weder Tiere auf dem Bauernhof noch Obstsorten noch Wiesen und Pflanzen. Sie verlassen kaum ihren Wohnblock. Worte zu Hunden wie Bei\u00dfkorb und Leine sagen ihnen nichts.<\/p>\n<p>\u201eWenn auf ein \u00f6sterreichisches Kind neun Migrantenkinder kommen, wer soll da wen wohin integrieren!\u201c, sagte indigniert die Volksschullehrerin B. Sie kann das Wort Integration nicht mehr h\u00f6ren! Laut einer Pisa-Studie senkt ein Ausl\u00e4nderanteil von zwanzig Prozent das Klassenniveau erheblich. Sprachliche Fr\u00fchf\u00f6rderung w\u00e4re eine situations-ad\u00e4quate Antwort.<\/p>\n<p>Englischunterricht in der 1. Klasse \u201eist in Schulen wie unserer ein Wahnsinn! Ich kann nicht mit Kindern, die keine drei W\u00f6rter Deutsch k\u00f6nnen auch noch gleichzeitig mit Englisch beginnen!\u201c<\/p>\n<p>Und da werden 30 Kinder ohne Deutschkenntnisse in eine Klasse gestopft. Das geht nicht. Zwei haben mit M\u00fche etwas verstanden. Wir waren zu viert in einer Klasse, der Klassenlehrer, Begleitlehrer, Muttersprach- u. Zusatzlehrer und Vorschullehrer. Und wir sind alle vier rotiert. Ein Sch\u00fcler war unterm Tisch, f\u00fcnf rennen raus. Es hat nicht funktioniert. Die Klassensch\u00fclerzahl ist auf maximal 20 Kinder zu reduzieren! Und das ist schon zu viel. Das ginge noch gerade mit Begleitlehrer.\u201c<\/p>\n<p>Und Frau A verweist auf den Mehraufwand bei der Korrektur von Deutsch-Schularbeiten. In solchen Klassen braucht sie die drei- bis vierfache Zeit. Bei gelungenen Schulveranstaltungen loben Eltern unsere Nerven, um mit den Kindern zurechtzukommen.\u201c<\/p>\n<p>&nbsp;<\/p>\n<p>&nbsp;<\/p>\n","protected":false},"excerpt":{"rendered":"<p>Beitrag von Hans H\u00f6gl\u00a0\u00a0 Er lehrte\u00a0Bildungs- und\u00a0 Medien-Soziologie an der P\u00e4dgag. Hochschule u. Universit\u00e4t. Anonym packte k\u00fcrzlich eine\u00a0Volksschullehrerin\u00a0 in einem \u00d61-Interview\u00a0 \u00fcber die\u00a0reelle Schulsituation aus.\u00a0 In einer von mir untersuchten Studie\u00a0einer Wiener Volksschule haben\u00a09 von 10 Kindern Deutsch nicht als Muttersprache . \u00dcber das Wie des Unterrichtens an dieser Schule besteht eine\u00a030-seitige, lebensnahe\u00a0\u00a0Fallstudie und\u00a0 Sozialreportage.\u00a0Hier: &hellip; <a href=\"https:\/\/www.medienkultur.at\/neu\/migrantenkinder-und-schule-als-heimat\/\" class=\"more-link\"><span class=\"screen-reader-text\">Bildungsreform u. Integration. Deutschkenntnisse in Volksschule?<\/span> weiterlesen <span class=\"meta-nav\">&rarr;<\/span><\/a><\/p>\n","protected":false},"author":1,"featured_media":0,"comment_status":"open","ping_status":"open","sticky":false,"template":"","format":"standard","meta":{"footnotes":""},"categories":[1,24,12,19],"tags":[2166,2171,2172,1011,2164,2168,2176,2174,2175,2167,2170,2165,2169],"class_list":["post-3836","post","type-post","status-publish","format-standard","hentry","category-allgemein","category-medien-universitaet","category-medien_bildung_religion","category-studien_rezensionen","tag-bundesministerium-studie","tag-deutschkenntnisse","tag-grundschule-deutschkenntnisse","tag-hans-hoegl","tag-migrantenanteil-sehr-hoch","tag-schulklasse-mit-93-kindern-nichtdeutscher-muttersprache","tag-schulpolitik","tag-sozialreportage","tag-soziologische-fallstudie","tag-stadtschulrat-fuer-wien","tag-studie-laengst-bekannt","tag-unterrichtsvorbereitung","tag-volksschule-in-wien"],"yoast_head":"<!-- This site is optimized with the Yoast SEO plugin v27.4 - https:\/\/yoast.com\/product\/yoast-seo-wordpress\/ -->\n<title>Bildungsreform u. Integration. Deutschkenntnisse in Volksschule? | Vereinigung f\u00fcr Medienkultur<\/title>\n<meta name=\"robots\" content=\"index, follow, max-snippet:-1, max-image-preview:large, max-video-preview:-1\" \/>\n<link rel=\"canonical\" href=\"https:\/\/www.medienkultur.at\/neu\/migrantenkinder-und-schule-als-heimat\/\" \/>\n<meta property=\"og:locale\" content=\"de_DE\" \/>\n<meta property=\"og:type\" content=\"article\" \/>\n<meta property=\"og:title\" content=\"Bildungsreform u. Integration. Deutschkenntnisse in Volksschule? | Vereinigung f\u00fcr Medienkultur\" \/>\n<meta property=\"og:description\" content=\"Beitrag von Hans H\u00f6gl\u00a0\u00a0 Er lehrte\u00a0Bildungs- und\u00a0 Medien-Soziologie an der P\u00e4dgag. Hochschule u. Universit\u00e4t. Anonym packte k\u00fcrzlich eine\u00a0Volksschullehrerin\u00a0 in einem \u00d61-Interview\u00a0 \u00fcber die\u00a0reelle Schulsituation aus.\u00a0 In einer von mir untersuchten Studie\u00a0einer Wiener Volksschule haben\u00a09 von 10 Kindern Deutsch nicht als Muttersprache . \u00dcber das Wie des Unterrichtens an dieser Schule besteht eine\u00a030-seitige, lebensnahe\u00a0\u00a0Fallstudie und\u00a0 Sozialreportage.\u00a0Hier: &hellip; Bildungsreform u. Integration. Deutschkenntnisse in Volksschule? weiterlesen &rarr;\" \/>\n<meta property=\"og:url\" content=\"https:\/\/www.medienkultur.at\/neu\/migrantenkinder-und-schule-als-heimat\/\" \/>\n<meta property=\"og:site_name\" content=\"Vereinigung f\u00fcr Medienkultur\" \/>\n<meta property=\"article:published_time\" content=\"2017-06-11T08:56:50+00:00\" \/>\n<meta property=\"article:modified_time\" content=\"2017-06-14T20:47:27+00:00\" \/>\n<meta name=\"author\" content=\"Hans H\u00f6gl\" \/>\n<meta name=\"twitter:card\" content=\"summary_large_image\" \/>\n<meta name=\"twitter:label1\" content=\"Verfasst von\" \/>\n\t<meta name=\"twitter:data1\" content=\"Hans H\u00f6gl\" \/>\n\t<meta name=\"twitter:label2\" content=\"Gesch\u00e4tzte Lesezeit\" \/>\n\t<meta name=\"twitter:data2\" content=\"4\u00a0Minuten\" \/>\n<script type=\"application\/ld+json\" class=\"yoast-schema-graph\">{\"@context\":\"https:\\\/\\\/schema.org\",\"@graph\":[{\"@type\":\"Article\",\"@id\":\"https:\\\/\\\/www.medienkultur.at\\\/neu\\\/migrantenkinder-und-schule-als-heimat\\\/#article\",\"isPartOf\":{\"@id\":\"https:\\\/\\\/www.medienkultur.at\\\/neu\\\/migrantenkinder-und-schule-als-heimat\\\/\"},\"author\":{\"name\":\"Hans H\u00f6gl\",\"@id\":\"https:\\\/\\\/www.medienkultur.at\\\/neu\\\/#\\\/schema\\\/person\\\/5307830ec125174672d8c9d829eeb256\"},\"headline\":\"Bildungsreform u. Integration. Deutschkenntnisse in Volksschule?\",\"datePublished\":\"2017-06-11T08:56:50+00:00\",\"dateModified\":\"2017-06-14T20:47:27+00:00\",\"mainEntityOfPage\":{\"@id\":\"https:\\\/\\\/www.medienkultur.at\\\/neu\\\/migrantenkinder-und-schule-als-heimat\\\/\"},\"wordCount\":813,\"commentCount\":0,\"keywords\":[\"Bundesministerium: Studie\",\"Deutschkenntnisse\",\"Grundschule: Deutschkenntnisse\",\"Hans H\u00f6gl\",\"Migrantenanteil sehr hoch\",\"Schulklasse mit 93 % Kindern nichtdeutscher Muttersprache\",\"Schulpolitik\",\"Sozialreportage\",\"Soziologische Fallstudie\",\"Stadtschulrat f\u00fcr Wien\",\"Studie l\u00e4ngst bekannt\",\"Unterrichtsvorbereitung\",\"Volksschule in Wien\"],\"articleSection\":[\"J\u00dcNGSTE BEITR\u00c4GE\",\"MEDIEN - UNIVERSIT\u00c4T\",\"Medien und Bildung \\\/ Religion\",\"Studien \\\/ Rezensionen\"],\"inLanguage\":\"de\",\"potentialAction\":[{\"@type\":\"CommentAction\",\"name\":\"Comment\",\"target\":[\"https:\\\/\\\/www.medienkultur.at\\\/neu\\\/migrantenkinder-und-schule-als-heimat\\\/#respond\"]}]},{\"@type\":\"WebPage\",\"@id\":\"https:\\\/\\\/www.medienkultur.at\\\/neu\\\/migrantenkinder-und-schule-als-heimat\\\/\",\"url\":\"https:\\\/\\\/www.medienkultur.at\\\/neu\\\/migrantenkinder-und-schule-als-heimat\\\/\",\"name\":\"Bildungsreform u. Integration. Deutschkenntnisse in Volksschule? | Vereinigung f\u00fcr Medienkultur\",\"isPartOf\":{\"@id\":\"https:\\\/\\\/www.medienkultur.at\\\/neu\\\/#website\"},\"datePublished\":\"2017-06-11T08:56:50+00:00\",\"dateModified\":\"2017-06-14T20:47:27+00:00\",\"author\":{\"@id\":\"https:\\\/\\\/www.medienkultur.at\\\/neu\\\/#\\\/schema\\\/person\\\/5307830ec125174672d8c9d829eeb256\"},\"breadcrumb\":{\"@id\":\"https:\\\/\\\/www.medienkultur.at\\\/neu\\\/migrantenkinder-und-schule-als-heimat\\\/#breadcrumb\"},\"inLanguage\":\"de\",\"potentialAction\":[{\"@type\":\"ReadAction\",\"target\":[\"https:\\\/\\\/www.medienkultur.at\\\/neu\\\/migrantenkinder-und-schule-als-heimat\\\/\"]}]},{\"@type\":\"BreadcrumbList\",\"@id\":\"https:\\\/\\\/www.medienkultur.at\\\/neu\\\/migrantenkinder-und-schule-als-heimat\\\/#breadcrumb\",\"itemListElement\":[{\"@type\":\"ListItem\",\"position\":1,\"name\":\"Startseite\",\"item\":\"https:\\\/\\\/www.medienkultur.at\\\/neu\\\/\"},{\"@type\":\"ListItem\",\"position\":2,\"name\":\"Bildungsreform u. Integration. Deutschkenntnisse in Volksschule?\"}]},{\"@type\":\"WebSite\",\"@id\":\"https:\\\/\\\/www.medienkultur.at\\\/neu\\\/#website\",\"url\":\"https:\\\/\\\/www.medienkultur.at\\\/neu\\\/\",\"name\":\"Vereinigung f\u00fcr Medienkultur\",\"description\":\"\",\"potentialAction\":[{\"@type\":\"SearchAction\",\"target\":{\"@type\":\"EntryPoint\",\"urlTemplate\":\"https:\\\/\\\/www.medienkultur.at\\\/neu\\\/?s={search_term_string}\"},\"query-input\":{\"@type\":\"PropertyValueSpecification\",\"valueRequired\":true,\"valueName\":\"search_term_string\"}}],\"inLanguage\":\"de\"},{\"@type\":\"Person\",\"@id\":\"https:\\\/\\\/www.medienkultur.at\\\/neu\\\/#\\\/schema\\\/person\\\/5307830ec125174672d8c9d829eeb256\",\"name\":\"Hans H\u00f6gl\"}]}<\/script>\n<!-- \/ Yoast SEO plugin. -->","yoast_head_json":{"title":"Bildungsreform u. Integration. Deutschkenntnisse in Volksschule? | Vereinigung f\u00fcr Medienkultur","robots":{"index":"index","follow":"follow","max-snippet":"max-snippet:-1","max-image-preview":"max-image-preview:large","max-video-preview":"max-video-preview:-1"},"canonical":"https:\/\/www.medienkultur.at\/neu\/migrantenkinder-und-schule-als-heimat\/","og_locale":"de_DE","og_type":"article","og_title":"Bildungsreform u. Integration. Deutschkenntnisse in Volksschule? | Vereinigung f\u00fcr Medienkultur","og_description":"Beitrag von Hans H\u00f6gl\u00a0\u00a0 Er lehrte\u00a0Bildungs- und\u00a0 Medien-Soziologie an der P\u00e4dgag. Hochschule u. Universit\u00e4t. Anonym packte k\u00fcrzlich eine\u00a0Volksschullehrerin\u00a0 in einem \u00d61-Interview\u00a0 \u00fcber die\u00a0reelle Schulsituation aus.\u00a0 In einer von mir untersuchten Studie\u00a0einer Wiener Volksschule haben\u00a09 von 10 Kindern Deutsch nicht als Muttersprache . \u00dcber das Wie des Unterrichtens an dieser Schule besteht eine\u00a030-seitige, lebensnahe\u00a0\u00a0Fallstudie und\u00a0 Sozialreportage.\u00a0Hier: &hellip; Bildungsreform u. Integration. Deutschkenntnisse in Volksschule? weiterlesen &rarr;","og_url":"https:\/\/www.medienkultur.at\/neu\/migrantenkinder-und-schule-als-heimat\/","og_site_name":"Vereinigung f\u00fcr Medienkultur","article_published_time":"2017-06-11T08:56:50+00:00","article_modified_time":"2017-06-14T20:47:27+00:00","author":"Hans H\u00f6gl","twitter_card":"summary_large_image","twitter_misc":{"Verfasst von":"Hans H\u00f6gl","Gesch\u00e4tzte Lesezeit":"4\u00a0Minuten"},"schema":{"@context":"https:\/\/schema.org","@graph":[{"@type":"Article","@id":"https:\/\/www.medienkultur.at\/neu\/migrantenkinder-und-schule-als-heimat\/#article","isPartOf":{"@id":"https:\/\/www.medienkultur.at\/neu\/migrantenkinder-und-schule-als-heimat\/"},"author":{"name":"Hans H\u00f6gl","@id":"https:\/\/www.medienkultur.at\/neu\/#\/schema\/person\/5307830ec125174672d8c9d829eeb256"},"headline":"Bildungsreform u. Integration. Deutschkenntnisse in Volksschule?","datePublished":"2017-06-11T08:56:50+00:00","dateModified":"2017-06-14T20:47:27+00:00","mainEntityOfPage":{"@id":"https:\/\/www.medienkultur.at\/neu\/migrantenkinder-und-schule-als-heimat\/"},"wordCount":813,"commentCount":0,"keywords":["Bundesministerium: Studie","Deutschkenntnisse","Grundschule: Deutschkenntnisse","Hans H\u00f6gl","Migrantenanteil sehr hoch","Schulklasse mit 93 % Kindern nichtdeutscher Muttersprache","Schulpolitik","Sozialreportage","Soziologische Fallstudie","Stadtschulrat f\u00fcr Wien","Studie l\u00e4ngst bekannt","Unterrichtsvorbereitung","Volksschule in Wien"],"articleSection":["J\u00dcNGSTE BEITR\u00c4GE","MEDIEN - UNIVERSIT\u00c4T","Medien und Bildung \/ Religion","Studien \/ Rezensionen"],"inLanguage":"de","potentialAction":[{"@type":"CommentAction","name":"Comment","target":["https:\/\/www.medienkultur.at\/neu\/migrantenkinder-und-schule-als-heimat\/#respond"]}]},{"@type":"WebPage","@id":"https:\/\/www.medienkultur.at\/neu\/migrantenkinder-und-schule-als-heimat\/","url":"https:\/\/www.medienkultur.at\/neu\/migrantenkinder-und-schule-als-heimat\/","name":"Bildungsreform u. Integration. Deutschkenntnisse in Volksschule? | Vereinigung f\u00fcr Medienkultur","isPartOf":{"@id":"https:\/\/www.medienkultur.at\/neu\/#website"},"datePublished":"2017-06-11T08:56:50+00:00","dateModified":"2017-06-14T20:47:27+00:00","author":{"@id":"https:\/\/www.medienkultur.at\/neu\/#\/schema\/person\/5307830ec125174672d8c9d829eeb256"},"breadcrumb":{"@id":"https:\/\/www.medienkultur.at\/neu\/migrantenkinder-und-schule-als-heimat\/#breadcrumb"},"inLanguage":"de","potentialAction":[{"@type":"ReadAction","target":["https:\/\/www.medienkultur.at\/neu\/migrantenkinder-und-schule-als-heimat\/"]}]},{"@type":"BreadcrumbList","@id":"https:\/\/www.medienkultur.at\/neu\/migrantenkinder-und-schule-als-heimat\/#breadcrumb","itemListElement":[{"@type":"ListItem","position":1,"name":"Startseite","item":"https:\/\/www.medienkultur.at\/neu\/"},{"@type":"ListItem","position":2,"name":"Bildungsreform u. Integration. Deutschkenntnisse in Volksschule?"}]},{"@type":"WebSite","@id":"https:\/\/www.medienkultur.at\/neu\/#website","url":"https:\/\/www.medienkultur.at\/neu\/","name":"Vereinigung f\u00fcr Medienkultur","description":"","potentialAction":[{"@type":"SearchAction","target":{"@type":"EntryPoint","urlTemplate":"https:\/\/www.medienkultur.at\/neu\/?s={search_term_string}"},"query-input":{"@type":"PropertyValueSpecification","valueRequired":true,"valueName":"search_term_string"}}],"inLanguage":"de"},{"@type":"Person","@id":"https:\/\/www.medienkultur.at\/neu\/#\/schema\/person\/5307830ec125174672d8c9d829eeb256","name":"Hans H\u00f6gl"}]}},"_links":{"self":[{"href":"https:\/\/www.medienkultur.at\/neu\/wp-json\/wp\/v2\/posts\/3836","targetHints":{"allow":["GET"]}}],"collection":[{"href":"https:\/\/www.medienkultur.at\/neu\/wp-json\/wp\/v2\/posts"}],"about":[{"href":"https:\/\/www.medienkultur.at\/neu\/wp-json\/wp\/v2\/types\/post"}],"author":[{"embeddable":true,"href":"https:\/\/www.medienkultur.at\/neu\/wp-json\/wp\/v2\/users\/1"}],"replies":[{"embeddable":true,"href":"https:\/\/www.medienkultur.at\/neu\/wp-json\/wp\/v2\/comments?post=3836"}],"version-history":[{"count":10,"href":"https:\/\/www.medienkultur.at\/neu\/wp-json\/wp\/v2\/posts\/3836\/revisions"}],"predecessor-version":[{"id":3857,"href":"https:\/\/www.medienkultur.at\/neu\/wp-json\/wp\/v2\/posts\/3836\/revisions\/3857"}],"wp:attachment":[{"href":"https:\/\/www.medienkultur.at\/neu\/wp-json\/wp\/v2\/media?parent=3836"}],"wp:term":[{"taxonomy":"category","embeddable":true,"href":"https:\/\/www.medienkultur.at\/neu\/wp-json\/wp\/v2\/categories?post=3836"},{"taxonomy":"post_tag","embeddable":true,"href":"https:\/\/www.medienkultur.at\/neu\/wp-json\/wp\/v2\/tags?post=3836"}],"curies":[{"name":"wp","href":"https:\/\/api.w.org\/{rel}","templated":true}]}}