{"id":3369,"date":"2017-01-02T14:10:18","date_gmt":"2017-01-02T12:10:18","guid":{"rendered":"http:\/\/www.medienkultur.at\/neu\/?p=3369"},"modified":"2017-01-02T18:54:30","modified_gmt":"2017-01-02T16:54:30","slug":"neujahrsansprache-resignieren-wir-nicht","status":"publish","type":"post","link":"https:\/\/www.medienkultur.at\/neu\/neujahrsansprache-resignieren-wir-nicht\/","title":{"rendered":"Neujahrsansprache: Resignieren wir nicht!"},"content":{"rendered":"<h6><span class=\"form\">Ber\u00fchrende Neujahrsbotschaft von Franz\u00a0<\/span><span class=\"author\">Huainigg* <\/span><span class=\"date\">im &#8222;Standard&#8220;<\/span><\/h6>\n<p>( ausgew\u00e4hlt und leicht gek\u00fcrzt von Hans H\u00f6gl )<\/p>\n<div class=\"clear\">&#8222;Da es noch keinen offiziellen Bundespr\u00e4sidenten gibt, ergreife ich hiermit die M\u00f6glichkeit, meine Worte an Sie zu richten. Reden zu k\u00f6nnen, eine Stimme zu haben ist keine Selbstverst\u00e4ndlichkeit. Bei mir verschiebt sich ab und zu meine Atemkan\u00fcle, und ich bringe kein Wort mehr heraus. In der Bundeshymne hei\u00dft es &#8222;Heimat gro\u00dfer T\u00f6chter, S\u00f6hne&#8220;. Damit bin ich wohl nicht gemeint, ich bin n\u00e4mlich nicht der Gr\u00f6\u00dfte. Ich schaue immer hinauf zu anderen Menschen. <strong>Viele B\u00fcrgerinnen und B\u00fcrger f\u00fchlen sich auch sehr klein und unbedeutend<\/strong>. Sie f\u00fchlen sich von der Politik und vom System unverstanden. <strong>Aber jeder Einzelne kann etwas in Bewegung setzten<\/strong>. Ergreifen auch Sie im Jahr 2017 Ihre M\u00f6glichkeiten, die Politik dieses Landes mitzugestalten! Setzen Sie sich f\u00fcr andere Menschen ein, n\u00fctzen Sie Ihr Wahlrecht, machen Sie mit bei B\u00fcrgerinitiativen und Petitionen, und diskutieren Sie in den sozialen Medien auf einer sachlichen und respektvollen Ebene. Engagieren Sie sich f\u00fcr die Demokratie! Viele Menschen erz\u00e4hlen mir, dass ihnen die Perspektive im Leben abhandengekommen ist. Sie fragen sich: Wo ist mein Platz in dieser Welt?<\/div>\n<div id=\"content-main\" class=\"section\">\n<div class=\"copytext\">\n<p><strong>Vor zehn Jahren konnte ich nicht mehr atmen<\/strong>. Die \u00e4rztlichen Prognosen waren sehr d\u00fcster. Aber heute sitze ich hier und rede zu ihnen. Jeder hat Probleme und Schwierigkeiten, resignieren ist der falsche Weg. Es geht darum, die Herausforderungen des Lebens anzunehmen &#8220;<\/p>\n<p><strong>Ich lebe heute mit einem Beatmungsger\u00e4t, bin mit meinem Elektrorollstuhl<\/strong> unterwegs, habe eine Familie und arbeite im Parlament. Das w\u00e4re vor 20 Jahren ohne die neuen Technologien nicht m\u00f6glich gewesen. Wir d\u00fcrfen <strong>keine Angst vor der Digitalisierung<\/strong> und dem m\u00f6glichen Verlust von Arbeitspl\u00e4tzen haben. Die Zeit kann man nicht zur\u00fcckdrehen. Wir m\u00fcssen die neuen Herausforderungen annehmen. Resignieren wir nicht in privaten sowie im gesellschaftlichen Bereich! Ergreifen wir im Jahr 2017 aktiv die M\u00f6glichkeiten, die Zukunft besser, gerechter und friedvoller zu gestalten.<\/p>\n<p>Egal, wo ich hinrolle, \u00fcberall treffe ich Menschen, welche mir erz\u00e4hlen, wie schlecht es ihnen geht. Sie messen dies daran, wie viel vermeintlich besser es den anderen geht. So sagen sie beispielsweise, dass sie mehr in das Sozialsystem einzahlen, als sie rausbekommen. Aber das ist doch ein positives Zeichen.<\/p>\n<p>Es bedeutet, dass sie gesund sind, eine Besch\u00e4ftigung haben und nicht auf Hilfe angewiesen sind. Es ist die Solidarit\u00e4t, die unseren Wohlfahrtsstaat gro\u00df gemacht hat und allen eine Chancengleichheit bietet. Wir alle leisten einen Beitrag, damit die, die Hilfe brauchen, diese auch bekommen.&#8220;<\/p>\n<\/div>\n<div class=\"supplemental\">\n<p><strong>* Franz Huainigg<\/strong> ist \u00d6VP-Nationalratsabgeordneter und Behindertensprecher. Seine Neujahrsansprache wurde auf Okto ausgestrahlt.<\/p>\n<\/div>\n<\/div>\n<p>&nbsp;<\/p>\n<p>&nbsp;<\/p>\n<p>&nbsp;<\/p>\n","protected":false},"excerpt":{"rendered":"<p>Ber\u00fchrende Neujahrsbotschaft von Franz\u00a0Huainigg* im &#8222;Standard&#8220; ( ausgew\u00e4hlt und leicht gek\u00fcrzt von Hans H\u00f6gl ) &#8222;Da es noch keinen offiziellen Bundespr\u00e4sidenten gibt, ergreife ich hiermit die M\u00f6glichkeit, meine Worte an Sie zu richten. Reden zu k\u00f6nnen, eine Stimme zu haben ist keine Selbstverst\u00e4ndlichkeit. Bei mir verschiebt sich ab und zu meine Atemkan\u00fcle, und ich bringe &hellip; <a href=\"https:\/\/www.medienkultur.at\/neu\/neujahrsansprache-resignieren-wir-nicht\/\" class=\"more-link\"><span class=\"screen-reader-text\">Neujahrsansprache: Resignieren wir nicht!<\/span> weiterlesen <span class=\"meta-nav\">&rarr;<\/span><\/a><\/p>\n","protected":false},"author":1,"featured_media":0,"comment_status":"open","ping_status":"open","sticky":false,"template":"","format":"standard","meta":{"footnotes":""},"categories":[15,1,23],"tags":[444,1547,1550,1546,1451,1549,1548,1564,1554,1553,1551,1552],"class_list":["post-3369","post","type-post","status-publish","format-standard","hentry","category-gastbeitraege","category-allgemein","category-medienschmankerl","tag-angst","tag-behinderter-macht-mut","tag-digitalisierung","tag-franz-huainigg","tag-kleine-leute","tag-mutlosigkeit","tag-neujahrsansprache-anders","tag-okto","tag-oevp-abgeordneter","tag-resignation","tag-rollstuhlfahrer","tag-schlecht-gehen"],"yoast_head":"<!-- This site is optimized with the Yoast SEO plugin v27.5 - https:\/\/yoast.com\/product\/yoast-seo-wordpress\/ -->\n<title>Neujahrsansprache: Resignieren wir nicht! | Vereinigung f\u00fcr Medienkultur<\/title>\n<meta name=\"robots\" content=\"index, follow, max-snippet:-1, max-image-preview:large, max-video-preview:-1\" \/>\n<link rel=\"canonical\" href=\"https:\/\/www.medienkultur.at\/neu\/neujahrsansprache-resignieren-wir-nicht\/\" \/>\n<meta property=\"og:locale\" content=\"de_DE\" \/>\n<meta property=\"og:type\" content=\"article\" \/>\n<meta property=\"og:title\" content=\"Neujahrsansprache: Resignieren wir nicht! | Vereinigung f\u00fcr Medienkultur\" \/>\n<meta property=\"og:description\" content=\"Ber\u00fchrende Neujahrsbotschaft von Franz\u00a0Huainigg* im &#8222;Standard&#8220; ( ausgew\u00e4hlt und leicht gek\u00fcrzt von Hans H\u00f6gl ) &#8222;Da es noch keinen offiziellen Bundespr\u00e4sidenten gibt, ergreife ich hiermit die M\u00f6glichkeit, meine Worte an Sie zu richten. Reden zu k\u00f6nnen, eine Stimme zu haben ist keine Selbstverst\u00e4ndlichkeit. Bei mir verschiebt sich ab und zu meine Atemkan\u00fcle, und ich bringe &hellip; Neujahrsansprache: Resignieren wir nicht! weiterlesen &rarr;\" \/>\n<meta property=\"og:url\" content=\"https:\/\/www.medienkultur.at\/neu\/neujahrsansprache-resignieren-wir-nicht\/\" \/>\n<meta property=\"og:site_name\" content=\"Vereinigung f\u00fcr Medienkultur\" \/>\n<meta property=\"article:published_time\" content=\"2017-01-02T12:10:18+00:00\" \/>\n<meta property=\"article:modified_time\" content=\"2017-01-02T16:54:30+00:00\" \/>\n<meta name=\"author\" content=\"Hans H\u00f6gl\" \/>\n<meta name=\"twitter:card\" content=\"summary_large_image\" \/>\n<meta name=\"twitter:label1\" content=\"Verfasst von\" \/>\n\t<meta name=\"twitter:data1\" content=\"Hans H\u00f6gl\" \/>\n\t<meta name=\"twitter:label2\" content=\"Gesch\u00e4tzte Lesezeit\" \/>\n\t<meta name=\"twitter:data2\" content=\"2\u00a0Minuten\" \/>\n<script type=\"application\/ld+json\" class=\"yoast-schema-graph\">{\"@context\":\"https:\\\/\\\/schema.org\",\"@graph\":[{\"@type\":\"Article\",\"@id\":\"https:\\\/\\\/www.medienkultur.at\\\/neu\\\/neujahrsansprache-resignieren-wir-nicht\\\/#article\",\"isPartOf\":{\"@id\":\"https:\\\/\\\/www.medienkultur.at\\\/neu\\\/neujahrsansprache-resignieren-wir-nicht\\\/\"},\"author\":{\"name\":\"Hans H\u00f6gl\",\"@id\":\"https:\\\/\\\/www.medienkultur.at\\\/neu\\\/#\\\/schema\\\/person\\\/5307830ec125174672d8c9d829eeb256\"},\"headline\":\"Neujahrsansprache: Resignieren wir nicht!\",\"datePublished\":\"2017-01-02T12:10:18+00:00\",\"dateModified\":\"2017-01-02T16:54:30+00:00\",\"mainEntityOfPage\":{\"@id\":\"https:\\\/\\\/www.medienkultur.at\\\/neu\\\/neujahrsansprache-resignieren-wir-nicht\\\/\"},\"wordCount\":455,\"commentCount\":0,\"keywords\":[\"Angst\",\"Behinderter macht Mut\",\"Digitalisierung\",\"Franz Huainigg\",\"kleine Leute\",\"Mutlosigkeit\",\"Neujahrsansprache anders\",\"Okto\",\"\u00d6VP-Abgeordneter\",\"Resignation\",\"Rollstuhlfahrer\",\"Schlecht gehen\"],\"articleSection\":[\"Gastbeitr\u00e4ge\",\"J\u00dcNGSTE BEITR\u00c4GE\",\"Medienschmankerl\"],\"inLanguage\":\"de\",\"potentialAction\":[{\"@type\":\"CommentAction\",\"name\":\"Comment\",\"target\":[\"https:\\\/\\\/www.medienkultur.at\\\/neu\\\/neujahrsansprache-resignieren-wir-nicht\\\/#respond\"]}]},{\"@type\":\"WebPage\",\"@id\":\"https:\\\/\\\/www.medienkultur.at\\\/neu\\\/neujahrsansprache-resignieren-wir-nicht\\\/\",\"url\":\"https:\\\/\\\/www.medienkultur.at\\\/neu\\\/neujahrsansprache-resignieren-wir-nicht\\\/\",\"name\":\"Neujahrsansprache: Resignieren wir nicht! | Vereinigung f\u00fcr Medienkultur\",\"isPartOf\":{\"@id\":\"https:\\\/\\\/www.medienkultur.at\\\/neu\\\/#website\"},\"datePublished\":\"2017-01-02T12:10:18+00:00\",\"dateModified\":\"2017-01-02T16:54:30+00:00\",\"author\":{\"@id\":\"https:\\\/\\\/www.medienkultur.at\\\/neu\\\/#\\\/schema\\\/person\\\/5307830ec125174672d8c9d829eeb256\"},\"breadcrumb\":{\"@id\":\"https:\\\/\\\/www.medienkultur.at\\\/neu\\\/neujahrsansprache-resignieren-wir-nicht\\\/#breadcrumb\"},\"inLanguage\":\"de\",\"potentialAction\":[{\"@type\":\"ReadAction\",\"target\":[\"https:\\\/\\\/www.medienkultur.at\\\/neu\\\/neujahrsansprache-resignieren-wir-nicht\\\/\"]}]},{\"@type\":\"BreadcrumbList\",\"@id\":\"https:\\\/\\\/www.medienkultur.at\\\/neu\\\/neujahrsansprache-resignieren-wir-nicht\\\/#breadcrumb\",\"itemListElement\":[{\"@type\":\"ListItem\",\"position\":1,\"name\":\"Startseite\",\"item\":\"https:\\\/\\\/www.medienkultur.at\\\/neu\\\/\"},{\"@type\":\"ListItem\",\"position\":2,\"name\":\"Neujahrsansprache: Resignieren wir nicht!\"}]},{\"@type\":\"WebSite\",\"@id\":\"https:\\\/\\\/www.medienkultur.at\\\/neu\\\/#website\",\"url\":\"https:\\\/\\\/www.medienkultur.at\\\/neu\\\/\",\"name\":\"Vereinigung f\u00fcr Medienkultur\",\"description\":\"\",\"potentialAction\":[{\"@type\":\"SearchAction\",\"target\":{\"@type\":\"EntryPoint\",\"urlTemplate\":\"https:\\\/\\\/www.medienkultur.at\\\/neu\\\/?s={search_term_string}\"},\"query-input\":{\"@type\":\"PropertyValueSpecification\",\"valueRequired\":true,\"valueName\":\"search_term_string\"}}],\"inLanguage\":\"de\"},{\"@type\":\"Person\",\"@id\":\"https:\\\/\\\/www.medienkultur.at\\\/neu\\\/#\\\/schema\\\/person\\\/5307830ec125174672d8c9d829eeb256\",\"name\":\"Hans H\u00f6gl\"}]}<\/script>\n<!-- \/ Yoast SEO plugin. -->","yoast_head_json":{"title":"Neujahrsansprache: Resignieren wir nicht! | Vereinigung f\u00fcr Medienkultur","robots":{"index":"index","follow":"follow","max-snippet":"max-snippet:-1","max-image-preview":"max-image-preview:large","max-video-preview":"max-video-preview:-1"},"canonical":"https:\/\/www.medienkultur.at\/neu\/neujahrsansprache-resignieren-wir-nicht\/","og_locale":"de_DE","og_type":"article","og_title":"Neujahrsansprache: Resignieren wir nicht! | Vereinigung f\u00fcr Medienkultur","og_description":"Ber\u00fchrende Neujahrsbotschaft von Franz\u00a0Huainigg* im &#8222;Standard&#8220; ( ausgew\u00e4hlt und leicht gek\u00fcrzt von Hans H\u00f6gl ) &#8222;Da es noch keinen offiziellen Bundespr\u00e4sidenten gibt, ergreife ich hiermit die M\u00f6glichkeit, meine Worte an Sie zu richten. Reden zu k\u00f6nnen, eine Stimme zu haben ist keine Selbstverst\u00e4ndlichkeit. Bei mir verschiebt sich ab und zu meine Atemkan\u00fcle, und ich bringe &hellip; Neujahrsansprache: Resignieren wir nicht! weiterlesen &rarr;","og_url":"https:\/\/www.medienkultur.at\/neu\/neujahrsansprache-resignieren-wir-nicht\/","og_site_name":"Vereinigung f\u00fcr Medienkultur","article_published_time":"2017-01-02T12:10:18+00:00","article_modified_time":"2017-01-02T16:54:30+00:00","author":"Hans H\u00f6gl","twitter_card":"summary_large_image","twitter_misc":{"Verfasst von":"Hans H\u00f6gl","Gesch\u00e4tzte Lesezeit":"2\u00a0Minuten"},"schema":{"@context":"https:\/\/schema.org","@graph":[{"@type":"Article","@id":"https:\/\/www.medienkultur.at\/neu\/neujahrsansprache-resignieren-wir-nicht\/#article","isPartOf":{"@id":"https:\/\/www.medienkultur.at\/neu\/neujahrsansprache-resignieren-wir-nicht\/"},"author":{"name":"Hans H\u00f6gl","@id":"https:\/\/www.medienkultur.at\/neu\/#\/schema\/person\/5307830ec125174672d8c9d829eeb256"},"headline":"Neujahrsansprache: Resignieren wir nicht!","datePublished":"2017-01-02T12:10:18+00:00","dateModified":"2017-01-02T16:54:30+00:00","mainEntityOfPage":{"@id":"https:\/\/www.medienkultur.at\/neu\/neujahrsansprache-resignieren-wir-nicht\/"},"wordCount":455,"commentCount":0,"keywords":["Angst","Behinderter macht Mut","Digitalisierung","Franz Huainigg","kleine Leute","Mutlosigkeit","Neujahrsansprache anders","Okto","\u00d6VP-Abgeordneter","Resignation","Rollstuhlfahrer","Schlecht gehen"],"articleSection":["Gastbeitr\u00e4ge","J\u00dcNGSTE BEITR\u00c4GE","Medienschmankerl"],"inLanguage":"de","potentialAction":[{"@type":"CommentAction","name":"Comment","target":["https:\/\/www.medienkultur.at\/neu\/neujahrsansprache-resignieren-wir-nicht\/#respond"]}]},{"@type":"WebPage","@id":"https:\/\/www.medienkultur.at\/neu\/neujahrsansprache-resignieren-wir-nicht\/","url":"https:\/\/www.medienkultur.at\/neu\/neujahrsansprache-resignieren-wir-nicht\/","name":"Neujahrsansprache: Resignieren wir nicht! | Vereinigung f\u00fcr Medienkultur","isPartOf":{"@id":"https:\/\/www.medienkultur.at\/neu\/#website"},"datePublished":"2017-01-02T12:10:18+00:00","dateModified":"2017-01-02T16:54:30+00:00","author":{"@id":"https:\/\/www.medienkultur.at\/neu\/#\/schema\/person\/5307830ec125174672d8c9d829eeb256"},"breadcrumb":{"@id":"https:\/\/www.medienkultur.at\/neu\/neujahrsansprache-resignieren-wir-nicht\/#breadcrumb"},"inLanguage":"de","potentialAction":[{"@type":"ReadAction","target":["https:\/\/www.medienkultur.at\/neu\/neujahrsansprache-resignieren-wir-nicht\/"]}]},{"@type":"BreadcrumbList","@id":"https:\/\/www.medienkultur.at\/neu\/neujahrsansprache-resignieren-wir-nicht\/#breadcrumb","itemListElement":[{"@type":"ListItem","position":1,"name":"Startseite","item":"https:\/\/www.medienkultur.at\/neu\/"},{"@type":"ListItem","position":2,"name":"Neujahrsansprache: Resignieren wir nicht!"}]},{"@type":"WebSite","@id":"https:\/\/www.medienkultur.at\/neu\/#website","url":"https:\/\/www.medienkultur.at\/neu\/","name":"Vereinigung f\u00fcr Medienkultur","description":"","potentialAction":[{"@type":"SearchAction","target":{"@type":"EntryPoint","urlTemplate":"https:\/\/www.medienkultur.at\/neu\/?s={search_term_string}"},"query-input":{"@type":"PropertyValueSpecification","valueRequired":true,"valueName":"search_term_string"}}],"inLanguage":"de"},{"@type":"Person","@id":"https:\/\/www.medienkultur.at\/neu\/#\/schema\/person\/5307830ec125174672d8c9d829eeb256","name":"Hans H\u00f6gl"}]}},"_links":{"self":[{"href":"https:\/\/www.medienkultur.at\/neu\/wp-json\/wp\/v2\/posts\/3369","targetHints":{"allow":["GET"]}}],"collection":[{"href":"https:\/\/www.medienkultur.at\/neu\/wp-json\/wp\/v2\/posts"}],"about":[{"href":"https:\/\/www.medienkultur.at\/neu\/wp-json\/wp\/v2\/types\/post"}],"author":[{"embeddable":true,"href":"https:\/\/www.medienkultur.at\/neu\/wp-json\/wp\/v2\/users\/1"}],"replies":[{"embeddable":true,"href":"https:\/\/www.medienkultur.at\/neu\/wp-json\/wp\/v2\/comments?post=3369"}],"version-history":[{"count":7,"href":"https:\/\/www.medienkultur.at\/neu\/wp-json\/wp\/v2\/posts\/3369\/revisions"}],"predecessor-version":[{"id":3378,"href":"https:\/\/www.medienkultur.at\/neu\/wp-json\/wp\/v2\/posts\/3369\/revisions\/3378"}],"wp:attachment":[{"href":"https:\/\/www.medienkultur.at\/neu\/wp-json\/wp\/v2\/media?parent=3369"}],"wp:term":[{"taxonomy":"category","embeddable":true,"href":"https:\/\/www.medienkultur.at\/neu\/wp-json\/wp\/v2\/categories?post=3369"},{"taxonomy":"post_tag","embeddable":true,"href":"https:\/\/www.medienkultur.at\/neu\/wp-json\/wp\/v2\/tags?post=3369"}],"curies":[{"name":"wp","href":"https:\/\/api.w.org\/{rel}","templated":true}]}}