{"id":3265,"date":"2016-11-29T12:10:53","date_gmt":"2016-11-29T10:10:53","guid":{"rendered":"http:\/\/www.medienkultur.at\/neu\/?p=3265"},"modified":"2016-11-29T12:10:53","modified_gmt":"2016-11-29T10:10:53","slug":"warnung-vor-staatsstreich-von-oben","status":"publish","type":"post","link":"https:\/\/www.medienkultur.at\/neu\/warnung-vor-staatsstreich-von-oben\/","title":{"rendered":"Warnung vor &#8222;Staatsstreich von oben&#8220;"},"content":{"rendered":"<h4><span style=\"color: #ff0000;\">Pl\u00e4ne Hofers und der FP\u00d6 &#8222;brandgef\u00e4hrlich&#8220; ?<\/span><\/h4>\n<p>Udo Bachmair<\/p>\n<p>Im laufenden Wahlkampf f\u00fcr die Bundespr\u00e4sidentenwahl am 4. Dezember ist in der Medien\u00f6ffentlichkeit das Thema \u201eblaue Republik\u201c weitgehend unterbelichtet geblieben. Auch in den laufenden TV-Wahlduellen hat es Van der Bellen bisher verabs\u00e4umt, auf fatale Folgen eines Endes der Erfolgsstory Zweite Republik aufmerksam zu machen. Dabei w\u00e4re es gerade auch f\u00fcr junge Menschen so wichtig, \u00fcber die wahren Absichten des mit allen Manipulationstricks und Verschleierungsmethoden bestens vertrauten FP\u00d6-Kandidaten Hofer N\u00e4heres zu erfahren.<\/p>\n<p>Wie schaut meine Zukunft in einem m\u00f6glicherweise drohenden\u00a0autorit\u00e4ren Pr\u00e4sidialsystem a la Ungarn\u00a0aus ? Welche Konsequenzen h\u00e4tte die Aush\u00f6hlung\u00a0oder Beseitigung der liberalen Demokratie ? Was w\u00fcrde es bedeuten, auf Menschenrechte, Pressefreiheit, freie Meinungs\u00e4u\u00dferung verzichten zu m\u00fcssen ? Brennende Fragen, die gerade jetzt im Vorfeld der Wahl\u00a0bewegen (sollten).<\/p>\n<p>Beim ATV-Duell vergangenen Sonntag hat Norbert Hofer einmal mehr bekr\u00e4ftigt, dass er die Bundesregierung wegen ihrer Fl\u00fcchtlingspolitik entlassen h\u00e4tte. Da setzt nun der Historiker und fr\u00fchere Salzburger \u00d6VP-Landeshauptmann Franz Schausberger an. Er sagte gegen\u00fcber dem KURIER:<\/p>\n<p><em>\u201eHofers \u00dcberlegungen sind brandgef\u00e4hrlich, wenn er als Bundespr\u00e4sident eine Regierung trotz parlamentarischer Mehrheit entlassen h\u00e4tte. Davor will ich aus demokratiepolitischen Gr\u00fcnden warnen.\u201c<\/em><\/p>\n<p>Wer in die Geschichte zur\u00fcckblickt, k\u00f6nne feststellen, dass solche <em>\u201epopulistischen Kraftmeiereien\u201c<\/em> immer zu sehr ernsten Krisen gef\u00fchrt haben. Siehe 1933..<\/p>\n<p>Schausberger weiter: <em>\u201eWenn man bedenkt, dass 1933 eine Regierung eine kritische Situation ausgenutzt hat, um eine Diktatur zu installieren, dann w\u00fcrde das bedeuten, dass man jetzt versucht, von oben her wieder eine Art Staatsstreich durchzuf\u00fchren..\u201c<\/em><\/p>\n","protected":false},"excerpt":{"rendered":"<p>Pl\u00e4ne Hofers und der FP\u00d6 &#8222;brandgef\u00e4hrlich&#8220; ? Udo Bachmair Im laufenden Wahlkampf f\u00fcr die Bundespr\u00e4sidentenwahl am 4. Dezember ist in der Medien\u00f6ffentlichkeit das Thema \u201eblaue Republik\u201c weitgehend unterbelichtet geblieben. Auch in den laufenden TV-Wahlduellen hat es Van der Bellen bisher verabs\u00e4umt, auf fatale Folgen eines Endes der Erfolgsstory Zweite Republik aufmerksam zu machen. Dabei w\u00e4re &hellip; <a href=\"https:\/\/www.medienkultur.at\/neu\/warnung-vor-staatsstreich-von-oben\/\" class=\"more-link\"><span class=\"screen-reader-text\">Warnung vor &#8222;Staatsstreich von oben&#8220;<\/span> weiterlesen <span class=\"meta-nav\">&rarr;<\/span><\/a><\/p>\n","protected":false},"author":1,"featured_media":0,"comment_status":"open","ping_status":"open","sticky":false,"template":"","format":"standard","meta":{"footnotes":""},"categories":[9,1,11,10,20],"tags":[1400,1313,1405,163,1401,707,1406,1402,1404,1399,1398,825,1403,1262],"class_list":["post-3265","post","type-post","status-publish","format-standard","hentry","category-berichte_analysen","category-allgemein","category-medien_politik_wirtschaft","category-medienkritik","category-medienverantwortung_medienrecht","tag-brandgefaehrlich","tag-bundespraesidentenwahl","tag-erfolgsstory-zweite-republik","tag-fpoe","tag-franz-schausberger","tag-hofer","tag-lieberale-demokratie","tag-manipulationstricks","tag-medienoeffentlichkeit","tag-praesidialsystem","tag-staatsstreich-von-oben","tag-van-der-bellen","tag-verschleierungsmethoden","tag-wahlkampf"],"yoast_head":"<!-- This site is optimized with the Yoast SEO plugin v27.5 - https:\/\/yoast.com\/product\/yoast-seo-wordpress\/ -->\n<title>Warnung vor &quot;Staatsstreich von oben&quot; | Vereinigung f\u00fcr Medienkultur<\/title>\n<meta name=\"robots\" content=\"index, follow, max-snippet:-1, max-image-preview:large, max-video-preview:-1\" \/>\n<link rel=\"canonical\" href=\"https:\/\/www.medienkultur.at\/neu\/warnung-vor-staatsstreich-von-oben\/\" \/>\n<meta property=\"og:locale\" content=\"de_DE\" \/>\n<meta property=\"og:type\" content=\"article\" \/>\n<meta property=\"og:title\" content=\"Warnung vor &quot;Staatsstreich von oben&quot; | Vereinigung f\u00fcr Medienkultur\" \/>\n<meta property=\"og:description\" content=\"Pl\u00e4ne Hofers und der FP\u00d6 &#8222;brandgef\u00e4hrlich&#8220; ? Udo Bachmair Im laufenden Wahlkampf f\u00fcr die Bundespr\u00e4sidentenwahl am 4. Dezember ist in der Medien\u00f6ffentlichkeit das Thema \u201eblaue Republik\u201c weitgehend unterbelichtet geblieben. Auch in den laufenden TV-Wahlduellen hat es Van der Bellen bisher verabs\u00e4umt, auf fatale Folgen eines Endes der Erfolgsstory Zweite Republik aufmerksam zu machen. Dabei w\u00e4re &hellip; Warnung vor &#8222;Staatsstreich von oben&#8220; weiterlesen &rarr;\" \/>\n<meta property=\"og:url\" content=\"https:\/\/www.medienkultur.at\/neu\/warnung-vor-staatsstreich-von-oben\/\" \/>\n<meta property=\"og:site_name\" content=\"Vereinigung f\u00fcr Medienkultur\" \/>\n<meta property=\"article:published_time\" content=\"2016-11-29T10:10:53+00:00\" \/>\n<meta name=\"author\" content=\"Hans H\u00f6gl\" \/>\n<meta name=\"twitter:card\" content=\"summary_large_image\" \/>\n<meta name=\"twitter:label1\" content=\"Verfasst von\" \/>\n\t<meta name=\"twitter:data1\" content=\"Hans H\u00f6gl\" \/>\n\t<meta name=\"twitter:label2\" content=\"Gesch\u00e4tzte Lesezeit\" \/>\n\t<meta name=\"twitter:data2\" content=\"1\u00a0Minute\" \/>\n<script type=\"application\/ld+json\" class=\"yoast-schema-graph\">{\"@context\":\"https:\\\/\\\/schema.org\",\"@graph\":[{\"@type\":\"Article\",\"@id\":\"https:\\\/\\\/www.medienkultur.at\\\/neu\\\/warnung-vor-staatsstreich-von-oben\\\/#article\",\"isPartOf\":{\"@id\":\"https:\\\/\\\/www.medienkultur.at\\\/neu\\\/warnung-vor-staatsstreich-von-oben\\\/\"},\"author\":{\"name\":\"Hans H\u00f6gl\",\"@id\":\"https:\\\/\\\/www.medienkultur.at\\\/neu\\\/#\\\/schema\\\/person\\\/5307830ec125174672d8c9d829eeb256\"},\"headline\":\"Warnung vor &#8222;Staatsstreich von oben&#8220;\",\"datePublished\":\"2016-11-29T10:10:53+00:00\",\"mainEntityOfPage\":{\"@id\":\"https:\\\/\\\/www.medienkultur.at\\\/neu\\\/warnung-vor-staatsstreich-von-oben\\\/\"},\"wordCount\":274,\"commentCount\":0,\"keywords\":[\"brandgef\u00e4hrlich\",\"Bundespr\u00e4sidentenwahl\",\"Erfolgsstory Zweite Republik\",\"FP\u00d6\",\"Franz Schausberger\",\"Hofer\",\"lieberale Demokratie\",\"Manipulationstricks\",\"Medien\u00f6ffentlichkeit\",\"Pr\u00e4sidialsystem\",\"Staatsstreich von oben\",\"Van der Bellen\",\"Verschleierungsmethoden\",\"Wahlkampf\"],\"articleSection\":[\"BERICHTE \\\/ ANALYSEN\",\"J\u00dcNGSTE BEITR\u00c4GE\",\"Medien und Politik \\\/ Wirtschaft\",\"Medienkritik\",\"Medienverantwortung \\\/ Medienrecht\"],\"inLanguage\":\"de\",\"potentialAction\":[{\"@type\":\"CommentAction\",\"name\":\"Comment\",\"target\":[\"https:\\\/\\\/www.medienkultur.at\\\/neu\\\/warnung-vor-staatsstreich-von-oben\\\/#respond\"]}]},{\"@type\":\"WebPage\",\"@id\":\"https:\\\/\\\/www.medienkultur.at\\\/neu\\\/warnung-vor-staatsstreich-von-oben\\\/\",\"url\":\"https:\\\/\\\/www.medienkultur.at\\\/neu\\\/warnung-vor-staatsstreich-von-oben\\\/\",\"name\":\"Warnung vor \\\"Staatsstreich von oben\\\" | Vereinigung f\u00fcr Medienkultur\",\"isPartOf\":{\"@id\":\"https:\\\/\\\/www.medienkultur.at\\\/neu\\\/#website\"},\"datePublished\":\"2016-11-29T10:10:53+00:00\",\"author\":{\"@id\":\"https:\\\/\\\/www.medienkultur.at\\\/neu\\\/#\\\/schema\\\/person\\\/5307830ec125174672d8c9d829eeb256\"},\"breadcrumb\":{\"@id\":\"https:\\\/\\\/www.medienkultur.at\\\/neu\\\/warnung-vor-staatsstreich-von-oben\\\/#breadcrumb\"},\"inLanguage\":\"de\",\"potentialAction\":[{\"@type\":\"ReadAction\",\"target\":[\"https:\\\/\\\/www.medienkultur.at\\\/neu\\\/warnung-vor-staatsstreich-von-oben\\\/\"]}]},{\"@type\":\"BreadcrumbList\",\"@id\":\"https:\\\/\\\/www.medienkultur.at\\\/neu\\\/warnung-vor-staatsstreich-von-oben\\\/#breadcrumb\",\"itemListElement\":[{\"@type\":\"ListItem\",\"position\":1,\"name\":\"Startseite\",\"item\":\"https:\\\/\\\/www.medienkultur.at\\\/neu\\\/\"},{\"@type\":\"ListItem\",\"position\":2,\"name\":\"Warnung vor &#8222;Staatsstreich von oben&#8220;\"}]},{\"@type\":\"WebSite\",\"@id\":\"https:\\\/\\\/www.medienkultur.at\\\/neu\\\/#website\",\"url\":\"https:\\\/\\\/www.medienkultur.at\\\/neu\\\/\",\"name\":\"Vereinigung f\u00fcr Medienkultur\",\"description\":\"\",\"potentialAction\":[{\"@type\":\"SearchAction\",\"target\":{\"@type\":\"EntryPoint\",\"urlTemplate\":\"https:\\\/\\\/www.medienkultur.at\\\/neu\\\/?s={search_term_string}\"},\"query-input\":{\"@type\":\"PropertyValueSpecification\",\"valueRequired\":true,\"valueName\":\"search_term_string\"}}],\"inLanguage\":\"de\"},{\"@type\":\"Person\",\"@id\":\"https:\\\/\\\/www.medienkultur.at\\\/neu\\\/#\\\/schema\\\/person\\\/5307830ec125174672d8c9d829eeb256\",\"name\":\"Hans H\u00f6gl\"}]}<\/script>\n<!-- \/ Yoast SEO plugin. -->","yoast_head_json":{"title":"Warnung vor \"Staatsstreich von oben\" | Vereinigung f\u00fcr Medienkultur","robots":{"index":"index","follow":"follow","max-snippet":"max-snippet:-1","max-image-preview":"max-image-preview:large","max-video-preview":"max-video-preview:-1"},"canonical":"https:\/\/www.medienkultur.at\/neu\/warnung-vor-staatsstreich-von-oben\/","og_locale":"de_DE","og_type":"article","og_title":"Warnung vor \"Staatsstreich von oben\" | Vereinigung f\u00fcr Medienkultur","og_description":"Pl\u00e4ne Hofers und der FP\u00d6 &#8222;brandgef\u00e4hrlich&#8220; ? Udo Bachmair Im laufenden Wahlkampf f\u00fcr die Bundespr\u00e4sidentenwahl am 4. Dezember ist in der Medien\u00f6ffentlichkeit das Thema \u201eblaue Republik\u201c weitgehend unterbelichtet geblieben. Auch in den laufenden TV-Wahlduellen hat es Van der Bellen bisher verabs\u00e4umt, auf fatale Folgen eines Endes der Erfolgsstory Zweite Republik aufmerksam zu machen. Dabei w\u00e4re &hellip; Warnung vor &#8222;Staatsstreich von oben&#8220; weiterlesen &rarr;","og_url":"https:\/\/www.medienkultur.at\/neu\/warnung-vor-staatsstreich-von-oben\/","og_site_name":"Vereinigung f\u00fcr Medienkultur","article_published_time":"2016-11-29T10:10:53+00:00","author":"Hans H\u00f6gl","twitter_card":"summary_large_image","twitter_misc":{"Verfasst von":"Hans H\u00f6gl","Gesch\u00e4tzte Lesezeit":"1\u00a0Minute"},"schema":{"@context":"https:\/\/schema.org","@graph":[{"@type":"Article","@id":"https:\/\/www.medienkultur.at\/neu\/warnung-vor-staatsstreich-von-oben\/#article","isPartOf":{"@id":"https:\/\/www.medienkultur.at\/neu\/warnung-vor-staatsstreich-von-oben\/"},"author":{"name":"Hans H\u00f6gl","@id":"https:\/\/www.medienkultur.at\/neu\/#\/schema\/person\/5307830ec125174672d8c9d829eeb256"},"headline":"Warnung vor &#8222;Staatsstreich von oben&#8220;","datePublished":"2016-11-29T10:10:53+00:00","mainEntityOfPage":{"@id":"https:\/\/www.medienkultur.at\/neu\/warnung-vor-staatsstreich-von-oben\/"},"wordCount":274,"commentCount":0,"keywords":["brandgef\u00e4hrlich","Bundespr\u00e4sidentenwahl","Erfolgsstory Zweite Republik","FP\u00d6","Franz Schausberger","Hofer","lieberale Demokratie","Manipulationstricks","Medien\u00f6ffentlichkeit","Pr\u00e4sidialsystem","Staatsstreich von oben","Van der Bellen","Verschleierungsmethoden","Wahlkampf"],"articleSection":["BERICHTE \/ ANALYSEN","J\u00dcNGSTE BEITR\u00c4GE","Medien und Politik \/ Wirtschaft","Medienkritik","Medienverantwortung \/ Medienrecht"],"inLanguage":"de","potentialAction":[{"@type":"CommentAction","name":"Comment","target":["https:\/\/www.medienkultur.at\/neu\/warnung-vor-staatsstreich-von-oben\/#respond"]}]},{"@type":"WebPage","@id":"https:\/\/www.medienkultur.at\/neu\/warnung-vor-staatsstreich-von-oben\/","url":"https:\/\/www.medienkultur.at\/neu\/warnung-vor-staatsstreich-von-oben\/","name":"Warnung vor \"Staatsstreich von oben\" | Vereinigung f\u00fcr Medienkultur","isPartOf":{"@id":"https:\/\/www.medienkultur.at\/neu\/#website"},"datePublished":"2016-11-29T10:10:53+00:00","author":{"@id":"https:\/\/www.medienkultur.at\/neu\/#\/schema\/person\/5307830ec125174672d8c9d829eeb256"},"breadcrumb":{"@id":"https:\/\/www.medienkultur.at\/neu\/warnung-vor-staatsstreich-von-oben\/#breadcrumb"},"inLanguage":"de","potentialAction":[{"@type":"ReadAction","target":["https:\/\/www.medienkultur.at\/neu\/warnung-vor-staatsstreich-von-oben\/"]}]},{"@type":"BreadcrumbList","@id":"https:\/\/www.medienkultur.at\/neu\/warnung-vor-staatsstreich-von-oben\/#breadcrumb","itemListElement":[{"@type":"ListItem","position":1,"name":"Startseite","item":"https:\/\/www.medienkultur.at\/neu\/"},{"@type":"ListItem","position":2,"name":"Warnung vor &#8222;Staatsstreich von oben&#8220;"}]},{"@type":"WebSite","@id":"https:\/\/www.medienkultur.at\/neu\/#website","url":"https:\/\/www.medienkultur.at\/neu\/","name":"Vereinigung f\u00fcr Medienkultur","description":"","potentialAction":[{"@type":"SearchAction","target":{"@type":"EntryPoint","urlTemplate":"https:\/\/www.medienkultur.at\/neu\/?s={search_term_string}"},"query-input":{"@type":"PropertyValueSpecification","valueRequired":true,"valueName":"search_term_string"}}],"inLanguage":"de"},{"@type":"Person","@id":"https:\/\/www.medienkultur.at\/neu\/#\/schema\/person\/5307830ec125174672d8c9d829eeb256","name":"Hans H\u00f6gl"}]}},"_links":{"self":[{"href":"https:\/\/www.medienkultur.at\/neu\/wp-json\/wp\/v2\/posts\/3265","targetHints":{"allow":["GET"]}}],"collection":[{"href":"https:\/\/www.medienkultur.at\/neu\/wp-json\/wp\/v2\/posts"}],"about":[{"href":"https:\/\/www.medienkultur.at\/neu\/wp-json\/wp\/v2\/types\/post"}],"author":[{"embeddable":true,"href":"https:\/\/www.medienkultur.at\/neu\/wp-json\/wp\/v2\/users\/1"}],"replies":[{"embeddable":true,"href":"https:\/\/www.medienkultur.at\/neu\/wp-json\/wp\/v2\/comments?post=3265"}],"version-history":[{"count":1,"href":"https:\/\/www.medienkultur.at\/neu\/wp-json\/wp\/v2\/posts\/3265\/revisions"}],"predecessor-version":[{"id":3266,"href":"https:\/\/www.medienkultur.at\/neu\/wp-json\/wp\/v2\/posts\/3265\/revisions\/3266"}],"wp:attachment":[{"href":"https:\/\/www.medienkultur.at\/neu\/wp-json\/wp\/v2\/media?parent=3265"}],"wp:term":[{"taxonomy":"category","embeddable":true,"href":"https:\/\/www.medienkultur.at\/neu\/wp-json\/wp\/v2\/categories?post=3265"},{"taxonomy":"post_tag","embeddable":true,"href":"https:\/\/www.medienkultur.at\/neu\/wp-json\/wp\/v2\/tags?post=3265"}],"curies":[{"name":"wp","href":"https:\/\/api.w.org\/{rel}","templated":true}]}}