{"id":3124,"date":"2016-10-21T12:07:01","date_gmt":"2016-10-21T10:07:01","guid":{"rendered":"http:\/\/www.medienkultur.at\/neu\/?p=3124"},"modified":"2016-10-21T12:07:58","modified_gmt":"2016-10-21T10:07:58","slug":"4o-jahre-kritisches-christentum","status":"publish","type":"post","link":"https:\/\/www.medienkultur.at\/neu\/4o-jahre-kritisches-christentum\/","title":{"rendered":"4O Jahre &#8222;Kritisches Christentum&#8220;"},"content":{"rendered":"<p>Udo Bachmair<\/p>\n<p>\u00d6sterreichs Medienlandschaft wird zunehmend vom Boulevard dominiert. Eine noch nie da gewesene Konzentration an meinungsbildenden Massenbl\u00e4ttern vor allem im Osten \u00d6sterreichs dr\u00e4ngt seri\u00f6se Medien mehr und mehr zur\u00fcck. Eine demokratiepolitisch bedenkliche Entwicklung.<\/p>\n<p>Es bed\u00fcrfte einer gezielteren F\u00f6rderung gerade jener Medien, die sich investigativem , differenzierendem und nicht zuletzt an humanit\u00e4ren Grunds\u00e4tzen ausgerichtetem Journalismus verpflichtet f\u00fchlen. Unterst\u00fctzungsw\u00fcrdige Gegenpole auch zur unsagbaren Hetze, die sich j\u00fcngst erneut im Internet breitgemacht hat. Wieder einmal besonders betroffen machen Gewaltaufrufe und Morddrohungen gegen Asylwerber auf der Internet-Seite von FP\u00d6-Chef Strache.<\/p>\n<p>Vor diesem Hintergrund w\u00e4chst bei denjenigen, die sich wegen eines immer weiter um sich greifenden Rechtspopulismus bzw. Rechtsextremismus Sorgen machen, die Sehnsucht nach einem besonnenen und menschenrechtsorientierten Journalismus. Eines der leider rar gewordenen Medienprodukte, die diese Kriterien voll\u00a0erf\u00fcllen, ist die Zeitschrift \u201eKritisches Christentum\u201c. Sie begeht nun ihr 40-j\u00e4hriges Bestandsjubil\u00e4um. Die Vereinigung f\u00fcr Medienkultur gratuliert !<\/p>\n<p>Im Oktober 1976 ist die erste Nummer dieser Zeitschrift erschienen. Seither sind 12000 Seiten mit engagierten Beitr\u00e4gen bedruckt worden. Hauptverantwortlich f\u00fcr \u201eKC\u201c ist Adalbert Krims. Der Ex-ORF-Redakteur bekr\u00e4ftigt sein Anliegen, \u201eeine unabh\u00e4ngige Zeitschrift zu machen, die \u00fcber das Christentum berichtet, das sich f\u00fcr Frieden, Gerechtigkeit und die Bewahrung der Sch\u00f6pfung, f\u00fcr die Befreiung des Menschen und f\u00fcr eine Humanisierung der Gesellschaft engagiert\u201c.<\/p>\n<p>Zielsetzungen, die nach wie vor aktuell sind. Vielleicht aktueller denn je, seit sich gesellschaftspolitische Stimmungslage hierzulande sp\u00fcrbar ver\u00e4ndert hat. \u201eAlles wird zur Ware-auch die Information\u201c konstatiert Adalbert Krims. Und weiter: \u201e Auf dem Markt \u00fcberleben die Gro\u00dfen und Starken-auf Kosten der Kleinen und Schwachen.\u201c<\/p>\n<p>Die Empfehlung lautet daher: Unterst\u00fctzen Sie bzw. abonnieren Sie die Zeitschrift \u201eKritisches Christentum \u2013 Beitr\u00e4ge zu Kirche und Gesellschaft\u201c. Informationen unter <a href=\"http:\/\/www.akc.at\/\"><u>www.akc.at<\/u><\/a><\/p>\n","protected":false},"excerpt":{"rendered":"<p>Udo Bachmair \u00d6sterreichs Medienlandschaft wird zunehmend vom Boulevard dominiert. Eine noch nie da gewesene Konzentration an meinungsbildenden Massenbl\u00e4ttern vor allem im Osten \u00d6sterreichs dr\u00e4ngt seri\u00f6se Medien mehr und mehr zur\u00fcck. Eine demokratiepolitisch bedenkliche Entwicklung. Es bed\u00fcrfte einer gezielteren F\u00f6rderung gerade jener Medien, die sich investigativem , differenzierendem und nicht zuletzt an humanit\u00e4ren Grunds\u00e4tzen ausgerichtetem Journalismus &hellip; <a href=\"https:\/\/www.medienkultur.at\/neu\/4o-jahre-kritisches-christentum\/\" class=\"more-link\"><span class=\"screen-reader-text\">4O Jahre &#8222;Kritisches Christentum&#8220;<\/span> weiterlesen <span class=\"meta-nav\">&rarr;<\/span><\/a><\/p>\n","protected":false},"author":1,"featured_media":0,"comment_status":"open","ping_status":"open","sticky":false,"template":"","format":"standard","meta":{"footnotes":""},"categories":[9,1,16,12,11,18,20],"tags":[1167,1174,534,1172,1169,1173,1168,1171,1166,598,1170],"class_list":["post-3124","post","type-post","status-publish","format-standard","hentry","category-berichte_analysen","category-allgemein","category-medien_spezial","category-medien_bildung_religion","category-medien_politik_wirtschaft","category-medienkompetenz","category-medienverantwortung_medienrecht","tag-adalbert-krims","tag-besonnener-journalismus","tag-boulevard","tag-gesellschaft","tag-gesellschaftliche-stimmungslage","tag-gewaltaufrufe","tag-humanisierung-der-gesellschaft","tag-kirche","tag-kritisches-christentum","tag-rechtspopulismus","tag-serioese-medien"],"yoast_head":"<!-- This site is optimized with the Yoast SEO plugin v28.4 - https:\/\/yoast.com\/product\/yoast-seo-wordpress\/ -->\n<title>4O Jahre &quot;Kritisches Christentum&quot; | Vereinigung f\u00fcr Medienkultur<\/title>\n<meta name=\"robots\" content=\"index, follow, max-snippet:-1, max-image-preview:large, max-video-preview:-1\" \/>\n<link rel=\"canonical\" href=\"https:\/\/www.medienkultur.at\/neu\/4o-jahre-kritisches-christentum\/\" \/>\n<meta property=\"og:locale\" content=\"de_DE\" \/>\n<meta property=\"og:type\" content=\"article\" \/>\n<meta property=\"og:title\" content=\"4O Jahre &quot;Kritisches Christentum&quot; | Vereinigung f\u00fcr Medienkultur\" \/>\n<meta property=\"og:description\" content=\"Udo Bachmair \u00d6sterreichs Medienlandschaft wird zunehmend vom Boulevard dominiert. Eine noch nie da gewesene Konzentration an meinungsbildenden Massenbl\u00e4ttern vor allem im Osten \u00d6sterreichs dr\u00e4ngt seri\u00f6se Medien mehr und mehr zur\u00fcck. Eine demokratiepolitisch bedenkliche Entwicklung. Es bed\u00fcrfte einer gezielteren F\u00f6rderung gerade jener Medien, die sich investigativem , differenzierendem und nicht zuletzt an humanit\u00e4ren Grunds\u00e4tzen ausgerichtetem Journalismus &hellip; 4O Jahre &#8222;Kritisches Christentum&#8220; weiterlesen &rarr;\" \/>\n<meta property=\"og:url\" content=\"https:\/\/www.medienkultur.at\/neu\/4o-jahre-kritisches-christentum\/\" \/>\n<meta property=\"og:site_name\" content=\"Vereinigung f\u00fcr Medienkultur\" \/>\n<meta property=\"article:published_time\" content=\"2016-10-21T10:07:01+00:00\" \/>\n<meta property=\"article:modified_time\" content=\"2016-10-21T10:07:58+00:00\" \/>\n<meta name=\"author\" content=\"Hans H\u00f6gl\" \/>\n<meta name=\"twitter:card\" content=\"summary_large_image\" \/>\n<meta name=\"twitter:label1\" content=\"Verfasst von\" \/>\n\t<meta name=\"twitter:data1\" content=\"Hans H\u00f6gl\" \/>\n\t<meta name=\"twitter:label2\" content=\"Gesch\u00e4tzte Lesezeit\" \/>\n\t<meta name=\"twitter:data2\" content=\"1\u00a0Minute\" \/>\n<script type=\"application\/ld+json\" class=\"yoast-schema-graph\">{\"@context\":\"https:\\\/\\\/schema.org\",\"@graph\":[{\"@type\":\"Article\",\"@id\":\"https:\\\/\\\/www.medienkultur.at\\\/neu\\\/4o-jahre-kritisches-christentum\\\/#article\",\"isPartOf\":{\"@id\":\"https:\\\/\\\/www.medienkultur.at\\\/neu\\\/4o-jahre-kritisches-christentum\\\/\"},\"author\":{\"name\":\"Hans H\u00f6gl\",\"@id\":\"https:\\\/\\\/www.medienkultur.at\\\/neu\\\/#\\\/schema\\\/person\\\/5307830ec125174672d8c9d829eeb256\"},\"headline\":\"4O Jahre &#8222;Kritisches Christentum&#8220;\",\"datePublished\":\"2016-10-21T10:07:01+00:00\",\"dateModified\":\"2016-10-21T10:07:58+00:00\",\"mainEntityOfPage\":{\"@id\":\"https:\\\/\\\/www.medienkultur.at\\\/neu\\\/4o-jahre-kritisches-christentum\\\/\"},\"wordCount\":302,\"commentCount\":1,\"keywords\":[\"Adalbert Krims\",\"besonnener Journalismus\",\"Boulevard\",\"Gesellschaft\",\"gesellschaftliche Stimmungslage\",\"Gewaltaufrufe\",\"Humanisierung der Gesellschaft\",\"Kirche\",\"Kritisches Christentum\",\"Rechtspopulismus\",\"seri\u00f6se Medien\"],\"articleSection\":[\"BERICHTE \\\/ ANALYSEN\",\"J\u00dcNGSTE BEITR\u00c4GE\",\"MEDIEN SPEZIAL\",\"Medien und Bildung \\\/ Religion\",\"Medien und Politik \\\/ Wirtschaft\",\"Medienkompetenz\",\"Medienverantwortung \\\/ Medienrecht\"],\"inLanguage\":\"de\",\"potentialAction\":[{\"@type\":\"CommentAction\",\"name\":\"Comment\",\"target\":[\"https:\\\/\\\/www.medienkultur.at\\\/neu\\\/4o-jahre-kritisches-christentum\\\/#respond\"]}]},{\"@type\":\"WebPage\",\"@id\":\"https:\\\/\\\/www.medienkultur.at\\\/neu\\\/4o-jahre-kritisches-christentum\\\/\",\"url\":\"https:\\\/\\\/www.medienkultur.at\\\/neu\\\/4o-jahre-kritisches-christentum\\\/\",\"name\":\"4O Jahre \\\"Kritisches Christentum\\\" | Vereinigung f\u00fcr Medienkultur\",\"isPartOf\":{\"@id\":\"https:\\\/\\\/www.medienkultur.at\\\/neu\\\/#website\"},\"datePublished\":\"2016-10-21T10:07:01+00:00\",\"dateModified\":\"2016-10-21T10:07:58+00:00\",\"author\":{\"@id\":\"https:\\\/\\\/www.medienkultur.at\\\/neu\\\/#\\\/schema\\\/person\\\/5307830ec125174672d8c9d829eeb256\"},\"breadcrumb\":{\"@id\":\"https:\\\/\\\/www.medienkultur.at\\\/neu\\\/4o-jahre-kritisches-christentum\\\/#breadcrumb\"},\"inLanguage\":\"de\",\"potentialAction\":[{\"@type\":\"ReadAction\",\"target\":[\"https:\\\/\\\/www.medienkultur.at\\\/neu\\\/4o-jahre-kritisches-christentum\\\/\"]}]},{\"@type\":\"BreadcrumbList\",\"@id\":\"https:\\\/\\\/www.medienkultur.at\\\/neu\\\/4o-jahre-kritisches-christentum\\\/#breadcrumb\",\"itemListElement\":[{\"@type\":\"ListItem\",\"position\":1,\"name\":\"Startseite\",\"item\":\"https:\\\/\\\/www.medienkultur.at\\\/neu\\\/\"},{\"@type\":\"ListItem\",\"position\":2,\"name\":\"4O Jahre &#8222;Kritisches Christentum&#8220;\"}]},{\"@type\":\"WebSite\",\"@id\":\"https:\\\/\\\/www.medienkultur.at\\\/neu\\\/#website\",\"url\":\"https:\\\/\\\/www.medienkultur.at\\\/neu\\\/\",\"name\":\"Vereinigung f\u00fcr Medienkultur\",\"description\":\"\",\"potentialAction\":[{\"@type\":\"SearchAction\",\"target\":{\"@type\":\"EntryPoint\",\"urlTemplate\":\"https:\\\/\\\/www.medienkultur.at\\\/neu\\\/?s={search_term_string}\"},\"query-input\":{\"@type\":\"PropertyValueSpecification\",\"valueRequired\":true,\"valueName\":\"search_term_string\"}}],\"inLanguage\":\"de\"},{\"@type\":\"Person\",\"@id\":\"https:\\\/\\\/www.medienkultur.at\\\/neu\\\/#\\\/schema\\\/person\\\/5307830ec125174672d8c9d829eeb256\",\"name\":\"Hans H\u00f6gl\"}]}<\/script>\n<!-- \/ Yoast SEO plugin. -->","yoast_head_json":{"title":"4O Jahre \"Kritisches Christentum\" | Vereinigung f\u00fcr Medienkultur","robots":{"index":"index","follow":"follow","max-snippet":"max-snippet:-1","max-image-preview":"max-image-preview:large","max-video-preview":"max-video-preview:-1"},"canonical":"https:\/\/www.medienkultur.at\/neu\/4o-jahre-kritisches-christentum\/","og_locale":"de_DE","og_type":"article","og_title":"4O Jahre \"Kritisches Christentum\" | Vereinigung f\u00fcr Medienkultur","og_description":"Udo Bachmair \u00d6sterreichs Medienlandschaft wird zunehmend vom Boulevard dominiert. Eine noch nie da gewesene Konzentration an meinungsbildenden Massenbl\u00e4ttern vor allem im Osten \u00d6sterreichs dr\u00e4ngt seri\u00f6se Medien mehr und mehr zur\u00fcck. Eine demokratiepolitisch bedenkliche Entwicklung. Es bed\u00fcrfte einer gezielteren F\u00f6rderung gerade jener Medien, die sich investigativem , differenzierendem und nicht zuletzt an humanit\u00e4ren Grunds\u00e4tzen ausgerichtetem Journalismus &hellip; 4O Jahre &#8222;Kritisches Christentum&#8220; weiterlesen &rarr;","og_url":"https:\/\/www.medienkultur.at\/neu\/4o-jahre-kritisches-christentum\/","og_site_name":"Vereinigung f\u00fcr Medienkultur","article_published_time":"2016-10-21T10:07:01+00:00","article_modified_time":"2016-10-21T10:07:58+00:00","author":"Hans H\u00f6gl","twitter_card":"summary_large_image","twitter_misc":{"Verfasst von":"Hans H\u00f6gl","Gesch\u00e4tzte Lesezeit":"1\u00a0Minute"},"schema":{"@context":"https:\/\/schema.org","@graph":[{"@type":"Article","@id":"https:\/\/www.medienkultur.at\/neu\/4o-jahre-kritisches-christentum\/#article","isPartOf":{"@id":"https:\/\/www.medienkultur.at\/neu\/4o-jahre-kritisches-christentum\/"},"author":{"name":"Hans H\u00f6gl","@id":"https:\/\/www.medienkultur.at\/neu\/#\/schema\/person\/5307830ec125174672d8c9d829eeb256"},"headline":"4O Jahre &#8222;Kritisches Christentum&#8220;","datePublished":"2016-10-21T10:07:01+00:00","dateModified":"2016-10-21T10:07:58+00:00","mainEntityOfPage":{"@id":"https:\/\/www.medienkultur.at\/neu\/4o-jahre-kritisches-christentum\/"},"wordCount":302,"commentCount":1,"keywords":["Adalbert Krims","besonnener Journalismus","Boulevard","Gesellschaft","gesellschaftliche Stimmungslage","Gewaltaufrufe","Humanisierung der Gesellschaft","Kirche","Kritisches Christentum","Rechtspopulismus","seri\u00f6se Medien"],"articleSection":["BERICHTE \/ ANALYSEN","J\u00dcNGSTE BEITR\u00c4GE","MEDIEN SPEZIAL","Medien und Bildung \/ Religion","Medien und Politik \/ Wirtschaft","Medienkompetenz","Medienverantwortung \/ Medienrecht"],"inLanguage":"de","potentialAction":[{"@type":"CommentAction","name":"Comment","target":["https:\/\/www.medienkultur.at\/neu\/4o-jahre-kritisches-christentum\/#respond"]}]},{"@type":"WebPage","@id":"https:\/\/www.medienkultur.at\/neu\/4o-jahre-kritisches-christentum\/","url":"https:\/\/www.medienkultur.at\/neu\/4o-jahre-kritisches-christentum\/","name":"4O Jahre \"Kritisches Christentum\" | Vereinigung f\u00fcr Medienkultur","isPartOf":{"@id":"https:\/\/www.medienkultur.at\/neu\/#website"},"datePublished":"2016-10-21T10:07:01+00:00","dateModified":"2016-10-21T10:07:58+00:00","author":{"@id":"https:\/\/www.medienkultur.at\/neu\/#\/schema\/person\/5307830ec125174672d8c9d829eeb256"},"breadcrumb":{"@id":"https:\/\/www.medienkultur.at\/neu\/4o-jahre-kritisches-christentum\/#breadcrumb"},"inLanguage":"de","potentialAction":[{"@type":"ReadAction","target":["https:\/\/www.medienkultur.at\/neu\/4o-jahre-kritisches-christentum\/"]}]},{"@type":"BreadcrumbList","@id":"https:\/\/www.medienkultur.at\/neu\/4o-jahre-kritisches-christentum\/#breadcrumb","itemListElement":[{"@type":"ListItem","position":1,"name":"Startseite","item":"https:\/\/www.medienkultur.at\/neu\/"},{"@type":"ListItem","position":2,"name":"4O Jahre &#8222;Kritisches Christentum&#8220;"}]},{"@type":"WebSite","@id":"https:\/\/www.medienkultur.at\/neu\/#website","url":"https:\/\/www.medienkultur.at\/neu\/","name":"Vereinigung f\u00fcr Medienkultur","description":"","potentialAction":[{"@type":"SearchAction","target":{"@type":"EntryPoint","urlTemplate":"https:\/\/www.medienkultur.at\/neu\/?s={search_term_string}"},"query-input":{"@type":"PropertyValueSpecification","valueRequired":true,"valueName":"search_term_string"}}],"inLanguage":"de"},{"@type":"Person","@id":"https:\/\/www.medienkultur.at\/neu\/#\/schema\/person\/5307830ec125174672d8c9d829eeb256","name":"Hans H\u00f6gl"}]}},"_links":{"self":[{"href":"https:\/\/www.medienkultur.at\/neu\/wp-json\/wp\/v2\/posts\/3124","targetHints":{"allow":["GET"]}}],"collection":[{"href":"https:\/\/www.medienkultur.at\/neu\/wp-json\/wp\/v2\/posts"}],"about":[{"href":"https:\/\/www.medienkultur.at\/neu\/wp-json\/wp\/v2\/types\/post"}],"author":[{"embeddable":true,"href":"https:\/\/www.medienkultur.at\/neu\/wp-json\/wp\/v2\/users\/1"}],"replies":[{"embeddable":true,"href":"https:\/\/www.medienkultur.at\/neu\/wp-json\/wp\/v2\/comments?post=3124"}],"version-history":[{"count":1,"href":"https:\/\/www.medienkultur.at\/neu\/wp-json\/wp\/v2\/posts\/3124\/revisions"}],"predecessor-version":[{"id":3125,"href":"https:\/\/www.medienkultur.at\/neu\/wp-json\/wp\/v2\/posts\/3124\/revisions\/3125"}],"wp:attachment":[{"href":"https:\/\/www.medienkultur.at\/neu\/wp-json\/wp\/v2\/media?parent=3124"}],"wp:term":[{"taxonomy":"category","embeddable":true,"href":"https:\/\/www.medienkultur.at\/neu\/wp-json\/wp\/v2\/categories?post=3124"},{"taxonomy":"post_tag","embeddable":true,"href":"https:\/\/www.medienkultur.at\/neu\/wp-json\/wp\/v2\/tags?post=3124"}],"curies":[{"name":"wp","href":"https:\/\/api.w.org\/{rel}","templated":true}]}}