{"id":2842,"date":"2016-07-03T20:51:40","date_gmt":"2016-07-03T18:51:40","guid":{"rendered":"http:\/\/www.medienkultur.at\/neu\/?p=2842"},"modified":"2016-07-03T23:50:08","modified_gmt":"2016-07-03T21:50:08","slug":"bp-wahl-vgh-entscheidung-fragwuerdig","status":"publish","type":"post","link":"https:\/\/www.medienkultur.at\/neu\/bp-wahl-vgh-entscheidung-fragwuerdig\/","title":{"rendered":"BP-Wahl: VGH-Urteil &#8222;fragw\u00fcrdig&#8220; ?"},"content":{"rendered":"<h4><span style=\"color: #800000;\">Entscheidung der H\u00f6chstrichter nicht unumstritten<\/span><\/h4>\n<p>Udo Bachmair<\/p>\n<p><strong>Selbstverst\u00e4ndlich ist eine Entscheidung der H\u00f6chstrichter zu akzeptieren<\/strong>. Unabh\u00e4ngig von politisch-taktischen Erw\u00e4gungen. Der Verfassungsgerichtshof hat auch in der Causa der stattgegebenen Anfechtung der Bundespr\u00e4sidentenwahl ausschlie\u00dflich juridische Begr\u00fcndungen als Motiv f\u00fcr seine Entscheidung geltend gemacht. Das entspricht seinem gesetzlichen Auftrag und der Erwartungshaltung der \u00d6ffentlichkeit.<\/p>\n<p><strong>Aber: Auch ein VGH agiert nicht im politik- und wertfreien Raum<\/strong>. So ist gerade auch im konkreten Fall die Frage legitim, ob die Verfassungsrichter realpolitische Konsequenzen einer solchen schwerwiegenden Entscheidung sorgf\u00e4ltig genug \u00fcberlegt haben. Jedenfalls sind entgegen dem \u00fcberw\u00e4ltigenden Lob f\u00fcr den VGH in Medien und Politik vereinzelt auch Bedenken und Kritik vernehmbar.<\/p>\n<p>So h\u00e4lt der Autor <strong>Robert Misik im STANDARD<\/strong> die Entscheidung des VGH f\u00fcr \u201efragw\u00fcrdig\u201c :<\/p>\n<ol>\n<li><em> h\u00e4tte der Verfassungsgerichtshof auch anders entscheiden k\u00f6nnen.<\/em><\/li>\n<li><em> f\u00e4llt er seine Urteile immer in einem politischen Kontext. Und selbstverst\u00e4ndlich spielte f\u00fcr die Richter eine Rolle, dass sie\u00a0der FP\u00d6 nicht\u00a0weiteren Anlass f\u00fcr ihre Kampagnen liefern wollten.<\/em><\/li>\n<li><em> Aber <strong>hat der Verfassungsgerichtshof das wirklich bis zum Ende gedacht?<\/strong><\/em><\/li>\n<li><em> Hat er sich eigentlich \u00fcberlegt, welche Verfassungskrise entst\u00fcnde, wenn Norbert Hofer, dem ein zweiter Versuch geschenkt wurde, bei der Neuaustragung gewinnen w\u00fcrde?<\/em><\/li>\n<\/ol>\n<p><em>Es steht zu bef\u00fcrchten, dass der Verfassungsgerichtshof das nicht \u00fcberlegt hat. Im Grunde ist dieses Urteil selbst zirka so schlampig wie die Wahlorganisation in einem kleinen Dorf in der Provinz.<\/em><\/p>\n<p><em>Er hat so entschieden, um sich ein Problem billig vom Hals zu schaffen: Er wollte der aggressiven FP\u00d6-Kampagne den Wind aus den Segeln nehmen, wollte sich den erwartbaren Angriffen von Strache, Hofer &amp; Co nicht aussetzen.<\/em><\/p>\n<p><em>Das ist verst\u00e4ndlich und auch nicht unklug.<\/em><\/p>\n<p><em>Aber er hat damit sofort ein anderes Problem geschaffen: Er hat 50,3 Prozent der W\u00e4hler gesagt: &#8222;Ich annulliere Eure Stimme. Eure Wahlentscheidung ist weniger wert als das aufgeregte Gefuchtel der FP\u00d6.&#8220;<\/em><\/p>\n<p><em>Die Stimmen von 2.254.484 W\u00e4hlerinnen und W\u00e4hlern werfen wir einfach so weg.<\/em><\/p>\n<p><em>That&#8217;s it, in the End. Er hat gesagt: Die Stimmen der Mehrheit der W\u00e4hler sind weniger wert als die Emp\u00f6rungsbewirtschaftung der Verliererpartei.<\/em><\/p>\n<p><em>In einer G\u00fcterabw\u00e4gung \u2013 wie st\u00e4rke ich das Vertrauen der Verliererpartei? Und wie respektiere ich zugleich den W\u00e4hlerwillen der Mehrheit? \u2013 hat er sich allein auf eine Seite gestellt.<\/em><\/p>\n<p><em>Wie das mit dem Geist der demokratischen Verfassung in Einklang zu bringen ist, soll mir erst einmal ein Verfassungsrichter erkl\u00e4ren. (Robert Misik, 3.7.2016)<\/em><\/p>\n<p>&nbsp;<\/p>\n","protected":false},"excerpt":{"rendered":"<p>Entscheidung der H\u00f6chstrichter nicht unumstritten Udo Bachmair Selbstverst\u00e4ndlich ist eine Entscheidung der H\u00f6chstrichter zu akzeptieren. Unabh\u00e4ngig von politisch-taktischen Erw\u00e4gungen. Der Verfassungsgerichtshof hat auch in der Causa der stattgegebenen Anfechtung der Bundespr\u00e4sidentenwahl ausschlie\u00dflich juridische Begr\u00fcndungen als Motiv f\u00fcr seine Entscheidung geltend gemacht. Das entspricht seinem gesetzlichen Auftrag und der Erwartungshaltung der \u00d6ffentlichkeit. Aber: Auch ein VGH &hellip; <a href=\"https:\/\/www.medienkultur.at\/neu\/bp-wahl-vgh-entscheidung-fragwuerdig\/\" class=\"more-link\"><span class=\"screen-reader-text\">BP-Wahl: VGH-Urteil &#8222;fragw\u00fcrdig&#8220; ?<\/span> weiterlesen <span class=\"meta-nav\">&rarr;<\/span><\/a><\/p>\n","protected":false},"author":1,"featured_media":0,"comment_status":"open","ping_status":"open","sticky":false,"template":"","format":"standard","meta":{"footnotes":""},"categories":[9,1,11,10,20],"tags":[781,709,163,707,51,780,53,410,778,779],"class_list":["post-2842","post","type-post","status-publish","format-standard","hentry","category-berichte_analysen","category-allgemein","category-medien_politik_wirtschaft","category-medienkritik","category-medienverantwortung_medienrecht","tag-bedenken","tag-bp-wahl","tag-fpoe","tag-hofer","tag-kritik","tag-robert-misik","tag-standard","tag-strache","tag-verfassungsgerichtshof","tag-vgh"],"yoast_head":"<!-- This site is optimized with the Yoast SEO plugin v27.4 - https:\/\/yoast.com\/product\/yoast-seo-wordpress\/ -->\n<title>BP-Wahl: VGH-Urteil &quot;fragw\u00fcrdig&quot; ? | Vereinigung f\u00fcr Medienkultur<\/title>\n<meta name=\"robots\" content=\"index, follow, max-snippet:-1, max-image-preview:large, max-video-preview:-1\" \/>\n<link rel=\"canonical\" href=\"https:\/\/www.medienkultur.at\/neu\/bp-wahl-vgh-entscheidung-fragwuerdig\/\" \/>\n<meta property=\"og:locale\" content=\"de_DE\" \/>\n<meta property=\"og:type\" content=\"article\" \/>\n<meta property=\"og:title\" content=\"BP-Wahl: VGH-Urteil &quot;fragw\u00fcrdig&quot; ? | Vereinigung f\u00fcr Medienkultur\" \/>\n<meta property=\"og:description\" content=\"Entscheidung der H\u00f6chstrichter nicht unumstritten Udo Bachmair Selbstverst\u00e4ndlich ist eine Entscheidung der H\u00f6chstrichter zu akzeptieren. Unabh\u00e4ngig von politisch-taktischen Erw\u00e4gungen. Der Verfassungsgerichtshof hat auch in der Causa der stattgegebenen Anfechtung der Bundespr\u00e4sidentenwahl ausschlie\u00dflich juridische Begr\u00fcndungen als Motiv f\u00fcr seine Entscheidung geltend gemacht. Das entspricht seinem gesetzlichen Auftrag und der Erwartungshaltung der \u00d6ffentlichkeit. Aber: Auch ein VGH &hellip; BP-Wahl: VGH-Urteil &#8222;fragw\u00fcrdig&#8220; ? weiterlesen &rarr;\" \/>\n<meta property=\"og:url\" content=\"https:\/\/www.medienkultur.at\/neu\/bp-wahl-vgh-entscheidung-fragwuerdig\/\" \/>\n<meta property=\"og:site_name\" content=\"Vereinigung f\u00fcr Medienkultur\" \/>\n<meta property=\"article:published_time\" content=\"2016-07-03T18:51:40+00:00\" \/>\n<meta property=\"article:modified_time\" content=\"2016-07-03T21:50:08+00:00\" \/>\n<meta name=\"author\" content=\"Hans H\u00f6gl\" \/>\n<meta name=\"twitter:card\" content=\"summary_large_image\" \/>\n<meta name=\"twitter:label1\" content=\"Verfasst von\" \/>\n\t<meta name=\"twitter:data1\" content=\"Hans H\u00f6gl\" \/>\n\t<meta name=\"twitter:label2\" content=\"Gesch\u00e4tzte Lesezeit\" \/>\n\t<meta name=\"twitter:data2\" content=\"2\u00a0Minuten\" \/>\n<script type=\"application\/ld+json\" class=\"yoast-schema-graph\">{\"@context\":\"https:\\\/\\\/schema.org\",\"@graph\":[{\"@type\":\"Article\",\"@id\":\"https:\\\/\\\/www.medienkultur.at\\\/neu\\\/bp-wahl-vgh-entscheidung-fragwuerdig\\\/#article\",\"isPartOf\":{\"@id\":\"https:\\\/\\\/www.medienkultur.at\\\/neu\\\/bp-wahl-vgh-entscheidung-fragwuerdig\\\/\"},\"author\":{\"name\":\"Hans H\u00f6gl\",\"@id\":\"https:\\\/\\\/www.medienkultur.at\\\/neu\\\/#\\\/schema\\\/person\\\/5307830ec125174672d8c9d829eeb256\"},\"headline\":\"BP-Wahl: VGH-Urteil &#8222;fragw\u00fcrdig&#8220; ?\",\"datePublished\":\"2016-07-03T18:51:40+00:00\",\"dateModified\":\"2016-07-03T21:50:08+00:00\",\"mainEntityOfPage\":{\"@id\":\"https:\\\/\\\/www.medienkultur.at\\\/neu\\\/bp-wahl-vgh-entscheidung-fragwuerdig\\\/\"},\"wordCount\":413,\"commentCount\":1,\"keywords\":[\"Bedenken\",\"BP-Wahl\",\"FP\u00d6\",\"Hofer\",\"Kritik\",\"Robert Misik\",\"Standard\",\"Strache\",\"Verfassungsgerichtshof\",\"VGH\"],\"articleSection\":[\"BERICHTE \\\/ ANALYSEN\",\"J\u00dcNGSTE BEITR\u00c4GE\",\"Medien und Politik \\\/ Wirtschaft\",\"Medienkritik\",\"Medienverantwortung \\\/ Medienrecht\"],\"inLanguage\":\"de\",\"potentialAction\":[{\"@type\":\"CommentAction\",\"name\":\"Comment\",\"target\":[\"https:\\\/\\\/www.medienkultur.at\\\/neu\\\/bp-wahl-vgh-entscheidung-fragwuerdig\\\/#respond\"]}]},{\"@type\":\"WebPage\",\"@id\":\"https:\\\/\\\/www.medienkultur.at\\\/neu\\\/bp-wahl-vgh-entscheidung-fragwuerdig\\\/\",\"url\":\"https:\\\/\\\/www.medienkultur.at\\\/neu\\\/bp-wahl-vgh-entscheidung-fragwuerdig\\\/\",\"name\":\"BP-Wahl: VGH-Urteil \\\"fragw\u00fcrdig\\\" ? | Vereinigung f\u00fcr Medienkultur\",\"isPartOf\":{\"@id\":\"https:\\\/\\\/www.medienkultur.at\\\/neu\\\/#website\"},\"datePublished\":\"2016-07-03T18:51:40+00:00\",\"dateModified\":\"2016-07-03T21:50:08+00:00\",\"author\":{\"@id\":\"https:\\\/\\\/www.medienkultur.at\\\/neu\\\/#\\\/schema\\\/person\\\/5307830ec125174672d8c9d829eeb256\"},\"breadcrumb\":{\"@id\":\"https:\\\/\\\/www.medienkultur.at\\\/neu\\\/bp-wahl-vgh-entscheidung-fragwuerdig\\\/#breadcrumb\"},\"inLanguage\":\"de\",\"potentialAction\":[{\"@type\":\"ReadAction\",\"target\":[\"https:\\\/\\\/www.medienkultur.at\\\/neu\\\/bp-wahl-vgh-entscheidung-fragwuerdig\\\/\"]}]},{\"@type\":\"BreadcrumbList\",\"@id\":\"https:\\\/\\\/www.medienkultur.at\\\/neu\\\/bp-wahl-vgh-entscheidung-fragwuerdig\\\/#breadcrumb\",\"itemListElement\":[{\"@type\":\"ListItem\",\"position\":1,\"name\":\"Startseite\",\"item\":\"https:\\\/\\\/www.medienkultur.at\\\/neu\\\/\"},{\"@type\":\"ListItem\",\"position\":2,\"name\":\"BP-Wahl: VGH-Urteil &#8222;fragw\u00fcrdig&#8220; ?\"}]},{\"@type\":\"WebSite\",\"@id\":\"https:\\\/\\\/www.medienkultur.at\\\/neu\\\/#website\",\"url\":\"https:\\\/\\\/www.medienkultur.at\\\/neu\\\/\",\"name\":\"Vereinigung f\u00fcr Medienkultur\",\"description\":\"\",\"potentialAction\":[{\"@type\":\"SearchAction\",\"target\":{\"@type\":\"EntryPoint\",\"urlTemplate\":\"https:\\\/\\\/www.medienkultur.at\\\/neu\\\/?s={search_term_string}\"},\"query-input\":{\"@type\":\"PropertyValueSpecification\",\"valueRequired\":true,\"valueName\":\"search_term_string\"}}],\"inLanguage\":\"de\"},{\"@type\":\"Person\",\"@id\":\"https:\\\/\\\/www.medienkultur.at\\\/neu\\\/#\\\/schema\\\/person\\\/5307830ec125174672d8c9d829eeb256\",\"name\":\"Hans H\u00f6gl\"}]}<\/script>\n<!-- \/ Yoast SEO plugin. -->","yoast_head_json":{"title":"BP-Wahl: VGH-Urteil \"fragw\u00fcrdig\" ? | Vereinigung f\u00fcr Medienkultur","robots":{"index":"index","follow":"follow","max-snippet":"max-snippet:-1","max-image-preview":"max-image-preview:large","max-video-preview":"max-video-preview:-1"},"canonical":"https:\/\/www.medienkultur.at\/neu\/bp-wahl-vgh-entscheidung-fragwuerdig\/","og_locale":"de_DE","og_type":"article","og_title":"BP-Wahl: VGH-Urteil \"fragw\u00fcrdig\" ? | Vereinigung f\u00fcr Medienkultur","og_description":"Entscheidung der H\u00f6chstrichter nicht unumstritten Udo Bachmair Selbstverst\u00e4ndlich ist eine Entscheidung der H\u00f6chstrichter zu akzeptieren. Unabh\u00e4ngig von politisch-taktischen Erw\u00e4gungen. Der Verfassungsgerichtshof hat auch in der Causa der stattgegebenen Anfechtung der Bundespr\u00e4sidentenwahl ausschlie\u00dflich juridische Begr\u00fcndungen als Motiv f\u00fcr seine Entscheidung geltend gemacht. Das entspricht seinem gesetzlichen Auftrag und der Erwartungshaltung der \u00d6ffentlichkeit. Aber: Auch ein VGH &hellip; BP-Wahl: VGH-Urteil &#8222;fragw\u00fcrdig&#8220; ? weiterlesen &rarr;","og_url":"https:\/\/www.medienkultur.at\/neu\/bp-wahl-vgh-entscheidung-fragwuerdig\/","og_site_name":"Vereinigung f\u00fcr Medienkultur","article_published_time":"2016-07-03T18:51:40+00:00","article_modified_time":"2016-07-03T21:50:08+00:00","author":"Hans H\u00f6gl","twitter_card":"summary_large_image","twitter_misc":{"Verfasst von":"Hans H\u00f6gl","Gesch\u00e4tzte Lesezeit":"2\u00a0Minuten"},"schema":{"@context":"https:\/\/schema.org","@graph":[{"@type":"Article","@id":"https:\/\/www.medienkultur.at\/neu\/bp-wahl-vgh-entscheidung-fragwuerdig\/#article","isPartOf":{"@id":"https:\/\/www.medienkultur.at\/neu\/bp-wahl-vgh-entscheidung-fragwuerdig\/"},"author":{"name":"Hans H\u00f6gl","@id":"https:\/\/www.medienkultur.at\/neu\/#\/schema\/person\/5307830ec125174672d8c9d829eeb256"},"headline":"BP-Wahl: VGH-Urteil &#8222;fragw\u00fcrdig&#8220; ?","datePublished":"2016-07-03T18:51:40+00:00","dateModified":"2016-07-03T21:50:08+00:00","mainEntityOfPage":{"@id":"https:\/\/www.medienkultur.at\/neu\/bp-wahl-vgh-entscheidung-fragwuerdig\/"},"wordCount":413,"commentCount":1,"keywords":["Bedenken","BP-Wahl","FP\u00d6","Hofer","Kritik","Robert Misik","Standard","Strache","Verfassungsgerichtshof","VGH"],"articleSection":["BERICHTE \/ ANALYSEN","J\u00dcNGSTE BEITR\u00c4GE","Medien und Politik \/ Wirtschaft","Medienkritik","Medienverantwortung \/ Medienrecht"],"inLanguage":"de","potentialAction":[{"@type":"CommentAction","name":"Comment","target":["https:\/\/www.medienkultur.at\/neu\/bp-wahl-vgh-entscheidung-fragwuerdig\/#respond"]}]},{"@type":"WebPage","@id":"https:\/\/www.medienkultur.at\/neu\/bp-wahl-vgh-entscheidung-fragwuerdig\/","url":"https:\/\/www.medienkultur.at\/neu\/bp-wahl-vgh-entscheidung-fragwuerdig\/","name":"BP-Wahl: VGH-Urteil \"fragw\u00fcrdig\" ? | Vereinigung f\u00fcr Medienkultur","isPartOf":{"@id":"https:\/\/www.medienkultur.at\/neu\/#website"},"datePublished":"2016-07-03T18:51:40+00:00","dateModified":"2016-07-03T21:50:08+00:00","author":{"@id":"https:\/\/www.medienkultur.at\/neu\/#\/schema\/person\/5307830ec125174672d8c9d829eeb256"},"breadcrumb":{"@id":"https:\/\/www.medienkultur.at\/neu\/bp-wahl-vgh-entscheidung-fragwuerdig\/#breadcrumb"},"inLanguage":"de","potentialAction":[{"@type":"ReadAction","target":["https:\/\/www.medienkultur.at\/neu\/bp-wahl-vgh-entscheidung-fragwuerdig\/"]}]},{"@type":"BreadcrumbList","@id":"https:\/\/www.medienkultur.at\/neu\/bp-wahl-vgh-entscheidung-fragwuerdig\/#breadcrumb","itemListElement":[{"@type":"ListItem","position":1,"name":"Startseite","item":"https:\/\/www.medienkultur.at\/neu\/"},{"@type":"ListItem","position":2,"name":"BP-Wahl: VGH-Urteil &#8222;fragw\u00fcrdig&#8220; ?"}]},{"@type":"WebSite","@id":"https:\/\/www.medienkultur.at\/neu\/#website","url":"https:\/\/www.medienkultur.at\/neu\/","name":"Vereinigung f\u00fcr Medienkultur","description":"","potentialAction":[{"@type":"SearchAction","target":{"@type":"EntryPoint","urlTemplate":"https:\/\/www.medienkultur.at\/neu\/?s={search_term_string}"},"query-input":{"@type":"PropertyValueSpecification","valueRequired":true,"valueName":"search_term_string"}}],"inLanguage":"de"},{"@type":"Person","@id":"https:\/\/www.medienkultur.at\/neu\/#\/schema\/person\/5307830ec125174672d8c9d829eeb256","name":"Hans H\u00f6gl"}]}},"_links":{"self":[{"href":"https:\/\/www.medienkultur.at\/neu\/wp-json\/wp\/v2\/posts\/2842","targetHints":{"allow":["GET"]}}],"collection":[{"href":"https:\/\/www.medienkultur.at\/neu\/wp-json\/wp\/v2\/posts"}],"about":[{"href":"https:\/\/www.medienkultur.at\/neu\/wp-json\/wp\/v2\/types\/post"}],"author":[{"embeddable":true,"href":"https:\/\/www.medienkultur.at\/neu\/wp-json\/wp\/v2\/users\/1"}],"replies":[{"embeddable":true,"href":"https:\/\/www.medienkultur.at\/neu\/wp-json\/wp\/v2\/comments?post=2842"}],"version-history":[{"count":6,"href":"https:\/\/www.medienkultur.at\/neu\/wp-json\/wp\/v2\/posts\/2842\/revisions"}],"predecessor-version":[{"id":2849,"href":"https:\/\/www.medienkultur.at\/neu\/wp-json\/wp\/v2\/posts\/2842\/revisions\/2849"}],"wp:attachment":[{"href":"https:\/\/www.medienkultur.at\/neu\/wp-json\/wp\/v2\/media?parent=2842"}],"wp:term":[{"taxonomy":"category","embeddable":true,"href":"https:\/\/www.medienkultur.at\/neu\/wp-json\/wp\/v2\/categories?post=2842"},{"taxonomy":"post_tag","embeddable":true,"href":"https:\/\/www.medienkultur.at\/neu\/wp-json\/wp\/v2\/tags?post=2842"}],"curies":[{"name":"wp","href":"https:\/\/api.w.org\/{rel}","templated":true}]}}