{"id":2621,"date":"2016-03-01T09:31:14","date_gmt":"2016-03-01T07:31:14","guid":{"rendered":"http:\/\/www.medienkultur.at\/neu\/?p=2621"},"modified":"2016-03-01T09:34:05","modified_gmt":"2016-03-01T07:34:05","slug":"medienethik-tagung-an-fh-st-poelten-medien-vornach-koeln","status":"publish","type":"post","link":"https:\/\/www.medienkultur.at\/neu\/medienethik-tagung-an-fh-st-poelten-medien-vornach-koeln\/","title":{"rendered":"Medienethik &#8211; Tagung an FH &#8211; St. P\u00f6lten. Medien vor\/nach K\u00f6ln"},"content":{"rendered":"<p>Hans H \u00f6 g l. Eigenanalyse<\/p>\n<p>Das\u00a0gestrige\u00a0 Symposion\u00a0an der Fachhochschule St. P\u00f6lten zur Medienethik erbrachte\u00a0aufgrund breiter\u00a0Konzeption\u00a0eine F\u00fclle an Erkenntnissen. Prof. Matthias Rath (PH-Ludwigsburg) unterschied\u00a0 zwischen wissenschaftlicher Medienethik und den journalistischen Prinzipien- und Standesregeln. Mag. Andreas Warzilek (\u00d6sterr. Presserat) berichtete von scharfer Kritik Eva Dichands -von New York\u00a0her &#8211;\u00a0am Presserat. Eva Dichand\u00a0ist Herausgeberin der Gratiszeitung &#8222;Heute&#8220; und hat ein famili\u00e4res und Presse- Naheverh\u00e4ltnis zur &#8222;Krone&#8220;. \u00a0Auch im Presserat ist die <strong>Fl\u00fcchtlingsfrage Thema eins.<\/strong> Warzilek w\u00fcnscht von Medienberichten die\u00a0Wahrnehmung von\u00a0 Schattierungen.\u00a0Dr. Andy\u00a0Kaltenbrunner (Gesch\u00e4ftsf\u00fchrer im\u00a0Wiener Medienhaus)\u00a0betonte \u00a0auf Basis von\u00a0\u00f6sterreichischen Journalistenstudien\u00a0\u00a0den starken Trend von\u00a0\u00a0<strong>Gesinnungsjournalismus.<\/strong> Das bedeutet prim\u00e4r Anwaltsjournalismus und weniger solchen, der sich\u00a0an\u00a0 tatsachenbetonten Medienformaten orientiert.<\/p>\n<p>Prof. Matthias Karmasin und Prof. Larissa Karner (beide Univ. Klagenfurt) wiesen auf\u00a0 Irritationen, Widerspr\u00fcche und Disruptionen in der Medienwelt hin.\u00a0Larissa Karner <strong>vermisst\u00a0in Fl\u00fcchtlingsberichten die Balance<\/strong>.\u00a0Vorschnell wurde \u00a0v o r\u00a0\u00a0\u00a0den Ereignissen in K\u00f6ln jegliche Medienkritik als pegidalastig dargestellt. Sie betonte &#8211; aus evolutionstheoretischer Sicht- auch ein Kind w\u00fcrde gewarnt, in das Auto einer fremden Person einzusteigen.\u00a0Und es gilt,\u00a0 \u00a0auch die Emotionen der kleinen Leute aufs Erste ernst zu nehmen &#8211; gleich ob legitim oder nicht.\u00a0Qualit\u00e4tsjournalismus wird dann die Gef\u00fchle\u00a0\u00a0der Angst nicht anheizen, sondern versuchen, damit umzugehen, die Hintergr\u00fcnde von Emotionen der Angst vor Fremden aufzuarbeiten, aufzukl\u00e4ren.<\/p>\n<p>Der Verfasser dieser Analyse\u00a0erinnerte in der\u00a0Diskussion\u00a0 an den Satz eines russischen Philosophen: &#8222;<strong>Liebe das eigene Volk und achte die anderen V\u00f6lker&#8220;.<\/strong> Wie stark die patriotische Eigenliebe \u00a0ausgepr\u00e4gt ist, \u00a0zeigt\u00a0\u00a0\u00a0sich im \u00dcberma\u00df bei\u00a0Sporterfolgen &#8211; in \u00d6sterreich bei Skifahren &#8211; in Deutschland\u00a0 beim\u00a0Fu\u00dfball.\u00a0\u00a0 Die &#8222;Neue Z\u00fcrcher&#8220;\u00a0\u00a0ortet in der\u00a0 Medien- und universit\u00e4ren\u00a0Welt eine <strong>kulturalistische Engf\u00fchrung<\/strong> nach der\u00a0Erkl\u00e4rung der Menschenrechte,\u00a0nach dem 2. Weltkrieg,\u00a0wo\u00a0\u00fcberwiegend der Holocaust und der Antisemitismus im Blick kam und somit\u00a0Kritik\u00a0 an Ethnien und generell an Religionen\u00a0wie dem Islam immunisierte.\u00a0\u00a0Das f\u00fchrt auch dazu, dass beispielsweise Missbrauchsf\u00e4lle von Pakistani\u00a0\u00a0in England \u00a0und Vorf\u00e4lle in Schweden\u00a0in Fl\u00fcchtlingsquartieren in Institutionen und Medien\u00a0auff\u00e4llig tabuisiert wurden.<\/p>\n<p>In diesem Sinne wird Qualit\u00e4tsjournalismus auch begr\u00fcndete und unbegr\u00fcndete \u00c4ngste der breiten Bev\u00f6lkerung\u00a0 zu beachten haben und auf Differenzen hinweisen und\u00a0 argumentieren, warum in \u00d6sterreich Fl\u00fcchtlinge aus Ungarn nach 1954 und Ex-Jugoslawien\u00a0viel bereitwilliger und in bedeutend gr\u00f6\u00dferem Ausma\u00df aufgenommen wurden als solche aus der doch\u00a0kulturell ferneren arabisch-islamischen Welt.<\/p>\n<p>Eine bemerkenswerte <strong>\u00d6 1-Radiosendung war das Journal-Panorama vom\u00a0Do, den 25. Februar um 18.30, in welcher das Thema L\u00fcgenpresse<\/strong> differenziert aufgegriffen wurde. Warum muss es zu extremer und skandal\u00f6s einseitiger Medienkritik kommen, damit partiell begr\u00fcndete und sachlich legitime Medienkritik \u00fcberhaupt ernst genommen wird? F\u00fcr uns alle &#8211; f\u00fcr Politik, Einzelmenschen und Medien gilt: Es\u00a0gibt Gesinnungs- und Verantwortungsethik. Auch verdienstvolle\u00a0 Gesinnungsethiker k\u00f6nnen in der realen Welt bitter daran leiden, dass gute Gesinnung alleine negative Folgen hervorrufen kann. Siehe Beispiele aus gut gemeinter Entwicklungspolitik und im Fall der Fl\u00fcchtlingsproblematik die massiven <strong>Trends zu populistischen Gruppierungen.<\/strong><\/p>\n<p>&nbsp;<\/p>\n<p>&nbsp;<\/p>\n<p>&nbsp;<\/p>\n<p>&nbsp;<\/p>\n","protected":false},"excerpt":{"rendered":"<p>Hans H \u00f6 g l. Eigenanalyse Das\u00a0gestrige\u00a0 Symposion\u00a0an der Fachhochschule St. P\u00f6lten zur Medienethik erbrachte\u00a0aufgrund breiter\u00a0Konzeption\u00a0eine F\u00fclle an Erkenntnissen. Prof. Matthias Rath (PH-Ludwigsburg) unterschied\u00a0 zwischen wissenschaftlicher Medienethik und den journalistischen Prinzipien- und Standesregeln. Mag. Andreas Warzilek (\u00d6sterr. Presserat) berichtete von scharfer Kritik Eva Dichands -von New York\u00a0her &#8211;\u00a0am Presserat. Eva Dichand\u00a0ist Herausgeberin der Gratiszeitung &#8222;Heute&#8220; &hellip; <a href=\"https:\/\/www.medienkultur.at\/neu\/medienethik-tagung-an-fh-st-poelten-medien-vornach-koeln\/\" class=\"more-link\"><span class=\"screen-reader-text\">Medienethik &#8211; Tagung an FH &#8211; St. P\u00f6lten. Medien vor\/nach K\u00f6ln<\/span> weiterlesen <span class=\"meta-nav\">&rarr;<\/span><\/a><\/p>\n","protected":false},"author":1,"featured_media":0,"comment_status":"open","ping_status":"open","sticky":false,"template":"","format":"standard","meta":{"footnotes":""},"categories":[1,24,12,10,17,20,19],"tags":[549,547,551,552,548,91,332,550,555,554,553],"class_list":["post-2621","post","type-post","status-publish","format-standard","hentry","category-allgemein","category-medien-universitaet","category-medien_bildung_religion","category-medienkritik","category-medientabus","category-medienverantwortung_medienrecht","category-studien_rezensionen","tag-fh-st-poelten","tag-fluechtlingsberichte","tag-gesinnungs-und-verantwortungsethik","tag-kulturalismus","tag-luegenpresse","tag-medienethik","tag-medienkritik","tag-mediensymposion","tag-populistische-trends","tag-presserat","tag-schwarz-weiss-berichte"],"yoast_head":"<!-- This site is optimized with the Yoast SEO plugin v27.5 - https:\/\/yoast.com\/product\/yoast-seo-wordpress\/ -->\n<title>Medienethik - Tagung an FH - St. P\u00f6lten. Medien vor\/nach K\u00f6ln | Vereinigung f\u00fcr Medienkultur<\/title>\n<meta name=\"robots\" content=\"index, follow, max-snippet:-1, max-image-preview:large, max-video-preview:-1\" \/>\n<link rel=\"canonical\" href=\"https:\/\/www.medienkultur.at\/neu\/medienethik-tagung-an-fh-st-poelten-medien-vornach-koeln\/\" \/>\n<meta property=\"og:locale\" content=\"de_DE\" \/>\n<meta property=\"og:type\" content=\"article\" \/>\n<meta property=\"og:title\" content=\"Medienethik - Tagung an FH - St. P\u00f6lten. Medien vor\/nach K\u00f6ln | Vereinigung f\u00fcr Medienkultur\" \/>\n<meta property=\"og:description\" content=\"Hans H \u00f6 g l. Eigenanalyse Das\u00a0gestrige\u00a0 Symposion\u00a0an der Fachhochschule St. P\u00f6lten zur Medienethik erbrachte\u00a0aufgrund breiter\u00a0Konzeption\u00a0eine F\u00fclle an Erkenntnissen. Prof. Matthias Rath (PH-Ludwigsburg) unterschied\u00a0 zwischen wissenschaftlicher Medienethik und den journalistischen Prinzipien- und Standesregeln. Mag. Andreas Warzilek (\u00d6sterr. Presserat) berichtete von scharfer Kritik Eva Dichands -von New York\u00a0her &#8211;\u00a0am Presserat. Eva Dichand\u00a0ist Herausgeberin der Gratiszeitung &#8222;Heute&#8220; &hellip; Medienethik &#8211; Tagung an FH &#8211; St. P\u00f6lten. Medien vor\/nach K\u00f6ln weiterlesen &rarr;\" \/>\n<meta property=\"og:url\" content=\"https:\/\/www.medienkultur.at\/neu\/medienethik-tagung-an-fh-st-poelten-medien-vornach-koeln\/\" \/>\n<meta property=\"og:site_name\" content=\"Vereinigung f\u00fcr Medienkultur\" \/>\n<meta property=\"article:published_time\" content=\"2016-03-01T07:31:14+00:00\" \/>\n<meta property=\"article:modified_time\" content=\"2016-03-01T07:34:05+00:00\" \/>\n<meta name=\"author\" content=\"Hans H\u00f6gl\" \/>\n<meta name=\"twitter:card\" content=\"summary_large_image\" \/>\n<meta name=\"twitter:label1\" content=\"Verfasst von\" \/>\n\t<meta name=\"twitter:data1\" content=\"Hans H\u00f6gl\" \/>\n\t<meta name=\"twitter:label2\" content=\"Gesch\u00e4tzte Lesezeit\" \/>\n\t<meta name=\"twitter:data2\" content=\"3\u00a0Minuten\" \/>\n<script type=\"application\/ld+json\" class=\"yoast-schema-graph\">{\"@context\":\"https:\\\/\\\/schema.org\",\"@graph\":[{\"@type\":\"Article\",\"@id\":\"https:\\\/\\\/www.medienkultur.at\\\/neu\\\/medienethik-tagung-an-fh-st-poelten-medien-vornach-koeln\\\/#article\",\"isPartOf\":{\"@id\":\"https:\\\/\\\/www.medienkultur.at\\\/neu\\\/medienethik-tagung-an-fh-st-poelten-medien-vornach-koeln\\\/\"},\"author\":{\"name\":\"Hans H\u00f6gl\",\"@id\":\"https:\\\/\\\/www.medienkultur.at\\\/neu\\\/#\\\/schema\\\/person\\\/5307830ec125174672d8c9d829eeb256\"},\"headline\":\"Medienethik &#8211; Tagung an FH &#8211; St. P\u00f6lten. Medien vor\\\/nach K\u00f6ln\",\"datePublished\":\"2016-03-01T07:31:14+00:00\",\"dateModified\":\"2016-03-01T07:34:05+00:00\",\"mainEntityOfPage\":{\"@id\":\"https:\\\/\\\/www.medienkultur.at\\\/neu\\\/medienethik-tagung-an-fh-st-poelten-medien-vornach-koeln\\\/\"},\"wordCount\":534,\"commentCount\":0,\"keywords\":[\"FH-St.P\u00f6lten\",\"Fl\u00fcchtlingsberichte\",\"Gesinnungs- und Verantwortungsethik\",\"Kulturalismus\",\"L\u00fcgenpresse\",\"Medienethik\",\"Medienkritik\",\"Mediensymposion\",\"Populistische Trends\",\"Presserat\",\"Schwarz-Wei\u00df-Berichte\"],\"articleSection\":[\"J\u00dcNGSTE BEITR\u00c4GE\",\"MEDIEN - UNIVERSIT\u00c4T\",\"Medien und Bildung \\\/ Religion\",\"Medienkritik\",\"Medientabus\",\"Medienverantwortung \\\/ Medienrecht\",\"Studien \\\/ Rezensionen\"],\"inLanguage\":\"de\",\"potentialAction\":[{\"@type\":\"CommentAction\",\"name\":\"Comment\",\"target\":[\"https:\\\/\\\/www.medienkultur.at\\\/neu\\\/medienethik-tagung-an-fh-st-poelten-medien-vornach-koeln\\\/#respond\"]}]},{\"@type\":\"WebPage\",\"@id\":\"https:\\\/\\\/www.medienkultur.at\\\/neu\\\/medienethik-tagung-an-fh-st-poelten-medien-vornach-koeln\\\/\",\"url\":\"https:\\\/\\\/www.medienkultur.at\\\/neu\\\/medienethik-tagung-an-fh-st-poelten-medien-vornach-koeln\\\/\",\"name\":\"Medienethik - Tagung an FH - St. P\u00f6lten. Medien vor\\\/nach K\u00f6ln | Vereinigung f\u00fcr Medienkultur\",\"isPartOf\":{\"@id\":\"https:\\\/\\\/www.medienkultur.at\\\/neu\\\/#website\"},\"datePublished\":\"2016-03-01T07:31:14+00:00\",\"dateModified\":\"2016-03-01T07:34:05+00:00\",\"author\":{\"@id\":\"https:\\\/\\\/www.medienkultur.at\\\/neu\\\/#\\\/schema\\\/person\\\/5307830ec125174672d8c9d829eeb256\"},\"breadcrumb\":{\"@id\":\"https:\\\/\\\/www.medienkultur.at\\\/neu\\\/medienethik-tagung-an-fh-st-poelten-medien-vornach-koeln\\\/#breadcrumb\"},\"inLanguage\":\"de\",\"potentialAction\":[{\"@type\":\"ReadAction\",\"target\":[\"https:\\\/\\\/www.medienkultur.at\\\/neu\\\/medienethik-tagung-an-fh-st-poelten-medien-vornach-koeln\\\/\"]}]},{\"@type\":\"BreadcrumbList\",\"@id\":\"https:\\\/\\\/www.medienkultur.at\\\/neu\\\/medienethik-tagung-an-fh-st-poelten-medien-vornach-koeln\\\/#breadcrumb\",\"itemListElement\":[{\"@type\":\"ListItem\",\"position\":1,\"name\":\"Startseite\",\"item\":\"https:\\\/\\\/www.medienkultur.at\\\/neu\\\/\"},{\"@type\":\"ListItem\",\"position\":2,\"name\":\"Medienethik &#8211; Tagung an FH &#8211; St. P\u00f6lten. Medien vor\\\/nach K\u00f6ln\"}]},{\"@type\":\"WebSite\",\"@id\":\"https:\\\/\\\/www.medienkultur.at\\\/neu\\\/#website\",\"url\":\"https:\\\/\\\/www.medienkultur.at\\\/neu\\\/\",\"name\":\"Vereinigung f\u00fcr Medienkultur\",\"description\":\"\",\"potentialAction\":[{\"@type\":\"SearchAction\",\"target\":{\"@type\":\"EntryPoint\",\"urlTemplate\":\"https:\\\/\\\/www.medienkultur.at\\\/neu\\\/?s={search_term_string}\"},\"query-input\":{\"@type\":\"PropertyValueSpecification\",\"valueRequired\":true,\"valueName\":\"search_term_string\"}}],\"inLanguage\":\"de\"},{\"@type\":\"Person\",\"@id\":\"https:\\\/\\\/www.medienkultur.at\\\/neu\\\/#\\\/schema\\\/person\\\/5307830ec125174672d8c9d829eeb256\",\"name\":\"Hans H\u00f6gl\"}]}<\/script>\n<!-- \/ Yoast SEO plugin. -->","yoast_head_json":{"title":"Medienethik - Tagung an FH - St. P\u00f6lten. Medien vor\/nach K\u00f6ln | Vereinigung f\u00fcr Medienkultur","robots":{"index":"index","follow":"follow","max-snippet":"max-snippet:-1","max-image-preview":"max-image-preview:large","max-video-preview":"max-video-preview:-1"},"canonical":"https:\/\/www.medienkultur.at\/neu\/medienethik-tagung-an-fh-st-poelten-medien-vornach-koeln\/","og_locale":"de_DE","og_type":"article","og_title":"Medienethik - Tagung an FH - St. P\u00f6lten. Medien vor\/nach K\u00f6ln | Vereinigung f\u00fcr Medienkultur","og_description":"Hans H \u00f6 g l. Eigenanalyse Das\u00a0gestrige\u00a0 Symposion\u00a0an der Fachhochschule St. P\u00f6lten zur Medienethik erbrachte\u00a0aufgrund breiter\u00a0Konzeption\u00a0eine F\u00fclle an Erkenntnissen. Prof. Matthias Rath (PH-Ludwigsburg) unterschied\u00a0 zwischen wissenschaftlicher Medienethik und den journalistischen Prinzipien- und Standesregeln. Mag. Andreas Warzilek (\u00d6sterr. Presserat) berichtete von scharfer Kritik Eva Dichands -von New York\u00a0her &#8211;\u00a0am Presserat. Eva Dichand\u00a0ist Herausgeberin der Gratiszeitung &#8222;Heute&#8220; &hellip; Medienethik &#8211; Tagung an FH &#8211; St. P\u00f6lten. Medien vor\/nach K\u00f6ln weiterlesen &rarr;","og_url":"https:\/\/www.medienkultur.at\/neu\/medienethik-tagung-an-fh-st-poelten-medien-vornach-koeln\/","og_site_name":"Vereinigung f\u00fcr Medienkultur","article_published_time":"2016-03-01T07:31:14+00:00","article_modified_time":"2016-03-01T07:34:05+00:00","author":"Hans H\u00f6gl","twitter_card":"summary_large_image","twitter_misc":{"Verfasst von":"Hans H\u00f6gl","Gesch\u00e4tzte Lesezeit":"3\u00a0Minuten"},"schema":{"@context":"https:\/\/schema.org","@graph":[{"@type":"Article","@id":"https:\/\/www.medienkultur.at\/neu\/medienethik-tagung-an-fh-st-poelten-medien-vornach-koeln\/#article","isPartOf":{"@id":"https:\/\/www.medienkultur.at\/neu\/medienethik-tagung-an-fh-st-poelten-medien-vornach-koeln\/"},"author":{"name":"Hans H\u00f6gl","@id":"https:\/\/www.medienkultur.at\/neu\/#\/schema\/person\/5307830ec125174672d8c9d829eeb256"},"headline":"Medienethik &#8211; Tagung an FH &#8211; St. P\u00f6lten. Medien vor\/nach K\u00f6ln","datePublished":"2016-03-01T07:31:14+00:00","dateModified":"2016-03-01T07:34:05+00:00","mainEntityOfPage":{"@id":"https:\/\/www.medienkultur.at\/neu\/medienethik-tagung-an-fh-st-poelten-medien-vornach-koeln\/"},"wordCount":534,"commentCount":0,"keywords":["FH-St.P\u00f6lten","Fl\u00fcchtlingsberichte","Gesinnungs- und Verantwortungsethik","Kulturalismus","L\u00fcgenpresse","Medienethik","Medienkritik","Mediensymposion","Populistische Trends","Presserat","Schwarz-Wei\u00df-Berichte"],"articleSection":["J\u00dcNGSTE BEITR\u00c4GE","MEDIEN - UNIVERSIT\u00c4T","Medien und Bildung \/ Religion","Medienkritik","Medientabus","Medienverantwortung \/ Medienrecht","Studien \/ Rezensionen"],"inLanguage":"de","potentialAction":[{"@type":"CommentAction","name":"Comment","target":["https:\/\/www.medienkultur.at\/neu\/medienethik-tagung-an-fh-st-poelten-medien-vornach-koeln\/#respond"]}]},{"@type":"WebPage","@id":"https:\/\/www.medienkultur.at\/neu\/medienethik-tagung-an-fh-st-poelten-medien-vornach-koeln\/","url":"https:\/\/www.medienkultur.at\/neu\/medienethik-tagung-an-fh-st-poelten-medien-vornach-koeln\/","name":"Medienethik - Tagung an FH - St. P\u00f6lten. Medien vor\/nach K\u00f6ln | Vereinigung f\u00fcr Medienkultur","isPartOf":{"@id":"https:\/\/www.medienkultur.at\/neu\/#website"},"datePublished":"2016-03-01T07:31:14+00:00","dateModified":"2016-03-01T07:34:05+00:00","author":{"@id":"https:\/\/www.medienkultur.at\/neu\/#\/schema\/person\/5307830ec125174672d8c9d829eeb256"},"breadcrumb":{"@id":"https:\/\/www.medienkultur.at\/neu\/medienethik-tagung-an-fh-st-poelten-medien-vornach-koeln\/#breadcrumb"},"inLanguage":"de","potentialAction":[{"@type":"ReadAction","target":["https:\/\/www.medienkultur.at\/neu\/medienethik-tagung-an-fh-st-poelten-medien-vornach-koeln\/"]}]},{"@type":"BreadcrumbList","@id":"https:\/\/www.medienkultur.at\/neu\/medienethik-tagung-an-fh-st-poelten-medien-vornach-koeln\/#breadcrumb","itemListElement":[{"@type":"ListItem","position":1,"name":"Startseite","item":"https:\/\/www.medienkultur.at\/neu\/"},{"@type":"ListItem","position":2,"name":"Medienethik &#8211; Tagung an FH &#8211; St. P\u00f6lten. Medien vor\/nach K\u00f6ln"}]},{"@type":"WebSite","@id":"https:\/\/www.medienkultur.at\/neu\/#website","url":"https:\/\/www.medienkultur.at\/neu\/","name":"Vereinigung f\u00fcr Medienkultur","description":"","potentialAction":[{"@type":"SearchAction","target":{"@type":"EntryPoint","urlTemplate":"https:\/\/www.medienkultur.at\/neu\/?s={search_term_string}"},"query-input":{"@type":"PropertyValueSpecification","valueRequired":true,"valueName":"search_term_string"}}],"inLanguage":"de"},{"@type":"Person","@id":"https:\/\/www.medienkultur.at\/neu\/#\/schema\/person\/5307830ec125174672d8c9d829eeb256","name":"Hans H\u00f6gl"}]}},"_links":{"self":[{"href":"https:\/\/www.medienkultur.at\/neu\/wp-json\/wp\/v2\/posts\/2621","targetHints":{"allow":["GET"]}}],"collection":[{"href":"https:\/\/www.medienkultur.at\/neu\/wp-json\/wp\/v2\/posts"}],"about":[{"href":"https:\/\/www.medienkultur.at\/neu\/wp-json\/wp\/v2\/types\/post"}],"author":[{"embeddable":true,"href":"https:\/\/www.medienkultur.at\/neu\/wp-json\/wp\/v2\/users\/1"}],"replies":[{"embeddable":true,"href":"https:\/\/www.medienkultur.at\/neu\/wp-json\/wp\/v2\/comments?post=2621"}],"version-history":[{"count":6,"href":"https:\/\/www.medienkultur.at\/neu\/wp-json\/wp\/v2\/posts\/2621\/revisions"}],"predecessor-version":[{"id":2628,"href":"https:\/\/www.medienkultur.at\/neu\/wp-json\/wp\/v2\/posts\/2621\/revisions\/2628"}],"wp:attachment":[{"href":"https:\/\/www.medienkultur.at\/neu\/wp-json\/wp\/v2\/media?parent=2621"}],"wp:term":[{"taxonomy":"category","embeddable":true,"href":"https:\/\/www.medienkultur.at\/neu\/wp-json\/wp\/v2\/categories?post=2621"},{"taxonomy":"post_tag","embeddable":true,"href":"https:\/\/www.medienkultur.at\/neu\/wp-json\/wp\/v2\/tags?post=2621"}],"curies":[{"name":"wp","href":"https:\/\/api.w.org\/{rel}","templated":true}]}}