{"id":2470,"date":"2015-12-13T17:21:51","date_gmt":"2015-12-13T15:21:51","guid":{"rendered":"http:\/\/www.medienkultur.at\/neu\/?p=2470"},"modified":"2015-12-13T17:35:17","modified_gmt":"2015-12-13T15:35:17","slug":"freiheit-zur-hetze","status":"publish","type":"post","link":"https:\/\/www.medienkultur.at\/neu\/freiheit-zur-hetze\/","title":{"rendered":"Freiheit zur Hetze ?"},"content":{"rendered":"<p>von Adalbert Krims<\/p>\n<p>Die <strong>Meinungsfreiheit<\/strong> geh\u00f6rt zu den h\u00f6chsten G\u00fctern in einer Demokratie. Und diese grundlegende Freiheit umfasst nat\u00fcrlich gerade auch Meinungen, die einem nicht angenehm sind. Aber: bedeutet das nun einen <strong>Freibrief f\u00fcr L\u00fcge, Verleumdung oder Verhetzung?<\/strong><\/p>\n<p>Gerade in der aktuellen <strong>Fl\u00fcchtlingsdebatte<\/strong> wird mit verzerrten oder sogar erfundenen Berichten Stimmung und damit auch Politik gemacht. Der Appell an die \u201e<strong>Verantwortung der Medien<\/strong>\u201c greift hier zu kurz, weil die Hetze \u00fcberwiegend nicht in den \u201etraditionellen\u201c Medien stattfindet (im Boulevard jedoch auch), sondern <strong>vor allem im Internet<\/strong>, besonders in den sog. \u201esozialen Netzwerken\u201c. Individuelle Freiheit \u2013 auch Meinungsfreiheit \u2013 ist immer in einen gesellschaftlichen Zusammenhang eingebettet.<\/p>\n<p>Und sie hat Grenzen, wenn <strong>Rechte und Freiheit anderer<\/strong> <strong>betroffen<\/strong> oder gar bedroht sind. Wer seine Freiheit dazu ben\u00fctzt, anderen zu schaden, <strong>Minderheiten zu diskriminieren<\/strong> bzw. <strong>die Gesellschaft zu spalten<\/strong>, der missbraucht die (Meinungs)Freiheit und kann daher auch von der Gesellschaft zur <strong>Verantwortung<\/strong> gezogen werden. Auch das Internet und die sozialen Netzwerke sind kein rechtsfreier Raum, sondern unterliegen \u2013 wie alle Medien \u2013 den Gesetzen. Abgesehen von den strafrechtlichen M\u00f6glichkeiten, <strong>gegen rassistische und fremdenfeindliche Hetze <\/strong>vorzugehen, ist jede\/r selbst aufgerufen, solchen Tendenzen entgegenzutreten.<\/p>\n<p><em>Der Text dieser Kolumne von Adalbert Krims ist der j\u00fcngsten Ausgabe von PAX, der <strong>Zeitschrift von Pax Christi \u00d6sterreich<\/strong>, entnommen.<\/em><\/p>\n<p><u>( siehe auch unter <span style=\"color: #0000ff;\">www.paxchristi.at <\/span>) <\/u><\/p>\n<p>&nbsp;<\/p>\n<p>&nbsp;<\/p>\n<p>&nbsp;<\/p>\n<p>&nbsp;<\/p>\n","protected":false},"excerpt":{"rendered":"<p>von Adalbert Krims Die Meinungsfreiheit geh\u00f6rt zu den h\u00f6chsten G\u00fctern in einer Demokratie. Und diese grundlegende Freiheit umfasst nat\u00fcrlich gerade auch Meinungen, die einem nicht angenehm sind. Aber: bedeutet das nun einen Freibrief f\u00fcr L\u00fcge, Verleumdung oder Verhetzung? Gerade in der aktuellen Fl\u00fcchtlingsdebatte wird mit verzerrten oder sogar erfundenen Berichten Stimmung und damit auch Politik &hellip; <a href=\"https:\/\/www.medienkultur.at\/neu\/freiheit-zur-hetze\/\" class=\"more-link\"><span class=\"screen-reader-text\">Freiheit zur Hetze ?<\/span> weiterlesen <span class=\"meta-nav\">&rarr;<\/span><\/a><\/p>\n","protected":false},"author":1,"featured_media":0,"comment_status":"open","ping_status":"open","sticky":false,"template":"","format":"standard","meta":{"footnotes":""},"categories":[15,1,20],"tags":[390,369,389,391,71],"class_list":["post-2470","post","type-post","status-publish","format-standard","hentry","category-gastbeitraege","category-allgemein","category-medienverantwortung_medienrecht","tag-fluechtlingsdebatte","tag-freiheit","tag-hetze","tag-luege","tag-verantwortung"],"yoast_head":"<!-- This site is optimized with the Yoast SEO plugin v27.4 - https:\/\/yoast.com\/product\/yoast-seo-wordpress\/ -->\n<title>Freiheit zur Hetze ? | Vereinigung f\u00fcr Medienkultur<\/title>\n<meta name=\"robots\" content=\"index, follow, max-snippet:-1, max-image-preview:large, max-video-preview:-1\" \/>\n<link rel=\"canonical\" href=\"https:\/\/www.medienkultur.at\/neu\/freiheit-zur-hetze\/\" \/>\n<meta property=\"og:locale\" content=\"de_DE\" \/>\n<meta property=\"og:type\" content=\"article\" \/>\n<meta property=\"og:title\" content=\"Freiheit zur Hetze ? | Vereinigung f\u00fcr Medienkultur\" \/>\n<meta property=\"og:description\" content=\"von Adalbert Krims Die Meinungsfreiheit geh\u00f6rt zu den h\u00f6chsten G\u00fctern in einer Demokratie. Und diese grundlegende Freiheit umfasst nat\u00fcrlich gerade auch Meinungen, die einem nicht angenehm sind. Aber: bedeutet das nun einen Freibrief f\u00fcr L\u00fcge, Verleumdung oder Verhetzung? Gerade in der aktuellen Fl\u00fcchtlingsdebatte wird mit verzerrten oder sogar erfundenen Berichten Stimmung und damit auch Politik &hellip; Freiheit zur Hetze ? weiterlesen &rarr;\" \/>\n<meta property=\"og:url\" content=\"https:\/\/www.medienkultur.at\/neu\/freiheit-zur-hetze\/\" \/>\n<meta property=\"og:site_name\" content=\"Vereinigung f\u00fcr Medienkultur\" \/>\n<meta property=\"article:published_time\" content=\"2015-12-13T15:21:51+00:00\" \/>\n<meta property=\"article:modified_time\" content=\"2015-12-13T15:35:17+00:00\" \/>\n<meta name=\"author\" content=\"Hans H\u00f6gl\" \/>\n<meta name=\"twitter:card\" content=\"summary_large_image\" \/>\n<meta name=\"twitter:label1\" content=\"Verfasst von\" \/>\n\t<meta name=\"twitter:data1\" content=\"Hans H\u00f6gl\" \/>\n\t<meta name=\"twitter:label2\" content=\"Gesch\u00e4tzte Lesezeit\" \/>\n\t<meta name=\"twitter:data2\" content=\"1\u00a0Minute\" \/>\n<script type=\"application\/ld+json\" class=\"yoast-schema-graph\">{\"@context\":\"https:\\\/\\\/schema.org\",\"@graph\":[{\"@type\":\"Article\",\"@id\":\"https:\\\/\\\/www.medienkultur.at\\\/neu\\\/freiheit-zur-hetze\\\/#article\",\"isPartOf\":{\"@id\":\"https:\\\/\\\/www.medienkultur.at\\\/neu\\\/freiheit-zur-hetze\\\/\"},\"author\":{\"name\":\"Hans H\u00f6gl\",\"@id\":\"https:\\\/\\\/www.medienkultur.at\\\/neu\\\/#\\\/schema\\\/person\\\/5307830ec125174672d8c9d829eeb256\"},\"headline\":\"Freiheit zur Hetze ?\",\"datePublished\":\"2015-12-13T15:21:51+00:00\",\"dateModified\":\"2015-12-13T15:35:17+00:00\",\"mainEntityOfPage\":{\"@id\":\"https:\\\/\\\/www.medienkultur.at\\\/neu\\\/freiheit-zur-hetze\\\/\"},\"wordCount\":229,\"commentCount\":0,\"keywords\":[\"Fl\u00fcchtlingsdebatte\",\"Freiheit\",\"Hetze\",\"L\u00fcge\",\"Verantwortung\"],\"articleSection\":[\"Gastbeitr\u00e4ge\",\"J\u00dcNGSTE BEITR\u00c4GE\",\"Medienverantwortung \\\/ Medienrecht\"],\"inLanguage\":\"de\",\"potentialAction\":[{\"@type\":\"CommentAction\",\"name\":\"Comment\",\"target\":[\"https:\\\/\\\/www.medienkultur.at\\\/neu\\\/freiheit-zur-hetze\\\/#respond\"]}]},{\"@type\":\"WebPage\",\"@id\":\"https:\\\/\\\/www.medienkultur.at\\\/neu\\\/freiheit-zur-hetze\\\/\",\"url\":\"https:\\\/\\\/www.medienkultur.at\\\/neu\\\/freiheit-zur-hetze\\\/\",\"name\":\"Freiheit zur Hetze ? | Vereinigung f\u00fcr Medienkultur\",\"isPartOf\":{\"@id\":\"https:\\\/\\\/www.medienkultur.at\\\/neu\\\/#website\"},\"datePublished\":\"2015-12-13T15:21:51+00:00\",\"dateModified\":\"2015-12-13T15:35:17+00:00\",\"author\":{\"@id\":\"https:\\\/\\\/www.medienkultur.at\\\/neu\\\/#\\\/schema\\\/person\\\/5307830ec125174672d8c9d829eeb256\"},\"breadcrumb\":{\"@id\":\"https:\\\/\\\/www.medienkultur.at\\\/neu\\\/freiheit-zur-hetze\\\/#breadcrumb\"},\"inLanguage\":\"de\",\"potentialAction\":[{\"@type\":\"ReadAction\",\"target\":[\"https:\\\/\\\/www.medienkultur.at\\\/neu\\\/freiheit-zur-hetze\\\/\"]}]},{\"@type\":\"BreadcrumbList\",\"@id\":\"https:\\\/\\\/www.medienkultur.at\\\/neu\\\/freiheit-zur-hetze\\\/#breadcrumb\",\"itemListElement\":[{\"@type\":\"ListItem\",\"position\":1,\"name\":\"Startseite\",\"item\":\"https:\\\/\\\/www.medienkultur.at\\\/neu\\\/\"},{\"@type\":\"ListItem\",\"position\":2,\"name\":\"Freiheit zur Hetze ?\"}]},{\"@type\":\"WebSite\",\"@id\":\"https:\\\/\\\/www.medienkultur.at\\\/neu\\\/#website\",\"url\":\"https:\\\/\\\/www.medienkultur.at\\\/neu\\\/\",\"name\":\"Vereinigung f\u00fcr Medienkultur\",\"description\":\"\",\"potentialAction\":[{\"@type\":\"SearchAction\",\"target\":{\"@type\":\"EntryPoint\",\"urlTemplate\":\"https:\\\/\\\/www.medienkultur.at\\\/neu\\\/?s={search_term_string}\"},\"query-input\":{\"@type\":\"PropertyValueSpecification\",\"valueRequired\":true,\"valueName\":\"search_term_string\"}}],\"inLanguage\":\"de\"},{\"@type\":\"Person\",\"@id\":\"https:\\\/\\\/www.medienkultur.at\\\/neu\\\/#\\\/schema\\\/person\\\/5307830ec125174672d8c9d829eeb256\",\"name\":\"Hans H\u00f6gl\"}]}<\/script>\n<!-- \/ Yoast SEO plugin. -->","yoast_head_json":{"title":"Freiheit zur Hetze ? | Vereinigung f\u00fcr Medienkultur","robots":{"index":"index","follow":"follow","max-snippet":"max-snippet:-1","max-image-preview":"max-image-preview:large","max-video-preview":"max-video-preview:-1"},"canonical":"https:\/\/www.medienkultur.at\/neu\/freiheit-zur-hetze\/","og_locale":"de_DE","og_type":"article","og_title":"Freiheit zur Hetze ? | Vereinigung f\u00fcr Medienkultur","og_description":"von Adalbert Krims Die Meinungsfreiheit geh\u00f6rt zu den h\u00f6chsten G\u00fctern in einer Demokratie. Und diese grundlegende Freiheit umfasst nat\u00fcrlich gerade auch Meinungen, die einem nicht angenehm sind. Aber: bedeutet das nun einen Freibrief f\u00fcr L\u00fcge, Verleumdung oder Verhetzung? Gerade in der aktuellen Fl\u00fcchtlingsdebatte wird mit verzerrten oder sogar erfundenen Berichten Stimmung und damit auch Politik &hellip; Freiheit zur Hetze ? weiterlesen &rarr;","og_url":"https:\/\/www.medienkultur.at\/neu\/freiheit-zur-hetze\/","og_site_name":"Vereinigung f\u00fcr Medienkultur","article_published_time":"2015-12-13T15:21:51+00:00","article_modified_time":"2015-12-13T15:35:17+00:00","author":"Hans H\u00f6gl","twitter_card":"summary_large_image","twitter_misc":{"Verfasst von":"Hans H\u00f6gl","Gesch\u00e4tzte Lesezeit":"1\u00a0Minute"},"schema":{"@context":"https:\/\/schema.org","@graph":[{"@type":"Article","@id":"https:\/\/www.medienkultur.at\/neu\/freiheit-zur-hetze\/#article","isPartOf":{"@id":"https:\/\/www.medienkultur.at\/neu\/freiheit-zur-hetze\/"},"author":{"name":"Hans H\u00f6gl","@id":"https:\/\/www.medienkultur.at\/neu\/#\/schema\/person\/5307830ec125174672d8c9d829eeb256"},"headline":"Freiheit zur Hetze ?","datePublished":"2015-12-13T15:21:51+00:00","dateModified":"2015-12-13T15:35:17+00:00","mainEntityOfPage":{"@id":"https:\/\/www.medienkultur.at\/neu\/freiheit-zur-hetze\/"},"wordCount":229,"commentCount":0,"keywords":["Fl\u00fcchtlingsdebatte","Freiheit","Hetze","L\u00fcge","Verantwortung"],"articleSection":["Gastbeitr\u00e4ge","J\u00dcNGSTE BEITR\u00c4GE","Medienverantwortung \/ Medienrecht"],"inLanguage":"de","potentialAction":[{"@type":"CommentAction","name":"Comment","target":["https:\/\/www.medienkultur.at\/neu\/freiheit-zur-hetze\/#respond"]}]},{"@type":"WebPage","@id":"https:\/\/www.medienkultur.at\/neu\/freiheit-zur-hetze\/","url":"https:\/\/www.medienkultur.at\/neu\/freiheit-zur-hetze\/","name":"Freiheit zur Hetze ? | Vereinigung f\u00fcr Medienkultur","isPartOf":{"@id":"https:\/\/www.medienkultur.at\/neu\/#website"},"datePublished":"2015-12-13T15:21:51+00:00","dateModified":"2015-12-13T15:35:17+00:00","author":{"@id":"https:\/\/www.medienkultur.at\/neu\/#\/schema\/person\/5307830ec125174672d8c9d829eeb256"},"breadcrumb":{"@id":"https:\/\/www.medienkultur.at\/neu\/freiheit-zur-hetze\/#breadcrumb"},"inLanguage":"de","potentialAction":[{"@type":"ReadAction","target":["https:\/\/www.medienkultur.at\/neu\/freiheit-zur-hetze\/"]}]},{"@type":"BreadcrumbList","@id":"https:\/\/www.medienkultur.at\/neu\/freiheit-zur-hetze\/#breadcrumb","itemListElement":[{"@type":"ListItem","position":1,"name":"Startseite","item":"https:\/\/www.medienkultur.at\/neu\/"},{"@type":"ListItem","position":2,"name":"Freiheit zur Hetze ?"}]},{"@type":"WebSite","@id":"https:\/\/www.medienkultur.at\/neu\/#website","url":"https:\/\/www.medienkultur.at\/neu\/","name":"Vereinigung f\u00fcr Medienkultur","description":"","potentialAction":[{"@type":"SearchAction","target":{"@type":"EntryPoint","urlTemplate":"https:\/\/www.medienkultur.at\/neu\/?s={search_term_string}"},"query-input":{"@type":"PropertyValueSpecification","valueRequired":true,"valueName":"search_term_string"}}],"inLanguage":"de"},{"@type":"Person","@id":"https:\/\/www.medienkultur.at\/neu\/#\/schema\/person\/5307830ec125174672d8c9d829eeb256","name":"Hans H\u00f6gl"}]}},"_links":{"self":[{"href":"https:\/\/www.medienkultur.at\/neu\/wp-json\/wp\/v2\/posts\/2470","targetHints":{"allow":["GET"]}}],"collection":[{"href":"https:\/\/www.medienkultur.at\/neu\/wp-json\/wp\/v2\/posts"}],"about":[{"href":"https:\/\/www.medienkultur.at\/neu\/wp-json\/wp\/v2\/types\/post"}],"author":[{"embeddable":true,"href":"https:\/\/www.medienkultur.at\/neu\/wp-json\/wp\/v2\/users\/1"}],"replies":[{"embeddable":true,"href":"https:\/\/www.medienkultur.at\/neu\/wp-json\/wp\/v2\/comments?post=2470"}],"version-history":[{"count":1,"href":"https:\/\/www.medienkultur.at\/neu\/wp-json\/wp\/v2\/posts\/2470\/revisions"}],"predecessor-version":[{"id":2472,"href":"https:\/\/www.medienkultur.at\/neu\/wp-json\/wp\/v2\/posts\/2470\/revisions\/2472"}],"wp:attachment":[{"href":"https:\/\/www.medienkultur.at\/neu\/wp-json\/wp\/v2\/media?parent=2470"}],"wp:term":[{"taxonomy":"category","embeddable":true,"href":"https:\/\/www.medienkultur.at\/neu\/wp-json\/wp\/v2\/categories?post=2470"},{"taxonomy":"post_tag","embeddable":true,"href":"https:\/\/www.medienkultur.at\/neu\/wp-json\/wp\/v2\/tags?post=2470"}],"curies":[{"name":"wp","href":"https:\/\/api.w.org\/{rel}","templated":true}]}}