{"id":2453,"date":"2015-12-07T20:23:45","date_gmt":"2015-12-07T18:23:45","guid":{"rendered":"http:\/\/www.medienkultur.at\/neu\/?p=2453"},"modified":"2015-12-08T21:58:25","modified_gmt":"2015-12-08T19:58:25","slug":"good-news-statt-bad-news-konstruktiver-journalismus","status":"publish","type":"post","link":"https:\/\/www.medienkultur.at\/neu\/good-news-statt-bad-news-konstruktiver-journalismus\/","title":{"rendered":"Good News statt Bad News? Konstruktiver Journalismus"},"content":{"rendered":"<p>Ulrik Haagerup,\u00a0Direktor des D\u00e4nischen Rundfunks, sagte in einem Interview:<\/p>\n<p>Seit der d\u00e4nische Rundfunk\u00a0nicht mehr jeden Abend Horrorshows bringt,\u00a0stieg die Zahl der TV-Zuschauer. Wir brauchen einen\u00a0<em><strong>an\u00a0L\u00f6sungen interessierten Journalismus<\/strong><\/em>, also einen konstruktiven.\u00a0 Aber Missverst\u00e4ndnis ist, es gehe nur noch darum, positive Dinge zu schreiben und nichts Kritisches.\u00a0Und er sagte im Interview mit der Zeitschrift &#8222;Der \u00d6sterreichische Journalist&#8220; bereits im Sommer\u00a0 2015 : \u00a0Wir m\u00fcssen <span style=\"text-decoration: underline;\">auch \u00fcber die Probleme berichten, die sich aus der Einwanderung ergeben<\/span>. Franz\u00f6sische Medien haben lange Zeit den Front National ignoriert\u00a0.<\/p>\n<p>Wer dauernd schreit, wird nicht mehr geh\u00f6rt.\u00a0 (NB. Denken\u00a0 wir an die\u00a0 Nur-\u00d6kologie-Horrorberichte). Ausschlie\u00dflich\u00a0Negativ-Infos machen die Menschen depressiv und erzeugen Ohnmachtsgef\u00fchle. Und dies ist demokratie &#8211; politisch bedenklich. So schrecklich die Berichte aus Syrien und Zentralafrika sind,\u00a0Faktum ist, so Haagerup, dass noch nie so viele Menschen Zugang zu sauberen Wasser hatten wie heute. <strong>Wo\u00a0ist zu erfahren,\u00a0dass in Afrika 90 % alle Kinder zur Schule gehen und dass\u00a0die extreme Armut \u00a0sich in den vergangenen 50\u00a0Jahren halbiert hat? (NB. Im Wiener Magazin &#8222;sol&#8220; finden sich solche Infos, eher nicht\u00a0in der\u00a0Zeitschrift &#8222;S\u00fcdwind&#8220;).\u00a0<\/strong><\/p>\n<p>Journalismus berichtet fast nur \u00fcber L\u00f6cher, nicht \u00fcber K\u00e4se. Konstruktiver Journalismus\u00a0bringt gelungene Beispiele (&#8222;Best Practice&#8220;),\u00a0wie\u00a0Norwegens \u00c4rzte\u00a0\u00fcberzeugt werden,\u00a0 auch 3.000 km n\u00f6rdlich von Oslo zu praktizieren.\u00a0\u00a0\u00a0Als\u00a0 vorbildlich nennt\u00a0\u00a0Haagerup\u00a0 das\u00a0 Wochenblatt DIE ZEIT.\u00a0<em><strong>\u00a0 Es reicht nicht, nur die Debatte zu f\u00fchren, was falsch l\u00e4uft und wer daf\u00fcr verantwortlich ist. Wir Journalisten k\u00f6nnen Beispiele f\u00fcr L\u00f6sungen suchen und darlegen.<\/strong><\/em><\/p>\n","protected":false},"excerpt":{"rendered":"<p>Ulrik Haagerup,\u00a0Direktor des D\u00e4nischen Rundfunks, sagte in einem Interview: Seit der d\u00e4nische Rundfunk\u00a0nicht mehr jeden Abend Horrorshows bringt,\u00a0stieg die Zahl der TV-Zuschauer. Wir brauchen einen\u00a0an\u00a0L\u00f6sungen interessierten Journalismus, also einen konstruktiven.\u00a0 Aber Missverst\u00e4ndnis ist, es gehe nur noch darum, positive Dinge zu schreiben und nichts Kritisches.\u00a0Und er sagte im Interview mit der Zeitschrift &#8222;Der \u00d6sterreichische Journalist&#8220; &hellip; <a href=\"https:\/\/www.medienkultur.at\/neu\/good-news-statt-bad-news-konstruktiver-journalismus\/\" class=\"more-link\"><span class=\"screen-reader-text\">Good News statt Bad News? Konstruktiver Journalismus<\/span> weiterlesen <span class=\"meta-nav\">&rarr;<\/span><\/a><\/p>\n","protected":false},"author":1,"featured_media":0,"comment_status":"open","ping_status":"open","sticky":false,"template":"","format":"standard","meta":{"footnotes":""},"categories":[22,1,10,20,19],"tags":[377,383,380,110,382,378,381,379],"class_list":["post-2453","post","type-post","status-publish","format-standard","hentry","category-good-news","category-allgemein","category-medienkritik","category-medienverantwortung_medienrecht","category-studien_rezensionen","tag-bad-news","tag-der-suedwind","tag-die-zeit","tag-good-news","tag-haagerup","tag-konstruktiver-journalismus","tag-loesungsorientierte-medien","tag-tv-daenemark"],"yoast_head":"<!-- This site is optimized with the Yoast SEO plugin v27.5 - https:\/\/yoast.com\/product\/yoast-seo-wordpress\/ -->\n<title>Good News statt Bad News? Konstruktiver Journalismus | Vereinigung f\u00fcr Medienkultur<\/title>\n<meta name=\"robots\" content=\"index, follow, max-snippet:-1, max-image-preview:large, max-video-preview:-1\" \/>\n<link rel=\"canonical\" href=\"https:\/\/www.medienkultur.at\/neu\/good-news-statt-bad-news-konstruktiver-journalismus\/\" \/>\n<meta property=\"og:locale\" content=\"de_DE\" \/>\n<meta property=\"og:type\" content=\"article\" \/>\n<meta property=\"og:title\" content=\"Good News statt Bad News? Konstruktiver Journalismus | Vereinigung f\u00fcr Medienkultur\" \/>\n<meta property=\"og:description\" content=\"Ulrik Haagerup,\u00a0Direktor des D\u00e4nischen Rundfunks, sagte in einem Interview: Seit der d\u00e4nische Rundfunk\u00a0nicht mehr jeden Abend Horrorshows bringt,\u00a0stieg die Zahl der TV-Zuschauer. Wir brauchen einen\u00a0an\u00a0L\u00f6sungen interessierten Journalismus, also einen konstruktiven.\u00a0 Aber Missverst\u00e4ndnis ist, es gehe nur noch darum, positive Dinge zu schreiben und nichts Kritisches.\u00a0Und er sagte im Interview mit der Zeitschrift &#8222;Der \u00d6sterreichische Journalist&#8220; &hellip; Good News statt Bad News? Konstruktiver Journalismus weiterlesen &rarr;\" \/>\n<meta property=\"og:url\" content=\"https:\/\/www.medienkultur.at\/neu\/good-news-statt-bad-news-konstruktiver-journalismus\/\" \/>\n<meta property=\"og:site_name\" content=\"Vereinigung f\u00fcr Medienkultur\" \/>\n<meta property=\"article:published_time\" content=\"2015-12-07T18:23:45+00:00\" \/>\n<meta property=\"article:modified_time\" content=\"2015-12-08T19:58:25+00:00\" \/>\n<meta name=\"author\" content=\"Hans H\u00f6gl\" \/>\n<meta name=\"twitter:card\" content=\"summary_large_image\" \/>\n<meta name=\"twitter:label1\" content=\"Verfasst von\" \/>\n\t<meta name=\"twitter:data1\" content=\"Hans H\u00f6gl\" \/>\n\t<meta name=\"twitter:label2\" content=\"Gesch\u00e4tzte Lesezeit\" \/>\n\t<meta name=\"twitter:data2\" content=\"1\u00a0Minute\" \/>\n<script type=\"application\/ld+json\" class=\"yoast-schema-graph\">{\"@context\":\"https:\\\/\\\/schema.org\",\"@graph\":[{\"@type\":\"Article\",\"@id\":\"https:\\\/\\\/www.medienkultur.at\\\/neu\\\/good-news-statt-bad-news-konstruktiver-journalismus\\\/#article\",\"isPartOf\":{\"@id\":\"https:\\\/\\\/www.medienkultur.at\\\/neu\\\/good-news-statt-bad-news-konstruktiver-journalismus\\\/\"},\"author\":{\"name\":\"Hans H\u00f6gl\",\"@id\":\"https:\\\/\\\/www.medienkultur.at\\\/neu\\\/#\\\/schema\\\/person\\\/5307830ec125174672d8c9d829eeb256\"},\"headline\":\"Good News statt Bad News? Konstruktiver Journalismus\",\"datePublished\":\"2015-12-07T18:23:45+00:00\",\"dateModified\":\"2015-12-08T19:58:25+00:00\",\"mainEntityOfPage\":{\"@id\":\"https:\\\/\\\/www.medienkultur.at\\\/neu\\\/good-news-statt-bad-news-konstruktiver-journalismus\\\/\"},\"wordCount\":268,\"commentCount\":1,\"keywords\":[\"Bad News\",\"Der \\\"S\u00fcdwind\\\"\",\"DIE ZEIT\",\"Good news\",\"Haagerup\",\"konstruktiver Journalismus\",\"l\u00f6sungsorientierte Medien\",\"TV-D\u00e4nemark\"],\"articleSection\":[\"Good News\",\"J\u00dcNGSTE BEITR\u00c4GE\",\"Medienkritik\",\"Medienverantwortung \\\/ Medienrecht\",\"Studien \\\/ Rezensionen\"],\"inLanguage\":\"de\",\"potentialAction\":[{\"@type\":\"CommentAction\",\"name\":\"Comment\",\"target\":[\"https:\\\/\\\/www.medienkultur.at\\\/neu\\\/good-news-statt-bad-news-konstruktiver-journalismus\\\/#respond\"]}]},{\"@type\":\"WebPage\",\"@id\":\"https:\\\/\\\/www.medienkultur.at\\\/neu\\\/good-news-statt-bad-news-konstruktiver-journalismus\\\/\",\"url\":\"https:\\\/\\\/www.medienkultur.at\\\/neu\\\/good-news-statt-bad-news-konstruktiver-journalismus\\\/\",\"name\":\"Good News statt Bad News? Konstruktiver Journalismus | Vereinigung f\u00fcr Medienkultur\",\"isPartOf\":{\"@id\":\"https:\\\/\\\/www.medienkultur.at\\\/neu\\\/#website\"},\"datePublished\":\"2015-12-07T18:23:45+00:00\",\"dateModified\":\"2015-12-08T19:58:25+00:00\",\"author\":{\"@id\":\"https:\\\/\\\/www.medienkultur.at\\\/neu\\\/#\\\/schema\\\/person\\\/5307830ec125174672d8c9d829eeb256\"},\"breadcrumb\":{\"@id\":\"https:\\\/\\\/www.medienkultur.at\\\/neu\\\/good-news-statt-bad-news-konstruktiver-journalismus\\\/#breadcrumb\"},\"inLanguage\":\"de\",\"potentialAction\":[{\"@type\":\"ReadAction\",\"target\":[\"https:\\\/\\\/www.medienkultur.at\\\/neu\\\/good-news-statt-bad-news-konstruktiver-journalismus\\\/\"]}]},{\"@type\":\"BreadcrumbList\",\"@id\":\"https:\\\/\\\/www.medienkultur.at\\\/neu\\\/good-news-statt-bad-news-konstruktiver-journalismus\\\/#breadcrumb\",\"itemListElement\":[{\"@type\":\"ListItem\",\"position\":1,\"name\":\"Startseite\",\"item\":\"https:\\\/\\\/www.medienkultur.at\\\/neu\\\/\"},{\"@type\":\"ListItem\",\"position\":2,\"name\":\"Good News statt Bad News? Konstruktiver Journalismus\"}]},{\"@type\":\"WebSite\",\"@id\":\"https:\\\/\\\/www.medienkultur.at\\\/neu\\\/#website\",\"url\":\"https:\\\/\\\/www.medienkultur.at\\\/neu\\\/\",\"name\":\"Vereinigung f\u00fcr Medienkultur\",\"description\":\"\",\"potentialAction\":[{\"@type\":\"SearchAction\",\"target\":{\"@type\":\"EntryPoint\",\"urlTemplate\":\"https:\\\/\\\/www.medienkultur.at\\\/neu\\\/?s={search_term_string}\"},\"query-input\":{\"@type\":\"PropertyValueSpecification\",\"valueRequired\":true,\"valueName\":\"search_term_string\"}}],\"inLanguage\":\"de\"},{\"@type\":\"Person\",\"@id\":\"https:\\\/\\\/www.medienkultur.at\\\/neu\\\/#\\\/schema\\\/person\\\/5307830ec125174672d8c9d829eeb256\",\"name\":\"Hans H\u00f6gl\"}]}<\/script>\n<!-- \/ Yoast SEO plugin. -->","yoast_head_json":{"title":"Good News statt Bad News? Konstruktiver Journalismus | Vereinigung f\u00fcr Medienkultur","robots":{"index":"index","follow":"follow","max-snippet":"max-snippet:-1","max-image-preview":"max-image-preview:large","max-video-preview":"max-video-preview:-1"},"canonical":"https:\/\/www.medienkultur.at\/neu\/good-news-statt-bad-news-konstruktiver-journalismus\/","og_locale":"de_DE","og_type":"article","og_title":"Good News statt Bad News? Konstruktiver Journalismus | Vereinigung f\u00fcr Medienkultur","og_description":"Ulrik Haagerup,\u00a0Direktor des D\u00e4nischen Rundfunks, sagte in einem Interview: Seit der d\u00e4nische Rundfunk\u00a0nicht mehr jeden Abend Horrorshows bringt,\u00a0stieg die Zahl der TV-Zuschauer. Wir brauchen einen\u00a0an\u00a0L\u00f6sungen interessierten Journalismus, also einen konstruktiven.\u00a0 Aber Missverst\u00e4ndnis ist, es gehe nur noch darum, positive Dinge zu schreiben und nichts Kritisches.\u00a0Und er sagte im Interview mit der Zeitschrift &#8222;Der \u00d6sterreichische Journalist&#8220; &hellip; Good News statt Bad News? Konstruktiver Journalismus weiterlesen &rarr;","og_url":"https:\/\/www.medienkultur.at\/neu\/good-news-statt-bad-news-konstruktiver-journalismus\/","og_site_name":"Vereinigung f\u00fcr Medienkultur","article_published_time":"2015-12-07T18:23:45+00:00","article_modified_time":"2015-12-08T19:58:25+00:00","author":"Hans H\u00f6gl","twitter_card":"summary_large_image","twitter_misc":{"Verfasst von":"Hans H\u00f6gl","Gesch\u00e4tzte Lesezeit":"1\u00a0Minute"},"schema":{"@context":"https:\/\/schema.org","@graph":[{"@type":"Article","@id":"https:\/\/www.medienkultur.at\/neu\/good-news-statt-bad-news-konstruktiver-journalismus\/#article","isPartOf":{"@id":"https:\/\/www.medienkultur.at\/neu\/good-news-statt-bad-news-konstruktiver-journalismus\/"},"author":{"name":"Hans H\u00f6gl","@id":"https:\/\/www.medienkultur.at\/neu\/#\/schema\/person\/5307830ec125174672d8c9d829eeb256"},"headline":"Good News statt Bad News? Konstruktiver Journalismus","datePublished":"2015-12-07T18:23:45+00:00","dateModified":"2015-12-08T19:58:25+00:00","mainEntityOfPage":{"@id":"https:\/\/www.medienkultur.at\/neu\/good-news-statt-bad-news-konstruktiver-journalismus\/"},"wordCount":268,"commentCount":1,"keywords":["Bad News","Der \"S\u00fcdwind\"","DIE ZEIT","Good news","Haagerup","konstruktiver Journalismus","l\u00f6sungsorientierte Medien","TV-D\u00e4nemark"],"articleSection":["Good News","J\u00dcNGSTE BEITR\u00c4GE","Medienkritik","Medienverantwortung \/ Medienrecht","Studien \/ Rezensionen"],"inLanguage":"de","potentialAction":[{"@type":"CommentAction","name":"Comment","target":["https:\/\/www.medienkultur.at\/neu\/good-news-statt-bad-news-konstruktiver-journalismus\/#respond"]}]},{"@type":"WebPage","@id":"https:\/\/www.medienkultur.at\/neu\/good-news-statt-bad-news-konstruktiver-journalismus\/","url":"https:\/\/www.medienkultur.at\/neu\/good-news-statt-bad-news-konstruktiver-journalismus\/","name":"Good News statt Bad News? Konstruktiver Journalismus | Vereinigung f\u00fcr Medienkultur","isPartOf":{"@id":"https:\/\/www.medienkultur.at\/neu\/#website"},"datePublished":"2015-12-07T18:23:45+00:00","dateModified":"2015-12-08T19:58:25+00:00","author":{"@id":"https:\/\/www.medienkultur.at\/neu\/#\/schema\/person\/5307830ec125174672d8c9d829eeb256"},"breadcrumb":{"@id":"https:\/\/www.medienkultur.at\/neu\/good-news-statt-bad-news-konstruktiver-journalismus\/#breadcrumb"},"inLanguage":"de","potentialAction":[{"@type":"ReadAction","target":["https:\/\/www.medienkultur.at\/neu\/good-news-statt-bad-news-konstruktiver-journalismus\/"]}]},{"@type":"BreadcrumbList","@id":"https:\/\/www.medienkultur.at\/neu\/good-news-statt-bad-news-konstruktiver-journalismus\/#breadcrumb","itemListElement":[{"@type":"ListItem","position":1,"name":"Startseite","item":"https:\/\/www.medienkultur.at\/neu\/"},{"@type":"ListItem","position":2,"name":"Good News statt Bad News? Konstruktiver Journalismus"}]},{"@type":"WebSite","@id":"https:\/\/www.medienkultur.at\/neu\/#website","url":"https:\/\/www.medienkultur.at\/neu\/","name":"Vereinigung f\u00fcr Medienkultur","description":"","potentialAction":[{"@type":"SearchAction","target":{"@type":"EntryPoint","urlTemplate":"https:\/\/www.medienkultur.at\/neu\/?s={search_term_string}"},"query-input":{"@type":"PropertyValueSpecification","valueRequired":true,"valueName":"search_term_string"}}],"inLanguage":"de"},{"@type":"Person","@id":"https:\/\/www.medienkultur.at\/neu\/#\/schema\/person\/5307830ec125174672d8c9d829eeb256","name":"Hans H\u00f6gl"}]}},"_links":{"self":[{"href":"https:\/\/www.medienkultur.at\/neu\/wp-json\/wp\/v2\/posts\/2453","targetHints":{"allow":["GET"]}}],"collection":[{"href":"https:\/\/www.medienkultur.at\/neu\/wp-json\/wp\/v2\/posts"}],"about":[{"href":"https:\/\/www.medienkultur.at\/neu\/wp-json\/wp\/v2\/types\/post"}],"author":[{"embeddable":true,"href":"https:\/\/www.medienkultur.at\/neu\/wp-json\/wp\/v2\/users\/1"}],"replies":[{"embeddable":true,"href":"https:\/\/www.medienkultur.at\/neu\/wp-json\/wp\/v2\/comments?post=2453"}],"version-history":[{"count":6,"href":"https:\/\/www.medienkultur.at\/neu\/wp-json\/wp\/v2\/posts\/2453\/revisions"}],"predecessor-version":[{"id":2463,"href":"https:\/\/www.medienkultur.at\/neu\/wp-json\/wp\/v2\/posts\/2453\/revisions\/2463"}],"wp:attachment":[{"href":"https:\/\/www.medienkultur.at\/neu\/wp-json\/wp\/v2\/media?parent=2453"}],"wp:term":[{"taxonomy":"category","embeddable":true,"href":"https:\/\/www.medienkultur.at\/neu\/wp-json\/wp\/v2\/categories?post=2453"},{"taxonomy":"post_tag","embeddable":true,"href":"https:\/\/www.medienkultur.at\/neu\/wp-json\/wp\/v2\/tags?post=2453"}],"curies":[{"name":"wp","href":"https:\/\/api.w.org\/{rel}","templated":true}]}}