{"id":2364,"date":"2015-11-10T13:34:05","date_gmt":"2015-11-10T11:34:05","guid":{"rendered":"http:\/\/www.medienkultur.at\/neu\/?p=2364"},"modified":"2015-11-10T13:36:23","modified_gmt":"2015-11-10T11:36:23","slug":"orf-fuehrung-fatale-entscheidung","status":"publish","type":"post","link":"https:\/\/www.medienkultur.at\/neu\/orf-fuehrung-fatale-entscheidung\/","title":{"rendered":"ORF : Fatale Entscheidung"},"content":{"rendered":"<h5><span style=\"color: #800000;\">Anhaltende\u00a0Proteste gegen gegen geplante Absiedelung und \u201eVerscherbelung\u201c des Wiener Funkhauses <\/span><\/h5>\n<p>Udo Bachmair<\/p>\n<p>Mehrere hundert Menschen, unter ihnen zahlreiche Kulturschaffende und Medienleute (einige mutige auch aus dem ORF), waren zur <strong>\u201eRettung des Funkhauses\u201c<\/strong> in die Wiener Argentinierstra\u00dfe gekommen. Die Demonstration vor dem Funkhaus richtete sich gegen die als <strong>\u201ev\u00f6llig verfehlt\u201c <\/strong>bezeichnete<strong> Entscheidung der ORF-F\u00fchrung<\/strong>, das zentral gelegene Funkhaus und damit auch die Sender \u00d61, Radio Wien und FM4 an den Stadtrand abzusiedeln. Die auch vom ORF-Stiftungsrat abgesegnete \u201efatale\u201c Entscheidung habe eine <strong>\u201eVerscherbelung\u201c<\/strong> des Geb\u00e4udes zur Folge. Sie k\u00f6nnte zudem, wie bef\u00fcrchtet wird, zu schmerzlichen journalistischen <strong>Qualit\u00e4tseinbu\u00dfen <\/strong>f\u00fchren sowie ein Ende der bisher gesunden redaktionellen Vielfalt bescheren.<\/p>\n<p><u>&#8222;<\/u>Ich bin emotional <strong>stark betroffen<\/strong>&#8222;, bekannte etwa Schauspieler und Kabarettist <strong>Erwin Steinhauer<\/strong>. Er k\u00f6nne sich nicht vorstellen, &#8222;dass bei einer \u00dcbersiedelung auf den K\u00fcniglberg die Senderidentit\u00e4t von \u00d61 gewahrt bleibt&#8220;. \u201eDer <strong>&#8222;Goldstaub der Kreativit\u00e4t<\/strong>&#8222;, der in den G\u00e4ngen dieses Hauses wehe, sei nicht zu transferieren.<\/p>\n<p>Schriftsteller <strong>Robert Menasse<\/strong> sorgte mit Aktionismus f\u00fcr Aufmerksamkeit und kettete sich aus Protest an den Funkhaus-Eingang. Zun\u00e4chst sei das noch ein symbolischer Akt, erkl\u00e4rte er. &#8222;Aber ich verspreche der ORF-Gesch\u00e4ftsf\u00fchrung, wenn sie diese <strong>geistesgest\u00f6rte Entscheidung<\/strong> nicht zur\u00fccknehmen, werde ich mich auf Dauer anketten.&#8220; Dabei z\u00e4hle er auch auf die Unterst\u00fctzung anderer Kulturschaffender &#8211; man werde abwechselnd in Ketten daf\u00fcr sorgen, dass <strong>kein Investor das Haus betrete<\/strong>.<\/p>\n<p>Viennale-Direktor <strong>Hans Hurch<\/strong> forderte den f\u00fcr Medien zust\u00e4ndigen Bundesminister Josef Ostermayer (SP\u00d6) auf, \u201eseine Verantwortung zu \u00fcbernehmen\u201c. Bei der geplanten \u00dcbersiedelung handle es sich weniger um eine \u00f6konomische als vielmehr um eine <strong>&#8222;Form des Disziplinierung\u201c.<\/strong><\/p>\n<p><strong>&#8222;Sie haben vor, das Funkhaus aufzugeben, Herr Wrabetz. Wir nicht&#8220;<\/strong>, zeigte sich der Gesch\u00e4ftsf\u00fchrer der IG Autoren, <strong>Gerhard Ruiss<\/strong>, vor den Demonstrant_innen k\u00e4mpferisch. Die ORF-F\u00fchrung habe irrt\u00fcmlich geglaubt, der Protest sei bereits abgeebbt, aber, so Ruiss: <strong>\u201eWir stehen erst am Anfang\u2026\u201c<\/strong><\/p>\n<p>&nbsp;<\/p>\n","protected":false},"excerpt":{"rendered":"<p>Anhaltende\u00a0Proteste gegen gegen geplante Absiedelung und \u201eVerscherbelung\u201c des Wiener Funkhauses Udo Bachmair Mehrere hundert Menschen, unter ihnen zahlreiche Kulturschaffende und Medienleute (einige mutige auch aus dem ORF), waren zur \u201eRettung des Funkhauses\u201c in die Wiener Argentinierstra\u00dfe gekommen. Die Demonstration vor dem Funkhaus richtete sich gegen die als \u201ev\u00f6llig verfehlt\u201c bezeichnete Entscheidung der ORF-F\u00fchrung, das zentral &hellip; <a href=\"https:\/\/www.medienkultur.at\/neu\/orf-fuehrung-fatale-entscheidung\/\" class=\"more-link\"><span class=\"screen-reader-text\">ORF : Fatale Entscheidung<\/span> weiterlesen <span class=\"meta-nav\">&rarr;<\/span><\/a><\/p>\n","protected":false},"author":1,"featured_media":0,"comment_status":"open","ping_status":"open","sticky":false,"template":"","format":"standard","meta":{"footnotes":""},"categories":[9,12,11,13,20],"tags":[320,28,318,317,54,315,319,316,321],"class_list":["post-2364","post","type-post","status-publish","format-standard","hentry","category-berichte_analysen","category-medien_bildung_religion","category-medien_politik_wirtschaft","category-medienpolitik","category-medienverantwortung_medienrecht","tag-demonstration","tag-funkhaus","tag-hurch","tag-menasse","tag-orf","tag-protest","tag-ruiss","tag-steinhauer","tag-wrabetz"],"yoast_head":"<!-- This site is optimized with the Yoast SEO plugin v27.5 - https:\/\/yoast.com\/product\/yoast-seo-wordpress\/ -->\n<title>ORF : Fatale Entscheidung | Vereinigung f\u00fcr Medienkultur<\/title>\n<meta name=\"robots\" content=\"index, follow, max-snippet:-1, max-image-preview:large, max-video-preview:-1\" \/>\n<link rel=\"canonical\" href=\"https:\/\/www.medienkultur.at\/neu\/orf-fuehrung-fatale-entscheidung\/\" \/>\n<meta property=\"og:locale\" content=\"de_DE\" \/>\n<meta property=\"og:type\" content=\"article\" \/>\n<meta property=\"og:title\" content=\"ORF : Fatale Entscheidung | Vereinigung f\u00fcr Medienkultur\" \/>\n<meta property=\"og:description\" content=\"Anhaltende\u00a0Proteste gegen gegen geplante Absiedelung und \u201eVerscherbelung\u201c des Wiener Funkhauses Udo Bachmair Mehrere hundert Menschen, unter ihnen zahlreiche Kulturschaffende und Medienleute (einige mutige auch aus dem ORF), waren zur \u201eRettung des Funkhauses\u201c in die Wiener Argentinierstra\u00dfe gekommen. Die Demonstration vor dem Funkhaus richtete sich gegen die als \u201ev\u00f6llig verfehlt\u201c bezeichnete Entscheidung der ORF-F\u00fchrung, das zentral &hellip; ORF : Fatale Entscheidung weiterlesen &rarr;\" \/>\n<meta property=\"og:url\" content=\"https:\/\/www.medienkultur.at\/neu\/orf-fuehrung-fatale-entscheidung\/\" \/>\n<meta property=\"og:site_name\" content=\"Vereinigung f\u00fcr Medienkultur\" \/>\n<meta property=\"article:published_time\" content=\"2015-11-10T11:34:05+00:00\" \/>\n<meta property=\"article:modified_time\" content=\"2015-11-10T11:36:23+00:00\" \/>\n<meta name=\"author\" content=\"Hans H\u00f6gl\" \/>\n<meta name=\"twitter:card\" content=\"summary_large_image\" \/>\n<meta name=\"twitter:label1\" content=\"Verfasst von\" \/>\n\t<meta name=\"twitter:data1\" content=\"Hans H\u00f6gl\" \/>\n\t<meta name=\"twitter:label2\" content=\"Gesch\u00e4tzte Lesezeit\" \/>\n\t<meta name=\"twitter:data2\" content=\"2\u00a0Minuten\" \/>\n<script type=\"application\/ld+json\" class=\"yoast-schema-graph\">{\"@context\":\"https:\\\/\\\/schema.org\",\"@graph\":[{\"@type\":\"Article\",\"@id\":\"https:\\\/\\\/www.medienkultur.at\\\/neu\\\/orf-fuehrung-fatale-entscheidung\\\/#article\",\"isPartOf\":{\"@id\":\"https:\\\/\\\/www.medienkultur.at\\\/neu\\\/orf-fuehrung-fatale-entscheidung\\\/\"},\"author\":{\"name\":\"Hans H\u00f6gl\",\"@id\":\"https:\\\/\\\/www.medienkultur.at\\\/neu\\\/#\\\/schema\\\/person\\\/5307830ec125174672d8c9d829eeb256\"},\"headline\":\"ORF : Fatale Entscheidung\",\"datePublished\":\"2015-11-10T11:34:05+00:00\",\"dateModified\":\"2015-11-10T11:36:23+00:00\",\"mainEntityOfPage\":{\"@id\":\"https:\\\/\\\/www.medienkultur.at\\\/neu\\\/orf-fuehrung-fatale-entscheidung\\\/\"},\"wordCount\":327,\"commentCount\":1,\"keywords\":[\"Demonstration\",\"Funkhaus\",\"Hurch\",\"Menasse\",\"ORF\",\"Protest\",\"Ruiss\",\"Steinhauer\",\"Wrabetz\"],\"articleSection\":[\"BERICHTE \\\/ ANALYSEN\",\"Medien und Bildung \\\/ Religion\",\"Medien und Politik \\\/ Wirtschaft\",\"Medienpolitik\",\"Medienverantwortung \\\/ Medienrecht\"],\"inLanguage\":\"de\",\"potentialAction\":[{\"@type\":\"CommentAction\",\"name\":\"Comment\",\"target\":[\"https:\\\/\\\/www.medienkultur.at\\\/neu\\\/orf-fuehrung-fatale-entscheidung\\\/#respond\"]}]},{\"@type\":\"WebPage\",\"@id\":\"https:\\\/\\\/www.medienkultur.at\\\/neu\\\/orf-fuehrung-fatale-entscheidung\\\/\",\"url\":\"https:\\\/\\\/www.medienkultur.at\\\/neu\\\/orf-fuehrung-fatale-entscheidung\\\/\",\"name\":\"ORF : Fatale Entscheidung | Vereinigung f\u00fcr Medienkultur\",\"isPartOf\":{\"@id\":\"https:\\\/\\\/www.medienkultur.at\\\/neu\\\/#website\"},\"datePublished\":\"2015-11-10T11:34:05+00:00\",\"dateModified\":\"2015-11-10T11:36:23+00:00\",\"author\":{\"@id\":\"https:\\\/\\\/www.medienkultur.at\\\/neu\\\/#\\\/schema\\\/person\\\/5307830ec125174672d8c9d829eeb256\"},\"breadcrumb\":{\"@id\":\"https:\\\/\\\/www.medienkultur.at\\\/neu\\\/orf-fuehrung-fatale-entscheidung\\\/#breadcrumb\"},\"inLanguage\":\"de\",\"potentialAction\":[{\"@type\":\"ReadAction\",\"target\":[\"https:\\\/\\\/www.medienkultur.at\\\/neu\\\/orf-fuehrung-fatale-entscheidung\\\/\"]}]},{\"@type\":\"BreadcrumbList\",\"@id\":\"https:\\\/\\\/www.medienkultur.at\\\/neu\\\/orf-fuehrung-fatale-entscheidung\\\/#breadcrumb\",\"itemListElement\":[{\"@type\":\"ListItem\",\"position\":1,\"name\":\"Startseite\",\"item\":\"https:\\\/\\\/www.medienkultur.at\\\/neu\\\/\"},{\"@type\":\"ListItem\",\"position\":2,\"name\":\"ORF : Fatale Entscheidung\"}]},{\"@type\":\"WebSite\",\"@id\":\"https:\\\/\\\/www.medienkultur.at\\\/neu\\\/#website\",\"url\":\"https:\\\/\\\/www.medienkultur.at\\\/neu\\\/\",\"name\":\"Vereinigung f\u00fcr Medienkultur\",\"description\":\"\",\"potentialAction\":[{\"@type\":\"SearchAction\",\"target\":{\"@type\":\"EntryPoint\",\"urlTemplate\":\"https:\\\/\\\/www.medienkultur.at\\\/neu\\\/?s={search_term_string}\"},\"query-input\":{\"@type\":\"PropertyValueSpecification\",\"valueRequired\":true,\"valueName\":\"search_term_string\"}}],\"inLanguage\":\"de\"},{\"@type\":\"Person\",\"@id\":\"https:\\\/\\\/www.medienkultur.at\\\/neu\\\/#\\\/schema\\\/person\\\/5307830ec125174672d8c9d829eeb256\",\"name\":\"Hans H\u00f6gl\"}]}<\/script>\n<!-- \/ Yoast SEO plugin. -->","yoast_head_json":{"title":"ORF : Fatale Entscheidung | Vereinigung f\u00fcr Medienkultur","robots":{"index":"index","follow":"follow","max-snippet":"max-snippet:-1","max-image-preview":"max-image-preview:large","max-video-preview":"max-video-preview:-1"},"canonical":"https:\/\/www.medienkultur.at\/neu\/orf-fuehrung-fatale-entscheidung\/","og_locale":"de_DE","og_type":"article","og_title":"ORF : Fatale Entscheidung | Vereinigung f\u00fcr Medienkultur","og_description":"Anhaltende\u00a0Proteste gegen gegen geplante Absiedelung und \u201eVerscherbelung\u201c des Wiener Funkhauses Udo Bachmair Mehrere hundert Menschen, unter ihnen zahlreiche Kulturschaffende und Medienleute (einige mutige auch aus dem ORF), waren zur \u201eRettung des Funkhauses\u201c in die Wiener Argentinierstra\u00dfe gekommen. Die Demonstration vor dem Funkhaus richtete sich gegen die als \u201ev\u00f6llig verfehlt\u201c bezeichnete Entscheidung der ORF-F\u00fchrung, das zentral &hellip; ORF : Fatale Entscheidung weiterlesen &rarr;","og_url":"https:\/\/www.medienkultur.at\/neu\/orf-fuehrung-fatale-entscheidung\/","og_site_name":"Vereinigung f\u00fcr Medienkultur","article_published_time":"2015-11-10T11:34:05+00:00","article_modified_time":"2015-11-10T11:36:23+00:00","author":"Hans H\u00f6gl","twitter_card":"summary_large_image","twitter_misc":{"Verfasst von":"Hans H\u00f6gl","Gesch\u00e4tzte Lesezeit":"2\u00a0Minuten"},"schema":{"@context":"https:\/\/schema.org","@graph":[{"@type":"Article","@id":"https:\/\/www.medienkultur.at\/neu\/orf-fuehrung-fatale-entscheidung\/#article","isPartOf":{"@id":"https:\/\/www.medienkultur.at\/neu\/orf-fuehrung-fatale-entscheidung\/"},"author":{"name":"Hans H\u00f6gl","@id":"https:\/\/www.medienkultur.at\/neu\/#\/schema\/person\/5307830ec125174672d8c9d829eeb256"},"headline":"ORF : Fatale Entscheidung","datePublished":"2015-11-10T11:34:05+00:00","dateModified":"2015-11-10T11:36:23+00:00","mainEntityOfPage":{"@id":"https:\/\/www.medienkultur.at\/neu\/orf-fuehrung-fatale-entscheidung\/"},"wordCount":327,"commentCount":1,"keywords":["Demonstration","Funkhaus","Hurch","Menasse","ORF","Protest","Ruiss","Steinhauer","Wrabetz"],"articleSection":["BERICHTE \/ ANALYSEN","Medien und Bildung \/ Religion","Medien und Politik \/ Wirtschaft","Medienpolitik","Medienverantwortung \/ Medienrecht"],"inLanguage":"de","potentialAction":[{"@type":"CommentAction","name":"Comment","target":["https:\/\/www.medienkultur.at\/neu\/orf-fuehrung-fatale-entscheidung\/#respond"]}]},{"@type":"WebPage","@id":"https:\/\/www.medienkultur.at\/neu\/orf-fuehrung-fatale-entscheidung\/","url":"https:\/\/www.medienkultur.at\/neu\/orf-fuehrung-fatale-entscheidung\/","name":"ORF : Fatale Entscheidung | Vereinigung f\u00fcr Medienkultur","isPartOf":{"@id":"https:\/\/www.medienkultur.at\/neu\/#website"},"datePublished":"2015-11-10T11:34:05+00:00","dateModified":"2015-11-10T11:36:23+00:00","author":{"@id":"https:\/\/www.medienkultur.at\/neu\/#\/schema\/person\/5307830ec125174672d8c9d829eeb256"},"breadcrumb":{"@id":"https:\/\/www.medienkultur.at\/neu\/orf-fuehrung-fatale-entscheidung\/#breadcrumb"},"inLanguage":"de","potentialAction":[{"@type":"ReadAction","target":["https:\/\/www.medienkultur.at\/neu\/orf-fuehrung-fatale-entscheidung\/"]}]},{"@type":"BreadcrumbList","@id":"https:\/\/www.medienkultur.at\/neu\/orf-fuehrung-fatale-entscheidung\/#breadcrumb","itemListElement":[{"@type":"ListItem","position":1,"name":"Startseite","item":"https:\/\/www.medienkultur.at\/neu\/"},{"@type":"ListItem","position":2,"name":"ORF : Fatale Entscheidung"}]},{"@type":"WebSite","@id":"https:\/\/www.medienkultur.at\/neu\/#website","url":"https:\/\/www.medienkultur.at\/neu\/","name":"Vereinigung f\u00fcr Medienkultur","description":"","potentialAction":[{"@type":"SearchAction","target":{"@type":"EntryPoint","urlTemplate":"https:\/\/www.medienkultur.at\/neu\/?s={search_term_string}"},"query-input":{"@type":"PropertyValueSpecification","valueRequired":true,"valueName":"search_term_string"}}],"inLanguage":"de"},{"@type":"Person","@id":"https:\/\/www.medienkultur.at\/neu\/#\/schema\/person\/5307830ec125174672d8c9d829eeb256","name":"Hans H\u00f6gl"}]}},"_links":{"self":[{"href":"https:\/\/www.medienkultur.at\/neu\/wp-json\/wp\/v2\/posts\/2364","targetHints":{"allow":["GET"]}}],"collection":[{"href":"https:\/\/www.medienkultur.at\/neu\/wp-json\/wp\/v2\/posts"}],"about":[{"href":"https:\/\/www.medienkultur.at\/neu\/wp-json\/wp\/v2\/types\/post"}],"author":[{"embeddable":true,"href":"https:\/\/www.medienkultur.at\/neu\/wp-json\/wp\/v2\/users\/1"}],"replies":[{"embeddable":true,"href":"https:\/\/www.medienkultur.at\/neu\/wp-json\/wp\/v2\/comments?post=2364"}],"version-history":[{"count":3,"href":"https:\/\/www.medienkultur.at\/neu\/wp-json\/wp\/v2\/posts\/2364\/revisions"}],"predecessor-version":[{"id":2367,"href":"https:\/\/www.medienkultur.at\/neu\/wp-json\/wp\/v2\/posts\/2364\/revisions\/2367"}],"wp:attachment":[{"href":"https:\/\/www.medienkultur.at\/neu\/wp-json\/wp\/v2\/media?parent=2364"}],"wp:term":[{"taxonomy":"category","embeddable":true,"href":"https:\/\/www.medienkultur.at\/neu\/wp-json\/wp\/v2\/categories?post=2364"},{"taxonomy":"post_tag","embeddable":true,"href":"https:\/\/www.medienkultur.at\/neu\/wp-json\/wp\/v2\/tags?post=2364"}],"curies":[{"name":"wp","href":"https:\/\/api.w.org\/{rel}","templated":true}]}}