{"id":1948,"date":"2015-04-30T21:37:59","date_gmt":"2015-04-30T19:37:59","guid":{"rendered":"http:\/\/www.medienkultur.at\/neu\/?p=1948"},"modified":"2015-04-30T21:41:11","modified_gmt":"2015-04-30T19:41:11","slug":"menschenrechte-in-der-tiefsten-krise-seit-dem-krieg","status":"publish","type":"post","link":"https:\/\/www.medienkultur.at\/neu\/menschenrechte-in-der-tiefsten-krise-seit-dem-krieg\/","title":{"rendered":"Menschenrechte in der tiefsten Krise seit dem Krieg"},"content":{"rendered":"<h5>Concordia-Preisverleihung im Zeichen der Menschenrechte<\/h5>\n<p>Udo Bachmair<\/p>\n<p>Der renommierte <strong>Presseclub Concordia<\/strong>, Kooperationspartner der <strong>Vereinigung f\u00fcr Medienkultur<\/strong> hat im Parlament in Wien die diesj\u00e4hrigen Preise \u00fcberreicht. F\u00fcr ihr Lebenswerk geehrt worden sind zwei besonders engagierte Pers\u00f6nlichkeiten: Der Journalist und Buchautor <strong>Hubert Feichtlbauer<\/strong>, sowie die Pionierin der Umweltbewegung und Wegbereiterin der Gr\u00fcnen, <strong>Freda Meissner-Blau<\/strong>. Deren zivilgesellschaftliches und demokratiepolitisch vorbildliches Wirken wurde im voll besetzten Nationalratssitzungssaal mit <strong>Standing Ovations<\/strong> bedacht.<\/p>\n<p>In ihrer besonders ber\u00fchrenden Dankesrede verwies Freda Meissner-Blau auf die Symbolik des Concordia-Preises f\u00fcr sie selbst. Er sei ein Fingerzeig darauf, dass ein gro\u00dfer Teil ihrer Zukunft hinter ihr liege. Sie f\u00fchle sich aber dazu verpflichtet, weiter ein waches Interesse am Weltgeschehen zu haben, aber auch in die Stille zu gehen.<\/p>\n<p><strong>Presse- und Informationsfreiheit sowie Menschenrechte<\/strong> sind jene zwei Kategorien, f\u00fcr die der Presseclub Concordia seit mehr als f\u00fcnfzehn Jahren besondere journalistische Arbeit auszeichnet. So gingen die Publizistikpreise heuer an die Pr\u00e4sidentin von &#8222;Reporter ohne Grenzen&#8220; <strong>Rubina M\u00f6hring<\/strong> sowie an den \u00d61-Radio-Journalisten <strong>Bernd Koschuh<\/strong>, f\u00fcr den der Menschensrechtsexperte Univ. Prof. <strong>Manfred Nowak<\/strong> eine vielbeachtete Laudatio hielt. Es bed\u00fcrfe einer menschenrechtlichen Revolution, f\u00fcr die es unerm\u00fcdliche Journalisten wie Koschuh brauche.<\/p>\n<p>Nowak machte den <strong>Neoliberalismus<\/strong> und die ungez\u00fcgelte Freiheit der Finanzm\u00e4rkte daf\u00fcr mitverantwortlich, dass die <strong>Menschenrechte \u201ein der tiefsten Krise seit dem Zweiten Weltkrieg<\/strong> stecken\u201c.<\/p>\n<p>Im Folgenden ein Ausschnitt aus der <strong>Laudatio<\/strong>, deren Manuskript mir Prof. Nowak f\u00fcr die Vereinigung f\u00fcr Medienkultur zur Verf\u00fcgung gestellt hat:<\/p>\n<p><em>&#8222;Statt die historische Chance des Endes des Kalten Kriegs zu n\u00fctzen, um eine wirklich neue Weltordnung auf der Grundlage von Menschenrechten, Rechtsstaat, Demokratie und Friedenssicherung aufzubauen, <strong>haben wir unsere Welt dem freien Spiel der M\u00e4rkte \u00fcberlassen<\/strong> und die staatlichen und vor allem sozialstaatlichen Strukturen geschw\u00e4cht. Das Ergebnis dieser verfehlten Politik sind <strong>globale Wirtschafts-, Nahrungsmittel-, Klima- und Finanzkrisen, wachsende Ungleichheit, Verteilungsk\u00e4mpfe und Kriege<\/strong>, die Macht nicht-staatlicher Akteure wie transnationaler Konzerne, der transnationalen organisierten Kriminalit\u00e4t (Waffen-, Drogen-, Menschenhandel), transnationaler Terrornetzwerke, und als deren Folge globale Migration und Fluchtbewegungen.<\/em><\/p>\n<p><em>Die Menschenrechte stecken in ihrer tiefsten Krise seit dem 2. Weltkrieg. <strong>Wir br\u00e4uchten dringend eine neue menschenrechtliche Revolution<\/strong>, <strong>einen neuen globalen menschenrechtlichen Grundkonsens<\/strong>, der sich gegen die Bedrohungen der Menschenrechte im 21. Jahrhundert wendet und wieder die Oberhand der Politik (einer gemeinsamen globalen Politik mit entsprechender Steuerungsinstrumenten) \u00fcber das freie Spiel der M\u00e4rkte, Konzerne, Mafiosi, Terroristen und selbsternannten Kalifen herstellt. Dazu braucht es vor allem freie Medien und die stetige \u00dcberzeugungsarbeit unerm\u00fcdlicher Journalisten wie Bernt Koschuh. <\/em><!--more--><\/p>\n<p><em>In seinen hervorragend recherchierten und aufr\u00fcttelnden Reportagen hat\u00a0Koschuh in sehr bewegender Weise viele der brennenden Menschenrechtsthemen unserer Zeit, vor allem in \u00d6sterreich behandelt. Junge Muslime im Spannungsfeld von Kalifat und Diskriminierung, unseren Umgang mit Fl\u00fcchtlingen aus<\/em> <em>Syrien, Somalia oder Afghanistan, die es trotz aller Barrieren bis in die Festung Europa geschafft haben und nun im \u00fcberf\u00fcllten Lager Traiskirchen sitzen, \u00fcber die Greueltaten des sogenannten \u201eIslamischen Staates\u201c und dessen Anziehungskraft auf junge Muslime, \u00fcber die Gewalt an Kindern mit Behinderung, \u00fcber Menschen- und Kinderhandel, den Missbrauchsskandal in der katholischen Kirche, \u00fcber Armut und Obdachlosigkeit, \u00fcber Korruption und Ungerechtigkeit, Polizei und Strafvollzug.<\/em><\/p>\n<p><em>Bernt Koschuh arbeitet vor allem f\u00fcr den H\u00f6rfunk und die Nachrichtenjournale des besten Qualit\u00e4tsmediums \u00d6sterreichs, in \u00d61. Es freut mich sehr, dass diese Auszeichnung auch gleichzeitig eine Anerkennung f\u00fcr die hervorragende Arbeit von \u00d61 darstellt, und ich hoffe sehr, dass wir \u00d61 auch in der Zukunft in unver\u00e4nderter Form wie bisher werden genie\u00dfen k\u00f6nnen&#8220;.<\/em><\/p>\n<p>&nbsp;<\/p>\n<p>&nbsp;<\/p>\n","protected":false},"excerpt":{"rendered":"<p>Concordia-Preisverleihung im Zeichen der Menschenrechte Udo Bachmair Der renommierte Presseclub Concordia, Kooperationspartner der Vereinigung f\u00fcr Medienkultur hat im Parlament in Wien die diesj\u00e4hrigen Preise \u00fcberreicht. F\u00fcr ihr Lebenswerk geehrt worden sind zwei besonders engagierte Pers\u00f6nlichkeiten: Der Journalist und Buchautor Hubert Feichtlbauer, sowie die Pionierin der Umweltbewegung und Wegbereiterin der Gr\u00fcnen, Freda Meissner-Blau. Deren zivilgesellschaftliches und &hellip; <a href=\"https:\/\/www.medienkultur.at\/neu\/menschenrechte-in-der-tiefsten-krise-seit-dem-krieg\/\" class=\"more-link\"><span class=\"screen-reader-text\">Menschenrechte in der tiefsten Krise seit dem Krieg<\/span> weiterlesen <span class=\"meta-nav\">&rarr;<\/span><\/a><\/p>\n","protected":false},"author":1,"featured_media":0,"comment_status":"open","ping_status":"open","sticky":false,"template":"","format":"standard","meta":{"footnotes":""},"categories":[9,1,11,20],"tags":[106,107],"class_list":["post-1948","post","type-post","status-publish","format-standard","hentry","category-berichte_analysen","category-allgemein","category-medien_politik_wirtschaft","category-medienverantwortung_medienrecht","tag-menschenrechte","tag-neoliberalismus"],"yoast_head":"<!-- This site is optimized with the Yoast SEO plugin v27.4 - https:\/\/yoast.com\/product\/yoast-seo-wordpress\/ -->\n<title>Menschenrechte in der tiefsten Krise seit dem Krieg | Vereinigung f\u00fcr Medienkultur<\/title>\n<meta name=\"robots\" content=\"index, follow, max-snippet:-1, max-image-preview:large, max-video-preview:-1\" \/>\n<link rel=\"canonical\" href=\"https:\/\/www.medienkultur.at\/neu\/menschenrechte-in-der-tiefsten-krise-seit-dem-krieg\/\" \/>\n<meta property=\"og:locale\" content=\"de_DE\" \/>\n<meta property=\"og:type\" content=\"article\" \/>\n<meta property=\"og:title\" content=\"Menschenrechte in der tiefsten Krise seit dem Krieg | Vereinigung f\u00fcr Medienkultur\" \/>\n<meta property=\"og:description\" content=\"Concordia-Preisverleihung im Zeichen der Menschenrechte Udo Bachmair Der renommierte Presseclub Concordia, Kooperationspartner der Vereinigung f\u00fcr Medienkultur hat im Parlament in Wien die diesj\u00e4hrigen Preise \u00fcberreicht. F\u00fcr ihr Lebenswerk geehrt worden sind zwei besonders engagierte Pers\u00f6nlichkeiten: Der Journalist und Buchautor Hubert Feichtlbauer, sowie die Pionierin der Umweltbewegung und Wegbereiterin der Gr\u00fcnen, Freda Meissner-Blau. Deren zivilgesellschaftliches und &hellip; Menschenrechte in der tiefsten Krise seit dem Krieg weiterlesen &rarr;\" \/>\n<meta property=\"og:url\" content=\"https:\/\/www.medienkultur.at\/neu\/menschenrechte-in-der-tiefsten-krise-seit-dem-krieg\/\" \/>\n<meta property=\"og:site_name\" content=\"Vereinigung f\u00fcr Medienkultur\" \/>\n<meta property=\"article:published_time\" content=\"2015-04-30T19:37:59+00:00\" \/>\n<meta property=\"article:modified_time\" content=\"2015-04-30T19:41:11+00:00\" \/>\n<meta name=\"author\" content=\"Hans H\u00f6gl\" \/>\n<meta name=\"twitter:card\" content=\"summary_large_image\" \/>\n<meta name=\"twitter:label1\" content=\"Verfasst von\" \/>\n\t<meta name=\"twitter:data1\" content=\"Hans H\u00f6gl\" \/>\n\t<meta name=\"twitter:label2\" content=\"Gesch\u00e4tzte Lesezeit\" \/>\n\t<meta name=\"twitter:data2\" content=\"3\u00a0Minuten\" \/>\n<script type=\"application\/ld+json\" class=\"yoast-schema-graph\">{\"@context\":\"https:\\\/\\\/schema.org\",\"@graph\":[{\"@type\":\"Article\",\"@id\":\"https:\\\/\\\/www.medienkultur.at\\\/neu\\\/menschenrechte-in-der-tiefsten-krise-seit-dem-krieg\\\/#article\",\"isPartOf\":{\"@id\":\"https:\\\/\\\/www.medienkultur.at\\\/neu\\\/menschenrechte-in-der-tiefsten-krise-seit-dem-krieg\\\/\"},\"author\":{\"name\":\"Hans H\u00f6gl\",\"@id\":\"https:\\\/\\\/www.medienkultur.at\\\/neu\\\/#\\\/schema\\\/person\\\/5307830ec125174672d8c9d829eeb256\"},\"headline\":\"Menschenrechte in der tiefsten Krise seit dem Krieg\",\"datePublished\":\"2015-04-30T19:37:59+00:00\",\"dateModified\":\"2015-04-30T19:41:11+00:00\",\"mainEntityOfPage\":{\"@id\":\"https:\\\/\\\/www.medienkultur.at\\\/neu\\\/menschenrechte-in-der-tiefsten-krise-seit-dem-krieg\\\/\"},\"wordCount\":594,\"commentCount\":1,\"keywords\":[\"Menschenrechte\",\"Neoliberalismus\"],\"articleSection\":[\"BERICHTE \\\/ ANALYSEN\",\"J\u00dcNGSTE BEITR\u00c4GE\",\"Medien und Politik \\\/ Wirtschaft\",\"Medienverantwortung \\\/ Medienrecht\"],\"inLanguage\":\"de\",\"potentialAction\":[{\"@type\":\"CommentAction\",\"name\":\"Comment\",\"target\":[\"https:\\\/\\\/www.medienkultur.at\\\/neu\\\/menschenrechte-in-der-tiefsten-krise-seit-dem-krieg\\\/#respond\"]}]},{\"@type\":\"WebPage\",\"@id\":\"https:\\\/\\\/www.medienkultur.at\\\/neu\\\/menschenrechte-in-der-tiefsten-krise-seit-dem-krieg\\\/\",\"url\":\"https:\\\/\\\/www.medienkultur.at\\\/neu\\\/menschenrechte-in-der-tiefsten-krise-seit-dem-krieg\\\/\",\"name\":\"Menschenrechte in der tiefsten Krise seit dem Krieg | Vereinigung f\u00fcr Medienkultur\",\"isPartOf\":{\"@id\":\"https:\\\/\\\/www.medienkultur.at\\\/neu\\\/#website\"},\"datePublished\":\"2015-04-30T19:37:59+00:00\",\"dateModified\":\"2015-04-30T19:41:11+00:00\",\"author\":{\"@id\":\"https:\\\/\\\/www.medienkultur.at\\\/neu\\\/#\\\/schema\\\/person\\\/5307830ec125174672d8c9d829eeb256\"},\"breadcrumb\":{\"@id\":\"https:\\\/\\\/www.medienkultur.at\\\/neu\\\/menschenrechte-in-der-tiefsten-krise-seit-dem-krieg\\\/#breadcrumb\"},\"inLanguage\":\"de\",\"potentialAction\":[{\"@type\":\"ReadAction\",\"target\":[\"https:\\\/\\\/www.medienkultur.at\\\/neu\\\/menschenrechte-in-der-tiefsten-krise-seit-dem-krieg\\\/\"]}]},{\"@type\":\"BreadcrumbList\",\"@id\":\"https:\\\/\\\/www.medienkultur.at\\\/neu\\\/menschenrechte-in-der-tiefsten-krise-seit-dem-krieg\\\/#breadcrumb\",\"itemListElement\":[{\"@type\":\"ListItem\",\"position\":1,\"name\":\"Startseite\",\"item\":\"https:\\\/\\\/www.medienkultur.at\\\/neu\\\/\"},{\"@type\":\"ListItem\",\"position\":2,\"name\":\"Menschenrechte in der tiefsten Krise seit dem Krieg\"}]},{\"@type\":\"WebSite\",\"@id\":\"https:\\\/\\\/www.medienkultur.at\\\/neu\\\/#website\",\"url\":\"https:\\\/\\\/www.medienkultur.at\\\/neu\\\/\",\"name\":\"Vereinigung f\u00fcr Medienkultur\",\"description\":\"\",\"potentialAction\":[{\"@type\":\"SearchAction\",\"target\":{\"@type\":\"EntryPoint\",\"urlTemplate\":\"https:\\\/\\\/www.medienkultur.at\\\/neu\\\/?s={search_term_string}\"},\"query-input\":{\"@type\":\"PropertyValueSpecification\",\"valueRequired\":true,\"valueName\":\"search_term_string\"}}],\"inLanguage\":\"de\"},{\"@type\":\"Person\",\"@id\":\"https:\\\/\\\/www.medienkultur.at\\\/neu\\\/#\\\/schema\\\/person\\\/5307830ec125174672d8c9d829eeb256\",\"name\":\"Hans H\u00f6gl\"}]}<\/script>\n<!-- \/ Yoast SEO plugin. -->","yoast_head_json":{"title":"Menschenrechte in der tiefsten Krise seit dem Krieg | Vereinigung f\u00fcr Medienkultur","robots":{"index":"index","follow":"follow","max-snippet":"max-snippet:-1","max-image-preview":"max-image-preview:large","max-video-preview":"max-video-preview:-1"},"canonical":"https:\/\/www.medienkultur.at\/neu\/menschenrechte-in-der-tiefsten-krise-seit-dem-krieg\/","og_locale":"de_DE","og_type":"article","og_title":"Menschenrechte in der tiefsten Krise seit dem Krieg | Vereinigung f\u00fcr Medienkultur","og_description":"Concordia-Preisverleihung im Zeichen der Menschenrechte Udo Bachmair Der renommierte Presseclub Concordia, Kooperationspartner der Vereinigung f\u00fcr Medienkultur hat im Parlament in Wien die diesj\u00e4hrigen Preise \u00fcberreicht. F\u00fcr ihr Lebenswerk geehrt worden sind zwei besonders engagierte Pers\u00f6nlichkeiten: Der Journalist und Buchautor Hubert Feichtlbauer, sowie die Pionierin der Umweltbewegung und Wegbereiterin der Gr\u00fcnen, Freda Meissner-Blau. Deren zivilgesellschaftliches und &hellip; Menschenrechte in der tiefsten Krise seit dem Krieg weiterlesen &rarr;","og_url":"https:\/\/www.medienkultur.at\/neu\/menschenrechte-in-der-tiefsten-krise-seit-dem-krieg\/","og_site_name":"Vereinigung f\u00fcr Medienkultur","article_published_time":"2015-04-30T19:37:59+00:00","article_modified_time":"2015-04-30T19:41:11+00:00","author":"Hans H\u00f6gl","twitter_card":"summary_large_image","twitter_misc":{"Verfasst von":"Hans H\u00f6gl","Gesch\u00e4tzte Lesezeit":"3\u00a0Minuten"},"schema":{"@context":"https:\/\/schema.org","@graph":[{"@type":"Article","@id":"https:\/\/www.medienkultur.at\/neu\/menschenrechte-in-der-tiefsten-krise-seit-dem-krieg\/#article","isPartOf":{"@id":"https:\/\/www.medienkultur.at\/neu\/menschenrechte-in-der-tiefsten-krise-seit-dem-krieg\/"},"author":{"name":"Hans H\u00f6gl","@id":"https:\/\/www.medienkultur.at\/neu\/#\/schema\/person\/5307830ec125174672d8c9d829eeb256"},"headline":"Menschenrechte in der tiefsten Krise seit dem Krieg","datePublished":"2015-04-30T19:37:59+00:00","dateModified":"2015-04-30T19:41:11+00:00","mainEntityOfPage":{"@id":"https:\/\/www.medienkultur.at\/neu\/menschenrechte-in-der-tiefsten-krise-seit-dem-krieg\/"},"wordCount":594,"commentCount":1,"keywords":["Menschenrechte","Neoliberalismus"],"articleSection":["BERICHTE \/ ANALYSEN","J\u00dcNGSTE BEITR\u00c4GE","Medien und Politik \/ Wirtschaft","Medienverantwortung \/ Medienrecht"],"inLanguage":"de","potentialAction":[{"@type":"CommentAction","name":"Comment","target":["https:\/\/www.medienkultur.at\/neu\/menschenrechte-in-der-tiefsten-krise-seit-dem-krieg\/#respond"]}]},{"@type":"WebPage","@id":"https:\/\/www.medienkultur.at\/neu\/menschenrechte-in-der-tiefsten-krise-seit-dem-krieg\/","url":"https:\/\/www.medienkultur.at\/neu\/menschenrechte-in-der-tiefsten-krise-seit-dem-krieg\/","name":"Menschenrechte in der tiefsten Krise seit dem Krieg | Vereinigung f\u00fcr Medienkultur","isPartOf":{"@id":"https:\/\/www.medienkultur.at\/neu\/#website"},"datePublished":"2015-04-30T19:37:59+00:00","dateModified":"2015-04-30T19:41:11+00:00","author":{"@id":"https:\/\/www.medienkultur.at\/neu\/#\/schema\/person\/5307830ec125174672d8c9d829eeb256"},"breadcrumb":{"@id":"https:\/\/www.medienkultur.at\/neu\/menschenrechte-in-der-tiefsten-krise-seit-dem-krieg\/#breadcrumb"},"inLanguage":"de","potentialAction":[{"@type":"ReadAction","target":["https:\/\/www.medienkultur.at\/neu\/menschenrechte-in-der-tiefsten-krise-seit-dem-krieg\/"]}]},{"@type":"BreadcrumbList","@id":"https:\/\/www.medienkultur.at\/neu\/menschenrechte-in-der-tiefsten-krise-seit-dem-krieg\/#breadcrumb","itemListElement":[{"@type":"ListItem","position":1,"name":"Startseite","item":"https:\/\/www.medienkultur.at\/neu\/"},{"@type":"ListItem","position":2,"name":"Menschenrechte in der tiefsten Krise seit dem Krieg"}]},{"@type":"WebSite","@id":"https:\/\/www.medienkultur.at\/neu\/#website","url":"https:\/\/www.medienkultur.at\/neu\/","name":"Vereinigung f\u00fcr Medienkultur","description":"","potentialAction":[{"@type":"SearchAction","target":{"@type":"EntryPoint","urlTemplate":"https:\/\/www.medienkultur.at\/neu\/?s={search_term_string}"},"query-input":{"@type":"PropertyValueSpecification","valueRequired":true,"valueName":"search_term_string"}}],"inLanguage":"de"},{"@type":"Person","@id":"https:\/\/www.medienkultur.at\/neu\/#\/schema\/person\/5307830ec125174672d8c9d829eeb256","name":"Hans H\u00f6gl"}]}},"_links":{"self":[{"href":"https:\/\/www.medienkultur.at\/neu\/wp-json\/wp\/v2\/posts\/1948","targetHints":{"allow":["GET"]}}],"collection":[{"href":"https:\/\/www.medienkultur.at\/neu\/wp-json\/wp\/v2\/posts"}],"about":[{"href":"https:\/\/www.medienkultur.at\/neu\/wp-json\/wp\/v2\/types\/post"}],"author":[{"embeddable":true,"href":"https:\/\/www.medienkultur.at\/neu\/wp-json\/wp\/v2\/users\/1"}],"replies":[{"embeddable":true,"href":"https:\/\/www.medienkultur.at\/neu\/wp-json\/wp\/v2\/comments?post=1948"}],"version-history":[{"count":1,"href":"https:\/\/www.medienkultur.at\/neu\/wp-json\/wp\/v2\/posts\/1948\/revisions"}],"predecessor-version":[{"id":1949,"href":"https:\/\/www.medienkultur.at\/neu\/wp-json\/wp\/v2\/posts\/1948\/revisions\/1949"}],"wp:attachment":[{"href":"https:\/\/www.medienkultur.at\/neu\/wp-json\/wp\/v2\/media?parent=1948"}],"wp:term":[{"taxonomy":"category","embeddable":true,"href":"https:\/\/www.medienkultur.at\/neu\/wp-json\/wp\/v2\/categories?post=1948"},{"taxonomy":"post_tag","embeddable":true,"href":"https:\/\/www.medienkultur.at\/neu\/wp-json\/wp\/v2\/tags?post=1948"}],"curies":[{"name":"wp","href":"https:\/\/api.w.org\/{rel}","templated":true}]}}