{"id":1944,"date":"2015-04-26T13:52:35","date_gmt":"2015-04-26T11:52:35","guid":{"rendered":"http:\/\/www.medienkultur.at\/neu\/?p=1944"},"modified":"2015-04-26T13:54:43","modified_gmt":"2015-04-26T11:54:43","slug":"unbehagen-an-der-ukraine-berichterstattung","status":"publish","type":"post","link":"https:\/\/www.medienkultur.at\/neu\/unbehagen-an-der-ukraine-berichterstattung\/","title":{"rendered":"Unbehagen an der Ukraine-Berichterstattung"},"content":{"rendered":"<p>Udo Bachmair<\/p>\n<p><strong>Fast 60 Prozent der deutschen Medienkonsument\/innen betrachten die Berichterstattung rund um den Ukraine-Konflikt als unausgewogen. Ein bemerkenswertes Ergebnis. Der antirussische Mainstream auch in Qualit\u00e4tsmedien hat offenbar nicht das erw\u00fcnschte Ergebnis gebracht. <\/strong><\/p>\n<p><strong>Das hei\u00dft nicht, dass NATO-Propaganda und Putin-Bashing keine Spuren in den K\u00f6pfen der Menschen hinterlassen h\u00e4tten. Immerhin ein Drittel der vom Forsa-Institut Befragten \u00e4u\u00dfert sich zufrieden mit der Ukraine-Berichterstattung. Besonders skeptisch hingegen sind J\u00fcngere und Anh\u00e4nger der Linken. <\/strong><\/p>\n<p><strong>N\u00e4heres von Joachim Huber, Leiter des Ressorts \u201eMedien\u201c im \u201eTagesspiegel\u201c:<\/strong><\/p>\n<p>Die Kritik an der Berichterstattung deutscher Medien \u00fcber den Ukraine-Konflikt h\u00e4lt an. Nach einer aktuellen Forsa-Umfrage f\u00fcr die Zeitschrift &#8222;Internationale Politik&#8220; f\u00fchlt sich <strong>eine deutliche Mehrheit der Bundesb\u00fcrger nicht gut informiert<\/strong>. Danach haben 58 Prozent der Befragten den Eindruck, es werde nicht ausgewogen berichtet. Nur 33 Prozent meinen, alles in allem werde in den Medien ausgewogen \u00fcber die Lage im Krisengebiet und \u00fcber die Hintergr\u00fcnde informiert.<\/p>\n<p>Die <strong>gr\u00f6\u00dfte Skepsis bei der Berichterstattung haben die 18- bis 29-J\u00e4hrigen<\/strong>: 68 Prozent halten sie f\u00fcr nicht ausgewogen, nur 28 Prozent f\u00fcr ausgewogen. Das Bild verschiebt sich mit zunehmenden Alter. <!--more--><\/p>\n<p>Bei den Bundesb\u00fcrgern zwischen 45 und 59 Jahren sinkt der Rate der Unzufriedenen auf 51 Prozent, das ist der niedrigste Wert bei den Alterskohorten. Insgesamt gibt es aber keine Altersgruppe, die nicht mit Mehrheit Kritik an der Berichterstattung \u00fcbt. Die Gruppe der Unzufriedenen (58 Prozent) nach Gr\u00fcnden f\u00fcr ihre Kritik befragt, dann sind es vor allem drei Gr\u00fcnde, die zu dieser Einsch\u00e4tzung f\u00fchren: 79 Prozent sagen, es werde unvollst\u00e4ndig und nicht umfassend informiert; 44 Prozent meinen, es werde zu einseitig aus der Perspektive der Ukraine berichtet, 14 Prozent sehen die Position Russlands zu stark betont.<\/p>\n<p><strong>Die sch\u00e4rfsten Kritiker, sortiert nach Parteipr\u00e4ferenzen, finden sich bei den Linken<\/strong> (79 Prozent) und bei den Anh\u00e4ngern der AfD mit 70 Prozent. Anh\u00e4nger der Regierungsparteien CDU\/CSU und SPD sind etwas weniger skeptisch: Jeweils 38 Prozent beurteilen die Berichterstattung als ausgewogen (Mehrheiten von 52 Prozent der Unions- und 54 Prozent der SPD-W\u00e4hler dagegen als nicht ausgewogen).<\/p>\n<p>Zwei interessante Befunde noch: Bundesb\u00fcrger im Osten finden mit 63 Prozent die Berichterstattung nicht ausgewogen, jene im Westen mit 57 Prozent. M\u00e4nner (60 Prozent) sind insgesamt skeptischer als Frauen (56 Prozent).<\/p>\n<p>Die gesamte Umfrage wird in der n\u00e4chsten Ausgabe der &#8222;Internationalen Politik&#8220; ver\u00f6ffentlicht, die am 30. April erscheint.<\/p>\n<p>&nbsp;<\/p>\n","protected":false},"excerpt":{"rendered":"<p>Udo Bachmair Fast 60 Prozent der deutschen Medienkonsument\/innen betrachten die Berichterstattung rund um den Ukraine-Konflikt als unausgewogen. Ein bemerkenswertes Ergebnis. Der antirussische Mainstream auch in Qualit\u00e4tsmedien hat offenbar nicht das erw\u00fcnschte Ergebnis gebracht. Das hei\u00dft nicht, dass NATO-Propaganda und Putin-Bashing keine Spuren in den K\u00f6pfen der Menschen hinterlassen h\u00e4tten. Immerhin ein Drittel der vom Forsa-Institut &hellip; <a href=\"https:\/\/www.medienkultur.at\/neu\/unbehagen-an-der-ukraine-berichterstattung\/\" class=\"more-link\"><span class=\"screen-reader-text\">Unbehagen an der Ukraine-Berichterstattung<\/span> weiterlesen <span class=\"meta-nav\">&rarr;<\/span><\/a><\/p>\n","protected":false},"author":1,"featured_media":0,"comment_status":"open","ping_status":"open","sticky":false,"template":"","format":"standard","meta":{"footnotes":""},"categories":[9,1,11],"tags":[105,33],"class_list":["post-1944","post","type-post","status-publish","format-standard","hentry","category-berichte_analysen","category-allgemein","category-medien_politik_wirtschaft","tag-berichterstattung","tag-ukraine"],"yoast_head":"<!-- This site is optimized with the Yoast SEO plugin v27.4 - https:\/\/yoast.com\/product\/yoast-seo-wordpress\/ -->\n<title>Unbehagen an der Ukraine-Berichterstattung | Vereinigung f\u00fcr Medienkultur<\/title>\n<meta name=\"robots\" content=\"index, follow, max-snippet:-1, max-image-preview:large, max-video-preview:-1\" \/>\n<link rel=\"canonical\" href=\"https:\/\/www.medienkultur.at\/neu\/unbehagen-an-der-ukraine-berichterstattung\/\" \/>\n<meta property=\"og:locale\" content=\"de_DE\" \/>\n<meta property=\"og:type\" content=\"article\" \/>\n<meta property=\"og:title\" content=\"Unbehagen an der Ukraine-Berichterstattung | Vereinigung f\u00fcr Medienkultur\" \/>\n<meta property=\"og:description\" content=\"Udo Bachmair Fast 60 Prozent der deutschen Medienkonsument\/innen betrachten die Berichterstattung rund um den Ukraine-Konflikt als unausgewogen. Ein bemerkenswertes Ergebnis. Der antirussische Mainstream auch in Qualit\u00e4tsmedien hat offenbar nicht das erw\u00fcnschte Ergebnis gebracht. Das hei\u00dft nicht, dass NATO-Propaganda und Putin-Bashing keine Spuren in den K\u00f6pfen der Menschen hinterlassen h\u00e4tten. Immerhin ein Drittel der vom Forsa-Institut &hellip; Unbehagen an der Ukraine-Berichterstattung weiterlesen &rarr;\" \/>\n<meta property=\"og:url\" content=\"https:\/\/www.medienkultur.at\/neu\/unbehagen-an-der-ukraine-berichterstattung\/\" \/>\n<meta property=\"og:site_name\" content=\"Vereinigung f\u00fcr Medienkultur\" \/>\n<meta property=\"article:published_time\" content=\"2015-04-26T11:52:35+00:00\" \/>\n<meta property=\"article:modified_time\" content=\"2015-04-26T11:54:43+00:00\" \/>\n<meta name=\"author\" content=\"Hans H\u00f6gl\" \/>\n<meta name=\"twitter:card\" content=\"summary_large_image\" \/>\n<meta name=\"twitter:label1\" content=\"Verfasst von\" \/>\n\t<meta name=\"twitter:data1\" content=\"Hans H\u00f6gl\" \/>\n\t<meta name=\"twitter:label2\" content=\"Gesch\u00e4tzte Lesezeit\" \/>\n\t<meta name=\"twitter:data2\" content=\"2\u00a0Minuten\" \/>\n<script type=\"application\/ld+json\" class=\"yoast-schema-graph\">{\"@context\":\"https:\\\/\\\/schema.org\",\"@graph\":[{\"@type\":\"Article\",\"@id\":\"https:\\\/\\\/www.medienkultur.at\\\/neu\\\/unbehagen-an-der-ukraine-berichterstattung\\\/#article\",\"isPartOf\":{\"@id\":\"https:\\\/\\\/www.medienkultur.at\\\/neu\\\/unbehagen-an-der-ukraine-berichterstattung\\\/\"},\"author\":{\"name\":\"Hans H\u00f6gl\",\"@id\":\"https:\\\/\\\/www.medienkultur.at\\\/neu\\\/#\\\/schema\\\/person\\\/5307830ec125174672d8c9d829eeb256\"},\"headline\":\"Unbehagen an der Ukraine-Berichterstattung\",\"datePublished\":\"2015-04-26T11:52:35+00:00\",\"dateModified\":\"2015-04-26T11:54:43+00:00\",\"mainEntityOfPage\":{\"@id\":\"https:\\\/\\\/www.medienkultur.at\\\/neu\\\/unbehagen-an-der-ukraine-berichterstattung\\\/\"},\"wordCount\":394,\"commentCount\":0,\"keywords\":[\"Berichterstattung\",\"Ukraine\"],\"articleSection\":[\"BERICHTE \\\/ ANALYSEN\",\"J\u00dcNGSTE BEITR\u00c4GE\",\"Medien und Politik \\\/ Wirtschaft\"],\"inLanguage\":\"de\",\"potentialAction\":[{\"@type\":\"CommentAction\",\"name\":\"Comment\",\"target\":[\"https:\\\/\\\/www.medienkultur.at\\\/neu\\\/unbehagen-an-der-ukraine-berichterstattung\\\/#respond\"]}]},{\"@type\":\"WebPage\",\"@id\":\"https:\\\/\\\/www.medienkultur.at\\\/neu\\\/unbehagen-an-der-ukraine-berichterstattung\\\/\",\"url\":\"https:\\\/\\\/www.medienkultur.at\\\/neu\\\/unbehagen-an-der-ukraine-berichterstattung\\\/\",\"name\":\"Unbehagen an der Ukraine-Berichterstattung | Vereinigung f\u00fcr Medienkultur\",\"isPartOf\":{\"@id\":\"https:\\\/\\\/www.medienkultur.at\\\/neu\\\/#website\"},\"datePublished\":\"2015-04-26T11:52:35+00:00\",\"dateModified\":\"2015-04-26T11:54:43+00:00\",\"author\":{\"@id\":\"https:\\\/\\\/www.medienkultur.at\\\/neu\\\/#\\\/schema\\\/person\\\/5307830ec125174672d8c9d829eeb256\"},\"breadcrumb\":{\"@id\":\"https:\\\/\\\/www.medienkultur.at\\\/neu\\\/unbehagen-an-der-ukraine-berichterstattung\\\/#breadcrumb\"},\"inLanguage\":\"de\",\"potentialAction\":[{\"@type\":\"ReadAction\",\"target\":[\"https:\\\/\\\/www.medienkultur.at\\\/neu\\\/unbehagen-an-der-ukraine-berichterstattung\\\/\"]}]},{\"@type\":\"BreadcrumbList\",\"@id\":\"https:\\\/\\\/www.medienkultur.at\\\/neu\\\/unbehagen-an-der-ukraine-berichterstattung\\\/#breadcrumb\",\"itemListElement\":[{\"@type\":\"ListItem\",\"position\":1,\"name\":\"Startseite\",\"item\":\"https:\\\/\\\/www.medienkultur.at\\\/neu\\\/\"},{\"@type\":\"ListItem\",\"position\":2,\"name\":\"Unbehagen an der Ukraine-Berichterstattung\"}]},{\"@type\":\"WebSite\",\"@id\":\"https:\\\/\\\/www.medienkultur.at\\\/neu\\\/#website\",\"url\":\"https:\\\/\\\/www.medienkultur.at\\\/neu\\\/\",\"name\":\"Vereinigung f\u00fcr Medienkultur\",\"description\":\"\",\"potentialAction\":[{\"@type\":\"SearchAction\",\"target\":{\"@type\":\"EntryPoint\",\"urlTemplate\":\"https:\\\/\\\/www.medienkultur.at\\\/neu\\\/?s={search_term_string}\"},\"query-input\":{\"@type\":\"PropertyValueSpecification\",\"valueRequired\":true,\"valueName\":\"search_term_string\"}}],\"inLanguage\":\"de\"},{\"@type\":\"Person\",\"@id\":\"https:\\\/\\\/www.medienkultur.at\\\/neu\\\/#\\\/schema\\\/person\\\/5307830ec125174672d8c9d829eeb256\",\"name\":\"Hans H\u00f6gl\"}]}<\/script>\n<!-- \/ Yoast SEO plugin. -->","yoast_head_json":{"title":"Unbehagen an der Ukraine-Berichterstattung | Vereinigung f\u00fcr Medienkultur","robots":{"index":"index","follow":"follow","max-snippet":"max-snippet:-1","max-image-preview":"max-image-preview:large","max-video-preview":"max-video-preview:-1"},"canonical":"https:\/\/www.medienkultur.at\/neu\/unbehagen-an-der-ukraine-berichterstattung\/","og_locale":"de_DE","og_type":"article","og_title":"Unbehagen an der Ukraine-Berichterstattung | Vereinigung f\u00fcr Medienkultur","og_description":"Udo Bachmair Fast 60 Prozent der deutschen Medienkonsument\/innen betrachten die Berichterstattung rund um den Ukraine-Konflikt als unausgewogen. Ein bemerkenswertes Ergebnis. Der antirussische Mainstream auch in Qualit\u00e4tsmedien hat offenbar nicht das erw\u00fcnschte Ergebnis gebracht. Das hei\u00dft nicht, dass NATO-Propaganda und Putin-Bashing keine Spuren in den K\u00f6pfen der Menschen hinterlassen h\u00e4tten. Immerhin ein Drittel der vom Forsa-Institut &hellip; Unbehagen an der Ukraine-Berichterstattung weiterlesen &rarr;","og_url":"https:\/\/www.medienkultur.at\/neu\/unbehagen-an-der-ukraine-berichterstattung\/","og_site_name":"Vereinigung f\u00fcr Medienkultur","article_published_time":"2015-04-26T11:52:35+00:00","article_modified_time":"2015-04-26T11:54:43+00:00","author":"Hans H\u00f6gl","twitter_card":"summary_large_image","twitter_misc":{"Verfasst von":"Hans H\u00f6gl","Gesch\u00e4tzte Lesezeit":"2\u00a0Minuten"},"schema":{"@context":"https:\/\/schema.org","@graph":[{"@type":"Article","@id":"https:\/\/www.medienkultur.at\/neu\/unbehagen-an-der-ukraine-berichterstattung\/#article","isPartOf":{"@id":"https:\/\/www.medienkultur.at\/neu\/unbehagen-an-der-ukraine-berichterstattung\/"},"author":{"name":"Hans H\u00f6gl","@id":"https:\/\/www.medienkultur.at\/neu\/#\/schema\/person\/5307830ec125174672d8c9d829eeb256"},"headline":"Unbehagen an der Ukraine-Berichterstattung","datePublished":"2015-04-26T11:52:35+00:00","dateModified":"2015-04-26T11:54:43+00:00","mainEntityOfPage":{"@id":"https:\/\/www.medienkultur.at\/neu\/unbehagen-an-der-ukraine-berichterstattung\/"},"wordCount":394,"commentCount":0,"keywords":["Berichterstattung","Ukraine"],"articleSection":["BERICHTE \/ ANALYSEN","J\u00dcNGSTE BEITR\u00c4GE","Medien und Politik \/ Wirtschaft"],"inLanguage":"de","potentialAction":[{"@type":"CommentAction","name":"Comment","target":["https:\/\/www.medienkultur.at\/neu\/unbehagen-an-der-ukraine-berichterstattung\/#respond"]}]},{"@type":"WebPage","@id":"https:\/\/www.medienkultur.at\/neu\/unbehagen-an-der-ukraine-berichterstattung\/","url":"https:\/\/www.medienkultur.at\/neu\/unbehagen-an-der-ukraine-berichterstattung\/","name":"Unbehagen an der Ukraine-Berichterstattung | Vereinigung f\u00fcr Medienkultur","isPartOf":{"@id":"https:\/\/www.medienkultur.at\/neu\/#website"},"datePublished":"2015-04-26T11:52:35+00:00","dateModified":"2015-04-26T11:54:43+00:00","author":{"@id":"https:\/\/www.medienkultur.at\/neu\/#\/schema\/person\/5307830ec125174672d8c9d829eeb256"},"breadcrumb":{"@id":"https:\/\/www.medienkultur.at\/neu\/unbehagen-an-der-ukraine-berichterstattung\/#breadcrumb"},"inLanguage":"de","potentialAction":[{"@type":"ReadAction","target":["https:\/\/www.medienkultur.at\/neu\/unbehagen-an-der-ukraine-berichterstattung\/"]}]},{"@type":"BreadcrumbList","@id":"https:\/\/www.medienkultur.at\/neu\/unbehagen-an-der-ukraine-berichterstattung\/#breadcrumb","itemListElement":[{"@type":"ListItem","position":1,"name":"Startseite","item":"https:\/\/www.medienkultur.at\/neu\/"},{"@type":"ListItem","position":2,"name":"Unbehagen an der Ukraine-Berichterstattung"}]},{"@type":"WebSite","@id":"https:\/\/www.medienkultur.at\/neu\/#website","url":"https:\/\/www.medienkultur.at\/neu\/","name":"Vereinigung f\u00fcr Medienkultur","description":"","potentialAction":[{"@type":"SearchAction","target":{"@type":"EntryPoint","urlTemplate":"https:\/\/www.medienkultur.at\/neu\/?s={search_term_string}"},"query-input":{"@type":"PropertyValueSpecification","valueRequired":true,"valueName":"search_term_string"}}],"inLanguage":"de"},{"@type":"Person","@id":"https:\/\/www.medienkultur.at\/neu\/#\/schema\/person\/5307830ec125174672d8c9d829eeb256","name":"Hans H\u00f6gl"}]}},"_links":{"self":[{"href":"https:\/\/www.medienkultur.at\/neu\/wp-json\/wp\/v2\/posts\/1944","targetHints":{"allow":["GET"]}}],"collection":[{"href":"https:\/\/www.medienkultur.at\/neu\/wp-json\/wp\/v2\/posts"}],"about":[{"href":"https:\/\/www.medienkultur.at\/neu\/wp-json\/wp\/v2\/types\/post"}],"author":[{"embeddable":true,"href":"https:\/\/www.medienkultur.at\/neu\/wp-json\/wp\/v2\/users\/1"}],"replies":[{"embeddable":true,"href":"https:\/\/www.medienkultur.at\/neu\/wp-json\/wp\/v2\/comments?post=1944"}],"version-history":[{"count":2,"href":"https:\/\/www.medienkultur.at\/neu\/wp-json\/wp\/v2\/posts\/1944\/revisions"}],"predecessor-version":[{"id":1946,"href":"https:\/\/www.medienkultur.at\/neu\/wp-json\/wp\/v2\/posts\/1944\/revisions\/1946"}],"wp:attachment":[{"href":"https:\/\/www.medienkultur.at\/neu\/wp-json\/wp\/v2\/media?parent=1944"}],"wp:term":[{"taxonomy":"category","embeddable":true,"href":"https:\/\/www.medienkultur.at\/neu\/wp-json\/wp\/v2\/categories?post=1944"},{"taxonomy":"post_tag","embeddable":true,"href":"https:\/\/www.medienkultur.at\/neu\/wp-json\/wp\/v2\/tags?post=1944"}],"curies":[{"name":"wp","href":"https:\/\/api.w.org\/{rel}","templated":true}]}}