{"id":14775,"date":"2026-05-03T11:22:28","date_gmt":"2026-05-03T10:22:28","guid":{"rendered":"https:\/\/www.medienkultur.at\/neu\/?p=14775"},"modified":"2026-05-03T11:38:45","modified_gmt":"2026-05-03T10:38:45","slug":"verspielen-wir-die-neutralitaet","status":"publish","type":"post","link":"https:\/\/www.medienkultur.at\/neu\/verspielen-wir-die-neutralitaet\/","title":{"rendered":"Verspielen wir die Neutralit\u00e4t?"},"content":{"rendered":"<p>Etwa 80 Prozent der \u00d6sterreicherinnen und \u00d6sterreicher betrachten die Neutralit\u00e4t als festen Bestandteil der \u00f6sterreichischen Identit\u00e4t. Wird die offizielle Politik dem Wunsch vieler \u00d6sterreicher nach konsequenter aktiver Neutralit\u00e4tspolitik gerecht? Und werden wir eigentlich im Ausland wirklich noch als neutraler Staat wahrgenommen? Da sind ernste Alarmzeichen nicht mehr zu \u00fcbersehen. <\/p>\n<p>Hans-Christian Scheid *<\/p>\n<p>Schon in unserem Nachbarland Deutschland scheint man von \u00d6sterreichs Neutralit\u00e4t wenig zu wissen beziehungsweise wissen zu wollen. Am 3.April 2026 hat eine Moderatorin des privaten Nachrichtensenders NTV allen Ernstes \u00d6sterreich in ihrer Moderation in die Reihe der \u201eVerb\u00fcndeten der USA\u201c gestellt. In einem Moderator-Gespr\u00e4ch mit einem Politikwissenschafter meinte sie, man habe den Eindruck, die Verb\u00fcndeten der USA lie\u00dfen sich immer weniger auf der Nase herumtanzen. Nach Spanien w\u00fcrden wir jetzt auch in \u00d6sterreich sehen, dass man sich mehr und mehr querstelle und sie fragte allen Ernstes, ob jetzt im Iran- Krieg St\u00fcck f\u00fcr St\u00fcck den USA die Verb\u00fcndeten wegliefen? Die Moderatorin wusste von der Neutralit\u00e4t \u00d6sterreichs offenbar nichts, weil sie schlicht die dem Neutralit\u00e4tsgesetz entsprechende Sperre des \u00f6sterreichischen Luftraumes f\u00fcr \u00dcberfl\u00fcge US-amerikanischer Milit\u00e4rflugzeuge f\u00fcr den Iran- Krieg missinterpretierte. <\/p>\n<p>Im vergangenen Jahr fiel auch der bayrische Ministerpr\u00e4sident S\u00f6der auf, der in einem Interview von einer NATO- Mitgliedschaft \u00d6sterreichs schwadronierte. S\u00f6der sagte, die \u00f6sterreichischen Freunde h\u00e4tten ihm erz\u00e4hlt, dass in den Koalitionsverhandlungen zwischen der FP\u00d6 und der \u00d6VP von Seiten der Freiheitlichen \u201eder Austritt aus der NATO verlangt worden sei\u201c. S\u00f6der erg\u00e4nzte, das entspreche dem Motto \u201ewir legen jetzt alles hin und erobert uns\u201c. Man kann nur hoffen, dass die \u00f6sterreichischen Freunde S\u00f6der mittlerweile Nachhilfestunden \u00fcber die Neutralit\u00e4t \u00d6sterreichs gegeben haben.  <\/p>\n<p>Abgesehen von der obligatorischen Sperre des \u00f6sterreichischen Luftraumes f\u00fcr US- Flugzeuge im Iran-Krieg l\u00e4sst die \u00f6sterreichische Regierung in meinen Augen leider wenig Initiative erkennen, die einer aktiven Neutralit\u00e4ts- und Friedenspolitik entsprechen w\u00fcrde. Noch im Wahlkampf f\u00fcr die Nationalratswahl 2024 versprach der SP\u00d6-Spitzenkandidat und nunmehrige Vizekanzler Andreas Babler eine solche aktive Neutralit\u00e4ts- und Friedenspolitik. Als besonders bedauerlich werte ich es, dass sich das neutrale \u00d6sterreich nicht zu einer klaren Verurteilung des Angriffskrieges der USA und Israels gegen\u00fcber dem Iran durchringen konnte. Auch zu mutma\u00dflichen Kriegsverbrechen, wie dem Bombardement einer M\u00e4dchenschule im Iran mit mindestens 168 toten Sch\u00fclerinnen, hat man geschwiegen. <\/p>\n<p>Man k\u00f6nnte auch sagen, das neutrale \u00d6sterreich misst sogar mit zweierlei Ma\u00df, denn der russische Angriffskrieg in der Ukraine wurde stets als v\u00f6lkerrechtswidriger Angriffskrieg vom offiziellen \u00d6sterreich gekennzeichnet. Stichwort Ukraine- Krieg. Wie ist es eigentlich hier um die \u00f6sterreichische Neutralit\u00e4t bestellt? Durfte der \u00f6sterreichische Bundeskanzler Stocker im vergangenen Dezember im EU-Rat in Br\u00fcssel quasi im Alleingang f\u00fcr \u00d6sterreich dem 90 Milliarden Euro Kredit f\u00fcr die Ukraine zustimmen? Zwei Drittel, 60 der 90 Milliarden Euro sollen f\u00fcr Waffenk\u00e4ufe verwendet werden.  Man muss sich vor Augen f\u00fchren, dass das neutrale \u00d6sterreich hier K\u00e4ufe von Waffen mit erm\u00f6glicht, die dann gegen Russland, den Nachfolgestaat der Sowjetunion, also gegen einen Signatarstaat des \u00f6sterreichischen Staatsvertrages von 1955 zum Einsatz kommen sollen.<\/p>\n<p>Es w\u00e4re l\u00e4ngst an der Zeit, dass die Medien in \u00d6sterreich eine breite Diskussion \u00fcber die Neutralit\u00e4t anschieben m\u00fcssten, aber zuletzt ist auch hier wenig Initiative zu erkennen. Lassen Sie mich zum Schluss zwei Ideen einbringen. Wie w\u00e4re es, wenn man von \u00d6sterreich aus eine Initiative mit der ebenfalls neutralen Schweiz anst\u00f6\u00dft \u201ezu einer neutralen Achse des Friedens\u201c mitten in Europa?!?  Zwei neutrale Staaten mit UNO- Sitzen in Wien und Genf.  Idee Nummer 2: Wenn wir es schon nicht zu einer atomwaffenfreien Welt schaffen, so k\u00f6nnte von \u00d6sterreich doch zumindest eine diplomatische Initiative f\u00fcr einen atomwaffenfreien Nahen Osten ausgehen. Es hie\u00dfe, dass Israel seine Atomwaffen abgeben m\u00fcsste, vielleicht an die USA und der Iran sein m\u00f6glicherweise waffenf\u00e4higes Uran etwa an China oder Russland \u00fcbergibt. Golfstaaten, wie Saudi- Arabien, die zuletzt \u00fcber Atomwaffen laut nachgedacht haben, sollten offiziell darauf verzichten. Lassen Sie mich ein wenig tr\u00e4umen: Wie w\u00e4re es, wenn in Wien ein solches Abkommen f\u00fcr einen \u201eatomwaffenfreien Nahen Osten\u201c unterzeichnet werden k\u00f6nnte??? <\/p>\n<p>\u2022\tGastautor Hans-Christian Scheid ist Journalist, war langj\u00e4hriger ORF-Redakteur\/Reporter und Moderator. Er lebt in Wien.<\/p>\n","protected":false},"excerpt":{"rendered":"<p>Etwa 80 Prozent der \u00d6sterreicherinnen und \u00d6sterreicher betrachten die Neutralit\u00e4t als festen Bestandteil der \u00f6sterreichischen Identit\u00e4t. Wird die offizielle Politik dem Wunsch vieler \u00d6sterreicher nach konsequenter aktiver Neutralit\u00e4tspolitik gerecht? Und werden wir eigentlich im Ausland wirklich noch als neutraler Staat wahrgenommen? Da sind ernste Alarmzeichen nicht mehr zu \u00fcbersehen. Hans-Christian Scheid * Schon in unserem &hellip; <a href=\"https:\/\/www.medienkultur.at\/neu\/verspielen-wir-die-neutralitaet\/\" class=\"more-link\"><span class=\"screen-reader-text\">Verspielen wir die Neutralit\u00e4t?<\/span> weiterlesen <span class=\"meta-nav\">&rarr;<\/span><\/a><\/p>\n","protected":false},"author":1,"featured_media":0,"comment_status":"open","ping_status":"open","sticky":false,"template":"","format":"standard","meta":{"footnotes":""},"categories":[9,15,1,12,11,18,10],"tags":[12064,12065,12066,12063,10244,667,12061,12067,2483,11687,4685,12060,34,7663,1662,8509,12062],"class_list":["post-14775","post","type-post","status-publish","format-standard","hentry","category-berichte_analysen","category-gastbeitraege","category-allgemein","category-medien_bildung_religion","category-medien_politik_wirtschaft","category-medienkompetenz","category-medienkritik","tag-angriffskrieg-der-usa-und-israels","tag-diskussion-ueber-die-neutralitaet","tag-hans-christian-scheid","tag-iran-krieg","tag-kriegsverbrechen","tag-medien-und-politik","tag-nachrichtensender-ntv","tag-neutrale-achse-des-friedens","tag-neutralitaet","tag-neutralitaetspolitik","tag-orf-redakteur","tag-oesterreichische-identitaet","tag-russland","tag-soeder","tag-sowjetunion","tag-ukraine-krieg","tag-verbuendete-der-usa"],"yoast_head":"<!-- This site is optimized with the Yoast SEO plugin v27.5 - https:\/\/yoast.com\/product\/yoast-seo-wordpress\/ -->\n<title>Verspielen wir die Neutralit\u00e4t? | Vereinigung f\u00fcr Medienkultur<\/title>\n<meta name=\"robots\" content=\"index, follow, max-snippet:-1, max-image-preview:large, max-video-preview:-1\" \/>\n<link rel=\"canonical\" href=\"https:\/\/www.medienkultur.at\/neu\/verspielen-wir-die-neutralitaet\/\" \/>\n<meta property=\"og:locale\" content=\"de_DE\" \/>\n<meta property=\"og:type\" content=\"article\" \/>\n<meta property=\"og:title\" content=\"Verspielen wir die Neutralit\u00e4t? | Vereinigung f\u00fcr Medienkultur\" \/>\n<meta property=\"og:description\" content=\"Etwa 80 Prozent der \u00d6sterreicherinnen und \u00d6sterreicher betrachten die Neutralit\u00e4t als festen Bestandteil der \u00f6sterreichischen Identit\u00e4t. Wird die offizielle Politik dem Wunsch vieler \u00d6sterreicher nach konsequenter aktiver Neutralit\u00e4tspolitik gerecht? Und werden wir eigentlich im Ausland wirklich noch als neutraler Staat wahrgenommen? Da sind ernste Alarmzeichen nicht mehr zu \u00fcbersehen. Hans-Christian Scheid * Schon in unserem &hellip; Verspielen wir die Neutralit\u00e4t? weiterlesen &rarr;\" \/>\n<meta property=\"og:url\" content=\"https:\/\/www.medienkultur.at\/neu\/verspielen-wir-die-neutralitaet\/\" \/>\n<meta property=\"og:site_name\" content=\"Vereinigung f\u00fcr Medienkultur\" \/>\n<meta property=\"article:published_time\" content=\"2026-05-03T10:22:28+00:00\" \/>\n<meta property=\"article:modified_time\" content=\"2026-05-03T10:38:45+00:00\" \/>\n<meta name=\"author\" content=\"Hans H\u00f6gl\" \/>\n<meta name=\"twitter:card\" content=\"summary_large_image\" \/>\n<meta name=\"twitter:label1\" content=\"Verfasst von\" \/>\n\t<meta name=\"twitter:data1\" content=\"Hans H\u00f6gl\" \/>\n\t<meta name=\"twitter:label2\" content=\"Gesch\u00e4tzte Lesezeit\" \/>\n\t<meta name=\"twitter:data2\" content=\"4\u00a0Minuten\" \/>\n<script type=\"application\/ld+json\" class=\"yoast-schema-graph\">{\"@context\":\"https:\\\/\\\/schema.org\",\"@graph\":[{\"@type\":\"Article\",\"@id\":\"https:\\\/\\\/www.medienkultur.at\\\/neu\\\/verspielen-wir-die-neutralitaet\\\/#article\",\"isPartOf\":{\"@id\":\"https:\\\/\\\/www.medienkultur.at\\\/neu\\\/verspielen-wir-die-neutralitaet\\\/\"},\"author\":{\"name\":\"Hans H\u00f6gl\",\"@id\":\"https:\\\/\\\/www.medienkultur.at\\\/neu\\\/#\\\/schema\\\/person\\\/5307830ec125174672d8c9d829eeb256\"},\"headline\":\"Verspielen wir die Neutralit\u00e4t?\",\"datePublished\":\"2026-05-03T10:22:28+00:00\",\"dateModified\":\"2026-05-03T10:38:45+00:00\",\"mainEntityOfPage\":{\"@id\":\"https:\\\/\\\/www.medienkultur.at\\\/neu\\\/verspielen-wir-die-neutralitaet\\\/\"},\"wordCount\":715,\"commentCount\":0,\"keywords\":[\"Angriffskrieg der USA und Israels\",\"Diskussion \u00fcber die Neutralit\u00e4t\",\"Hans Christian Scheid\",\"Iran-Krieg\",\"Kriegsverbrechen\",\"Medien und Politik\",\"Nachrichtensender NTV\",\"neutrale Achse des Friedens\",\"Neutralit\u00e4t\",\"Neutralit\u00e4tspolitik\",\"ORF-Redakteur\",\"\u00f6sterreichische Identit\u00e4t\",\"Russland\",\"S\u00f6der\",\"Sowjetunion\",\"Ukraine-Krieg\",\"Verb\u00fcndete der USA\"],\"articleSection\":[\"BERICHTE \\\/ ANALYSEN\",\"Gastbeitr\u00e4ge\",\"J\u00dcNGSTE BEITR\u00c4GE\",\"Medien und Bildung \\\/ Religion\",\"Medien und Politik \\\/ Wirtschaft\",\"Medienkompetenz\",\"Medienkritik\"],\"inLanguage\":\"de\",\"potentialAction\":[{\"@type\":\"CommentAction\",\"name\":\"Comment\",\"target\":[\"https:\\\/\\\/www.medienkultur.at\\\/neu\\\/verspielen-wir-die-neutralitaet\\\/#respond\"]}]},{\"@type\":\"WebPage\",\"@id\":\"https:\\\/\\\/www.medienkultur.at\\\/neu\\\/verspielen-wir-die-neutralitaet\\\/\",\"url\":\"https:\\\/\\\/www.medienkultur.at\\\/neu\\\/verspielen-wir-die-neutralitaet\\\/\",\"name\":\"Verspielen wir die Neutralit\u00e4t? | Vereinigung f\u00fcr Medienkultur\",\"isPartOf\":{\"@id\":\"https:\\\/\\\/www.medienkultur.at\\\/neu\\\/#website\"},\"datePublished\":\"2026-05-03T10:22:28+00:00\",\"dateModified\":\"2026-05-03T10:38:45+00:00\",\"author\":{\"@id\":\"https:\\\/\\\/www.medienkultur.at\\\/neu\\\/#\\\/schema\\\/person\\\/5307830ec125174672d8c9d829eeb256\"},\"breadcrumb\":{\"@id\":\"https:\\\/\\\/www.medienkultur.at\\\/neu\\\/verspielen-wir-die-neutralitaet\\\/#breadcrumb\"},\"inLanguage\":\"de\",\"potentialAction\":[{\"@type\":\"ReadAction\",\"target\":[\"https:\\\/\\\/www.medienkultur.at\\\/neu\\\/verspielen-wir-die-neutralitaet\\\/\"]}]},{\"@type\":\"BreadcrumbList\",\"@id\":\"https:\\\/\\\/www.medienkultur.at\\\/neu\\\/verspielen-wir-die-neutralitaet\\\/#breadcrumb\",\"itemListElement\":[{\"@type\":\"ListItem\",\"position\":1,\"name\":\"Startseite\",\"item\":\"https:\\\/\\\/www.medienkultur.at\\\/neu\\\/\"},{\"@type\":\"ListItem\",\"position\":2,\"name\":\"Verspielen wir die Neutralit\u00e4t?\"}]},{\"@type\":\"WebSite\",\"@id\":\"https:\\\/\\\/www.medienkultur.at\\\/neu\\\/#website\",\"url\":\"https:\\\/\\\/www.medienkultur.at\\\/neu\\\/\",\"name\":\"Vereinigung f\u00fcr Medienkultur\",\"description\":\"\",\"potentialAction\":[{\"@type\":\"SearchAction\",\"target\":{\"@type\":\"EntryPoint\",\"urlTemplate\":\"https:\\\/\\\/www.medienkultur.at\\\/neu\\\/?s={search_term_string}\"},\"query-input\":{\"@type\":\"PropertyValueSpecification\",\"valueRequired\":true,\"valueName\":\"search_term_string\"}}],\"inLanguage\":\"de\"},{\"@type\":\"Person\",\"@id\":\"https:\\\/\\\/www.medienkultur.at\\\/neu\\\/#\\\/schema\\\/person\\\/5307830ec125174672d8c9d829eeb256\",\"name\":\"Hans H\u00f6gl\"}]}<\/script>\n<!-- \/ Yoast SEO plugin. -->","yoast_head_json":{"title":"Verspielen wir die Neutralit\u00e4t? | Vereinigung f\u00fcr Medienkultur","robots":{"index":"index","follow":"follow","max-snippet":"max-snippet:-1","max-image-preview":"max-image-preview:large","max-video-preview":"max-video-preview:-1"},"canonical":"https:\/\/www.medienkultur.at\/neu\/verspielen-wir-die-neutralitaet\/","og_locale":"de_DE","og_type":"article","og_title":"Verspielen wir die Neutralit\u00e4t? | Vereinigung f\u00fcr Medienkultur","og_description":"Etwa 80 Prozent der \u00d6sterreicherinnen und \u00d6sterreicher betrachten die Neutralit\u00e4t als festen Bestandteil der \u00f6sterreichischen Identit\u00e4t. Wird die offizielle Politik dem Wunsch vieler \u00d6sterreicher nach konsequenter aktiver Neutralit\u00e4tspolitik gerecht? Und werden wir eigentlich im Ausland wirklich noch als neutraler Staat wahrgenommen? Da sind ernste Alarmzeichen nicht mehr zu \u00fcbersehen. Hans-Christian Scheid * Schon in unserem &hellip; Verspielen wir die Neutralit\u00e4t? weiterlesen &rarr;","og_url":"https:\/\/www.medienkultur.at\/neu\/verspielen-wir-die-neutralitaet\/","og_site_name":"Vereinigung f\u00fcr Medienkultur","article_published_time":"2026-05-03T10:22:28+00:00","article_modified_time":"2026-05-03T10:38:45+00:00","author":"Hans H\u00f6gl","twitter_card":"summary_large_image","twitter_misc":{"Verfasst von":"Hans H\u00f6gl","Gesch\u00e4tzte Lesezeit":"4\u00a0Minuten"},"schema":{"@context":"https:\/\/schema.org","@graph":[{"@type":"Article","@id":"https:\/\/www.medienkultur.at\/neu\/verspielen-wir-die-neutralitaet\/#article","isPartOf":{"@id":"https:\/\/www.medienkultur.at\/neu\/verspielen-wir-die-neutralitaet\/"},"author":{"name":"Hans H\u00f6gl","@id":"https:\/\/www.medienkultur.at\/neu\/#\/schema\/person\/5307830ec125174672d8c9d829eeb256"},"headline":"Verspielen wir die Neutralit\u00e4t?","datePublished":"2026-05-03T10:22:28+00:00","dateModified":"2026-05-03T10:38:45+00:00","mainEntityOfPage":{"@id":"https:\/\/www.medienkultur.at\/neu\/verspielen-wir-die-neutralitaet\/"},"wordCount":715,"commentCount":0,"keywords":["Angriffskrieg der USA und Israels","Diskussion \u00fcber die Neutralit\u00e4t","Hans Christian Scheid","Iran-Krieg","Kriegsverbrechen","Medien und Politik","Nachrichtensender NTV","neutrale Achse des Friedens","Neutralit\u00e4t","Neutralit\u00e4tspolitik","ORF-Redakteur","\u00f6sterreichische Identit\u00e4t","Russland","S\u00f6der","Sowjetunion","Ukraine-Krieg","Verb\u00fcndete der USA"],"articleSection":["BERICHTE \/ ANALYSEN","Gastbeitr\u00e4ge","J\u00dcNGSTE BEITR\u00c4GE","Medien und Bildung \/ Religion","Medien und Politik \/ Wirtschaft","Medienkompetenz","Medienkritik"],"inLanguage":"de","potentialAction":[{"@type":"CommentAction","name":"Comment","target":["https:\/\/www.medienkultur.at\/neu\/verspielen-wir-die-neutralitaet\/#respond"]}]},{"@type":"WebPage","@id":"https:\/\/www.medienkultur.at\/neu\/verspielen-wir-die-neutralitaet\/","url":"https:\/\/www.medienkultur.at\/neu\/verspielen-wir-die-neutralitaet\/","name":"Verspielen wir die Neutralit\u00e4t? | Vereinigung f\u00fcr Medienkultur","isPartOf":{"@id":"https:\/\/www.medienkultur.at\/neu\/#website"},"datePublished":"2026-05-03T10:22:28+00:00","dateModified":"2026-05-03T10:38:45+00:00","author":{"@id":"https:\/\/www.medienkultur.at\/neu\/#\/schema\/person\/5307830ec125174672d8c9d829eeb256"},"breadcrumb":{"@id":"https:\/\/www.medienkultur.at\/neu\/verspielen-wir-die-neutralitaet\/#breadcrumb"},"inLanguage":"de","potentialAction":[{"@type":"ReadAction","target":["https:\/\/www.medienkultur.at\/neu\/verspielen-wir-die-neutralitaet\/"]}]},{"@type":"BreadcrumbList","@id":"https:\/\/www.medienkultur.at\/neu\/verspielen-wir-die-neutralitaet\/#breadcrumb","itemListElement":[{"@type":"ListItem","position":1,"name":"Startseite","item":"https:\/\/www.medienkultur.at\/neu\/"},{"@type":"ListItem","position":2,"name":"Verspielen wir die Neutralit\u00e4t?"}]},{"@type":"WebSite","@id":"https:\/\/www.medienkultur.at\/neu\/#website","url":"https:\/\/www.medienkultur.at\/neu\/","name":"Vereinigung f\u00fcr Medienkultur","description":"","potentialAction":[{"@type":"SearchAction","target":{"@type":"EntryPoint","urlTemplate":"https:\/\/www.medienkultur.at\/neu\/?s={search_term_string}"},"query-input":{"@type":"PropertyValueSpecification","valueRequired":true,"valueName":"search_term_string"}}],"inLanguage":"de"},{"@type":"Person","@id":"https:\/\/www.medienkultur.at\/neu\/#\/schema\/person\/5307830ec125174672d8c9d829eeb256","name":"Hans H\u00f6gl"}]}},"_links":{"self":[{"href":"https:\/\/www.medienkultur.at\/neu\/wp-json\/wp\/v2\/posts\/14775","targetHints":{"allow":["GET"]}}],"collection":[{"href":"https:\/\/www.medienkultur.at\/neu\/wp-json\/wp\/v2\/posts"}],"about":[{"href":"https:\/\/www.medienkultur.at\/neu\/wp-json\/wp\/v2\/types\/post"}],"author":[{"embeddable":true,"href":"https:\/\/www.medienkultur.at\/neu\/wp-json\/wp\/v2\/users\/1"}],"replies":[{"embeddable":true,"href":"https:\/\/www.medienkultur.at\/neu\/wp-json\/wp\/v2\/comments?post=14775"}],"version-history":[{"count":1,"href":"https:\/\/www.medienkultur.at\/neu\/wp-json\/wp\/v2\/posts\/14775\/revisions"}],"predecessor-version":[{"id":14776,"href":"https:\/\/www.medienkultur.at\/neu\/wp-json\/wp\/v2\/posts\/14775\/revisions\/14776"}],"wp:attachment":[{"href":"https:\/\/www.medienkultur.at\/neu\/wp-json\/wp\/v2\/media?parent=14775"}],"wp:term":[{"taxonomy":"category","embeddable":true,"href":"https:\/\/www.medienkultur.at\/neu\/wp-json\/wp\/v2\/categories?post=14775"},{"taxonomy":"post_tag","embeddable":true,"href":"https:\/\/www.medienkultur.at\/neu\/wp-json\/wp\/v2\/tags?post=14775"}],"curies":[{"name":"wp","href":"https:\/\/api.w.org\/{rel}","templated":true}]}}