{"id":14767,"date":"2026-04-30T20:58:35","date_gmt":"2026-04-30T19:58:35","guid":{"rendered":"https:\/\/www.medienkultur.at\/neu\/?p=14767"},"modified":"2026-04-30T21:34:55","modified_gmt":"2026-04-30T20:34:55","slug":"pro-grundeinkommen","status":"publish","type":"post","link":"https:\/\/www.medienkultur.at\/neu\/pro-grundeinkommen\/","title":{"rendered":"Pro Grundeinkommen"},"content":{"rendered":"<p>Die in der breiten \u00d6ffentlichkeit etwas abgeglittene Debatte um ein bedingungsloses Grundeinkommen (BGE) k\u00f6nnte durch ein gr\u00f6\u00dferes Medieninteresse an dieser Thematik neu belebt werden. Eine gute substantielle Basis daf\u00fcr k\u00f6nnten Erkenntnisse und Ideen des Netzwerks \u201eBasic-Income-Europe\u201c bilden. <\/p>\n<p>Ilse Kleinschuster *<\/p>\n<p>Vorausgeschickt sei, ich bin Vertreterin einer Variante der Grundeinkommens (GE)-Idee, die sich Bedingungsloses Grundeinkommen (BGE) nennt, ein Modell, das sich als eine staatliche, universelle und pauschale Geldleistung versteht, welche die individuelle Existenz sichern und gesellschaftliche Teilhabe erm\u00f6glichen soll. Es ist als ein emanzipatorisches GE konzipiert, wobei ein Gro\u00dfteil der Sozialleistungen beibehalten werden soll. <\/p>\n<p>Die Welt des Arbeitsmarkts wurde ja von linker Seite immer schon mit gro\u00dfer Skepsis betrachtet, wenn es darum ging, wie es je allen Menschen m\u00f6glich sein sollte, einer Arbeit nachzugehen, der sie gewachsen sind und die sie mit entsprechender existentieller Absicherung erf\u00fcllen k\u00f6nnen. Wenn es heute immer mehr darum geht \u201aGeld oder Leben\u2018, \u201aFreiheit oder Sicherheit\u2018 \u2013 dann sehe ich im BGE ein Instrument, das von der Utopie in die Realit\u00e4t f\u00fchren k\u00f6nnte.<\/p>\n<p>Wenn wir diesen Weg gemeinsam gehen wollen, dann brauchen wir eine wirklich demokratische Wirtschaft und Gesellschaft. Angesichts der kapitalistischen Machtverh\u00e4ltnisse ist es aber naiv darauf zu vertrauen, dass Politiker*innen nur auf Basis von \u201eguten Argumenten\u201c ihre geliehene Macht dazu nutzen, Gesetze zu beschlie\u00dfen, die mit der Profit- und Wachstumslogik brechen. Auch die Vierte Macht im Staat h\u00e4ngt zu sehr am Tropf der marktwirtschaftlich-kapitalistischen Lebensweise, um Vorschl\u00e4ge zu ihrer Transformation aufzunehmen und konstruktiv weiterzuleiten. Journalismus hat gelegentlich dazu gedient, Widerstand zu unterst\u00fctzen, tut dies aber nicht in dem Ausma\u00df wie es heute notwendig w\u00e4re. <\/p>\n<p>Ein Netzwerk wie die Grundeinkommensbewegung (Basic Income Europe Network, BIEN) k\u00f6nnte jetzt aufr\u00fctteln und eine lautere Stimme f\u00fcr die Entwicklung von Werkzeugen zur L\u00f6sung fr\u00fcherer und gegenw\u00e4rtiger Krisen erheben. Damit k\u00f6nnte mehr Interesse auch vonseiten der Journalistinnen und Journalisten am BGE geweckt werden, weil es Menschen in deren T\u00e4tigsein nicht der aktuellen Zeitlogik unterwirft und Zeitstrukturen ver\u00e4ndern kann. Sobald Menschen individuell \u2013 durch Trennung von Arbeit und Einkommen mit einem BGE \u2013 entscheiden k\u00f6nnen \u00fcber die Arbeit ihrer Produktivit\u00e4t, wird sich das auch auf die Gesellschaft als Ganze niederschlagen. So gesehen w\u00e4re das BGE ein L\u00f6sungsansatz, um auch Institutionen, ja selbst gesellschaftliche Strukturen zu transformieren.<\/p>\n<p>Wenn jetzt immer \u00f6fter vom Demokratiesterben die Rede ist, dann w\u00e4re zu bedenken, inwieweit dies auch mit dem Dahinsiechen von Qualit\u00e4tsjournalismus zu tun hat. Ja, es gibt ihn, aber er kann mit seiner F\u00e4higkeit, lebendige Demokratie zu gestalten, nicht gro\u00df wirksam werden, solange seine Zug\u00e4nglichkeit vielen Menschen aus monet\u00e4ren Gr\u00fcnden verwehrt bleibt. <\/p>\n<p><em> * Gastautorin Ilse Kleinschuster ist Journalistin und rege Aktivistin der Zivilgesellschaft mit aktuell besonderem Schwerprunkt BGE<br \/>\n <\/em><\/p>\n","protected":false},"excerpt":{"rendered":"<p>Die in der breiten \u00d6ffentlichkeit etwas abgeglittene Debatte um ein bedingungsloses Grundeinkommen (BGE) k\u00f6nnte durch ein gr\u00f6\u00dferes Medieninteresse an dieser Thematik neu belebt werden. Eine gute substantielle Basis daf\u00fcr k\u00f6nnten Erkenntnisse und Ideen des Netzwerks \u201eBasic-Income-Europe\u201c bilden. Ilse Kleinschuster * Vorausgeschickt sei, ich bin Vertreterin einer Variante der Grundeinkommens (GE)-Idee, die sich Bedingungsloses Grundeinkommen (BGE) &hellip; <a href=\"https:\/\/www.medienkultur.at\/neu\/pro-grundeinkommen\/\" class=\"more-link\"><span class=\"screen-reader-text\">Pro Grundeinkommen<\/span> weiterlesen <span class=\"meta-nav\">&rarr;<\/span><\/a><\/p>\n","protected":false},"author":1,"featured_media":0,"comment_status":"open","ping_status":"open","sticky":false,"template":"","format":"standard","meta":{"footnotes":""},"categories":[9,15,1,18],"tags":[12057,12054,12059,12058,4381,12056,1407,12055],"class_list":["post-14767","post","type-post","status-publish","format-standard","hentry","category-berichte_analysen","category-gastbeitraege","category-allgemein","category-medienkompetenz","tag-basic-income-europe-network","tag-bedingungsloses-grundeinkommen-bge","tag-demokratische-wirtschaft-und-gesellschft","tag-geliehene-macht","tag-ilse-kleinschuster","tag-profit-und-wachstumslogik","tag-qualitaetsjournalismus","tag-welt-des-arbeitsmarkts"],"yoast_head":"<!-- This site is optimized with the Yoast SEO plugin v27.5 - https:\/\/yoast.com\/product\/yoast-seo-wordpress\/ -->\n<title>Pro Grundeinkommen | Vereinigung f\u00fcr Medienkultur<\/title>\n<meta name=\"robots\" content=\"index, follow, max-snippet:-1, max-image-preview:large, max-video-preview:-1\" \/>\n<link rel=\"canonical\" href=\"https:\/\/www.medienkultur.at\/neu\/pro-grundeinkommen\/\" \/>\n<meta property=\"og:locale\" content=\"de_DE\" \/>\n<meta property=\"og:type\" content=\"article\" \/>\n<meta property=\"og:title\" content=\"Pro Grundeinkommen | Vereinigung f\u00fcr Medienkultur\" \/>\n<meta property=\"og:description\" content=\"Die in der breiten \u00d6ffentlichkeit etwas abgeglittene Debatte um ein bedingungsloses Grundeinkommen (BGE) k\u00f6nnte durch ein gr\u00f6\u00dferes Medieninteresse an dieser Thematik neu belebt werden. Eine gute substantielle Basis daf\u00fcr k\u00f6nnten Erkenntnisse und Ideen des Netzwerks \u201eBasic-Income-Europe\u201c bilden. Ilse Kleinschuster * Vorausgeschickt sei, ich bin Vertreterin einer Variante der Grundeinkommens (GE)-Idee, die sich Bedingungsloses Grundeinkommen (BGE) &hellip; Pro Grundeinkommen weiterlesen &rarr;\" \/>\n<meta property=\"og:url\" content=\"https:\/\/www.medienkultur.at\/neu\/pro-grundeinkommen\/\" \/>\n<meta property=\"og:site_name\" content=\"Vereinigung f\u00fcr Medienkultur\" \/>\n<meta property=\"article:published_time\" content=\"2026-04-30T19:58:35+00:00\" \/>\n<meta property=\"article:modified_time\" content=\"2026-04-30T20:34:55+00:00\" \/>\n<meta name=\"author\" content=\"Hans H\u00f6gl\" \/>\n<meta name=\"twitter:card\" content=\"summary_large_image\" \/>\n<meta name=\"twitter:label1\" content=\"Verfasst von\" \/>\n\t<meta name=\"twitter:data1\" content=\"Hans H\u00f6gl\" \/>\n\t<meta name=\"twitter:label2\" content=\"Gesch\u00e4tzte Lesezeit\" \/>\n\t<meta name=\"twitter:data2\" content=\"3\u00a0Minuten\" \/>\n<script type=\"application\/ld+json\" class=\"yoast-schema-graph\">{\"@context\":\"https:\\\/\\\/schema.org\",\"@graph\":[{\"@type\":\"Article\",\"@id\":\"https:\\\/\\\/www.medienkultur.at\\\/neu\\\/pro-grundeinkommen\\\/#article\",\"isPartOf\":{\"@id\":\"https:\\\/\\\/www.medienkultur.at\\\/neu\\\/pro-grundeinkommen\\\/\"},\"author\":{\"name\":\"Hans H\u00f6gl\",\"@id\":\"https:\\\/\\\/www.medienkultur.at\\\/neu\\\/#\\\/schema\\\/person\\\/5307830ec125174672d8c9d829eeb256\"},\"headline\":\"Pro Grundeinkommen\",\"datePublished\":\"2026-04-30T19:58:35+00:00\",\"dateModified\":\"2026-04-30T20:34:55+00:00\",\"mainEntityOfPage\":{\"@id\":\"https:\\\/\\\/www.medienkultur.at\\\/neu\\\/pro-grundeinkommen\\\/\"},\"wordCount\":469,\"commentCount\":0,\"keywords\":[\"Basic Income Europe Network\",\"Bedingungsloses Grundeinkommen BGE\",\"demokratische Wirtschaft und Gesellschft\",\"geliehene Macht\",\"Ilse Kleinschuster\",\"Profit- und Wachstumslogik\",\"Qualit\u00e4tsjournalismus\",\"Welt des Arbeitsmarkts\"],\"articleSection\":[\"BERICHTE \\\/ ANALYSEN\",\"Gastbeitr\u00e4ge\",\"J\u00dcNGSTE BEITR\u00c4GE\",\"Medienkompetenz\"],\"inLanguage\":\"de\",\"potentialAction\":[{\"@type\":\"CommentAction\",\"name\":\"Comment\",\"target\":[\"https:\\\/\\\/www.medienkultur.at\\\/neu\\\/pro-grundeinkommen\\\/#respond\"]}]},{\"@type\":\"WebPage\",\"@id\":\"https:\\\/\\\/www.medienkultur.at\\\/neu\\\/pro-grundeinkommen\\\/\",\"url\":\"https:\\\/\\\/www.medienkultur.at\\\/neu\\\/pro-grundeinkommen\\\/\",\"name\":\"Pro Grundeinkommen | Vereinigung f\u00fcr Medienkultur\",\"isPartOf\":{\"@id\":\"https:\\\/\\\/www.medienkultur.at\\\/neu\\\/#website\"},\"datePublished\":\"2026-04-30T19:58:35+00:00\",\"dateModified\":\"2026-04-30T20:34:55+00:00\",\"author\":{\"@id\":\"https:\\\/\\\/www.medienkultur.at\\\/neu\\\/#\\\/schema\\\/person\\\/5307830ec125174672d8c9d829eeb256\"},\"breadcrumb\":{\"@id\":\"https:\\\/\\\/www.medienkultur.at\\\/neu\\\/pro-grundeinkommen\\\/#breadcrumb\"},\"inLanguage\":\"de\",\"potentialAction\":[{\"@type\":\"ReadAction\",\"target\":[\"https:\\\/\\\/www.medienkultur.at\\\/neu\\\/pro-grundeinkommen\\\/\"]}]},{\"@type\":\"BreadcrumbList\",\"@id\":\"https:\\\/\\\/www.medienkultur.at\\\/neu\\\/pro-grundeinkommen\\\/#breadcrumb\",\"itemListElement\":[{\"@type\":\"ListItem\",\"position\":1,\"name\":\"Startseite\",\"item\":\"https:\\\/\\\/www.medienkultur.at\\\/neu\\\/\"},{\"@type\":\"ListItem\",\"position\":2,\"name\":\"Pro Grundeinkommen\"}]},{\"@type\":\"WebSite\",\"@id\":\"https:\\\/\\\/www.medienkultur.at\\\/neu\\\/#website\",\"url\":\"https:\\\/\\\/www.medienkultur.at\\\/neu\\\/\",\"name\":\"Vereinigung f\u00fcr Medienkultur\",\"description\":\"\",\"potentialAction\":[{\"@type\":\"SearchAction\",\"target\":{\"@type\":\"EntryPoint\",\"urlTemplate\":\"https:\\\/\\\/www.medienkultur.at\\\/neu\\\/?s={search_term_string}\"},\"query-input\":{\"@type\":\"PropertyValueSpecification\",\"valueRequired\":true,\"valueName\":\"search_term_string\"}}],\"inLanguage\":\"de\"},{\"@type\":\"Person\",\"@id\":\"https:\\\/\\\/www.medienkultur.at\\\/neu\\\/#\\\/schema\\\/person\\\/5307830ec125174672d8c9d829eeb256\",\"name\":\"Hans H\u00f6gl\"}]}<\/script>\n<!-- \/ Yoast SEO plugin. -->","yoast_head_json":{"title":"Pro Grundeinkommen | Vereinigung f\u00fcr Medienkultur","robots":{"index":"index","follow":"follow","max-snippet":"max-snippet:-1","max-image-preview":"max-image-preview:large","max-video-preview":"max-video-preview:-1"},"canonical":"https:\/\/www.medienkultur.at\/neu\/pro-grundeinkommen\/","og_locale":"de_DE","og_type":"article","og_title":"Pro Grundeinkommen | Vereinigung f\u00fcr Medienkultur","og_description":"Die in der breiten \u00d6ffentlichkeit etwas abgeglittene Debatte um ein bedingungsloses Grundeinkommen (BGE) k\u00f6nnte durch ein gr\u00f6\u00dferes Medieninteresse an dieser Thematik neu belebt werden. Eine gute substantielle Basis daf\u00fcr k\u00f6nnten Erkenntnisse und Ideen des Netzwerks \u201eBasic-Income-Europe\u201c bilden. Ilse Kleinschuster * Vorausgeschickt sei, ich bin Vertreterin einer Variante der Grundeinkommens (GE)-Idee, die sich Bedingungsloses Grundeinkommen (BGE) &hellip; Pro Grundeinkommen weiterlesen &rarr;","og_url":"https:\/\/www.medienkultur.at\/neu\/pro-grundeinkommen\/","og_site_name":"Vereinigung f\u00fcr Medienkultur","article_published_time":"2026-04-30T19:58:35+00:00","article_modified_time":"2026-04-30T20:34:55+00:00","author":"Hans H\u00f6gl","twitter_card":"summary_large_image","twitter_misc":{"Verfasst von":"Hans H\u00f6gl","Gesch\u00e4tzte Lesezeit":"3\u00a0Minuten"},"schema":{"@context":"https:\/\/schema.org","@graph":[{"@type":"Article","@id":"https:\/\/www.medienkultur.at\/neu\/pro-grundeinkommen\/#article","isPartOf":{"@id":"https:\/\/www.medienkultur.at\/neu\/pro-grundeinkommen\/"},"author":{"name":"Hans H\u00f6gl","@id":"https:\/\/www.medienkultur.at\/neu\/#\/schema\/person\/5307830ec125174672d8c9d829eeb256"},"headline":"Pro Grundeinkommen","datePublished":"2026-04-30T19:58:35+00:00","dateModified":"2026-04-30T20:34:55+00:00","mainEntityOfPage":{"@id":"https:\/\/www.medienkultur.at\/neu\/pro-grundeinkommen\/"},"wordCount":469,"commentCount":0,"keywords":["Basic Income Europe Network","Bedingungsloses Grundeinkommen BGE","demokratische Wirtschaft und Gesellschft","geliehene Macht","Ilse Kleinschuster","Profit- und Wachstumslogik","Qualit\u00e4tsjournalismus","Welt des Arbeitsmarkts"],"articleSection":["BERICHTE \/ ANALYSEN","Gastbeitr\u00e4ge","J\u00dcNGSTE BEITR\u00c4GE","Medienkompetenz"],"inLanguage":"de","potentialAction":[{"@type":"CommentAction","name":"Comment","target":["https:\/\/www.medienkultur.at\/neu\/pro-grundeinkommen\/#respond"]}]},{"@type":"WebPage","@id":"https:\/\/www.medienkultur.at\/neu\/pro-grundeinkommen\/","url":"https:\/\/www.medienkultur.at\/neu\/pro-grundeinkommen\/","name":"Pro Grundeinkommen | Vereinigung f\u00fcr Medienkultur","isPartOf":{"@id":"https:\/\/www.medienkultur.at\/neu\/#website"},"datePublished":"2026-04-30T19:58:35+00:00","dateModified":"2026-04-30T20:34:55+00:00","author":{"@id":"https:\/\/www.medienkultur.at\/neu\/#\/schema\/person\/5307830ec125174672d8c9d829eeb256"},"breadcrumb":{"@id":"https:\/\/www.medienkultur.at\/neu\/pro-grundeinkommen\/#breadcrumb"},"inLanguage":"de","potentialAction":[{"@type":"ReadAction","target":["https:\/\/www.medienkultur.at\/neu\/pro-grundeinkommen\/"]}]},{"@type":"BreadcrumbList","@id":"https:\/\/www.medienkultur.at\/neu\/pro-grundeinkommen\/#breadcrumb","itemListElement":[{"@type":"ListItem","position":1,"name":"Startseite","item":"https:\/\/www.medienkultur.at\/neu\/"},{"@type":"ListItem","position":2,"name":"Pro Grundeinkommen"}]},{"@type":"WebSite","@id":"https:\/\/www.medienkultur.at\/neu\/#website","url":"https:\/\/www.medienkultur.at\/neu\/","name":"Vereinigung f\u00fcr Medienkultur","description":"","potentialAction":[{"@type":"SearchAction","target":{"@type":"EntryPoint","urlTemplate":"https:\/\/www.medienkultur.at\/neu\/?s={search_term_string}"},"query-input":{"@type":"PropertyValueSpecification","valueRequired":true,"valueName":"search_term_string"}}],"inLanguage":"de"},{"@type":"Person","@id":"https:\/\/www.medienkultur.at\/neu\/#\/schema\/person\/5307830ec125174672d8c9d829eeb256","name":"Hans H\u00f6gl"}]}},"_links":{"self":[{"href":"https:\/\/www.medienkultur.at\/neu\/wp-json\/wp\/v2\/posts\/14767","targetHints":{"allow":["GET"]}}],"collection":[{"href":"https:\/\/www.medienkultur.at\/neu\/wp-json\/wp\/v2\/posts"}],"about":[{"href":"https:\/\/www.medienkultur.at\/neu\/wp-json\/wp\/v2\/types\/post"}],"author":[{"embeddable":true,"href":"https:\/\/www.medienkultur.at\/neu\/wp-json\/wp\/v2\/users\/1"}],"replies":[{"embeddable":true,"href":"https:\/\/www.medienkultur.at\/neu\/wp-json\/wp\/v2\/comments?post=14767"}],"version-history":[{"count":5,"href":"https:\/\/www.medienkultur.at\/neu\/wp-json\/wp\/v2\/posts\/14767\/revisions"}],"predecessor-version":[{"id":14772,"href":"https:\/\/www.medienkultur.at\/neu\/wp-json\/wp\/v2\/posts\/14767\/revisions\/14772"}],"wp:attachment":[{"href":"https:\/\/www.medienkultur.at\/neu\/wp-json\/wp\/v2\/media?parent=14767"}],"wp:term":[{"taxonomy":"category","embeddable":true,"href":"https:\/\/www.medienkultur.at\/neu\/wp-json\/wp\/v2\/categories?post=14767"},{"taxonomy":"post_tag","embeddable":true,"href":"https:\/\/www.medienkultur.at\/neu\/wp-json\/wp\/v2\/tags?post=14767"}],"curies":[{"name":"wp","href":"https:\/\/api.w.org\/{rel}","templated":true}]}}