{"id":14764,"date":"2026-04-28T09:11:17","date_gmt":"2026-04-28T08:11:17","guid":{"rendered":"https:\/\/www.medienkultur.at\/neu\/?p=14764"},"modified":"2026-04-28T09:18:47","modified_gmt":"2026-04-28T08:18:47","slug":"mediendaemmerung","status":"publish","type":"post","link":"https:\/\/www.medienkultur.at\/neu\/mediendaemmerung\/","title":{"rendered":"Mediend\u00e4mmerung"},"content":{"rendered":"<p>In der Medienlandschaft hat sich in den vergangenen Jahren ein markanter Wandel vollzogen. So hat die Mediennutzung via Internet enorm zugenommen. Tageszeitungen haben an Einfluss und Bedeutung verloren. Dabei sind bzw. w\u00e4ren gerade Qualit\u00e4tsmedien von demokratiepolitisch hoher Relevanz. Vor all dem steht die Frage, wie guter Journalismus trotz widriger Entwicklungen der Medienbranche aufrechterhalten und gef\u00f6rdert werden kann. <\/p>\n<p>Ilse Kleinschuster *<\/p>\n<p>Unter dem Titel \u201eMediend\u00e4mmerung\u201c ver\u00f6ffentlichte die Wiener Zeitung am 29.6.2023 einen Gastkommentar von Konrad Paul Liessmann. Ich erinnerte mich daran als ich heute im STANDARD den Kommentar von Petra Stuiber gelesen habe, in dem sie meint, \u201ein den Medien muss sich viel \u00e4ndern, damit Journalismus \u00fcberleben kann.\u201c https:\/\/www.derstandard.at\/story\/3000000317058\/in-medien-muss-sich-viel-aendern-damit-journalismus-ueberleben-kann<\/p>\n<p>Sicher braucht es von Zeit zu Zeit neue Studien (bezugnehmend auf die Studie des &#8222;Medienhaus Wien&#8220;, im Auftrag unseres Medienministers Andreas Babler) als Grundlage, anhand derer althergebrachte Vorgehensweisen \u00fcberholt und neu konzipiert werden k\u00f6nnen. Ob sich dann daraus resultierende Vorschl\u00e4ge kulturpolitisch auch effektiv umsetzen lassen, wird die Zukunft zeigen. Journalistische Leistungen sollen einer der Studien zufolge besser messbar gemacht werden. Als f\u00f6rderw\u00fcrdig sollen k\u00fcnftig gelten: Newsroom-Strukturen, Korrespondentenb\u00fcros, Produktionsfl\u00e4chen inklusive Audio-Video- und Podcast-Ausstattung und die Arbeitspl\u00e4tze f\u00fcr Rechercheteams. Dieser Vorschlag birgt hohe Kosten, die wohl zu einem politischen H\u00fcrdenlauf einladen. <\/p>\n<p>Petra Stuiber ist skeptisch \u201ein Anbetracht der Rasanz, mit der journalistische Arbeitspl\u00e4tze derzeit verschwinden\u201c k\u00f6nnte sich die Frage nach den \u00f6ffentlichen Kosten f\u00fcr Journalismus als der demokratiegef\u00e4hrdende Kipppunkt im medialen Wandel herausstellen. Als Journalistin, die f\u00fcr Qualit\u00e4tsjournalismus einsteht, finde ich ihre Bedenken berechtigt. Ich meine auch, dass sich guter Journalismus ohne eine Anzahl von daf\u00fcr gut qualifizierten Menschen, denen auch gen\u00fcgend Zeit f\u00fcr gute Recherchen gew\u00e4hrt wird, nicht ausgehen kann. Und mit Petra Stuiber meine ich auch: \u201ewo guter Journalismus fehlt, ist die Demokratie gef\u00e4hrdet.\u201c<\/p>\n<p>Leistungsgerechte F\u00f6rderung hin oder her, ich denke, solange Milliarden an F\u00f6rdergeld von \u00f6sterreichischen Medien an Google und Co abflie\u00dfen, wird\u2019s wohl nix mit den dringend notwendigen Reformen. Jedoch, sollte es m\u00f6glich sein, eine Dividende aus diesem staatlichen Gewinn f\u00fcr ein Grundeinkommen f\u00fcr Arbeit im Bereich des Journalismus zu verwenden.- So wie das Volksbegehren nach einem Bedingungslosen Grundeinkommen (z.B. f\u00fcr Care Arbeit) w\u00fcrde wohl auch dieses abgelehnt\u2026.<\/p>\n<p>Es sei denn \u2026, diese Koalition gibt ihrer W\u00e4hlerschaft klar und deutlich zu bedenken, dass gerade jetzt, im Zeitalter der digitalen Kommunikation, Tageszeitungen, gar solche auf Papier, kulturpolitisch wichtig sind. Denn, dass sie dies nicht seien, so K.P.Liessmann, sei <em>\u201eeine These, die paradoxerweise umso falscher wird, je raffinierter und leistungsf\u00e4higer die Instrumente der K\u00fcnstlichen Intelligenz werden, die zunehmend unsere medialen Produkte bestimmen, denn wie das Geld lebten auch Medien von einer wesentlichen Disposition: Vertrauen. Die klassische Informationsflut werde mittlerweile flankiert von einer undurchsichtiger werdenden Quellenlage und der wachsenden Schwierigkeit, zwischen realit\u00e4tsnahen und fingierten Dokumenten \u00fcberhaupt unterscheiden zu k\u00f6nnen. Wenn allgemein zug\u00e4ngliche Programme jede Stimme imitieren, wirklichkeitsgetreue visuelle F\u00e4lschungen generieren und Texte aller Art produzieren k\u00f6nnen, gleiche die Suche nach verl\u00e4sslichen Nachrichten im Internet einer Fahrt im Diffusen: Mediend\u00e4mmerung. Es erscheine nahezu zwingend, dass man unter solchen Bedingungen noch am ehesten dem traut, was die eigene Weltsicht best\u00e4tigt. Daf\u00fcr gibt es f\u00fcr jeden genug im Netz. Das Denken bewegt sich im Kreis. Die Alternative w\u00e4re, an allem prinzipiell zu zweifeln. Das mache das Leben nicht leichter\u201c.<\/em> https:\/\/www.wienerzeitung.at\/h\/mediendammerung<\/p>\n<p>* Gastautorin Ilse Kleinschuster ist freie Journalistin und besonders engagierte Aktivistin im Bereich der Zivilgesellschaft<\/p>\n","protected":false},"excerpt":{"rendered":"<p>In der Medienlandschaft hat sich in den vergangenen Jahren ein markanter Wandel vollzogen. So hat die Mediennutzung via Internet enorm zugenommen. Tageszeitungen haben an Einfluss und Bedeutung verloren. Dabei sind bzw. w\u00e4ren gerade Qualit\u00e4tsmedien von demokratiepolitisch hoher Relevanz. Vor all dem steht die Frage, wie guter Journalismus trotz widriger Entwicklungen der Medienbranche aufrechterhalten und gef\u00f6rdert &hellip; <a href=\"https:\/\/www.medienkultur.at\/neu\/mediendaemmerung\/\" class=\"more-link\"><span class=\"screen-reader-text\">Mediend\u00e4mmerung<\/span> weiterlesen <span class=\"meta-nav\">&rarr;<\/span><\/a><\/p>\n","protected":false},"author":1,"featured_media":0,"comment_status":"open","ping_status":"open","sticky":false,"template":"","format":"standard","meta":{"footnotes":""},"categories":[9,1,12,11,18],"tags":[9690,12044,12053,12046,12045,12052,6178,4381,12050,12051,12048,9398,12043,1826,1938,12049,1430,12047,53,1713,409],"class_list":["post-14764","post","type-post","status-publish","format-standard","hentry","category-berichte_analysen","category-allgemein","category-medien_bildung_religion","category-medien_politik_wirtschaft","category-medienkompetenz","tag-andreas-babler","tag-demokratiepolitisch-von-hoher-relevanz","tag-digitale-kommunikation","tag-foerderwuerdig","tag-gastkommentar-von-konrad-paul-liessmann","tag-gute-recherchen","tag-guter-journalismus","tag-ilse-kleinschuster","tag-journalistische-arbeitsplaetze","tag-kulturpolitisch-wichtig","tag-medialer-wandel","tag-medienbranche","tag-mediendaemmerung","tag-medienlandschaft","tag-medienminister","tag-mediennutzung-im-internet","tag-qualitaetsmedien","tag-rechercheteams","tag-standard","tag-tageszeitungen","tag-wiener-zeitung"],"yoast_head":"<!-- This site is optimized with the Yoast SEO plugin v27.5 - https:\/\/yoast.com\/product\/yoast-seo-wordpress\/ -->\n<title>Mediend\u00e4mmerung | Vereinigung f\u00fcr Medienkultur<\/title>\n<meta name=\"robots\" content=\"index, follow, max-snippet:-1, max-image-preview:large, max-video-preview:-1\" \/>\n<link rel=\"canonical\" href=\"https:\/\/www.medienkultur.at\/neu\/mediendaemmerung\/\" \/>\n<meta property=\"og:locale\" content=\"de_DE\" \/>\n<meta property=\"og:type\" content=\"article\" \/>\n<meta property=\"og:title\" content=\"Mediend\u00e4mmerung | Vereinigung f\u00fcr Medienkultur\" \/>\n<meta property=\"og:description\" content=\"In der Medienlandschaft hat sich in den vergangenen Jahren ein markanter Wandel vollzogen. So hat die Mediennutzung via Internet enorm zugenommen. Tageszeitungen haben an Einfluss und Bedeutung verloren. Dabei sind bzw. w\u00e4ren gerade Qualit\u00e4tsmedien von demokratiepolitisch hoher Relevanz. Vor all dem steht die Frage, wie guter Journalismus trotz widriger Entwicklungen der Medienbranche aufrechterhalten und gef\u00f6rdert &hellip; Mediend\u00e4mmerung weiterlesen &rarr;\" \/>\n<meta property=\"og:url\" content=\"https:\/\/www.medienkultur.at\/neu\/mediendaemmerung\/\" \/>\n<meta property=\"og:site_name\" content=\"Vereinigung f\u00fcr Medienkultur\" \/>\n<meta property=\"article:published_time\" content=\"2026-04-28T08:11:17+00:00\" \/>\n<meta property=\"article:modified_time\" content=\"2026-04-28T08:18:47+00:00\" \/>\n<meta name=\"author\" content=\"Hans H\u00f6gl\" \/>\n<meta name=\"twitter:card\" content=\"summary_large_image\" \/>\n<meta name=\"twitter:label1\" content=\"Verfasst von\" \/>\n\t<meta name=\"twitter:data1\" content=\"Hans H\u00f6gl\" \/>\n\t<meta name=\"twitter:label2\" content=\"Gesch\u00e4tzte Lesezeit\" \/>\n\t<meta name=\"twitter:data2\" content=\"4\u00a0Minuten\" \/>\n<script type=\"application\/ld+json\" class=\"yoast-schema-graph\">{\"@context\":\"https:\\\/\\\/schema.org\",\"@graph\":[{\"@type\":\"Article\",\"@id\":\"https:\\\/\\\/www.medienkultur.at\\\/neu\\\/mediendaemmerung\\\/#article\",\"isPartOf\":{\"@id\":\"https:\\\/\\\/www.medienkultur.at\\\/neu\\\/mediendaemmerung\\\/\"},\"author\":{\"name\":\"Hans H\u00f6gl\",\"@id\":\"https:\\\/\\\/www.medienkultur.at\\\/neu\\\/#\\\/schema\\\/person\\\/5307830ec125174672d8c9d829eeb256\"},\"headline\":\"Mediend\u00e4mmerung\",\"datePublished\":\"2026-04-28T08:11:17+00:00\",\"dateModified\":\"2026-04-28T08:18:47+00:00\",\"mainEntityOfPage\":{\"@id\":\"https:\\\/\\\/www.medienkultur.at\\\/neu\\\/mediendaemmerung\\\/\"},\"wordCount\":600,\"commentCount\":0,\"keywords\":[\"Andreas Babler\",\"demokratiepolitisch von hoher Relevanz\",\"digitale Kommunikation\",\"f\u00f6rderw\u00fcrdig\",\"Gastkommentar von Konrad Paul Liessmann\",\"gute Recherchen\",\"Guter Journalismus\",\"Ilse Kleinschuster\",\"journalistische Arbeitspl\u00e4tze\",\"kulturpolitisch wichtig\",\"medialer Wandel\",\"Medienbranche\",\"Mediend\u00e4mmerung\",\"Medienlandschaft\",\"Medienminister\",\"Mediennutzung im Internet\",\"Qualit\u00e4tsmedien\",\"Rechercheteams\",\"Standard\",\"Tageszeitungen\",\"Wiener Zeitung\"],\"articleSection\":[\"BERICHTE \\\/ ANALYSEN\",\"J\u00dcNGSTE BEITR\u00c4GE\",\"Medien und Bildung \\\/ Religion\",\"Medien und Politik \\\/ Wirtschaft\",\"Medienkompetenz\"],\"inLanguage\":\"de\",\"potentialAction\":[{\"@type\":\"CommentAction\",\"name\":\"Comment\",\"target\":[\"https:\\\/\\\/www.medienkultur.at\\\/neu\\\/mediendaemmerung\\\/#respond\"]}]},{\"@type\":\"WebPage\",\"@id\":\"https:\\\/\\\/www.medienkultur.at\\\/neu\\\/mediendaemmerung\\\/\",\"url\":\"https:\\\/\\\/www.medienkultur.at\\\/neu\\\/mediendaemmerung\\\/\",\"name\":\"Mediend\u00e4mmerung | Vereinigung f\u00fcr Medienkultur\",\"isPartOf\":{\"@id\":\"https:\\\/\\\/www.medienkultur.at\\\/neu\\\/#website\"},\"datePublished\":\"2026-04-28T08:11:17+00:00\",\"dateModified\":\"2026-04-28T08:18:47+00:00\",\"author\":{\"@id\":\"https:\\\/\\\/www.medienkultur.at\\\/neu\\\/#\\\/schema\\\/person\\\/5307830ec125174672d8c9d829eeb256\"},\"breadcrumb\":{\"@id\":\"https:\\\/\\\/www.medienkultur.at\\\/neu\\\/mediendaemmerung\\\/#breadcrumb\"},\"inLanguage\":\"de\",\"potentialAction\":[{\"@type\":\"ReadAction\",\"target\":[\"https:\\\/\\\/www.medienkultur.at\\\/neu\\\/mediendaemmerung\\\/\"]}]},{\"@type\":\"BreadcrumbList\",\"@id\":\"https:\\\/\\\/www.medienkultur.at\\\/neu\\\/mediendaemmerung\\\/#breadcrumb\",\"itemListElement\":[{\"@type\":\"ListItem\",\"position\":1,\"name\":\"Startseite\",\"item\":\"https:\\\/\\\/www.medienkultur.at\\\/neu\\\/\"},{\"@type\":\"ListItem\",\"position\":2,\"name\":\"Mediend\u00e4mmerung\"}]},{\"@type\":\"WebSite\",\"@id\":\"https:\\\/\\\/www.medienkultur.at\\\/neu\\\/#website\",\"url\":\"https:\\\/\\\/www.medienkultur.at\\\/neu\\\/\",\"name\":\"Vereinigung f\u00fcr Medienkultur\",\"description\":\"\",\"potentialAction\":[{\"@type\":\"SearchAction\",\"target\":{\"@type\":\"EntryPoint\",\"urlTemplate\":\"https:\\\/\\\/www.medienkultur.at\\\/neu\\\/?s={search_term_string}\"},\"query-input\":{\"@type\":\"PropertyValueSpecification\",\"valueRequired\":true,\"valueName\":\"search_term_string\"}}],\"inLanguage\":\"de\"},{\"@type\":\"Person\",\"@id\":\"https:\\\/\\\/www.medienkultur.at\\\/neu\\\/#\\\/schema\\\/person\\\/5307830ec125174672d8c9d829eeb256\",\"name\":\"Hans H\u00f6gl\"}]}<\/script>\n<!-- \/ Yoast SEO plugin. -->","yoast_head_json":{"title":"Mediend\u00e4mmerung | Vereinigung f\u00fcr Medienkultur","robots":{"index":"index","follow":"follow","max-snippet":"max-snippet:-1","max-image-preview":"max-image-preview:large","max-video-preview":"max-video-preview:-1"},"canonical":"https:\/\/www.medienkultur.at\/neu\/mediendaemmerung\/","og_locale":"de_DE","og_type":"article","og_title":"Mediend\u00e4mmerung | Vereinigung f\u00fcr Medienkultur","og_description":"In der Medienlandschaft hat sich in den vergangenen Jahren ein markanter Wandel vollzogen. So hat die Mediennutzung via Internet enorm zugenommen. Tageszeitungen haben an Einfluss und Bedeutung verloren. Dabei sind bzw. w\u00e4ren gerade Qualit\u00e4tsmedien von demokratiepolitisch hoher Relevanz. Vor all dem steht die Frage, wie guter Journalismus trotz widriger Entwicklungen der Medienbranche aufrechterhalten und gef\u00f6rdert &hellip; Mediend\u00e4mmerung weiterlesen &rarr;","og_url":"https:\/\/www.medienkultur.at\/neu\/mediendaemmerung\/","og_site_name":"Vereinigung f\u00fcr Medienkultur","article_published_time":"2026-04-28T08:11:17+00:00","article_modified_time":"2026-04-28T08:18:47+00:00","author":"Hans H\u00f6gl","twitter_card":"summary_large_image","twitter_misc":{"Verfasst von":"Hans H\u00f6gl","Gesch\u00e4tzte Lesezeit":"4\u00a0Minuten"},"schema":{"@context":"https:\/\/schema.org","@graph":[{"@type":"Article","@id":"https:\/\/www.medienkultur.at\/neu\/mediendaemmerung\/#article","isPartOf":{"@id":"https:\/\/www.medienkultur.at\/neu\/mediendaemmerung\/"},"author":{"name":"Hans H\u00f6gl","@id":"https:\/\/www.medienkultur.at\/neu\/#\/schema\/person\/5307830ec125174672d8c9d829eeb256"},"headline":"Mediend\u00e4mmerung","datePublished":"2026-04-28T08:11:17+00:00","dateModified":"2026-04-28T08:18:47+00:00","mainEntityOfPage":{"@id":"https:\/\/www.medienkultur.at\/neu\/mediendaemmerung\/"},"wordCount":600,"commentCount":0,"keywords":["Andreas Babler","demokratiepolitisch von hoher Relevanz","digitale Kommunikation","f\u00f6rderw\u00fcrdig","Gastkommentar von Konrad Paul Liessmann","gute Recherchen","Guter Journalismus","Ilse Kleinschuster","journalistische Arbeitspl\u00e4tze","kulturpolitisch wichtig","medialer Wandel","Medienbranche","Mediend\u00e4mmerung","Medienlandschaft","Medienminister","Mediennutzung im Internet","Qualit\u00e4tsmedien","Rechercheteams","Standard","Tageszeitungen","Wiener Zeitung"],"articleSection":["BERICHTE \/ ANALYSEN","J\u00dcNGSTE BEITR\u00c4GE","Medien und Bildung \/ Religion","Medien und Politik \/ Wirtschaft","Medienkompetenz"],"inLanguage":"de","potentialAction":[{"@type":"CommentAction","name":"Comment","target":["https:\/\/www.medienkultur.at\/neu\/mediendaemmerung\/#respond"]}]},{"@type":"WebPage","@id":"https:\/\/www.medienkultur.at\/neu\/mediendaemmerung\/","url":"https:\/\/www.medienkultur.at\/neu\/mediendaemmerung\/","name":"Mediend\u00e4mmerung | Vereinigung f\u00fcr Medienkultur","isPartOf":{"@id":"https:\/\/www.medienkultur.at\/neu\/#website"},"datePublished":"2026-04-28T08:11:17+00:00","dateModified":"2026-04-28T08:18:47+00:00","author":{"@id":"https:\/\/www.medienkultur.at\/neu\/#\/schema\/person\/5307830ec125174672d8c9d829eeb256"},"breadcrumb":{"@id":"https:\/\/www.medienkultur.at\/neu\/mediendaemmerung\/#breadcrumb"},"inLanguage":"de","potentialAction":[{"@type":"ReadAction","target":["https:\/\/www.medienkultur.at\/neu\/mediendaemmerung\/"]}]},{"@type":"BreadcrumbList","@id":"https:\/\/www.medienkultur.at\/neu\/mediendaemmerung\/#breadcrumb","itemListElement":[{"@type":"ListItem","position":1,"name":"Startseite","item":"https:\/\/www.medienkultur.at\/neu\/"},{"@type":"ListItem","position":2,"name":"Mediend\u00e4mmerung"}]},{"@type":"WebSite","@id":"https:\/\/www.medienkultur.at\/neu\/#website","url":"https:\/\/www.medienkultur.at\/neu\/","name":"Vereinigung f\u00fcr Medienkultur","description":"","potentialAction":[{"@type":"SearchAction","target":{"@type":"EntryPoint","urlTemplate":"https:\/\/www.medienkultur.at\/neu\/?s={search_term_string}"},"query-input":{"@type":"PropertyValueSpecification","valueRequired":true,"valueName":"search_term_string"}}],"inLanguage":"de"},{"@type":"Person","@id":"https:\/\/www.medienkultur.at\/neu\/#\/schema\/person\/5307830ec125174672d8c9d829eeb256","name":"Hans H\u00f6gl"}]}},"_links":{"self":[{"href":"https:\/\/www.medienkultur.at\/neu\/wp-json\/wp\/v2\/posts\/14764","targetHints":{"allow":["GET"]}}],"collection":[{"href":"https:\/\/www.medienkultur.at\/neu\/wp-json\/wp\/v2\/posts"}],"about":[{"href":"https:\/\/www.medienkultur.at\/neu\/wp-json\/wp\/v2\/types\/post"}],"author":[{"embeddable":true,"href":"https:\/\/www.medienkultur.at\/neu\/wp-json\/wp\/v2\/users\/1"}],"replies":[{"embeddable":true,"href":"https:\/\/www.medienkultur.at\/neu\/wp-json\/wp\/v2\/comments?post=14764"}],"version-history":[{"count":1,"href":"https:\/\/www.medienkultur.at\/neu\/wp-json\/wp\/v2\/posts\/14764\/revisions"}],"predecessor-version":[{"id":14765,"href":"https:\/\/www.medienkultur.at\/neu\/wp-json\/wp\/v2\/posts\/14764\/revisions\/14765"}],"wp:attachment":[{"href":"https:\/\/www.medienkultur.at\/neu\/wp-json\/wp\/v2\/media?parent=14764"}],"wp:term":[{"taxonomy":"category","embeddable":true,"href":"https:\/\/www.medienkultur.at\/neu\/wp-json\/wp\/v2\/categories?post=14764"},{"taxonomy":"post_tag","embeddable":true,"href":"https:\/\/www.medienkultur.at\/neu\/wp-json\/wp\/v2\/tags?post=14764"}],"curies":[{"name":"wp","href":"https:\/\/api.w.org\/{rel}","templated":true}]}}