{"id":14120,"date":"2024-12-08T12:34:02","date_gmt":"2024-12-08T11:34:02","guid":{"rendered":"https:\/\/www.medienkultur.at\/neu\/?p=14120"},"modified":"2024-12-08T16:49:12","modified_gmt":"2024-12-08T15:49:12","slug":"in-memoriam-fritz-edlinger","status":"publish","type":"post","link":"https:\/\/www.medienkultur.at\/neu\/in-memoriam-fritz-edlinger\/","title":{"rendered":"In memoriam Fritz Edlinger"},"content":{"rendered":"<p>Fritz Edlinger ist in der Nacht auf Donnerstag v\u00f6llig unerwartet verstorben. Der Tod des engagierten Nahostexperten und Chefredakteurs der renommierten Zeitschrift INTERNATIONAL hat eine gro\u00dfe publizistische und politische L\u00fccke aufgerissen. <\/p>\n<p>Udo Bachmair<\/p>\n<p>Fritz Edlinger ist von Freunden, zu denen auch ich mich z\u00e4hlen durfte, immer wieder darauf aufmerksam gemacht worden, k\u00fcrzer zu treten und sich mehr zu schonen. Doch er hat sich davon nicht abhalten lassen. Er ist gleichsam Tag und Nacht mit nahezu \u00fcbermenschlichem Einsatz seiner journalistischen und politischen Leidenschaft nachgegangen. Mit unerm\u00fcdlich scheinender Energie widmete er sich seinen Lieblingsthemen Friedens- und Neutralit\u00e4tspolitik sowie der Solidarit\u00e4t mit dem schwer in Mitleidenschaft gezogenen pal\u00e4stinensischen Volk. <\/p>\n<p>In unseren zahlreichen Gespr\u00e4chen, in denen ich auch seine positive menschliche Seite sch\u00e4tzen gelernt habe, hat er auch hin und wieder Dampf abgelassen \u00fcber Dinge und Entwicklungen, die ihn immer wieder ge\u00e4rgert haben: So etwa dar\u00fcber, dass jede noch so berechtigte Kritik am \u00fcberschie\u00dfend brutalen Vorgehen Israels in Gaza in Politik und Medien oft mit der Keule des Antisemitismus-Vorwurfs begegnet wird. Sorge bereitete ihm in jenen Fragen, die ihn besonders bewegten, auch seine eigene Partei, die SP\u00d6.<\/p>\n<p>Fritz war entt\u00e4uscht, dass die Sozialdemokratie bzgl. Krieg und Frieden- betreffend die Ukraine und Gaza- ihren humanit\u00e4ren und br\u00fcckenbauenden Grundwerten nicht gerecht werde. Die SP\u00d6 habe sich unmissverst\u00e4ndlich auf die Seite Israels gestellt, und sich auch im Ukrainekrieg einseitig zugunsten des ukrainischen Regimes und der NATO positioniert. Dabei w\u00e4re \u00d6sterreich als neutraler Staat sowie als UNO-Standort pr\u00e4destiniert daf\u00fcr, wie zu Kreiskys Zeiten als Mediator zu fungieren und eine B\u00fchne f\u00fcr Waffenstillstands- und Friedensverhandlungen zu bieten.<\/p>\n<p>Insgesamt war Fritz ein Optimist und ewig Hoffender, dass sich Humanit\u00e4t und Frieden letztlich doch durchsetzen m\u00f6gen. Mit ihm verlieren wir einen unerm\u00fcdlichen K\u00e4mpfer f\u00fcr ein neutrales \u00d6sterreich, ein freies Pal\u00e4stina und ein tolerantes Miteinander. Auch ganz pers\u00f6nlich werde ich Fritz sehr vermissen. Was bleibt, sind Erinnerungen an Fritz als eine auch menschlich au\u00dfergew\u00f6hnliche Pers\u00f6nlichkeit, an spannende Gespr\u00e4che mit ihm, oft gespickt mit seinem ganz eigenen Humor.<\/p>\n<p>Ja, und last but not least wird mir die besonders wertsch\u00e4tzende Haltung zueinander stets in Erinnerung bleiben. <\/p>\n<p><em>Fritz Edlinger hat sich im \u00dcbrigen auch f\u00fcr unsere Vereinigung f\u00fcr Medienkultur verdient gemacht. Er war des \u00d6fteren (Podiums-)Gast bei Veranstaltungen und Diskussionsrunden und hat Aufzeichnungen davon im Youtube-Kanal von INTERNATIONAL verbreitet. Auch daf\u00fcr geb\u00fchrt ihm Dank.<\/em><\/p>\n","protected":false},"excerpt":{"rendered":"<p>Fritz Edlinger ist in der Nacht auf Donnerstag v\u00f6llig unerwartet verstorben. Der Tod des engagierten Nahostexperten und Chefredakteurs der renommierten Zeitschrift INTERNATIONAL hat eine gro\u00dfe publizistische und politische L\u00fccke aufgerissen. Udo Bachmair Fritz Edlinger ist von Freunden, zu denen auch ich mich z\u00e4hlen durfte, immer wieder darauf aufmerksam gemacht worden, k\u00fcrzer zu treten und sich &hellip; <a href=\"https:\/\/www.medienkultur.at\/neu\/in-memoriam-fritz-edlinger\/\" class=\"more-link\"><span class=\"screen-reader-text\">In memoriam Fritz Edlinger<\/span> weiterlesen <span class=\"meta-nav\">&rarr;<\/span><\/a><\/p>\n","protected":false},"author":1,"featured_media":0,"comment_status":"open","ping_status":"open","sticky":false,"template":"","format":"standard","meta":{"footnotes":""},"categories":[9,1,12,11,18,10,13,20],"tags":[11354,11351,562,10136,11353,2037,11347,452,11348,9864,4158,55,11352,11350,11349,544,543,1613,33,11355],"class_list":["post-14120","post","type-post","status-publish","format-standard","hentry","category-berichte_analysen","category-allgemein","category-medien_bildung_religion","category-medien_politik_wirtschaft","category-medienkompetenz","category-medienkritik","category-medienpolitik","category-medienverantwortung_medienrecht","tag-aussergewoehnliche-persoenlichkeit","tag-ewig-hoffender","tag-fritz-edlinger","tag-gaza","tag-grundwerte","tag-humanitaet","tag-in-memoriam-fritz-edlinger","tag-israel","tag-journalistische-und-politische-leidenschaft","tag-kreiskys-zeiten","tag-krieg-und-frieden","tag-nato","tag-neutrales-oesterreich","tag-optimist","tag-solidaritaet-mit-dem-palaestinensischen-volk","tag-sozialdemokratie","tag-spoe","tag-udo-bachmair","tag-ukraine","tag-wertschaetzende-haltung-zueinander"],"yoast_head":"<!-- This site is optimized with the Yoast SEO plugin v27.5 - https:\/\/yoast.com\/product\/yoast-seo-wordpress\/ -->\n<title>In memoriam Fritz Edlinger | Vereinigung f\u00fcr Medienkultur<\/title>\n<meta name=\"robots\" content=\"index, follow, max-snippet:-1, max-image-preview:large, max-video-preview:-1\" \/>\n<link rel=\"canonical\" href=\"https:\/\/www.medienkultur.at\/neu\/in-memoriam-fritz-edlinger\/\" \/>\n<meta property=\"og:locale\" content=\"de_DE\" \/>\n<meta property=\"og:type\" content=\"article\" \/>\n<meta property=\"og:title\" content=\"In memoriam Fritz Edlinger | Vereinigung f\u00fcr Medienkultur\" \/>\n<meta property=\"og:description\" content=\"Fritz Edlinger ist in der Nacht auf Donnerstag v\u00f6llig unerwartet verstorben. Der Tod des engagierten Nahostexperten und Chefredakteurs der renommierten Zeitschrift INTERNATIONAL hat eine gro\u00dfe publizistische und politische L\u00fccke aufgerissen. Udo Bachmair Fritz Edlinger ist von Freunden, zu denen auch ich mich z\u00e4hlen durfte, immer wieder darauf aufmerksam gemacht worden, k\u00fcrzer zu treten und sich &hellip; In memoriam Fritz Edlinger weiterlesen &rarr;\" \/>\n<meta property=\"og:url\" content=\"https:\/\/www.medienkultur.at\/neu\/in-memoriam-fritz-edlinger\/\" \/>\n<meta property=\"og:site_name\" content=\"Vereinigung f\u00fcr Medienkultur\" \/>\n<meta property=\"article:published_time\" content=\"2024-12-08T11:34:02+00:00\" \/>\n<meta property=\"article:modified_time\" content=\"2024-12-08T15:49:12+00:00\" \/>\n<meta name=\"author\" content=\"Hans H\u00f6gl\" \/>\n<meta name=\"twitter:card\" content=\"summary_large_image\" \/>\n<meta name=\"twitter:label1\" content=\"Verfasst von\" \/>\n\t<meta name=\"twitter:data1\" content=\"Hans H\u00f6gl\" \/>\n\t<meta name=\"twitter:label2\" content=\"Gesch\u00e4tzte Lesezeit\" \/>\n\t<meta name=\"twitter:data2\" content=\"3\u00a0Minuten\" \/>\n<script type=\"application\/ld+json\" class=\"yoast-schema-graph\">{\"@context\":\"https:\\\/\\\/schema.org\",\"@graph\":[{\"@type\":\"Article\",\"@id\":\"https:\\\/\\\/www.medienkultur.at\\\/neu\\\/in-memoriam-fritz-edlinger\\\/#article\",\"isPartOf\":{\"@id\":\"https:\\\/\\\/www.medienkultur.at\\\/neu\\\/in-memoriam-fritz-edlinger\\\/\"},\"author\":{\"name\":\"Hans H\u00f6gl\",\"@id\":\"https:\\\/\\\/www.medienkultur.at\\\/neu\\\/#\\\/schema\\\/person\\\/5307830ec125174672d8c9d829eeb256\"},\"headline\":\"In memoriam Fritz Edlinger\",\"datePublished\":\"2024-12-08T11:34:02+00:00\",\"dateModified\":\"2024-12-08T15:49:12+00:00\",\"mainEntityOfPage\":{\"@id\":\"https:\\\/\\\/www.medienkultur.at\\\/neu\\\/in-memoriam-fritz-edlinger\\\/\"},\"wordCount\":422,\"commentCount\":4,\"keywords\":[\"au\u00dfergew\u00f6hnliche Pers\u00f6nlichkeit\",\"ewig Hoffender\",\"Fritz Edlinger\",\"Gaza\",\"Grundwerte\",\"Humanit\u00e4t\",\"in memoriam Fritz Edlinger\",\"Israel\",\"journalistische und politische Leidenschaft\",\"Kreiskys Zeiten\",\"Krieg und Frieden\",\"NATO\",\"neutrales \u00d6sterreich\",\"Optimist\",\"Solidarit\u00e4t mit dem pal\u00e4stinensischen Volk\",\"Sozialdemokratie\",\"SP\u00d6\",\"Udo Bachmair\",\"Ukraine\",\"wertsch\u00e4tzende Haltung zueinander\"],\"articleSection\":[\"BERICHTE \\\/ ANALYSEN\",\"J\u00dcNGSTE BEITR\u00c4GE\",\"Medien und Bildung \\\/ Religion\",\"Medien und Politik \\\/ Wirtschaft\",\"Medienkompetenz\",\"Medienkritik\",\"Medienpolitik\",\"Medienverantwortung \\\/ Medienrecht\"],\"inLanguage\":\"de\",\"potentialAction\":[{\"@type\":\"CommentAction\",\"name\":\"Comment\",\"target\":[\"https:\\\/\\\/www.medienkultur.at\\\/neu\\\/in-memoriam-fritz-edlinger\\\/#respond\"]}]},{\"@type\":\"WebPage\",\"@id\":\"https:\\\/\\\/www.medienkultur.at\\\/neu\\\/in-memoriam-fritz-edlinger\\\/\",\"url\":\"https:\\\/\\\/www.medienkultur.at\\\/neu\\\/in-memoriam-fritz-edlinger\\\/\",\"name\":\"In memoriam Fritz Edlinger | Vereinigung f\u00fcr Medienkultur\",\"isPartOf\":{\"@id\":\"https:\\\/\\\/www.medienkultur.at\\\/neu\\\/#website\"},\"datePublished\":\"2024-12-08T11:34:02+00:00\",\"dateModified\":\"2024-12-08T15:49:12+00:00\",\"author\":{\"@id\":\"https:\\\/\\\/www.medienkultur.at\\\/neu\\\/#\\\/schema\\\/person\\\/5307830ec125174672d8c9d829eeb256\"},\"breadcrumb\":{\"@id\":\"https:\\\/\\\/www.medienkultur.at\\\/neu\\\/in-memoriam-fritz-edlinger\\\/#breadcrumb\"},\"inLanguage\":\"de\",\"potentialAction\":[{\"@type\":\"ReadAction\",\"target\":[\"https:\\\/\\\/www.medienkultur.at\\\/neu\\\/in-memoriam-fritz-edlinger\\\/\"]}]},{\"@type\":\"BreadcrumbList\",\"@id\":\"https:\\\/\\\/www.medienkultur.at\\\/neu\\\/in-memoriam-fritz-edlinger\\\/#breadcrumb\",\"itemListElement\":[{\"@type\":\"ListItem\",\"position\":1,\"name\":\"Startseite\",\"item\":\"https:\\\/\\\/www.medienkultur.at\\\/neu\\\/\"},{\"@type\":\"ListItem\",\"position\":2,\"name\":\"In memoriam Fritz Edlinger\"}]},{\"@type\":\"WebSite\",\"@id\":\"https:\\\/\\\/www.medienkultur.at\\\/neu\\\/#website\",\"url\":\"https:\\\/\\\/www.medienkultur.at\\\/neu\\\/\",\"name\":\"Vereinigung f\u00fcr Medienkultur\",\"description\":\"\",\"potentialAction\":[{\"@type\":\"SearchAction\",\"target\":{\"@type\":\"EntryPoint\",\"urlTemplate\":\"https:\\\/\\\/www.medienkultur.at\\\/neu\\\/?s={search_term_string}\"},\"query-input\":{\"@type\":\"PropertyValueSpecification\",\"valueRequired\":true,\"valueName\":\"search_term_string\"}}],\"inLanguage\":\"de\"},{\"@type\":\"Person\",\"@id\":\"https:\\\/\\\/www.medienkultur.at\\\/neu\\\/#\\\/schema\\\/person\\\/5307830ec125174672d8c9d829eeb256\",\"name\":\"Hans H\u00f6gl\"}]}<\/script>\n<!-- \/ Yoast SEO plugin. -->","yoast_head_json":{"title":"In memoriam Fritz Edlinger | Vereinigung f\u00fcr Medienkultur","robots":{"index":"index","follow":"follow","max-snippet":"max-snippet:-1","max-image-preview":"max-image-preview:large","max-video-preview":"max-video-preview:-1"},"canonical":"https:\/\/www.medienkultur.at\/neu\/in-memoriam-fritz-edlinger\/","og_locale":"de_DE","og_type":"article","og_title":"In memoriam Fritz Edlinger | Vereinigung f\u00fcr Medienkultur","og_description":"Fritz Edlinger ist in der Nacht auf Donnerstag v\u00f6llig unerwartet verstorben. Der Tod des engagierten Nahostexperten und Chefredakteurs der renommierten Zeitschrift INTERNATIONAL hat eine gro\u00dfe publizistische und politische L\u00fccke aufgerissen. Udo Bachmair Fritz Edlinger ist von Freunden, zu denen auch ich mich z\u00e4hlen durfte, immer wieder darauf aufmerksam gemacht worden, k\u00fcrzer zu treten und sich &hellip; In memoriam Fritz Edlinger weiterlesen &rarr;","og_url":"https:\/\/www.medienkultur.at\/neu\/in-memoriam-fritz-edlinger\/","og_site_name":"Vereinigung f\u00fcr Medienkultur","article_published_time":"2024-12-08T11:34:02+00:00","article_modified_time":"2024-12-08T15:49:12+00:00","author":"Hans H\u00f6gl","twitter_card":"summary_large_image","twitter_misc":{"Verfasst von":"Hans H\u00f6gl","Gesch\u00e4tzte Lesezeit":"3\u00a0Minuten"},"schema":{"@context":"https:\/\/schema.org","@graph":[{"@type":"Article","@id":"https:\/\/www.medienkultur.at\/neu\/in-memoriam-fritz-edlinger\/#article","isPartOf":{"@id":"https:\/\/www.medienkultur.at\/neu\/in-memoriam-fritz-edlinger\/"},"author":{"name":"Hans H\u00f6gl","@id":"https:\/\/www.medienkultur.at\/neu\/#\/schema\/person\/5307830ec125174672d8c9d829eeb256"},"headline":"In memoriam Fritz Edlinger","datePublished":"2024-12-08T11:34:02+00:00","dateModified":"2024-12-08T15:49:12+00:00","mainEntityOfPage":{"@id":"https:\/\/www.medienkultur.at\/neu\/in-memoriam-fritz-edlinger\/"},"wordCount":422,"commentCount":4,"keywords":["au\u00dfergew\u00f6hnliche Pers\u00f6nlichkeit","ewig Hoffender","Fritz Edlinger","Gaza","Grundwerte","Humanit\u00e4t","in memoriam Fritz Edlinger","Israel","journalistische und politische Leidenschaft","Kreiskys Zeiten","Krieg und Frieden","NATO","neutrales \u00d6sterreich","Optimist","Solidarit\u00e4t mit dem pal\u00e4stinensischen Volk","Sozialdemokratie","SP\u00d6","Udo Bachmair","Ukraine","wertsch\u00e4tzende Haltung zueinander"],"articleSection":["BERICHTE \/ ANALYSEN","J\u00dcNGSTE BEITR\u00c4GE","Medien und Bildung \/ Religion","Medien und Politik \/ Wirtschaft","Medienkompetenz","Medienkritik","Medienpolitik","Medienverantwortung \/ Medienrecht"],"inLanguage":"de","potentialAction":[{"@type":"CommentAction","name":"Comment","target":["https:\/\/www.medienkultur.at\/neu\/in-memoriam-fritz-edlinger\/#respond"]}]},{"@type":"WebPage","@id":"https:\/\/www.medienkultur.at\/neu\/in-memoriam-fritz-edlinger\/","url":"https:\/\/www.medienkultur.at\/neu\/in-memoriam-fritz-edlinger\/","name":"In memoriam Fritz Edlinger | Vereinigung f\u00fcr Medienkultur","isPartOf":{"@id":"https:\/\/www.medienkultur.at\/neu\/#website"},"datePublished":"2024-12-08T11:34:02+00:00","dateModified":"2024-12-08T15:49:12+00:00","author":{"@id":"https:\/\/www.medienkultur.at\/neu\/#\/schema\/person\/5307830ec125174672d8c9d829eeb256"},"breadcrumb":{"@id":"https:\/\/www.medienkultur.at\/neu\/in-memoriam-fritz-edlinger\/#breadcrumb"},"inLanguage":"de","potentialAction":[{"@type":"ReadAction","target":["https:\/\/www.medienkultur.at\/neu\/in-memoriam-fritz-edlinger\/"]}]},{"@type":"BreadcrumbList","@id":"https:\/\/www.medienkultur.at\/neu\/in-memoriam-fritz-edlinger\/#breadcrumb","itemListElement":[{"@type":"ListItem","position":1,"name":"Startseite","item":"https:\/\/www.medienkultur.at\/neu\/"},{"@type":"ListItem","position":2,"name":"In memoriam Fritz Edlinger"}]},{"@type":"WebSite","@id":"https:\/\/www.medienkultur.at\/neu\/#website","url":"https:\/\/www.medienkultur.at\/neu\/","name":"Vereinigung f\u00fcr Medienkultur","description":"","potentialAction":[{"@type":"SearchAction","target":{"@type":"EntryPoint","urlTemplate":"https:\/\/www.medienkultur.at\/neu\/?s={search_term_string}"},"query-input":{"@type":"PropertyValueSpecification","valueRequired":true,"valueName":"search_term_string"}}],"inLanguage":"de"},{"@type":"Person","@id":"https:\/\/www.medienkultur.at\/neu\/#\/schema\/person\/5307830ec125174672d8c9d829eeb256","name":"Hans H\u00f6gl"}]}},"_links":{"self":[{"href":"https:\/\/www.medienkultur.at\/neu\/wp-json\/wp\/v2\/posts\/14120","targetHints":{"allow":["GET"]}}],"collection":[{"href":"https:\/\/www.medienkultur.at\/neu\/wp-json\/wp\/v2\/posts"}],"about":[{"href":"https:\/\/www.medienkultur.at\/neu\/wp-json\/wp\/v2\/types\/post"}],"author":[{"embeddable":true,"href":"https:\/\/www.medienkultur.at\/neu\/wp-json\/wp\/v2\/users\/1"}],"replies":[{"embeddable":true,"href":"https:\/\/www.medienkultur.at\/neu\/wp-json\/wp\/v2\/comments?post=14120"}],"version-history":[{"count":4,"href":"https:\/\/www.medienkultur.at\/neu\/wp-json\/wp\/v2\/posts\/14120\/revisions"}],"predecessor-version":[{"id":14124,"href":"https:\/\/www.medienkultur.at\/neu\/wp-json\/wp\/v2\/posts\/14120\/revisions\/14124"}],"wp:attachment":[{"href":"https:\/\/www.medienkultur.at\/neu\/wp-json\/wp\/v2\/media?parent=14120"}],"wp:term":[{"taxonomy":"category","embeddable":true,"href":"https:\/\/www.medienkultur.at\/neu\/wp-json\/wp\/v2\/categories?post=14120"},{"taxonomy":"post_tag","embeddable":true,"href":"https:\/\/www.medienkultur.at\/neu\/wp-json\/wp\/v2\/tags?post=14120"}],"curies":[{"name":"wp","href":"https:\/\/api.w.org\/{rel}","templated":true}]}}