{"id":13922,"date":"2024-09-29T07:53:20","date_gmt":"2024-09-29T06:53:20","guid":{"rendered":"https:\/\/www.medienkultur.at\/neu\/?p=13922"},"modified":"2024-10-02T23:12:18","modified_gmt":"2024-10-02T22:12:18","slug":"deutsches-schlechtreden","status":"publish","type":"post","link":"https:\/\/www.medienkultur.at\/neu\/deutsches-schlechtreden\/","title":{"rendered":"Schlechtreden schadet"},"content":{"rendered":"<p>Der Z\u00fcrcher Tagesanzeiger hat das angeblich &#8222;\u00fcberbordende Schlechtreden der Deutschen&#8220; kritisiert. Dies schade dem Land. Ein Zitat aus dem Artikel ausgew\u00e4hlt von<\/p>\n<p>Hans H\u00f6gl<\/p>\n<p>&#8222;Das Land br\u00e4uchte dringend mehr Zuversicht. <strong>Deutsche neigen zu masslosem Schlechtreden in der Krise und zu \u00dcberheblichkeit im Erfolg<\/strong>. <\/p>\n<p>N\u00fctzlicher w\u00e4re Realismus, gepaart mit Entschlusskraft und Mut. Deutschland ist in der Krise, ja, <strong>dennoch ist die Lage erheblich besser als die Stimmung<\/strong>. Oder umgekehrt: Der \u00fcberbordende Missmut ist mittlerweile wom\u00f6glich ein ernsteres Problem als die anstehenden politischen und wirtschaftlichen Aufgaben. Im Moment sei es vor allem die negative Stimmung, die Konsum und Investitionen \u2013 und damit die Konjunktur \u2013 l\u00e4hme, schrieb gerade die OECD.&#8220; (soweit der Tagesanzeiger wortw\u00f6rtlich).<\/p>\n<p>Weiter unten wird auf L\u00e4nder wie Haiti oder Somaliland verwiesen, wo es wirklich gro\u00dfe Probleme gibt. <\/p>\n","protected":false},"excerpt":{"rendered":"<p>Der Z\u00fcrcher Tagesanzeiger hat das angeblich &#8222;\u00fcberbordende Schlechtreden der Deutschen&#8220; kritisiert. Dies schade dem Land. Ein Zitat aus dem Artikel ausgew\u00e4hlt von Hans H\u00f6gl &#8222;Das Land br\u00e4uchte dringend mehr Zuversicht. Deutsche neigen zu masslosem Schlechtreden in der Krise und zu \u00dcberheblichkeit im Erfolg. N\u00fctzlicher w\u00e4re Realismus, gepaart mit Entschlusskraft und Mut. Deutschland ist in der &hellip; <a href=\"https:\/\/www.medienkultur.at\/neu\/deutsches-schlechtreden\/\" class=\"more-link\"><span class=\"screen-reader-text\">Schlechtreden schadet<\/span> weiterlesen <span class=\"meta-nav\">&rarr;<\/span><\/a><\/p>\n","protected":false},"author":1,"featured_media":0,"comment_status":"open","ping_status":"open","sticky":false,"template":"","format":"standard","meta":{"footnotes":""},"categories":[1,12,11,10],"tags":[11182,11184,7076,11183,11186,11185],"class_list":["post-13922","post","type-post","status-publish","format-standard","hentry","category-allgemein","category-medien_bildung_religion","category-medien_politik_wirtschaft","category-medienkritik","tag-deutschland-selbstbild","tag-haiti","tag-l","tag-missmut-deutscher","tag-schweiz-ueber-deutsche","tag-somaliland"],"yoast_head":"<!-- This site is optimized with the Yoast SEO plugin v27.5 - https:\/\/yoast.com\/product\/yoast-seo-wordpress\/ -->\n<title>Schlechtreden schadet | Vereinigung f\u00fcr Medienkultur<\/title>\n<meta name=\"robots\" content=\"index, follow, max-snippet:-1, max-image-preview:large, max-video-preview:-1\" \/>\n<link rel=\"canonical\" href=\"https:\/\/www.medienkultur.at\/neu\/deutsches-schlechtreden\/\" \/>\n<meta property=\"og:locale\" content=\"de_DE\" \/>\n<meta property=\"og:type\" content=\"article\" \/>\n<meta property=\"og:title\" content=\"Schlechtreden schadet | Vereinigung f\u00fcr Medienkultur\" \/>\n<meta property=\"og:description\" content=\"Der Z\u00fcrcher Tagesanzeiger hat das angeblich &#8222;\u00fcberbordende Schlechtreden der Deutschen&#8220; kritisiert. Dies schade dem Land. Ein Zitat aus dem Artikel ausgew\u00e4hlt von Hans H\u00f6gl &#8222;Das Land br\u00e4uchte dringend mehr Zuversicht. Deutsche neigen zu masslosem Schlechtreden in der Krise und zu \u00dcberheblichkeit im Erfolg. N\u00fctzlicher w\u00e4re Realismus, gepaart mit Entschlusskraft und Mut. Deutschland ist in der &hellip; Schlechtreden schadet weiterlesen &rarr;\" \/>\n<meta property=\"og:url\" content=\"https:\/\/www.medienkultur.at\/neu\/deutsches-schlechtreden\/\" \/>\n<meta property=\"og:site_name\" content=\"Vereinigung f\u00fcr Medienkultur\" \/>\n<meta property=\"article:published_time\" content=\"2024-09-29T06:53:20+00:00\" \/>\n<meta property=\"article:modified_time\" content=\"2024-10-02T22:12:18+00:00\" \/>\n<meta name=\"author\" content=\"Hans H\u00f6gl\" \/>\n<meta name=\"twitter:card\" content=\"summary_large_image\" \/>\n<meta name=\"twitter:label1\" content=\"Verfasst von\" \/>\n\t<meta name=\"twitter:data1\" content=\"Hans H\u00f6gl\" \/>\n\t<meta name=\"twitter:label2\" content=\"Gesch\u00e4tzte Lesezeit\" \/>\n\t<meta name=\"twitter:data2\" content=\"1\u00a0Minute\" \/>\n<script type=\"application\/ld+json\" class=\"yoast-schema-graph\">{\"@context\":\"https:\\\/\\\/schema.org\",\"@graph\":[{\"@type\":\"Article\",\"@id\":\"https:\\\/\\\/www.medienkultur.at\\\/neu\\\/deutsches-schlechtreden\\\/#article\",\"isPartOf\":{\"@id\":\"https:\\\/\\\/www.medienkultur.at\\\/neu\\\/deutsches-schlechtreden\\\/\"},\"author\":{\"name\":\"Hans H\u00f6gl\",\"@id\":\"https:\\\/\\\/www.medienkultur.at\\\/neu\\\/#\\\/schema\\\/person\\\/5307830ec125174672d8c9d829eeb256\"},\"headline\":\"Schlechtreden schadet\",\"datePublished\":\"2024-09-29T06:53:20+00:00\",\"dateModified\":\"2024-10-02T22:12:18+00:00\",\"mainEntityOfPage\":{\"@id\":\"https:\\\/\\\/www.medienkultur.at\\\/neu\\\/deutsches-schlechtreden\\\/\"},\"wordCount\":139,\"commentCount\":0,\"keywords\":[\"DEUTSCHLand Selbstbild\",\"Haiti\",\"l\",\"Missmut deutscher\",\"Schweiz \u00fcber Deutsche\",\"Somaliland\"],\"articleSection\":[\"J\u00dcNGSTE BEITR\u00c4GE\",\"Medien und Bildung \\\/ Religion\",\"Medien und Politik \\\/ Wirtschaft\",\"Medienkritik\"],\"inLanguage\":\"de\",\"potentialAction\":[{\"@type\":\"CommentAction\",\"name\":\"Comment\",\"target\":[\"https:\\\/\\\/www.medienkultur.at\\\/neu\\\/deutsches-schlechtreden\\\/#respond\"]}]},{\"@type\":\"WebPage\",\"@id\":\"https:\\\/\\\/www.medienkultur.at\\\/neu\\\/deutsches-schlechtreden\\\/\",\"url\":\"https:\\\/\\\/www.medienkultur.at\\\/neu\\\/deutsches-schlechtreden\\\/\",\"name\":\"Schlechtreden schadet | Vereinigung f\u00fcr Medienkultur\",\"isPartOf\":{\"@id\":\"https:\\\/\\\/www.medienkultur.at\\\/neu\\\/#website\"},\"datePublished\":\"2024-09-29T06:53:20+00:00\",\"dateModified\":\"2024-10-02T22:12:18+00:00\",\"author\":{\"@id\":\"https:\\\/\\\/www.medienkultur.at\\\/neu\\\/#\\\/schema\\\/person\\\/5307830ec125174672d8c9d829eeb256\"},\"breadcrumb\":{\"@id\":\"https:\\\/\\\/www.medienkultur.at\\\/neu\\\/deutsches-schlechtreden\\\/#breadcrumb\"},\"inLanguage\":\"de\",\"potentialAction\":[{\"@type\":\"ReadAction\",\"target\":[\"https:\\\/\\\/www.medienkultur.at\\\/neu\\\/deutsches-schlechtreden\\\/\"]}]},{\"@type\":\"BreadcrumbList\",\"@id\":\"https:\\\/\\\/www.medienkultur.at\\\/neu\\\/deutsches-schlechtreden\\\/#breadcrumb\",\"itemListElement\":[{\"@type\":\"ListItem\",\"position\":1,\"name\":\"Startseite\",\"item\":\"https:\\\/\\\/www.medienkultur.at\\\/neu\\\/\"},{\"@type\":\"ListItem\",\"position\":2,\"name\":\"Schlechtreden schadet\"}]},{\"@type\":\"WebSite\",\"@id\":\"https:\\\/\\\/www.medienkultur.at\\\/neu\\\/#website\",\"url\":\"https:\\\/\\\/www.medienkultur.at\\\/neu\\\/\",\"name\":\"Vereinigung f\u00fcr Medienkultur\",\"description\":\"\",\"potentialAction\":[{\"@type\":\"SearchAction\",\"target\":{\"@type\":\"EntryPoint\",\"urlTemplate\":\"https:\\\/\\\/www.medienkultur.at\\\/neu\\\/?s={search_term_string}\"},\"query-input\":{\"@type\":\"PropertyValueSpecification\",\"valueRequired\":true,\"valueName\":\"search_term_string\"}}],\"inLanguage\":\"de\"},{\"@type\":\"Person\",\"@id\":\"https:\\\/\\\/www.medienkultur.at\\\/neu\\\/#\\\/schema\\\/person\\\/5307830ec125174672d8c9d829eeb256\",\"name\":\"Hans H\u00f6gl\"}]}<\/script>\n<!-- \/ Yoast SEO plugin. -->","yoast_head_json":{"title":"Schlechtreden schadet | Vereinigung f\u00fcr Medienkultur","robots":{"index":"index","follow":"follow","max-snippet":"max-snippet:-1","max-image-preview":"max-image-preview:large","max-video-preview":"max-video-preview:-1"},"canonical":"https:\/\/www.medienkultur.at\/neu\/deutsches-schlechtreden\/","og_locale":"de_DE","og_type":"article","og_title":"Schlechtreden schadet | Vereinigung f\u00fcr Medienkultur","og_description":"Der Z\u00fcrcher Tagesanzeiger hat das angeblich &#8222;\u00fcberbordende Schlechtreden der Deutschen&#8220; kritisiert. Dies schade dem Land. Ein Zitat aus dem Artikel ausgew\u00e4hlt von Hans H\u00f6gl &#8222;Das Land br\u00e4uchte dringend mehr Zuversicht. Deutsche neigen zu masslosem Schlechtreden in der Krise und zu \u00dcberheblichkeit im Erfolg. N\u00fctzlicher w\u00e4re Realismus, gepaart mit Entschlusskraft und Mut. Deutschland ist in der &hellip; Schlechtreden schadet weiterlesen &rarr;","og_url":"https:\/\/www.medienkultur.at\/neu\/deutsches-schlechtreden\/","og_site_name":"Vereinigung f\u00fcr Medienkultur","article_published_time":"2024-09-29T06:53:20+00:00","article_modified_time":"2024-10-02T22:12:18+00:00","author":"Hans H\u00f6gl","twitter_card":"summary_large_image","twitter_misc":{"Verfasst von":"Hans H\u00f6gl","Gesch\u00e4tzte Lesezeit":"1\u00a0Minute"},"schema":{"@context":"https:\/\/schema.org","@graph":[{"@type":"Article","@id":"https:\/\/www.medienkultur.at\/neu\/deutsches-schlechtreden\/#article","isPartOf":{"@id":"https:\/\/www.medienkultur.at\/neu\/deutsches-schlechtreden\/"},"author":{"name":"Hans H\u00f6gl","@id":"https:\/\/www.medienkultur.at\/neu\/#\/schema\/person\/5307830ec125174672d8c9d829eeb256"},"headline":"Schlechtreden schadet","datePublished":"2024-09-29T06:53:20+00:00","dateModified":"2024-10-02T22:12:18+00:00","mainEntityOfPage":{"@id":"https:\/\/www.medienkultur.at\/neu\/deutsches-schlechtreden\/"},"wordCount":139,"commentCount":0,"keywords":["DEUTSCHLand Selbstbild","Haiti","l","Missmut deutscher","Schweiz \u00fcber Deutsche","Somaliland"],"articleSection":["J\u00dcNGSTE BEITR\u00c4GE","Medien und Bildung \/ Religion","Medien und Politik \/ Wirtschaft","Medienkritik"],"inLanguage":"de","potentialAction":[{"@type":"CommentAction","name":"Comment","target":["https:\/\/www.medienkultur.at\/neu\/deutsches-schlechtreden\/#respond"]}]},{"@type":"WebPage","@id":"https:\/\/www.medienkultur.at\/neu\/deutsches-schlechtreden\/","url":"https:\/\/www.medienkultur.at\/neu\/deutsches-schlechtreden\/","name":"Schlechtreden schadet | Vereinigung f\u00fcr Medienkultur","isPartOf":{"@id":"https:\/\/www.medienkultur.at\/neu\/#website"},"datePublished":"2024-09-29T06:53:20+00:00","dateModified":"2024-10-02T22:12:18+00:00","author":{"@id":"https:\/\/www.medienkultur.at\/neu\/#\/schema\/person\/5307830ec125174672d8c9d829eeb256"},"breadcrumb":{"@id":"https:\/\/www.medienkultur.at\/neu\/deutsches-schlechtreden\/#breadcrumb"},"inLanguage":"de","potentialAction":[{"@type":"ReadAction","target":["https:\/\/www.medienkultur.at\/neu\/deutsches-schlechtreden\/"]}]},{"@type":"BreadcrumbList","@id":"https:\/\/www.medienkultur.at\/neu\/deutsches-schlechtreden\/#breadcrumb","itemListElement":[{"@type":"ListItem","position":1,"name":"Startseite","item":"https:\/\/www.medienkultur.at\/neu\/"},{"@type":"ListItem","position":2,"name":"Schlechtreden schadet"}]},{"@type":"WebSite","@id":"https:\/\/www.medienkultur.at\/neu\/#website","url":"https:\/\/www.medienkultur.at\/neu\/","name":"Vereinigung f\u00fcr Medienkultur","description":"","potentialAction":[{"@type":"SearchAction","target":{"@type":"EntryPoint","urlTemplate":"https:\/\/www.medienkultur.at\/neu\/?s={search_term_string}"},"query-input":{"@type":"PropertyValueSpecification","valueRequired":true,"valueName":"search_term_string"}}],"inLanguage":"de"},{"@type":"Person","@id":"https:\/\/www.medienkultur.at\/neu\/#\/schema\/person\/5307830ec125174672d8c9d829eeb256","name":"Hans H\u00f6gl"}]}},"_links":{"self":[{"href":"https:\/\/www.medienkultur.at\/neu\/wp-json\/wp\/v2\/posts\/13922","targetHints":{"allow":["GET"]}}],"collection":[{"href":"https:\/\/www.medienkultur.at\/neu\/wp-json\/wp\/v2\/posts"}],"about":[{"href":"https:\/\/www.medienkultur.at\/neu\/wp-json\/wp\/v2\/types\/post"}],"author":[{"embeddable":true,"href":"https:\/\/www.medienkultur.at\/neu\/wp-json\/wp\/v2\/users\/1"}],"replies":[{"embeddable":true,"href":"https:\/\/www.medienkultur.at\/neu\/wp-json\/wp\/v2\/comments?post=13922"}],"version-history":[{"count":8,"href":"https:\/\/www.medienkultur.at\/neu\/wp-json\/wp\/v2\/posts\/13922\/revisions"}],"predecessor-version":[{"id":13951,"href":"https:\/\/www.medienkultur.at\/neu\/wp-json\/wp\/v2\/posts\/13922\/revisions\/13951"}],"wp:attachment":[{"href":"https:\/\/www.medienkultur.at\/neu\/wp-json\/wp\/v2\/media?parent=13922"}],"wp:term":[{"taxonomy":"category","embeddable":true,"href":"https:\/\/www.medienkultur.at\/neu\/wp-json\/wp\/v2\/categories?post=13922"},{"taxonomy":"post_tag","embeddable":true,"href":"https:\/\/www.medienkultur.at\/neu\/wp-json\/wp\/v2\/tags?post=13922"}],"curies":[{"name":"wp","href":"https:\/\/api.w.org\/{rel}","templated":true}]}}