{"id":13749,"date":"2024-08-31T14:17:43","date_gmt":"2024-08-31T13:17:43","guid":{"rendered":"https:\/\/www.medienkultur.at\/neu\/?p=13749"},"modified":"2024-08-31T14:17:43","modified_gmt":"2024-08-31T13:17:43","slug":"authentische-medienfigur","status":"publish","type":"post","link":"https:\/\/www.medienkultur.at\/neu\/authentische-medienfigur\/","title":{"rendered":"Authentische Medienfigur"},"content":{"rendered":"<p>Heute ist Richard Lugner feierlich zu Grabe getragen worden. Dompfarrer Toni Faber und andere w\u00fcrdigten den bis zuletzt unerm\u00fcdlich als Medienfigur in Erscheinung getretenen Wiener &#8222;Bau- und Societyl\u00f6wen&#8220;. Manchen gilt er auch als &#8222;Narr von Wien&#8220;, durchaus respektvoll gemeint.<\/p>\n<p>Wolfgang Koppler *<\/p>\n<p>Society-Berichterstattung ist ja eigentlich kein Thema f\u00fcr die Medienkultur. Sie besteht per se haupts\u00e4chlich aus Klatsch und Tratsch der Seitenblicke-Gesellschaft und dient normaler Weise dazu, dem Alltag zu entfliehen. Ein harmloses Vergn\u00fcgen, f\u00fcr das von den Kollegen nicht ganz ernst genommene Gesellschaftsreporter zust\u00e4ndig sind.<\/p>\n<p>Bei Richard Lugner war das ein bisschen anders. Er war ein geradezu unverzichtbarer Bestandteil der Wiener Gesellschaft und ein Original, das schwer einzuordnen war. Ein Gesch\u00e4ftsmann und Societyl\u00f6we, der ohne das Scheinwerferlicht der Medien scheinbar nicht auskommen konnte. Vor allem aber ein Kasperl, der sich selbst und seine Umgebung nicht ernst nahm. Ein scheinbar unverw\u00fcstlicher Narr, der seine Umgebung \u2013 ob bewusst oder unbewusst- vorf\u00fchrte wie kein Zweiter.  F\u00fcr seinen etwas despektierlich Zoo genannten Pulk an jungen Damen fand selbst eine feministische Expertin vor einigen Jahren nur mehr die Erkl\u00e4rung Luxusprostitution. Und seine als Werbung f\u00fcr die Lugner-City dienenden Auftritte mit gut bezahlten Stars am Opernball zeigten wie oberfl\u00e4chlich, schal und nur an Geld, Glanz und Glamour interessiert unsere Gesellschaft ist.<\/p>\n<p>Dabei war M\u00f6rtel selbst absolut authentisch, wie die Journalistin Angelika Hager ihn in der Zib2 im Interview mit Armin Wolf anl\u00e4sslich seines Todes treffend beschrieb. Wenn er grantig, traurig oder fr\u00f6hlich war, so zeigte er dies. Ob dies ankam oder nicht. Und er war sich seiner Einsamkeit bewusst. Hatte er gerade keinen \u00d6ffentlichkeitstermin am Abend, dann verkroch er sich in seinem B\u00fcro bis sp\u00e4t in die Nacht, wie er gegen\u00fcber Angelika Hager ganz offen zugab. Ebenso offen \u00e4u\u00dferte er sich \u00fcber das gest\u00f6rte Verh\u00e4ltnis zu seinem in der Lugner-City t\u00e4tigen Sohn, dem er nicht einmal am Gang begegnen mochte. Und er nahm sein Geld und seine Prominenz weniger ernst als viele andere. W\u00e4re er pleite gegangen, h\u00e4tte er sich wohl mit einem Doppler vor die Lugner-City gesetzt und den lauthals den lieben Augustin gesungen:  Alles ist hin&#8230; <\/p>\n<p>Es ist die Aufgabe eines Narren, seiner Umwelt einen Spiegel vorzuhalten. Und dies tat Luger \u00fcber seinen Tod hinaus. Da dr\u00e4ngt sich seine Ex st\u00e4ndig in den Vordergrund, w\u00e4hrend der Witwe beim Begr\u00e4bnis nicht einmal die Hand gereicht wird.  Und die Streitigkeiten \u00fcber Erbe werfen jetzt schon ihre Schatten voraus. Dass die Leute klatschten, als sein Sarg aus der Kirche getragen wurde, finde ich keineswegs zum Fremdsch\u00e4men (wie es Roland Adrowitzer bei der ORF-\u00dcbertragung tat). Unw\u00fcrdig finde ich eher das Verhalten der so genannten guten Gesellschaft. Wir br\u00e4uchten mehr solche Narren wie ihn.  <\/p>\n","protected":false},"excerpt":{"rendered":"<p>Heute ist Richard Lugner feierlich zu Grabe getragen worden. Dompfarrer Toni Faber und andere w\u00fcrdigten den bis zuletzt unerm\u00fcdlich als Medienfigur in Erscheinung getretenen Wiener &#8222;Bau- und Societyl\u00f6wen&#8220;. Manchen gilt er auch als &#8222;Narr von Wien&#8220;, durchaus respektvoll gemeint. Wolfgang Koppler * Society-Berichterstattung ist ja eigentlich kein Thema f\u00fcr die Medienkultur. Sie besteht per se &hellip; <a href=\"https:\/\/www.medienkultur.at\/neu\/authentische-medienfigur\/\" class=\"more-link\"><span class=\"screen-reader-text\">Authentische Medienfigur<\/span> weiterlesen <span class=\"meta-nav\">&rarr;<\/span><\/a><\/p>\n","protected":false},"author":1,"featured_media":0,"comment_status":"open","ping_status":"open","sticky":false,"template":"","format":"standard","meta":{"footnotes":""},"categories":[9,14,15,1,18,10],"tags":[11057,1677,11050,11054,11053,11056,11047,11048,11052,11051,11055,11049,9391],"class_list":["post-13749","post","type-post","status-publish","format-standard","hentry","category-berichte_analysen","category-diverses","category-gastbeitraege","category-allgemein","category-medienkompetenz","category-medienkritik","tag-angelika-hager","tag-armin-wolf","tag-gesellschaftsreporter","tag-glamour","tag-glanz","tag-lugner-city","tag-medienfigur","tag-richard-lugner","tag-seitenblicke-gesellschaft","tag-society-berichterstattung","tag-unverwuestlicher-narr","tag-wiener-gesellschaft","tag-zib2"],"yoast_head":"<!-- This site is optimized with the Yoast SEO plugin v27.5 - https:\/\/yoast.com\/product\/yoast-seo-wordpress\/ -->\n<title>Authentische Medienfigur | Vereinigung f\u00fcr Medienkultur<\/title>\n<meta name=\"robots\" content=\"index, follow, max-snippet:-1, max-image-preview:large, max-video-preview:-1\" \/>\n<link rel=\"canonical\" href=\"https:\/\/www.medienkultur.at\/neu\/authentische-medienfigur\/\" \/>\n<meta property=\"og:locale\" content=\"de_DE\" \/>\n<meta property=\"og:type\" content=\"article\" \/>\n<meta property=\"og:title\" content=\"Authentische Medienfigur | Vereinigung f\u00fcr Medienkultur\" \/>\n<meta property=\"og:description\" content=\"Heute ist Richard Lugner feierlich zu Grabe getragen worden. Dompfarrer Toni Faber und andere w\u00fcrdigten den bis zuletzt unerm\u00fcdlich als Medienfigur in Erscheinung getretenen Wiener &#8222;Bau- und Societyl\u00f6wen&#8220;. Manchen gilt er auch als &#8222;Narr von Wien&#8220;, durchaus respektvoll gemeint. Wolfgang Koppler * Society-Berichterstattung ist ja eigentlich kein Thema f\u00fcr die Medienkultur. Sie besteht per se &hellip; Authentische Medienfigur weiterlesen &rarr;\" \/>\n<meta property=\"og:url\" content=\"https:\/\/www.medienkultur.at\/neu\/authentische-medienfigur\/\" \/>\n<meta property=\"og:site_name\" content=\"Vereinigung f\u00fcr Medienkultur\" \/>\n<meta property=\"article:published_time\" content=\"2024-08-31T13:17:43+00:00\" \/>\n<meta name=\"author\" content=\"Hans H\u00f6gl\" \/>\n<meta name=\"twitter:card\" content=\"summary_large_image\" \/>\n<meta name=\"twitter:label1\" content=\"Verfasst von\" \/>\n\t<meta name=\"twitter:data1\" content=\"Hans H\u00f6gl\" \/>\n<script type=\"application\/ld+json\" class=\"yoast-schema-graph\">{\"@context\":\"https:\\\/\\\/schema.org\",\"@graph\":[{\"@type\":\"Article\",\"@id\":\"https:\\\/\\\/www.medienkultur.at\\\/neu\\\/authentische-medienfigur\\\/#article\",\"isPartOf\":{\"@id\":\"https:\\\/\\\/www.medienkultur.at\\\/neu\\\/authentische-medienfigur\\\/\"},\"author\":{\"name\":\"Hans H\u00f6gl\",\"@id\":\"https:\\\/\\\/www.medienkultur.at\\\/neu\\\/#\\\/schema\\\/person\\\/5307830ec125174672d8c9d829eeb256\"},\"headline\":\"Authentische Medienfigur\",\"datePublished\":\"2024-08-31T13:17:43+00:00\",\"mainEntityOfPage\":{\"@id\":\"https:\\\/\\\/www.medienkultur.at\\\/neu\\\/authentische-medienfigur\\\/\"},\"wordCount\":473,\"commentCount\":0,\"keywords\":[\"Angelika Hager\",\"Armin Wolf\",\"Gesellschaftsreporter\",\"Glamour\",\"Glanz\",\"Lugner-City\",\"Medienfigur\",\"Richard Lugner\",\"Seitenblicke-Gesellschaft\",\"Society-Berichterstattung\",\"unverw\u00fcstlicher Narr\",\"Wiener Gesellschaft\",\"ZiB2\"],\"articleSection\":[\"BERICHTE \\\/ ANALYSEN\",\"Diverses\",\"Gastbeitr\u00e4ge\",\"J\u00dcNGSTE BEITR\u00c4GE\",\"Medienkompetenz\",\"Medienkritik\"],\"inLanguage\":\"de\",\"potentialAction\":[{\"@type\":\"CommentAction\",\"name\":\"Comment\",\"target\":[\"https:\\\/\\\/www.medienkultur.at\\\/neu\\\/authentische-medienfigur\\\/#respond\"]}]},{\"@type\":\"WebPage\",\"@id\":\"https:\\\/\\\/www.medienkultur.at\\\/neu\\\/authentische-medienfigur\\\/\",\"url\":\"https:\\\/\\\/www.medienkultur.at\\\/neu\\\/authentische-medienfigur\\\/\",\"name\":\"Authentische Medienfigur | Vereinigung f\u00fcr Medienkultur\",\"isPartOf\":{\"@id\":\"https:\\\/\\\/www.medienkultur.at\\\/neu\\\/#website\"},\"datePublished\":\"2024-08-31T13:17:43+00:00\",\"author\":{\"@id\":\"https:\\\/\\\/www.medienkultur.at\\\/neu\\\/#\\\/schema\\\/person\\\/5307830ec125174672d8c9d829eeb256\"},\"breadcrumb\":{\"@id\":\"https:\\\/\\\/www.medienkultur.at\\\/neu\\\/authentische-medienfigur\\\/#breadcrumb\"},\"inLanguage\":\"de\",\"potentialAction\":[{\"@type\":\"ReadAction\",\"target\":[\"https:\\\/\\\/www.medienkultur.at\\\/neu\\\/authentische-medienfigur\\\/\"]}]},{\"@type\":\"BreadcrumbList\",\"@id\":\"https:\\\/\\\/www.medienkultur.at\\\/neu\\\/authentische-medienfigur\\\/#breadcrumb\",\"itemListElement\":[{\"@type\":\"ListItem\",\"position\":1,\"name\":\"Startseite\",\"item\":\"https:\\\/\\\/www.medienkultur.at\\\/neu\\\/\"},{\"@type\":\"ListItem\",\"position\":2,\"name\":\"Authentische Medienfigur\"}]},{\"@type\":\"WebSite\",\"@id\":\"https:\\\/\\\/www.medienkultur.at\\\/neu\\\/#website\",\"url\":\"https:\\\/\\\/www.medienkultur.at\\\/neu\\\/\",\"name\":\"Vereinigung f\u00fcr Medienkultur\",\"description\":\"\",\"potentialAction\":[{\"@type\":\"SearchAction\",\"target\":{\"@type\":\"EntryPoint\",\"urlTemplate\":\"https:\\\/\\\/www.medienkultur.at\\\/neu\\\/?s={search_term_string}\"},\"query-input\":{\"@type\":\"PropertyValueSpecification\",\"valueRequired\":true,\"valueName\":\"search_term_string\"}}],\"inLanguage\":\"de\"},{\"@type\":\"Person\",\"@id\":\"https:\\\/\\\/www.medienkultur.at\\\/neu\\\/#\\\/schema\\\/person\\\/5307830ec125174672d8c9d829eeb256\",\"name\":\"Hans H\u00f6gl\"}]}<\/script>\n<!-- \/ Yoast SEO plugin. -->","yoast_head_json":{"title":"Authentische Medienfigur | Vereinigung f\u00fcr Medienkultur","robots":{"index":"index","follow":"follow","max-snippet":"max-snippet:-1","max-image-preview":"max-image-preview:large","max-video-preview":"max-video-preview:-1"},"canonical":"https:\/\/www.medienkultur.at\/neu\/authentische-medienfigur\/","og_locale":"de_DE","og_type":"article","og_title":"Authentische Medienfigur | Vereinigung f\u00fcr Medienkultur","og_description":"Heute ist Richard Lugner feierlich zu Grabe getragen worden. Dompfarrer Toni Faber und andere w\u00fcrdigten den bis zuletzt unerm\u00fcdlich als Medienfigur in Erscheinung getretenen Wiener &#8222;Bau- und Societyl\u00f6wen&#8220;. Manchen gilt er auch als &#8222;Narr von Wien&#8220;, durchaus respektvoll gemeint. Wolfgang Koppler * Society-Berichterstattung ist ja eigentlich kein Thema f\u00fcr die Medienkultur. Sie besteht per se &hellip; Authentische Medienfigur weiterlesen &rarr;","og_url":"https:\/\/www.medienkultur.at\/neu\/authentische-medienfigur\/","og_site_name":"Vereinigung f\u00fcr Medienkultur","article_published_time":"2024-08-31T13:17:43+00:00","author":"Hans H\u00f6gl","twitter_card":"summary_large_image","twitter_misc":{"Verfasst von":"Hans H\u00f6gl"},"schema":{"@context":"https:\/\/schema.org","@graph":[{"@type":"Article","@id":"https:\/\/www.medienkultur.at\/neu\/authentische-medienfigur\/#article","isPartOf":{"@id":"https:\/\/www.medienkultur.at\/neu\/authentische-medienfigur\/"},"author":{"name":"Hans H\u00f6gl","@id":"https:\/\/www.medienkultur.at\/neu\/#\/schema\/person\/5307830ec125174672d8c9d829eeb256"},"headline":"Authentische Medienfigur","datePublished":"2024-08-31T13:17:43+00:00","mainEntityOfPage":{"@id":"https:\/\/www.medienkultur.at\/neu\/authentische-medienfigur\/"},"wordCount":473,"commentCount":0,"keywords":["Angelika Hager","Armin Wolf","Gesellschaftsreporter","Glamour","Glanz","Lugner-City","Medienfigur","Richard Lugner","Seitenblicke-Gesellschaft","Society-Berichterstattung","unverw\u00fcstlicher Narr","Wiener Gesellschaft","ZiB2"],"articleSection":["BERICHTE \/ ANALYSEN","Diverses","Gastbeitr\u00e4ge","J\u00dcNGSTE BEITR\u00c4GE","Medienkompetenz","Medienkritik"],"inLanguage":"de","potentialAction":[{"@type":"CommentAction","name":"Comment","target":["https:\/\/www.medienkultur.at\/neu\/authentische-medienfigur\/#respond"]}]},{"@type":"WebPage","@id":"https:\/\/www.medienkultur.at\/neu\/authentische-medienfigur\/","url":"https:\/\/www.medienkultur.at\/neu\/authentische-medienfigur\/","name":"Authentische Medienfigur | Vereinigung f\u00fcr Medienkultur","isPartOf":{"@id":"https:\/\/www.medienkultur.at\/neu\/#website"},"datePublished":"2024-08-31T13:17:43+00:00","author":{"@id":"https:\/\/www.medienkultur.at\/neu\/#\/schema\/person\/5307830ec125174672d8c9d829eeb256"},"breadcrumb":{"@id":"https:\/\/www.medienkultur.at\/neu\/authentische-medienfigur\/#breadcrumb"},"inLanguage":"de","potentialAction":[{"@type":"ReadAction","target":["https:\/\/www.medienkultur.at\/neu\/authentische-medienfigur\/"]}]},{"@type":"BreadcrumbList","@id":"https:\/\/www.medienkultur.at\/neu\/authentische-medienfigur\/#breadcrumb","itemListElement":[{"@type":"ListItem","position":1,"name":"Startseite","item":"https:\/\/www.medienkultur.at\/neu\/"},{"@type":"ListItem","position":2,"name":"Authentische Medienfigur"}]},{"@type":"WebSite","@id":"https:\/\/www.medienkultur.at\/neu\/#website","url":"https:\/\/www.medienkultur.at\/neu\/","name":"Vereinigung f\u00fcr Medienkultur","description":"","potentialAction":[{"@type":"SearchAction","target":{"@type":"EntryPoint","urlTemplate":"https:\/\/www.medienkultur.at\/neu\/?s={search_term_string}"},"query-input":{"@type":"PropertyValueSpecification","valueRequired":true,"valueName":"search_term_string"}}],"inLanguage":"de"},{"@type":"Person","@id":"https:\/\/www.medienkultur.at\/neu\/#\/schema\/person\/5307830ec125174672d8c9d829eeb256","name":"Hans H\u00f6gl"}]}},"_links":{"self":[{"href":"https:\/\/www.medienkultur.at\/neu\/wp-json\/wp\/v2\/posts\/13749","targetHints":{"allow":["GET"]}}],"collection":[{"href":"https:\/\/www.medienkultur.at\/neu\/wp-json\/wp\/v2\/posts"}],"about":[{"href":"https:\/\/www.medienkultur.at\/neu\/wp-json\/wp\/v2\/types\/post"}],"author":[{"embeddable":true,"href":"https:\/\/www.medienkultur.at\/neu\/wp-json\/wp\/v2\/users\/1"}],"replies":[{"embeddable":true,"href":"https:\/\/www.medienkultur.at\/neu\/wp-json\/wp\/v2\/comments?post=13749"}],"version-history":[{"count":1,"href":"https:\/\/www.medienkultur.at\/neu\/wp-json\/wp\/v2\/posts\/13749\/revisions"}],"predecessor-version":[{"id":13750,"href":"https:\/\/www.medienkultur.at\/neu\/wp-json\/wp\/v2\/posts\/13749\/revisions\/13750"}],"wp:attachment":[{"href":"https:\/\/www.medienkultur.at\/neu\/wp-json\/wp\/v2\/media?parent=13749"}],"wp:term":[{"taxonomy":"category","embeddable":true,"href":"https:\/\/www.medienkultur.at\/neu\/wp-json\/wp\/v2\/categories?post=13749"},{"taxonomy":"post_tag","embeddable":true,"href":"https:\/\/www.medienkultur.at\/neu\/wp-json\/wp\/v2\/tags?post=13749"}],"curies":[{"name":"wp","href":"https:\/\/api.w.org\/{rel}","templated":true}]}}