{"id":13742,"date":"2024-08-25T17:18:10","date_gmt":"2024-08-25T16:18:10","guid":{"rendered":"https:\/\/www.medienkultur.at\/neu\/?p=13742"},"modified":"2024-08-25T17:19:34","modified_gmt":"2024-08-25T16:19:34","slug":"greenwashing","status":"publish","type":"post","link":"https:\/\/www.medienkultur.at\/neu\/greenwashing\/","title":{"rendered":"Greenwashing"},"content":{"rendered":"<p>Zu viele Produkte als umweltfreundlich bezeichnet <\/p>\n<p>Hans H\u00f6gl<\/p>\n<p>Unternehmen kennzeichnen ihre Produkte gern als umweltfreundlich.  Eine EU-Studie ergab, <em><strong>dass die H\u00e4lfte von Umweltaussagen von Unternehmen &#8222;vage, irref\u00fchrend oder unbegr\u00fcndet&#8220; waren. <\/strong><\/em><\/p>\n<p>Greenwashing kann verschiedene Formen haben. Die EU ist bestrebt, die Umweltbezeichnungen verst\u00e4ndlicher zu machen. Die Fehler liegen beI  Unternehmen u n d  bei Konsumenten. Eine Studie in der &#8222;Harvard Business Review&#8220; ergab,  <strong>dass 65 % der Verbraucher sagen, dass sie gr\u00fcne Produkte bevorzugen, aber nur 26 % sie tats\u00e4chlich kaufen<\/strong>.  Und die Unternehmen wissen das.<\/p>\n<p>Aber es ist nicht alles schlecht, l\u00e4sst uns  &#8222;bild der Wissenschaft&#8220; (1\/2024)  wissen: Einige Unternehmern sind wirklich bem\u00fcht, umweltfreundlicher zu handeln, und es werden <strong>explizit IKEA und Apple positiv angef\u00fchrt. <\/strong><\/p>\n","protected":false},"excerpt":{"rendered":"<p>Zu viele Produkte als umweltfreundlich bezeichnet Hans H\u00f6gl Unternehmen kennzeichnen ihre Produkte gern als umweltfreundlich. Eine EU-Studie ergab, dass die H\u00e4lfte von Umweltaussagen von Unternehmen &#8222;vage, irref\u00fchrend oder unbegr\u00fcndet&#8220; waren. Greenwashing kann verschiedene Formen haben. Die EU ist bestrebt, die Umweltbezeichnungen verst\u00e4ndlicher zu machen. Die Fehler liegen beI Unternehmen u n d bei Konsumenten. Eine &hellip; <a href=\"https:\/\/www.medienkultur.at\/neu\/greenwashing\/\" class=\"more-link\"><span class=\"screen-reader-text\">Greenwashing<\/span> weiterlesen <span class=\"meta-nav\">&rarr;<\/span><\/a><\/p>\n","protected":false},"author":1,"featured_media":0,"comment_status":"open","ping_status":"open","sticky":false,"template":"","format":"standard","meta":{"footnotes":""},"categories":[22,1,12,11,23,19],"tags":[4053,11044,11046,11045,11042,11043],"class_list":["post-13742","post","type-post","status-publish","format-standard","hentry","category-good-news","category-allgemein","category-medien_bildung_religion","category-medien_politik_wirtschaft","category-medienschmankerl","category-studien_rezensionen","tag-apple","tag-eu-ziel-umweltlabel-verstaendlicher-bild-der-wissenschaft","tag-harvard-business-review","tag-positiv-ikea","tag-umwelt-greenwashing","tag-unternehmen-u-verbraucher"],"yoast_head":"<!-- This site is optimized with the Yoast SEO plugin v27.5 - https:\/\/yoast.com\/product\/yoast-seo-wordpress\/ -->\n<title>Greenwashing | Vereinigung f\u00fcr Medienkultur<\/title>\n<meta name=\"robots\" content=\"index, follow, max-snippet:-1, max-image-preview:large, max-video-preview:-1\" \/>\n<link rel=\"canonical\" href=\"https:\/\/www.medienkultur.at\/neu\/greenwashing\/\" \/>\n<meta property=\"og:locale\" content=\"de_DE\" \/>\n<meta property=\"og:type\" content=\"article\" \/>\n<meta property=\"og:title\" content=\"Greenwashing | Vereinigung f\u00fcr Medienkultur\" \/>\n<meta property=\"og:description\" content=\"Zu viele Produkte als umweltfreundlich bezeichnet Hans H\u00f6gl Unternehmen kennzeichnen ihre Produkte gern als umweltfreundlich. Eine EU-Studie ergab, dass die H\u00e4lfte von Umweltaussagen von Unternehmen &#8222;vage, irref\u00fchrend oder unbegr\u00fcndet&#8220; waren. Greenwashing kann verschiedene Formen haben. Die EU ist bestrebt, die Umweltbezeichnungen verst\u00e4ndlicher zu machen. Die Fehler liegen beI Unternehmen u n d bei Konsumenten. Eine &hellip; Greenwashing weiterlesen &rarr;\" \/>\n<meta property=\"og:url\" content=\"https:\/\/www.medienkultur.at\/neu\/greenwashing\/\" \/>\n<meta property=\"og:site_name\" content=\"Vereinigung f\u00fcr Medienkultur\" \/>\n<meta property=\"article:published_time\" content=\"2024-08-25T16:18:10+00:00\" \/>\n<meta property=\"article:modified_time\" content=\"2024-08-25T16:19:34+00:00\" \/>\n<meta name=\"author\" content=\"Hans H\u00f6gl\" \/>\n<meta name=\"twitter:card\" content=\"summary_large_image\" \/>\n<meta name=\"twitter:label1\" content=\"Verfasst von\" \/>\n\t<meta name=\"twitter:data1\" content=\"Hans H\u00f6gl\" \/>\n\t<meta name=\"twitter:label2\" content=\"Gesch\u00e4tzte Lesezeit\" \/>\n\t<meta name=\"twitter:data2\" content=\"1\u00a0Minute\" \/>\n<script type=\"application\/ld+json\" class=\"yoast-schema-graph\">{\"@context\":\"https:\\\/\\\/schema.org\",\"@graph\":[{\"@type\":\"Article\",\"@id\":\"https:\\\/\\\/www.medienkultur.at\\\/neu\\\/greenwashing\\\/#article\",\"isPartOf\":{\"@id\":\"https:\\\/\\\/www.medienkultur.at\\\/neu\\\/greenwashing\\\/\"},\"author\":{\"name\":\"Hans H\u00f6gl\",\"@id\":\"https:\\\/\\\/www.medienkultur.at\\\/neu\\\/#\\\/schema\\\/person\\\/5307830ec125174672d8c9d829eeb256\"},\"headline\":\"Greenwashing\",\"datePublished\":\"2024-08-25T16:18:10+00:00\",\"dateModified\":\"2024-08-25T16:19:34+00:00\",\"mainEntityOfPage\":{\"@id\":\"https:\\\/\\\/www.medienkultur.at\\\/neu\\\/greenwashing\\\/\"},\"wordCount\":121,\"commentCount\":0,\"keywords\":[\"Apple\",\"EU-Ziel: Umweltlabel verst\u00e4ndlicher! \\\"bild der Wissenschaft\\\"\",\"Harvard Business Review\",\"Positiv: IKEA\",\"Umwelt: Greenwashing\",\"Unternehmen u. Verbraucher\"],\"articleSection\":[\"Good News\",\"J\u00dcNGSTE BEITR\u00c4GE\",\"Medien und Bildung \\\/ Religion\",\"Medien und Politik \\\/ Wirtschaft\",\"Medienschmankerl\",\"Studien \\\/ Rezensionen\"],\"inLanguage\":\"de\",\"potentialAction\":[{\"@type\":\"CommentAction\",\"name\":\"Comment\",\"target\":[\"https:\\\/\\\/www.medienkultur.at\\\/neu\\\/greenwashing\\\/#respond\"]}]},{\"@type\":\"WebPage\",\"@id\":\"https:\\\/\\\/www.medienkultur.at\\\/neu\\\/greenwashing\\\/\",\"url\":\"https:\\\/\\\/www.medienkultur.at\\\/neu\\\/greenwashing\\\/\",\"name\":\"Greenwashing | Vereinigung f\u00fcr Medienkultur\",\"isPartOf\":{\"@id\":\"https:\\\/\\\/www.medienkultur.at\\\/neu\\\/#website\"},\"datePublished\":\"2024-08-25T16:18:10+00:00\",\"dateModified\":\"2024-08-25T16:19:34+00:00\",\"author\":{\"@id\":\"https:\\\/\\\/www.medienkultur.at\\\/neu\\\/#\\\/schema\\\/person\\\/5307830ec125174672d8c9d829eeb256\"},\"breadcrumb\":{\"@id\":\"https:\\\/\\\/www.medienkultur.at\\\/neu\\\/greenwashing\\\/#breadcrumb\"},\"inLanguage\":\"de\",\"potentialAction\":[{\"@type\":\"ReadAction\",\"target\":[\"https:\\\/\\\/www.medienkultur.at\\\/neu\\\/greenwashing\\\/\"]}]},{\"@type\":\"BreadcrumbList\",\"@id\":\"https:\\\/\\\/www.medienkultur.at\\\/neu\\\/greenwashing\\\/#breadcrumb\",\"itemListElement\":[{\"@type\":\"ListItem\",\"position\":1,\"name\":\"Startseite\",\"item\":\"https:\\\/\\\/www.medienkultur.at\\\/neu\\\/\"},{\"@type\":\"ListItem\",\"position\":2,\"name\":\"Greenwashing\"}]},{\"@type\":\"WebSite\",\"@id\":\"https:\\\/\\\/www.medienkultur.at\\\/neu\\\/#website\",\"url\":\"https:\\\/\\\/www.medienkultur.at\\\/neu\\\/\",\"name\":\"Vereinigung f\u00fcr Medienkultur\",\"description\":\"\",\"potentialAction\":[{\"@type\":\"SearchAction\",\"target\":{\"@type\":\"EntryPoint\",\"urlTemplate\":\"https:\\\/\\\/www.medienkultur.at\\\/neu\\\/?s={search_term_string}\"},\"query-input\":{\"@type\":\"PropertyValueSpecification\",\"valueRequired\":true,\"valueName\":\"search_term_string\"}}],\"inLanguage\":\"de\"},{\"@type\":\"Person\",\"@id\":\"https:\\\/\\\/www.medienkultur.at\\\/neu\\\/#\\\/schema\\\/person\\\/5307830ec125174672d8c9d829eeb256\",\"name\":\"Hans H\u00f6gl\"}]}<\/script>\n<!-- \/ Yoast SEO plugin. -->","yoast_head_json":{"title":"Greenwashing | Vereinigung f\u00fcr Medienkultur","robots":{"index":"index","follow":"follow","max-snippet":"max-snippet:-1","max-image-preview":"max-image-preview:large","max-video-preview":"max-video-preview:-1"},"canonical":"https:\/\/www.medienkultur.at\/neu\/greenwashing\/","og_locale":"de_DE","og_type":"article","og_title":"Greenwashing | Vereinigung f\u00fcr Medienkultur","og_description":"Zu viele Produkte als umweltfreundlich bezeichnet Hans H\u00f6gl Unternehmen kennzeichnen ihre Produkte gern als umweltfreundlich. Eine EU-Studie ergab, dass die H\u00e4lfte von Umweltaussagen von Unternehmen &#8222;vage, irref\u00fchrend oder unbegr\u00fcndet&#8220; waren. Greenwashing kann verschiedene Formen haben. Die EU ist bestrebt, die Umweltbezeichnungen verst\u00e4ndlicher zu machen. Die Fehler liegen beI Unternehmen u n d bei Konsumenten. Eine &hellip; Greenwashing weiterlesen &rarr;","og_url":"https:\/\/www.medienkultur.at\/neu\/greenwashing\/","og_site_name":"Vereinigung f\u00fcr Medienkultur","article_published_time":"2024-08-25T16:18:10+00:00","article_modified_time":"2024-08-25T16:19:34+00:00","author":"Hans H\u00f6gl","twitter_card":"summary_large_image","twitter_misc":{"Verfasst von":"Hans H\u00f6gl","Gesch\u00e4tzte Lesezeit":"1\u00a0Minute"},"schema":{"@context":"https:\/\/schema.org","@graph":[{"@type":"Article","@id":"https:\/\/www.medienkultur.at\/neu\/greenwashing\/#article","isPartOf":{"@id":"https:\/\/www.medienkultur.at\/neu\/greenwashing\/"},"author":{"name":"Hans H\u00f6gl","@id":"https:\/\/www.medienkultur.at\/neu\/#\/schema\/person\/5307830ec125174672d8c9d829eeb256"},"headline":"Greenwashing","datePublished":"2024-08-25T16:18:10+00:00","dateModified":"2024-08-25T16:19:34+00:00","mainEntityOfPage":{"@id":"https:\/\/www.medienkultur.at\/neu\/greenwashing\/"},"wordCount":121,"commentCount":0,"keywords":["Apple","EU-Ziel: Umweltlabel verst\u00e4ndlicher! \"bild der Wissenschaft\"","Harvard Business Review","Positiv: IKEA","Umwelt: Greenwashing","Unternehmen u. Verbraucher"],"articleSection":["Good News","J\u00dcNGSTE BEITR\u00c4GE","Medien und Bildung \/ Religion","Medien und Politik \/ Wirtschaft","Medienschmankerl","Studien \/ Rezensionen"],"inLanguage":"de","potentialAction":[{"@type":"CommentAction","name":"Comment","target":["https:\/\/www.medienkultur.at\/neu\/greenwashing\/#respond"]}]},{"@type":"WebPage","@id":"https:\/\/www.medienkultur.at\/neu\/greenwashing\/","url":"https:\/\/www.medienkultur.at\/neu\/greenwashing\/","name":"Greenwashing | Vereinigung f\u00fcr Medienkultur","isPartOf":{"@id":"https:\/\/www.medienkultur.at\/neu\/#website"},"datePublished":"2024-08-25T16:18:10+00:00","dateModified":"2024-08-25T16:19:34+00:00","author":{"@id":"https:\/\/www.medienkultur.at\/neu\/#\/schema\/person\/5307830ec125174672d8c9d829eeb256"},"breadcrumb":{"@id":"https:\/\/www.medienkultur.at\/neu\/greenwashing\/#breadcrumb"},"inLanguage":"de","potentialAction":[{"@type":"ReadAction","target":["https:\/\/www.medienkultur.at\/neu\/greenwashing\/"]}]},{"@type":"BreadcrumbList","@id":"https:\/\/www.medienkultur.at\/neu\/greenwashing\/#breadcrumb","itemListElement":[{"@type":"ListItem","position":1,"name":"Startseite","item":"https:\/\/www.medienkultur.at\/neu\/"},{"@type":"ListItem","position":2,"name":"Greenwashing"}]},{"@type":"WebSite","@id":"https:\/\/www.medienkultur.at\/neu\/#website","url":"https:\/\/www.medienkultur.at\/neu\/","name":"Vereinigung f\u00fcr Medienkultur","description":"","potentialAction":[{"@type":"SearchAction","target":{"@type":"EntryPoint","urlTemplate":"https:\/\/www.medienkultur.at\/neu\/?s={search_term_string}"},"query-input":{"@type":"PropertyValueSpecification","valueRequired":true,"valueName":"search_term_string"}}],"inLanguage":"de"},{"@type":"Person","@id":"https:\/\/www.medienkultur.at\/neu\/#\/schema\/person\/5307830ec125174672d8c9d829eeb256","name":"Hans H\u00f6gl"}]}},"_links":{"self":[{"href":"https:\/\/www.medienkultur.at\/neu\/wp-json\/wp\/v2\/posts\/13742","targetHints":{"allow":["GET"]}}],"collection":[{"href":"https:\/\/www.medienkultur.at\/neu\/wp-json\/wp\/v2\/posts"}],"about":[{"href":"https:\/\/www.medienkultur.at\/neu\/wp-json\/wp\/v2\/types\/post"}],"author":[{"embeddable":true,"href":"https:\/\/www.medienkultur.at\/neu\/wp-json\/wp\/v2\/users\/1"}],"replies":[{"embeddable":true,"href":"https:\/\/www.medienkultur.at\/neu\/wp-json\/wp\/v2\/comments?post=13742"}],"version-history":[{"count":5,"href":"https:\/\/www.medienkultur.at\/neu\/wp-json\/wp\/v2\/posts\/13742\/revisions"}],"predecessor-version":[{"id":13747,"href":"https:\/\/www.medienkultur.at\/neu\/wp-json\/wp\/v2\/posts\/13742\/revisions\/13747"}],"wp:attachment":[{"href":"https:\/\/www.medienkultur.at\/neu\/wp-json\/wp\/v2\/media?parent=13742"}],"wp:term":[{"taxonomy":"category","embeddable":true,"href":"https:\/\/www.medienkultur.at\/neu\/wp-json\/wp\/v2\/categories?post=13742"},{"taxonomy":"post_tag","embeddable":true,"href":"https:\/\/www.medienkultur.at\/neu\/wp-json\/wp\/v2\/tags?post=13742"}],"curies":[{"name":"wp","href":"https:\/\/api.w.org\/{rel}","templated":true}]}}