{"id":13727,"date":"2024-08-23T10:34:08","date_gmt":"2024-08-23T09:34:08","guid":{"rendered":"https:\/\/www.medienkultur.at\/neu\/?p=13727"},"modified":"2024-08-23T14:57:29","modified_gmt":"2024-08-23T13:57:29","slug":"13727-2","status":"publish","type":"post","link":"https:\/\/www.medienkultur.at\/neu\/13727-2\/","title":{"rendered":"LKW-Verkehr unter der Erde"},"content":{"rendered":"<p>Das Magazin &#8222;Bild der Wissenschaft&#8220; (5\/2024) berichtet \u00fcber das geplante Gro\u00dfprojekt &#8222;Cargo sous terrain&#8220;, mit dem der LKW-Verkehr unter die Erde verlegt werden soll. <\/p>\n<p>Hans H\u00f6gl<\/p>\n<p>Seit Jahren reift in der Schweiz der Plan, den Lkw-Verkehr unter die Erde zu verlegen. Es soll eine neue \u00c4ra des G\u00fcterverkehrs eingel\u00e4utet werden, eine unterirdische Roboterbahn. Denn die LKW-Fahrzeuge liegen pro Jahr 14.000 Stunden im Stau. Das Projekt hat den Namen &#8222;Cargo sous terrain&#8220; (CST), es wird privat finanziert, und alles soll voll automatisiert sein. <\/p>\n<p>Auf den sogenannten Hubs verbinden Aufz\u00fcge die Tunnelr\u00f6hren mit dem oberirdischen Stra\u00dfennetz, schreibt der Wissenschaftsjournalist Christian Bernhart in &#8222;Bild der Wissenschaft&#8220; in der Maiausgabe 2024. Dies wird ausf\u00fchrlich pr\u00e4sentiert mit Graphiken und Pl\u00e4nen &#8211; ganzseitig auf S. 32 &#8211; 37. Die menschenleere Kaverne umfasst vier Spuren. Geplant ist, den G\u00fcterverkehr unter der   Grundwasserlinie und neben den Wohnsiedlungen der Orte zu legen. Darin sieht der Bund, die Schweizer Raumplanung, eine gro\u00dfe Herausforderung. <\/p>\n<p>Die erste Teilstrecke verl\u00e4uft  von Z\u00fcrich westw\u00e4rts &#8211; parallel zur Autobahn. Das Gesamtprojekt mit 500 km L\u00e4nge soll bis Ende 2045 den n\u00f6rdlichen  Teil der  Schweiz durchziehen,  und stellt enorme Herausforderungen an die Informationstechnik. Nach der voraussichtlichen Baugenehmigungen in zwei Jahren beginnen die Bauarbeiten f\u00fcr den CST. <\/p>\n<p>In diesem Internet der Dinge m\u00fcssen Ger\u00e4te, Fahrzeuge und alle Akteure der Logistik untereinander kommunizieren. Manche meinen, dies k\u00f6nnten nicht Private, sondern nur der Bund finanzieren. Doch auch damals wurde die Schweizer Nordbahn zwischen Z\u00fcrich und Baden vom Z\u00fcrcher Seidenfabrikanten Martin Escher initiiert. Als Politiker gr\u00fcndete er die Eidgen\u00f6ssische Technische Hochschule (ETH). <\/p>\n","protected":false},"excerpt":{"rendered":"<p>Das Magazin &#8222;Bild der Wissenschaft&#8220; (5\/2024) berichtet \u00fcber das geplante Gro\u00dfprojekt &#8222;Cargo sous terrain&#8220;, mit dem der LKW-Verkehr unter die Erde verlegt werden soll. Hans H\u00f6gl Seit Jahren reift in der Schweiz der Plan, den Lkw-Verkehr unter die Erde zu verlegen. Es soll eine neue \u00c4ra des G\u00fcterverkehrs eingel\u00e4utet werden, eine unterirdische Roboterbahn. Denn die &hellip; <a href=\"https:\/\/www.medienkultur.at\/neu\/13727-2\/\" class=\"more-link\"><span class=\"screen-reader-text\">LKW-Verkehr unter der Erde<\/span> weiterlesen <span class=\"meta-nav\">&rarr;<\/span><\/a><\/p>\n","protected":false},"author":1,"featured_media":0,"comment_status":"open","ping_status":"open","sticky":false,"template":"","format":"standard","meta":{"footnotes":""},"categories":[1,24,12,11,23,19],"tags":[11024,3036,11023,11028,11029,11027,11022,11026,11025,11030],"class_list":["post-13727","post","type-post","status-publish","format-standard","hentry","category-allgemein","category-medien-universitaet","category-medien_bildung_religion","category-medien_politik_wirtschaft","category-medienschmankerl","category-studien_rezensionen","tag-baugenehmigung","tag-bild-der-wissenschaft","tag-cargo-sous-terrain-cst","tag-grundwasser","tag-gueterverkehr","tag-internet-der-dinge","tag-martin-escher","tag-schweiz-verkehr","tag-vollautomatisierter-lkw-verkehr","tag-wissenschaftsjournalist-christian-bernhart"],"yoast_head":"<!-- This site is optimized with the Yoast SEO plugin v27.5 - https:\/\/yoast.com\/product\/yoast-seo-wordpress\/ -->\n<title>LKW-Verkehr unter der Erde | Vereinigung f\u00fcr Medienkultur<\/title>\n<meta name=\"robots\" content=\"index, follow, max-snippet:-1, max-image-preview:large, max-video-preview:-1\" \/>\n<link rel=\"canonical\" href=\"https:\/\/www.medienkultur.at\/neu\/13727-2\/\" \/>\n<meta property=\"og:locale\" content=\"de_DE\" \/>\n<meta property=\"og:type\" content=\"article\" \/>\n<meta property=\"og:title\" content=\"LKW-Verkehr unter der Erde | Vereinigung f\u00fcr Medienkultur\" \/>\n<meta property=\"og:description\" content=\"Das Magazin &#8222;Bild der Wissenschaft&#8220; (5\/2024) berichtet \u00fcber das geplante Gro\u00dfprojekt &#8222;Cargo sous terrain&#8220;, mit dem der LKW-Verkehr unter die Erde verlegt werden soll. Hans H\u00f6gl Seit Jahren reift in der Schweiz der Plan, den Lkw-Verkehr unter die Erde zu verlegen. Es soll eine neue \u00c4ra des G\u00fcterverkehrs eingel\u00e4utet werden, eine unterirdische Roboterbahn. Denn die &hellip; LKW-Verkehr unter der Erde weiterlesen &rarr;\" \/>\n<meta property=\"og:url\" content=\"https:\/\/www.medienkultur.at\/neu\/13727-2\/\" \/>\n<meta property=\"og:site_name\" content=\"Vereinigung f\u00fcr Medienkultur\" \/>\n<meta property=\"article:published_time\" content=\"2024-08-23T09:34:08+00:00\" \/>\n<meta property=\"article:modified_time\" content=\"2024-08-23T13:57:29+00:00\" \/>\n<meta name=\"author\" content=\"Hans H\u00f6gl\" \/>\n<meta name=\"twitter:card\" content=\"summary_large_image\" \/>\n<meta name=\"twitter:label1\" content=\"Verfasst von\" \/>\n\t<meta name=\"twitter:data1\" content=\"Hans H\u00f6gl\" \/>\n\t<meta name=\"twitter:label2\" content=\"Gesch\u00e4tzte Lesezeit\" \/>\n\t<meta name=\"twitter:data2\" content=\"2\u00a0Minuten\" \/>\n<script type=\"application\/ld+json\" class=\"yoast-schema-graph\">{\"@context\":\"https:\\\/\\\/schema.org\",\"@graph\":[{\"@type\":\"Article\",\"@id\":\"https:\\\/\\\/www.medienkultur.at\\\/neu\\\/13727-2\\\/#article\",\"isPartOf\":{\"@id\":\"https:\\\/\\\/www.medienkultur.at\\\/neu\\\/13727-2\\\/\"},\"author\":{\"name\":\"Hans H\u00f6gl\",\"@id\":\"https:\\\/\\\/www.medienkultur.at\\\/neu\\\/#\\\/schema\\\/person\\\/5307830ec125174672d8c9d829eeb256\"},\"headline\":\"LKW-Verkehr unter der Erde\",\"datePublished\":\"2024-08-23T09:34:08+00:00\",\"dateModified\":\"2024-08-23T13:57:29+00:00\",\"mainEntityOfPage\":{\"@id\":\"https:\\\/\\\/www.medienkultur.at\\\/neu\\\/13727-2\\\/\"},\"wordCount\":274,\"commentCount\":0,\"keywords\":[\"Baugenehmigung\",\"Bild der Wissenschaft\",\"Cargo sous terrain\\\" (CST)\",\"Grundwasser\",\"G\u00fcterverkehr\",\"Internet der Dinge\",\"Martin Escher\",\"Schweiz -Verkehr\",\"vollautomatisierter LKW-Verkehr\",\"Wissenschaftsjournalist Christian Bernhart\"],\"articleSection\":[\"J\u00dcNGSTE BEITR\u00c4GE\",\"MEDIEN - UNIVERSIT\u00c4T\",\"Medien und Bildung \\\/ Religion\",\"Medien und Politik \\\/ Wirtschaft\",\"Medienschmankerl\",\"Studien \\\/ Rezensionen\"],\"inLanguage\":\"de\",\"potentialAction\":[{\"@type\":\"CommentAction\",\"name\":\"Comment\",\"target\":[\"https:\\\/\\\/www.medienkultur.at\\\/neu\\\/13727-2\\\/#respond\"]}]},{\"@type\":\"WebPage\",\"@id\":\"https:\\\/\\\/www.medienkultur.at\\\/neu\\\/13727-2\\\/\",\"url\":\"https:\\\/\\\/www.medienkultur.at\\\/neu\\\/13727-2\\\/\",\"name\":\"LKW-Verkehr unter der Erde | Vereinigung f\u00fcr Medienkultur\",\"isPartOf\":{\"@id\":\"https:\\\/\\\/www.medienkultur.at\\\/neu\\\/#website\"},\"datePublished\":\"2024-08-23T09:34:08+00:00\",\"dateModified\":\"2024-08-23T13:57:29+00:00\",\"author\":{\"@id\":\"https:\\\/\\\/www.medienkultur.at\\\/neu\\\/#\\\/schema\\\/person\\\/5307830ec125174672d8c9d829eeb256\"},\"breadcrumb\":{\"@id\":\"https:\\\/\\\/www.medienkultur.at\\\/neu\\\/13727-2\\\/#breadcrumb\"},\"inLanguage\":\"de\",\"potentialAction\":[{\"@type\":\"ReadAction\",\"target\":[\"https:\\\/\\\/www.medienkultur.at\\\/neu\\\/13727-2\\\/\"]}]},{\"@type\":\"BreadcrumbList\",\"@id\":\"https:\\\/\\\/www.medienkultur.at\\\/neu\\\/13727-2\\\/#breadcrumb\",\"itemListElement\":[{\"@type\":\"ListItem\",\"position\":1,\"name\":\"Startseite\",\"item\":\"https:\\\/\\\/www.medienkultur.at\\\/neu\\\/\"},{\"@type\":\"ListItem\",\"position\":2,\"name\":\"LKW-Verkehr unter der Erde\"}]},{\"@type\":\"WebSite\",\"@id\":\"https:\\\/\\\/www.medienkultur.at\\\/neu\\\/#website\",\"url\":\"https:\\\/\\\/www.medienkultur.at\\\/neu\\\/\",\"name\":\"Vereinigung f\u00fcr Medienkultur\",\"description\":\"\",\"potentialAction\":[{\"@type\":\"SearchAction\",\"target\":{\"@type\":\"EntryPoint\",\"urlTemplate\":\"https:\\\/\\\/www.medienkultur.at\\\/neu\\\/?s={search_term_string}\"},\"query-input\":{\"@type\":\"PropertyValueSpecification\",\"valueRequired\":true,\"valueName\":\"search_term_string\"}}],\"inLanguage\":\"de\"},{\"@type\":\"Person\",\"@id\":\"https:\\\/\\\/www.medienkultur.at\\\/neu\\\/#\\\/schema\\\/person\\\/5307830ec125174672d8c9d829eeb256\",\"name\":\"Hans H\u00f6gl\"}]}<\/script>\n<!-- \/ Yoast SEO plugin. -->","yoast_head_json":{"title":"LKW-Verkehr unter der Erde | Vereinigung f\u00fcr Medienkultur","robots":{"index":"index","follow":"follow","max-snippet":"max-snippet:-1","max-image-preview":"max-image-preview:large","max-video-preview":"max-video-preview:-1"},"canonical":"https:\/\/www.medienkultur.at\/neu\/13727-2\/","og_locale":"de_DE","og_type":"article","og_title":"LKW-Verkehr unter der Erde | Vereinigung f\u00fcr Medienkultur","og_description":"Das Magazin &#8222;Bild der Wissenschaft&#8220; (5\/2024) berichtet \u00fcber das geplante Gro\u00dfprojekt &#8222;Cargo sous terrain&#8220;, mit dem der LKW-Verkehr unter die Erde verlegt werden soll. Hans H\u00f6gl Seit Jahren reift in der Schweiz der Plan, den Lkw-Verkehr unter die Erde zu verlegen. Es soll eine neue \u00c4ra des G\u00fcterverkehrs eingel\u00e4utet werden, eine unterirdische Roboterbahn. Denn die &hellip; LKW-Verkehr unter der Erde weiterlesen &rarr;","og_url":"https:\/\/www.medienkultur.at\/neu\/13727-2\/","og_site_name":"Vereinigung f\u00fcr Medienkultur","article_published_time":"2024-08-23T09:34:08+00:00","article_modified_time":"2024-08-23T13:57:29+00:00","author":"Hans H\u00f6gl","twitter_card":"summary_large_image","twitter_misc":{"Verfasst von":"Hans H\u00f6gl","Gesch\u00e4tzte Lesezeit":"2\u00a0Minuten"},"schema":{"@context":"https:\/\/schema.org","@graph":[{"@type":"Article","@id":"https:\/\/www.medienkultur.at\/neu\/13727-2\/#article","isPartOf":{"@id":"https:\/\/www.medienkultur.at\/neu\/13727-2\/"},"author":{"name":"Hans H\u00f6gl","@id":"https:\/\/www.medienkultur.at\/neu\/#\/schema\/person\/5307830ec125174672d8c9d829eeb256"},"headline":"LKW-Verkehr unter der Erde","datePublished":"2024-08-23T09:34:08+00:00","dateModified":"2024-08-23T13:57:29+00:00","mainEntityOfPage":{"@id":"https:\/\/www.medienkultur.at\/neu\/13727-2\/"},"wordCount":274,"commentCount":0,"keywords":["Baugenehmigung","Bild der Wissenschaft","Cargo sous terrain\" (CST)","Grundwasser","G\u00fcterverkehr","Internet der Dinge","Martin Escher","Schweiz -Verkehr","vollautomatisierter LKW-Verkehr","Wissenschaftsjournalist Christian Bernhart"],"articleSection":["J\u00dcNGSTE BEITR\u00c4GE","MEDIEN - UNIVERSIT\u00c4T","Medien und Bildung \/ Religion","Medien und Politik \/ Wirtschaft","Medienschmankerl","Studien \/ Rezensionen"],"inLanguage":"de","potentialAction":[{"@type":"CommentAction","name":"Comment","target":["https:\/\/www.medienkultur.at\/neu\/13727-2\/#respond"]}]},{"@type":"WebPage","@id":"https:\/\/www.medienkultur.at\/neu\/13727-2\/","url":"https:\/\/www.medienkultur.at\/neu\/13727-2\/","name":"LKW-Verkehr unter der Erde | Vereinigung f\u00fcr Medienkultur","isPartOf":{"@id":"https:\/\/www.medienkultur.at\/neu\/#website"},"datePublished":"2024-08-23T09:34:08+00:00","dateModified":"2024-08-23T13:57:29+00:00","author":{"@id":"https:\/\/www.medienkultur.at\/neu\/#\/schema\/person\/5307830ec125174672d8c9d829eeb256"},"breadcrumb":{"@id":"https:\/\/www.medienkultur.at\/neu\/13727-2\/#breadcrumb"},"inLanguage":"de","potentialAction":[{"@type":"ReadAction","target":["https:\/\/www.medienkultur.at\/neu\/13727-2\/"]}]},{"@type":"BreadcrumbList","@id":"https:\/\/www.medienkultur.at\/neu\/13727-2\/#breadcrumb","itemListElement":[{"@type":"ListItem","position":1,"name":"Startseite","item":"https:\/\/www.medienkultur.at\/neu\/"},{"@type":"ListItem","position":2,"name":"LKW-Verkehr unter der Erde"}]},{"@type":"WebSite","@id":"https:\/\/www.medienkultur.at\/neu\/#website","url":"https:\/\/www.medienkultur.at\/neu\/","name":"Vereinigung f\u00fcr Medienkultur","description":"","potentialAction":[{"@type":"SearchAction","target":{"@type":"EntryPoint","urlTemplate":"https:\/\/www.medienkultur.at\/neu\/?s={search_term_string}"},"query-input":{"@type":"PropertyValueSpecification","valueRequired":true,"valueName":"search_term_string"}}],"inLanguage":"de"},{"@type":"Person","@id":"https:\/\/www.medienkultur.at\/neu\/#\/schema\/person\/5307830ec125174672d8c9d829eeb256","name":"Hans H\u00f6gl"}]}},"_links":{"self":[{"href":"https:\/\/www.medienkultur.at\/neu\/wp-json\/wp\/v2\/posts\/13727","targetHints":{"allow":["GET"]}}],"collection":[{"href":"https:\/\/www.medienkultur.at\/neu\/wp-json\/wp\/v2\/posts"}],"about":[{"href":"https:\/\/www.medienkultur.at\/neu\/wp-json\/wp\/v2\/types\/post"}],"author":[{"embeddable":true,"href":"https:\/\/www.medienkultur.at\/neu\/wp-json\/wp\/v2\/users\/1"}],"replies":[{"embeddable":true,"href":"https:\/\/www.medienkultur.at\/neu\/wp-json\/wp\/v2\/comments?post=13727"}],"version-history":[{"count":3,"href":"https:\/\/www.medienkultur.at\/neu\/wp-json\/wp\/v2\/posts\/13727\/revisions"}],"predecessor-version":[{"id":13730,"href":"https:\/\/www.medienkultur.at\/neu\/wp-json\/wp\/v2\/posts\/13727\/revisions\/13730"}],"wp:attachment":[{"href":"https:\/\/www.medienkultur.at\/neu\/wp-json\/wp\/v2\/media?parent=13727"}],"wp:term":[{"taxonomy":"category","embeddable":true,"href":"https:\/\/www.medienkultur.at\/neu\/wp-json\/wp\/v2\/categories?post=13727"},{"taxonomy":"post_tag","embeddable":true,"href":"https:\/\/www.medienkultur.at\/neu\/wp-json\/wp\/v2\/tags?post=13727"}],"curies":[{"name":"wp","href":"https:\/\/api.w.org\/{rel}","templated":true}]}}