{"id":13630,"date":"2024-08-11T06:34:51","date_gmt":"2024-08-11T05:34:51","guid":{"rendered":"https:\/\/www.medienkultur.at\/neu\/?p=13630"},"modified":"2024-08-19T09:59:01","modified_gmt":"2024-08-19T08:59:01","slug":"suv-werbung-verboten-in-edinburgh-amsterdam","status":"publish","type":"post","link":"https:\/\/www.medienkultur.at\/neu\/suv-werbung-verboten-in-edinburgh-amsterdam\/","title":{"rendered":"Werbung f\u00fcr SUVs verboten"},"content":{"rendered":"<p>Widerspr\u00fcchliche Ver\u00f6ffentlichungen in Medien pro Umweltschutz\/pro SUVs.<\/p>\n<p>Hans H\u00f6gl<\/p>\n<p>Mir st\u00f6\u00dft es sauer auf, wenn Qualit\u00e4tsmedien, die ich konsultiere, in der gleichen Ausgabe f\u00fcr mehr Umweltschutz schreien und gleichzeitig Werbung f\u00fcr die dicken SUV-Autos machen, die besonders umweltsch\u00e4dlich sind. Mit Erstaunen lese ich nun im Blog &#8222;Perspective Daily&#8220; aus M\u00fcnster, dass zwei St\u00e4dte die Werbung f\u00fcr SUVs verboten haben, Edinburgh  und Amsterdam.<\/p>\n<p>&#8222;Schluss mit dicken Autos! Diese Stadt beschlie\u00dft ein Werbeverbot f\u00fcr SUVs.<br \/>\nAmsterdam und Edinburgh haben nicht nur ihr mildes Klima gemeinsam: Beide teilen auch die Einstellung, klimasch\u00e4dliche Einfl\u00fcsse aktiv zu bek\u00e4mpfen.&#8220; NB. Mir f\u00e4llt auf- Beide St\u00e4dte haben auch einen calvinistischen Hintergrund, der mir letztlich wichtiger erscheint, als das Meeresklima.<\/p>\n","protected":false},"excerpt":{"rendered":"<p>Widerspr\u00fcchliche Ver\u00f6ffentlichungen in Medien pro Umweltschutz\/pro SUVs. Hans H\u00f6gl Mir st\u00f6\u00dft es sauer auf, wenn Qualit\u00e4tsmedien, die ich konsultiere, in der gleichen Ausgabe f\u00fcr mehr Umweltschutz schreien und gleichzeitig Werbung f\u00fcr die dicken SUV-Autos machen, die besonders umweltsch\u00e4dlich sind. Mit Erstaunen lese ich nun im Blog &#8222;Perspective Daily&#8220; aus M\u00fcnster, dass zwei St\u00e4dte die Werbung &hellip; <a href=\"https:\/\/www.medienkultur.at\/neu\/suv-werbung-verboten-in-edinburgh-amsterdam\/\" class=\"more-link\"><span class=\"screen-reader-text\">Werbung f\u00fcr SUVs verboten<\/span> weiterlesen <span class=\"meta-nav\">&rarr;<\/span><\/a><\/p>\n","protected":false},"author":1,"featured_media":0,"comment_status":"open","ping_status":"open","sticky":false,"template":"","format":"standard","meta":{"footnotes":""},"categories":[1],"tags":[8712,10948,10949,10946,8707],"class_list":["post-13630","post","type-post","status-publish","format-standard","hentry","category-allgemein","tag-amsterdam","tag-dicke-autos","tag-edinburgh","tag-suv-werbung-verboten","tag-umweltschutz"],"yoast_head":"<!-- This site is optimized with the Yoast SEO plugin v27.5 - https:\/\/yoast.com\/product\/yoast-seo-wordpress\/ -->\n<title>Werbung f\u00fcr SUVs verboten | Vereinigung f\u00fcr Medienkultur<\/title>\n<meta name=\"robots\" content=\"index, follow, max-snippet:-1, max-image-preview:large, max-video-preview:-1\" \/>\n<link rel=\"canonical\" href=\"https:\/\/www.medienkultur.at\/neu\/suv-werbung-verboten-in-edinburgh-amsterdam\/\" \/>\n<meta property=\"og:locale\" content=\"de_DE\" \/>\n<meta property=\"og:type\" content=\"article\" \/>\n<meta property=\"og:title\" content=\"Werbung f\u00fcr SUVs verboten | Vereinigung f\u00fcr Medienkultur\" \/>\n<meta property=\"og:description\" content=\"Widerspr\u00fcchliche Ver\u00f6ffentlichungen in Medien pro Umweltschutz\/pro SUVs. Hans H\u00f6gl Mir st\u00f6\u00dft es sauer auf, wenn Qualit\u00e4tsmedien, die ich konsultiere, in der gleichen Ausgabe f\u00fcr mehr Umweltschutz schreien und gleichzeitig Werbung f\u00fcr die dicken SUV-Autos machen, die besonders umweltsch\u00e4dlich sind. Mit Erstaunen lese ich nun im Blog &#8222;Perspective Daily&#8220; aus M\u00fcnster, dass zwei St\u00e4dte die Werbung &hellip; Werbung f\u00fcr SUVs verboten weiterlesen &rarr;\" \/>\n<meta property=\"og:url\" content=\"https:\/\/www.medienkultur.at\/neu\/suv-werbung-verboten-in-edinburgh-amsterdam\/\" \/>\n<meta property=\"og:site_name\" content=\"Vereinigung f\u00fcr Medienkultur\" \/>\n<meta property=\"article:published_time\" content=\"2024-08-11T05:34:51+00:00\" \/>\n<meta property=\"article:modified_time\" content=\"2024-08-19T08:59:01+00:00\" \/>\n<meta name=\"author\" content=\"Hans H\u00f6gl\" \/>\n<meta name=\"twitter:card\" content=\"summary_large_image\" \/>\n<meta name=\"twitter:label1\" content=\"Verfasst von\" \/>\n\t<meta name=\"twitter:data1\" content=\"Hans H\u00f6gl\" \/>\n\t<meta name=\"twitter:label2\" content=\"Gesch\u00e4tzte Lesezeit\" \/>\n\t<meta name=\"twitter:data2\" content=\"1\u00a0Minute\" \/>\n<script type=\"application\/ld+json\" class=\"yoast-schema-graph\">{\"@context\":\"https:\\\/\\\/schema.org\",\"@graph\":[{\"@type\":\"Article\",\"@id\":\"https:\\\/\\\/www.medienkultur.at\\\/neu\\\/suv-werbung-verboten-in-edinburgh-amsterdam\\\/#article\",\"isPartOf\":{\"@id\":\"https:\\\/\\\/www.medienkultur.at\\\/neu\\\/suv-werbung-verboten-in-edinburgh-amsterdam\\\/\"},\"author\":{\"name\":\"Hans H\u00f6gl\",\"@id\":\"https:\\\/\\\/www.medienkultur.at\\\/neu\\\/#\\\/schema\\\/person\\\/5307830ec125174672d8c9d829eeb256\"},\"headline\":\"Werbung f\u00fcr SUVs verboten\",\"datePublished\":\"2024-08-11T05:34:51+00:00\",\"dateModified\":\"2024-08-19T08:59:01+00:00\",\"mainEntityOfPage\":{\"@id\":\"https:\\\/\\\/www.medienkultur.at\\\/neu\\\/suv-werbung-verboten-in-edinburgh-amsterdam\\\/\"},\"wordCount\":136,\"commentCount\":0,\"keywords\":[\"Amsterdam\",\"dicke Autos\",\"Edinburgh\",\"SUV-Werbung verboten\",\"Umweltschutz\"],\"articleSection\":[\"J\u00dcNGSTE BEITR\u00c4GE\"],\"inLanguage\":\"de\",\"potentialAction\":[{\"@type\":\"CommentAction\",\"name\":\"Comment\",\"target\":[\"https:\\\/\\\/www.medienkultur.at\\\/neu\\\/suv-werbung-verboten-in-edinburgh-amsterdam\\\/#respond\"]}]},{\"@type\":\"WebPage\",\"@id\":\"https:\\\/\\\/www.medienkultur.at\\\/neu\\\/suv-werbung-verboten-in-edinburgh-amsterdam\\\/\",\"url\":\"https:\\\/\\\/www.medienkultur.at\\\/neu\\\/suv-werbung-verboten-in-edinburgh-amsterdam\\\/\",\"name\":\"Werbung f\u00fcr SUVs verboten | Vereinigung f\u00fcr Medienkultur\",\"isPartOf\":{\"@id\":\"https:\\\/\\\/www.medienkultur.at\\\/neu\\\/#website\"},\"datePublished\":\"2024-08-11T05:34:51+00:00\",\"dateModified\":\"2024-08-19T08:59:01+00:00\",\"author\":{\"@id\":\"https:\\\/\\\/www.medienkultur.at\\\/neu\\\/#\\\/schema\\\/person\\\/5307830ec125174672d8c9d829eeb256\"},\"breadcrumb\":{\"@id\":\"https:\\\/\\\/www.medienkultur.at\\\/neu\\\/suv-werbung-verboten-in-edinburgh-amsterdam\\\/#breadcrumb\"},\"inLanguage\":\"de\",\"potentialAction\":[{\"@type\":\"ReadAction\",\"target\":[\"https:\\\/\\\/www.medienkultur.at\\\/neu\\\/suv-werbung-verboten-in-edinburgh-amsterdam\\\/\"]}]},{\"@type\":\"BreadcrumbList\",\"@id\":\"https:\\\/\\\/www.medienkultur.at\\\/neu\\\/suv-werbung-verboten-in-edinburgh-amsterdam\\\/#breadcrumb\",\"itemListElement\":[{\"@type\":\"ListItem\",\"position\":1,\"name\":\"Startseite\",\"item\":\"https:\\\/\\\/www.medienkultur.at\\\/neu\\\/\"},{\"@type\":\"ListItem\",\"position\":2,\"name\":\"Werbung f\u00fcr SUVs verboten\"}]},{\"@type\":\"WebSite\",\"@id\":\"https:\\\/\\\/www.medienkultur.at\\\/neu\\\/#website\",\"url\":\"https:\\\/\\\/www.medienkultur.at\\\/neu\\\/\",\"name\":\"Vereinigung f\u00fcr Medienkultur\",\"description\":\"\",\"potentialAction\":[{\"@type\":\"SearchAction\",\"target\":{\"@type\":\"EntryPoint\",\"urlTemplate\":\"https:\\\/\\\/www.medienkultur.at\\\/neu\\\/?s={search_term_string}\"},\"query-input\":{\"@type\":\"PropertyValueSpecification\",\"valueRequired\":true,\"valueName\":\"search_term_string\"}}],\"inLanguage\":\"de\"},{\"@type\":\"Person\",\"@id\":\"https:\\\/\\\/www.medienkultur.at\\\/neu\\\/#\\\/schema\\\/person\\\/5307830ec125174672d8c9d829eeb256\",\"name\":\"Hans H\u00f6gl\"}]}<\/script>\n<!-- \/ Yoast SEO plugin. -->","yoast_head_json":{"title":"Werbung f\u00fcr SUVs verboten | Vereinigung f\u00fcr Medienkultur","robots":{"index":"index","follow":"follow","max-snippet":"max-snippet:-1","max-image-preview":"max-image-preview:large","max-video-preview":"max-video-preview:-1"},"canonical":"https:\/\/www.medienkultur.at\/neu\/suv-werbung-verboten-in-edinburgh-amsterdam\/","og_locale":"de_DE","og_type":"article","og_title":"Werbung f\u00fcr SUVs verboten | Vereinigung f\u00fcr Medienkultur","og_description":"Widerspr\u00fcchliche Ver\u00f6ffentlichungen in Medien pro Umweltschutz\/pro SUVs. Hans H\u00f6gl Mir st\u00f6\u00dft es sauer auf, wenn Qualit\u00e4tsmedien, die ich konsultiere, in der gleichen Ausgabe f\u00fcr mehr Umweltschutz schreien und gleichzeitig Werbung f\u00fcr die dicken SUV-Autos machen, die besonders umweltsch\u00e4dlich sind. Mit Erstaunen lese ich nun im Blog &#8222;Perspective Daily&#8220; aus M\u00fcnster, dass zwei St\u00e4dte die Werbung &hellip; Werbung f\u00fcr SUVs verboten weiterlesen &rarr;","og_url":"https:\/\/www.medienkultur.at\/neu\/suv-werbung-verboten-in-edinburgh-amsterdam\/","og_site_name":"Vereinigung f\u00fcr Medienkultur","article_published_time":"2024-08-11T05:34:51+00:00","article_modified_time":"2024-08-19T08:59:01+00:00","author":"Hans H\u00f6gl","twitter_card":"summary_large_image","twitter_misc":{"Verfasst von":"Hans H\u00f6gl","Gesch\u00e4tzte Lesezeit":"1\u00a0Minute"},"schema":{"@context":"https:\/\/schema.org","@graph":[{"@type":"Article","@id":"https:\/\/www.medienkultur.at\/neu\/suv-werbung-verboten-in-edinburgh-amsterdam\/#article","isPartOf":{"@id":"https:\/\/www.medienkultur.at\/neu\/suv-werbung-verboten-in-edinburgh-amsterdam\/"},"author":{"name":"Hans H\u00f6gl","@id":"https:\/\/www.medienkultur.at\/neu\/#\/schema\/person\/5307830ec125174672d8c9d829eeb256"},"headline":"Werbung f\u00fcr SUVs verboten","datePublished":"2024-08-11T05:34:51+00:00","dateModified":"2024-08-19T08:59:01+00:00","mainEntityOfPage":{"@id":"https:\/\/www.medienkultur.at\/neu\/suv-werbung-verboten-in-edinburgh-amsterdam\/"},"wordCount":136,"commentCount":0,"keywords":["Amsterdam","dicke Autos","Edinburgh","SUV-Werbung verboten","Umweltschutz"],"articleSection":["J\u00dcNGSTE BEITR\u00c4GE"],"inLanguage":"de","potentialAction":[{"@type":"CommentAction","name":"Comment","target":["https:\/\/www.medienkultur.at\/neu\/suv-werbung-verboten-in-edinburgh-amsterdam\/#respond"]}]},{"@type":"WebPage","@id":"https:\/\/www.medienkultur.at\/neu\/suv-werbung-verboten-in-edinburgh-amsterdam\/","url":"https:\/\/www.medienkultur.at\/neu\/suv-werbung-verboten-in-edinburgh-amsterdam\/","name":"Werbung f\u00fcr SUVs verboten | Vereinigung f\u00fcr Medienkultur","isPartOf":{"@id":"https:\/\/www.medienkultur.at\/neu\/#website"},"datePublished":"2024-08-11T05:34:51+00:00","dateModified":"2024-08-19T08:59:01+00:00","author":{"@id":"https:\/\/www.medienkultur.at\/neu\/#\/schema\/person\/5307830ec125174672d8c9d829eeb256"},"breadcrumb":{"@id":"https:\/\/www.medienkultur.at\/neu\/suv-werbung-verboten-in-edinburgh-amsterdam\/#breadcrumb"},"inLanguage":"de","potentialAction":[{"@type":"ReadAction","target":["https:\/\/www.medienkultur.at\/neu\/suv-werbung-verboten-in-edinburgh-amsterdam\/"]}]},{"@type":"BreadcrumbList","@id":"https:\/\/www.medienkultur.at\/neu\/suv-werbung-verboten-in-edinburgh-amsterdam\/#breadcrumb","itemListElement":[{"@type":"ListItem","position":1,"name":"Startseite","item":"https:\/\/www.medienkultur.at\/neu\/"},{"@type":"ListItem","position":2,"name":"Werbung f\u00fcr SUVs verboten"}]},{"@type":"WebSite","@id":"https:\/\/www.medienkultur.at\/neu\/#website","url":"https:\/\/www.medienkultur.at\/neu\/","name":"Vereinigung f\u00fcr Medienkultur","description":"","potentialAction":[{"@type":"SearchAction","target":{"@type":"EntryPoint","urlTemplate":"https:\/\/www.medienkultur.at\/neu\/?s={search_term_string}"},"query-input":{"@type":"PropertyValueSpecification","valueRequired":true,"valueName":"search_term_string"}}],"inLanguage":"de"},{"@type":"Person","@id":"https:\/\/www.medienkultur.at\/neu\/#\/schema\/person\/5307830ec125174672d8c9d829eeb256","name":"Hans H\u00f6gl"}]}},"_links":{"self":[{"href":"https:\/\/www.medienkultur.at\/neu\/wp-json\/wp\/v2\/posts\/13630","targetHints":{"allow":["GET"]}}],"collection":[{"href":"https:\/\/www.medienkultur.at\/neu\/wp-json\/wp\/v2\/posts"}],"about":[{"href":"https:\/\/www.medienkultur.at\/neu\/wp-json\/wp\/v2\/types\/post"}],"author":[{"embeddable":true,"href":"https:\/\/www.medienkultur.at\/neu\/wp-json\/wp\/v2\/users\/1"}],"replies":[{"embeddable":true,"href":"https:\/\/www.medienkultur.at\/neu\/wp-json\/wp\/v2\/comments?post=13630"}],"version-history":[{"count":4,"href":"https:\/\/www.medienkultur.at\/neu\/wp-json\/wp\/v2\/posts\/13630\/revisions"}],"predecessor-version":[{"id":13695,"href":"https:\/\/www.medienkultur.at\/neu\/wp-json\/wp\/v2\/posts\/13630\/revisions\/13695"}],"wp:attachment":[{"href":"https:\/\/www.medienkultur.at\/neu\/wp-json\/wp\/v2\/media?parent=13630"}],"wp:term":[{"taxonomy":"category","embeddable":true,"href":"https:\/\/www.medienkultur.at\/neu\/wp-json\/wp\/v2\/categories?post=13630"},{"taxonomy":"post_tag","embeddable":true,"href":"https:\/\/www.medienkultur.at\/neu\/wp-json\/wp\/v2\/tags?post=13630"}],"curies":[{"name":"wp","href":"https:\/\/api.w.org\/{rel}","templated":true}]}}