{"id":13628,"date":"2024-08-10T22:10:52","date_gmt":"2024-08-10T21:10:52","guid":{"rendered":"https:\/\/www.medienkultur.at\/neu\/?p=13628"},"modified":"2024-08-10T22:10:52","modified_gmt":"2024-08-10T21:10:52","slug":"taylor-swift-und-das-echo","status":"publish","type":"post","link":"https:\/\/www.medienkultur.at\/neu\/taylor-swift-und-das-echo\/","title":{"rendered":"Taylor Swift und das Echo"},"content":{"rendered":"<p>Die Echokammern funktionieren \u2013 nicht nur im Ukrainekrieg.  <\/p>\n<p>Wolfgang Koppler<\/p>\n<p>Unisono meinten etwa ORF-Innenpolitikexperte Webhofer ebenso wie der Standard schon am Donnerstag, dass es ein falsches Signal gewesen w\u00e4re, das Swift-Konzert abzusagen. Der Westen m\u00fcsse zeigen, dass er sich von Terroristen nicht davon abhalten l\u00e4sst, business (und entertainment) as usual fortzuf\u00fchren.<\/p>\n<p>Dabei war damals schon bekannt, dass ein mutma\u00dflicher Komplize des in Ternitz festgenommenen Neunzehnj\u00e4hrigen als Teil des Facility Service Zugang zum Stadion hatte. Und wie man nun wei\u00df, erfolgten die ausl\u00e4ndischen Geheimdienstinformationen zu dem geplanten Anschlag relativ kurz vor dem Konzert. Die Handlungsweise des Veranstalters ist also durchaus nachvollziehbar. Die \u201eJetzt erst recht\u201c-Haltung mancher Journalisten schon weniger. Ganz gleich, wie ausgegoren der Plan des Verd\u00e4chtigen war &#8211; f\u00fcr Messerattentate von Komplizen (die sich vielleicht ebenfalls denken: Jetzt erst recht) w\u00e4re immer noch Zeit gewesen. <\/p>\n<p>Ebenso engstirnig: Die in der ZiB2 gerade penetrant verfochtene Ablehnung der \u00dcberwachung von Messengerdiensten. Selbst als die gewiss liberale und ausgesprochen unverd\u00e4chtige Strafrechtlerin Ingeborg Zerbs diese \u2013 im Fall schwerster Straftaten \u2013 f\u00fcr verh\u00e4ltnism\u00e4\u00dfig und verfassungsrechtlich unbedenklich erkl\u00e4rte, blieb Margit Laufer bei ihrer Skepsis. Auch der diesbez\u00fcgliche ZiB-Beitrag war von \u2013 wenig sachlichen \u2013 Datensch\u00fctzern gepr\u00e4gt. Nachdem aber 80 \u00a7 der Telekommunikation inzwischen \u00fcber Messengerdienste abl\u00e4uft \u2013 wie Zerbs nachvollziehbar darlegte, ist eine derartige \u00dcberwachung bei entsprechendem Gerichtsbeschluss wohl nicht schwerwiegender als eine Telefon\u00fcberwachung. Und eine solche w\u00fcrde im Falle schwerwiegender Straftaten ja auch niemand in Frage stellen.<\/p>\n<p>Die Nymphe Echo war in der antiken Mythologie eine eher traurige Gestalt. Vielleicht sollte man sich dessen in Politik und Medien wieder bewusst werden. Und gelegentlich selbst \u00dcberlegungen anstellen.<\/p>\n<p>Kleiner Lichtblick: Zumindest in den Printmedien entdeckt man nun \u2013 reichlich sp\u00e4t \u2013 die Problematik der Sozialen Medien f\u00fcr die Entwicklung von Jugendlichen.  Jahrzehntelang hat man hier zugesehen und diese geradezu als demokratische Errungenschaft bejubelt. Vielleicht sollte man auch einmal unserem Freiheitsbegriff hinterfragen, der die Ausbeutung von Mensch und Umwelt zugunsten von Milliardengewinnen als unbedenklich oder zumindest in Kauf zu nehmendes Risiko einstuft- Sofern nicht gerade ein nicht mehr zu kaschierender Skandal auftaucht. <\/p>\n<p><em>Gastautor Mag. Wolfgang Koppler ist Journalist und Jurist und lebt in Wien<\/em><\/p>\n","protected":false},"excerpt":{"rendered":"<p>Die Echokammern funktionieren \u2013 nicht nur im Ukrainekrieg. Wolfgang Koppler Unisono meinten etwa ORF-Innenpolitikexperte Webhofer ebenso wie der Standard schon am Donnerstag, dass es ein falsches Signal gewesen w\u00e4re, das Swift-Konzert abzusagen. Der Westen m\u00fcsse zeigen, dass er sich von Terroristen nicht davon abhalten l\u00e4sst, business (und entertainment) as usual fortzuf\u00fchren. Dabei war damals schon &hellip; <a href=\"https:\/\/www.medienkultur.at\/neu\/taylor-swift-und-das-echo\/\" class=\"more-link\"><span class=\"screen-reader-text\">Taylor Swift und das Echo<\/span> weiterlesen <span class=\"meta-nav\">&rarr;<\/span><\/a><\/p>\n","protected":false},"author":1,"featured_media":0,"comment_status":"open","ping_status":"open","sticky":false,"template":"","format":"standard","meta":{"footnotes":""},"categories":[9,15,1,10],"tags":[1436,10945,660,3959,53,10944,9391],"class_list":["post-13628","post","type-post","status-publish","format-standard","hentry","category-berichte_analysen","category-gastbeitraege","category-allgemein","category-medienkritik","tag-echokammern","tag-messengerdienste","tag-politik-und-medien","tag-soziale-medien","tag-standard","tag-taylor-swift","tag-zib2"],"yoast_head":"<!-- This site is optimized with the Yoast SEO plugin v27.5 - https:\/\/yoast.com\/product\/yoast-seo-wordpress\/ -->\n<title>Taylor Swift und das Echo | Vereinigung f\u00fcr Medienkultur<\/title>\n<meta name=\"robots\" content=\"index, follow, max-snippet:-1, max-image-preview:large, max-video-preview:-1\" \/>\n<link rel=\"canonical\" href=\"https:\/\/www.medienkultur.at\/neu\/taylor-swift-und-das-echo\/\" \/>\n<meta property=\"og:locale\" content=\"de_DE\" \/>\n<meta property=\"og:type\" content=\"article\" \/>\n<meta property=\"og:title\" content=\"Taylor Swift und das Echo | Vereinigung f\u00fcr Medienkultur\" \/>\n<meta property=\"og:description\" content=\"Die Echokammern funktionieren \u2013 nicht nur im Ukrainekrieg. Wolfgang Koppler Unisono meinten etwa ORF-Innenpolitikexperte Webhofer ebenso wie der Standard schon am Donnerstag, dass es ein falsches Signal gewesen w\u00e4re, das Swift-Konzert abzusagen. Der Westen m\u00fcsse zeigen, dass er sich von Terroristen nicht davon abhalten l\u00e4sst, business (und entertainment) as usual fortzuf\u00fchren. Dabei war damals schon &hellip; Taylor Swift und das Echo weiterlesen &rarr;\" \/>\n<meta property=\"og:url\" content=\"https:\/\/www.medienkultur.at\/neu\/taylor-swift-und-das-echo\/\" \/>\n<meta property=\"og:site_name\" content=\"Vereinigung f\u00fcr Medienkultur\" \/>\n<meta property=\"article:published_time\" content=\"2024-08-10T21:10:52+00:00\" \/>\n<meta name=\"author\" content=\"Hans H\u00f6gl\" \/>\n<meta name=\"twitter:card\" content=\"summary_large_image\" \/>\n<meta name=\"twitter:label1\" content=\"Verfasst von\" \/>\n\t<meta name=\"twitter:data1\" content=\"Hans H\u00f6gl\" \/>\n<script type=\"application\/ld+json\" class=\"yoast-schema-graph\">{\"@context\":\"https:\\\/\\\/schema.org\",\"@graph\":[{\"@type\":\"Article\",\"@id\":\"https:\\\/\\\/www.medienkultur.at\\\/neu\\\/taylor-swift-und-das-echo\\\/#article\",\"isPartOf\":{\"@id\":\"https:\\\/\\\/www.medienkultur.at\\\/neu\\\/taylor-swift-und-das-echo\\\/\"},\"author\":{\"name\":\"Hans H\u00f6gl\",\"@id\":\"https:\\\/\\\/www.medienkultur.at\\\/neu\\\/#\\\/schema\\\/person\\\/5307830ec125174672d8c9d829eeb256\"},\"headline\":\"Taylor Swift und das Echo\",\"datePublished\":\"2024-08-10T21:10:52+00:00\",\"mainEntityOfPage\":{\"@id\":\"https:\\\/\\\/www.medienkultur.at\\\/neu\\\/taylor-swift-und-das-echo\\\/\"},\"wordCount\":366,\"commentCount\":0,\"keywords\":[\"Echokammern\",\"Messengerdienste\",\"Politik und Medien\",\"Soziale Medien\",\"Standard\",\"Taylor Swift\",\"ZiB2\"],\"articleSection\":[\"BERICHTE \\\/ ANALYSEN\",\"Gastbeitr\u00e4ge\",\"J\u00dcNGSTE BEITR\u00c4GE\",\"Medienkritik\"],\"inLanguage\":\"de\",\"potentialAction\":[{\"@type\":\"CommentAction\",\"name\":\"Comment\",\"target\":[\"https:\\\/\\\/www.medienkultur.at\\\/neu\\\/taylor-swift-und-das-echo\\\/#respond\"]}]},{\"@type\":\"WebPage\",\"@id\":\"https:\\\/\\\/www.medienkultur.at\\\/neu\\\/taylor-swift-und-das-echo\\\/\",\"url\":\"https:\\\/\\\/www.medienkultur.at\\\/neu\\\/taylor-swift-und-das-echo\\\/\",\"name\":\"Taylor Swift und das Echo | Vereinigung f\u00fcr Medienkultur\",\"isPartOf\":{\"@id\":\"https:\\\/\\\/www.medienkultur.at\\\/neu\\\/#website\"},\"datePublished\":\"2024-08-10T21:10:52+00:00\",\"author\":{\"@id\":\"https:\\\/\\\/www.medienkultur.at\\\/neu\\\/#\\\/schema\\\/person\\\/5307830ec125174672d8c9d829eeb256\"},\"breadcrumb\":{\"@id\":\"https:\\\/\\\/www.medienkultur.at\\\/neu\\\/taylor-swift-und-das-echo\\\/#breadcrumb\"},\"inLanguage\":\"de\",\"potentialAction\":[{\"@type\":\"ReadAction\",\"target\":[\"https:\\\/\\\/www.medienkultur.at\\\/neu\\\/taylor-swift-und-das-echo\\\/\"]}]},{\"@type\":\"BreadcrumbList\",\"@id\":\"https:\\\/\\\/www.medienkultur.at\\\/neu\\\/taylor-swift-und-das-echo\\\/#breadcrumb\",\"itemListElement\":[{\"@type\":\"ListItem\",\"position\":1,\"name\":\"Startseite\",\"item\":\"https:\\\/\\\/www.medienkultur.at\\\/neu\\\/\"},{\"@type\":\"ListItem\",\"position\":2,\"name\":\"Taylor Swift und das Echo\"}]},{\"@type\":\"WebSite\",\"@id\":\"https:\\\/\\\/www.medienkultur.at\\\/neu\\\/#website\",\"url\":\"https:\\\/\\\/www.medienkultur.at\\\/neu\\\/\",\"name\":\"Vereinigung f\u00fcr Medienkultur\",\"description\":\"\",\"potentialAction\":[{\"@type\":\"SearchAction\",\"target\":{\"@type\":\"EntryPoint\",\"urlTemplate\":\"https:\\\/\\\/www.medienkultur.at\\\/neu\\\/?s={search_term_string}\"},\"query-input\":{\"@type\":\"PropertyValueSpecification\",\"valueRequired\":true,\"valueName\":\"search_term_string\"}}],\"inLanguage\":\"de\"},{\"@type\":\"Person\",\"@id\":\"https:\\\/\\\/www.medienkultur.at\\\/neu\\\/#\\\/schema\\\/person\\\/5307830ec125174672d8c9d829eeb256\",\"name\":\"Hans H\u00f6gl\"}]}<\/script>\n<!-- \/ Yoast SEO plugin. -->","yoast_head_json":{"title":"Taylor Swift und das Echo | Vereinigung f\u00fcr Medienkultur","robots":{"index":"index","follow":"follow","max-snippet":"max-snippet:-1","max-image-preview":"max-image-preview:large","max-video-preview":"max-video-preview:-1"},"canonical":"https:\/\/www.medienkultur.at\/neu\/taylor-swift-und-das-echo\/","og_locale":"de_DE","og_type":"article","og_title":"Taylor Swift und das Echo | Vereinigung f\u00fcr Medienkultur","og_description":"Die Echokammern funktionieren \u2013 nicht nur im Ukrainekrieg. Wolfgang Koppler Unisono meinten etwa ORF-Innenpolitikexperte Webhofer ebenso wie der Standard schon am Donnerstag, dass es ein falsches Signal gewesen w\u00e4re, das Swift-Konzert abzusagen. Der Westen m\u00fcsse zeigen, dass er sich von Terroristen nicht davon abhalten l\u00e4sst, business (und entertainment) as usual fortzuf\u00fchren. Dabei war damals schon &hellip; Taylor Swift und das Echo weiterlesen &rarr;","og_url":"https:\/\/www.medienkultur.at\/neu\/taylor-swift-und-das-echo\/","og_site_name":"Vereinigung f\u00fcr Medienkultur","article_published_time":"2024-08-10T21:10:52+00:00","author":"Hans H\u00f6gl","twitter_card":"summary_large_image","twitter_misc":{"Verfasst von":"Hans H\u00f6gl"},"schema":{"@context":"https:\/\/schema.org","@graph":[{"@type":"Article","@id":"https:\/\/www.medienkultur.at\/neu\/taylor-swift-und-das-echo\/#article","isPartOf":{"@id":"https:\/\/www.medienkultur.at\/neu\/taylor-swift-und-das-echo\/"},"author":{"name":"Hans H\u00f6gl","@id":"https:\/\/www.medienkultur.at\/neu\/#\/schema\/person\/5307830ec125174672d8c9d829eeb256"},"headline":"Taylor Swift und das Echo","datePublished":"2024-08-10T21:10:52+00:00","mainEntityOfPage":{"@id":"https:\/\/www.medienkultur.at\/neu\/taylor-swift-und-das-echo\/"},"wordCount":366,"commentCount":0,"keywords":["Echokammern","Messengerdienste","Politik und Medien","Soziale Medien","Standard","Taylor Swift","ZiB2"],"articleSection":["BERICHTE \/ ANALYSEN","Gastbeitr\u00e4ge","J\u00dcNGSTE BEITR\u00c4GE","Medienkritik"],"inLanguage":"de","potentialAction":[{"@type":"CommentAction","name":"Comment","target":["https:\/\/www.medienkultur.at\/neu\/taylor-swift-und-das-echo\/#respond"]}]},{"@type":"WebPage","@id":"https:\/\/www.medienkultur.at\/neu\/taylor-swift-und-das-echo\/","url":"https:\/\/www.medienkultur.at\/neu\/taylor-swift-und-das-echo\/","name":"Taylor Swift und das Echo | Vereinigung f\u00fcr Medienkultur","isPartOf":{"@id":"https:\/\/www.medienkultur.at\/neu\/#website"},"datePublished":"2024-08-10T21:10:52+00:00","author":{"@id":"https:\/\/www.medienkultur.at\/neu\/#\/schema\/person\/5307830ec125174672d8c9d829eeb256"},"breadcrumb":{"@id":"https:\/\/www.medienkultur.at\/neu\/taylor-swift-und-das-echo\/#breadcrumb"},"inLanguage":"de","potentialAction":[{"@type":"ReadAction","target":["https:\/\/www.medienkultur.at\/neu\/taylor-swift-und-das-echo\/"]}]},{"@type":"BreadcrumbList","@id":"https:\/\/www.medienkultur.at\/neu\/taylor-swift-und-das-echo\/#breadcrumb","itemListElement":[{"@type":"ListItem","position":1,"name":"Startseite","item":"https:\/\/www.medienkultur.at\/neu\/"},{"@type":"ListItem","position":2,"name":"Taylor Swift und das Echo"}]},{"@type":"WebSite","@id":"https:\/\/www.medienkultur.at\/neu\/#website","url":"https:\/\/www.medienkultur.at\/neu\/","name":"Vereinigung f\u00fcr Medienkultur","description":"","potentialAction":[{"@type":"SearchAction","target":{"@type":"EntryPoint","urlTemplate":"https:\/\/www.medienkultur.at\/neu\/?s={search_term_string}"},"query-input":{"@type":"PropertyValueSpecification","valueRequired":true,"valueName":"search_term_string"}}],"inLanguage":"de"},{"@type":"Person","@id":"https:\/\/www.medienkultur.at\/neu\/#\/schema\/person\/5307830ec125174672d8c9d829eeb256","name":"Hans H\u00f6gl"}]}},"_links":{"self":[{"href":"https:\/\/www.medienkultur.at\/neu\/wp-json\/wp\/v2\/posts\/13628","targetHints":{"allow":["GET"]}}],"collection":[{"href":"https:\/\/www.medienkultur.at\/neu\/wp-json\/wp\/v2\/posts"}],"about":[{"href":"https:\/\/www.medienkultur.at\/neu\/wp-json\/wp\/v2\/types\/post"}],"author":[{"embeddable":true,"href":"https:\/\/www.medienkultur.at\/neu\/wp-json\/wp\/v2\/users\/1"}],"replies":[{"embeddable":true,"href":"https:\/\/www.medienkultur.at\/neu\/wp-json\/wp\/v2\/comments?post=13628"}],"version-history":[{"count":1,"href":"https:\/\/www.medienkultur.at\/neu\/wp-json\/wp\/v2\/posts\/13628\/revisions"}],"predecessor-version":[{"id":13629,"href":"https:\/\/www.medienkultur.at\/neu\/wp-json\/wp\/v2\/posts\/13628\/revisions\/13629"}],"wp:attachment":[{"href":"https:\/\/www.medienkultur.at\/neu\/wp-json\/wp\/v2\/media?parent=13628"}],"wp:term":[{"taxonomy":"category","embeddable":true,"href":"https:\/\/www.medienkultur.at\/neu\/wp-json\/wp\/v2\/categories?post=13628"},{"taxonomy":"post_tag","embeddable":true,"href":"https:\/\/www.medienkultur.at\/neu\/wp-json\/wp\/v2\/tags?post=13628"}],"curies":[{"name":"wp","href":"https:\/\/api.w.org\/{rel}","templated":true}]}}