{"id":12920,"date":"2024-01-22T12:39:32","date_gmt":"2024-01-22T11:39:32","guid":{"rendered":"http:\/\/www.medienkultur.at\/neu\/?p=12920"},"modified":"2024-01-22T12:46:17","modified_gmt":"2024-01-22T11:46:17","slug":"kultur-der-unmenschlichkeit","status":"publish","type":"post","link":"https:\/\/www.medienkultur.at\/neu\/kultur-der-unmenschlichkeit\/","title":{"rendered":"Kultur der Unmenschlichkeit"},"content":{"rendered":"<p>Das neue ORF-Magazin \u201eWeltweit\u201c hat k\u00fcrzlich ein interessantes Thema aufgegriffen: Die Spekulation auf dem Internationalen Wohnungsmarkt. <\/p>\n<p>Wolfgang Koppler *<\/p>\n<p>Jahrzehnte lang haben Politik und Medien diese Entwicklung verschlafen. So wie \u00fcberhaupt die Ausw\u00fcchse des Neoliberalismus. Dieser wurde ja in den 80-ern und 90-ern sogar begr\u00fc\u00dft. Auch von vielen Journalisten. Jens Tschebull etwa forderte meiner Erinnerung nach damals im Profil die Abschaffung der wettbewerbsverzerrenden Wohnbauf\u00f6rderung und den v\u00f6llig freien Wohnungsmarkt. F\u00fcr jene,  die sich das nicht leisten k\u00f6nnten, m\u00fcsse man halt Obdachlosenheime errichten.  Nicht einmal die letztlich vom Staat einged\u00e4mmte Finanzkrise 2008 konnte an dieser Verg\u00f6tzung des Marktes wirklich etwas \u00e4ndern.<\/p>\n<p>Und das Elend breiter Bev\u00f6lkerungsschichten, wie es sich etwa in den USA abzeichnet, schon gar nicht.  Diejenigen, die sich dort kein Eigenheim leisten k\u00f6nnen, sind auf die Mietwohnungen am freien Wohnungsmarkt angewiesen. Und der ist in der Hand international agierender Immobilieninvestoren. Im Beitrag wurde ein Mieter gezeigt, der sich ergebenislos \u00fcber eine Rattenplage beschwerte. Und das bei Mieten von 2000 Dollar f\u00fcr eine Einzimmerwohnung. Kein Wunder, dass in den USA immer mehr in den seinerzeit so genannten \u201eThatcher-Betten\u201c auf der Stra\u00dfe landen.<\/p>\n<p>Global Players wie Blackstone (Immobilien im Wert von mehr als 900 Milliarden Dollar) machen sich aber auch in Europa breit. Etwa in D\u00e4nemark, Deutschland, den Niederlanden und sogar Schweden.  Horrende Mieten, die sich bei jeder Neuvermietung noch einmal steigern.  Beschwerden \u00fcber Missst\u00e4nde werden von der Hausverwaltung ignoriert. Geht man damit an die \u00d6ffentlichkeit, wird seitens des Vermieters mit Polizei und K\u00fcndigung gedroht.<\/p>\n<p>Dass derartige Unternehmen von Demokratie und Meinungsfreiheit nicht viel halten, mussten auch die Journalisten von \u201eWeltweit\u201c bei ihren Recherchen erfahren. Sie erhielten schon nach kurzer Zeit ein Mail von Blackstone, das ihnen zeigte, wie sie bei ihren Recherchen in den USA beobachtet wurden. Die von ihnen kontaktierten Mieter seien nat\u00fcrlich nur Querulanten\u2026<\/p>\n<p>Die Sozialdemokraten haben das Thema Wohnen in den letzten Jahren verschlafen, wie die deutsche Ministerin f\u00fcr Wohnen und Bau in dem Beitrag ganz offen zugab, Die Konservativen sowieso. Treffend die Bemerkung eines Mieters: Das Recht auf Wohnung wurde durch das Recht auf Spekulation ersetzt. <\/p>\n<p>In dem hochinteressanten Beitrag hat mir allerdings eines gefehlt:  Die Besch\u00e4ftigung mit der Situation In \u00d6sterreich, wo die Situation zwar noch besser ist, aber der soziale Wohnbau in den letzten Jahren angesichts steigender Bau- und Grundkosten und zu geringer Wohnbauf\u00f6rderung fast zum Erliegen gekommen ist.  Und Kritik an der EU fehlte ebenfalls. Mit dem Thema Wohnen besch\u00e4ftigt sich man dort allenfalls dann, wenn man Angst um den Wettbewerb hat.  So mussten die Niederlande ihre Wohnbauf\u00f6rderung k\u00fcrzen: Wegen Wettbewerbsverzerrung. Griechenland ist da geradezu vorbildlich: Dort gibt es \u00fcberhaupt keinen sozialen Wohnbau mehr.  Wieder einmal ein Zeichen, was in der EU Vorrang hat:  Profit und Wettbewerb. <\/p>\n<p>Dass sich diese Situation durch den Ukrainekrieg und die geplante europ\u00e4ische Aufr\u00fcstung versch\u00e4rfen wird, ist klar. Denn die Gelder werden anderswo fehlen. F\u00fcr Waffen ist ja immer Geld da.  Seltsamerweise auch bei den Sparefrohs. Eine Kultur der Unmenschlichkeit.<\/p>\n<p>https:\/\/www.swiss-architects.com\/de\/architecture-news\/meldungen\/wohnbauforderung-in-gefahr<\/p>\n<p>https:\/\/www.derstandard.at\/story\/2000110039625\/eu-laender-wohnbeihilfen-statt-wohnbaufoerderung<\/p>\n<p><em>* Gastautor Mag. Wolfgang Koppler lebt als freier Journalist und Jurist in Wien<\/em><\/p>\n","protected":false},"excerpt":{"rendered":"<p>Das neue ORF-Magazin \u201eWeltweit\u201c hat k\u00fcrzlich ein interessantes Thema aufgegriffen: Die Spekulation auf dem Internationalen Wohnungsmarkt. Wolfgang Koppler * Jahrzehnte lang haben Politik und Medien diese Entwicklung verschlafen. So wie \u00fcberhaupt die Ausw\u00fcchse des Neoliberalismus. Dieser wurde ja in den 80-ern und 90-ern sogar begr\u00fc\u00dft. Auch von vielen Journalisten. Jens Tschebull etwa forderte meiner Erinnerung &hellip; <a href=\"https:\/\/www.medienkultur.at\/neu\/kultur-der-unmenschlichkeit\/\" class=\"more-link\"><span class=\"screen-reader-text\">Kultur der Unmenschlichkeit<\/span> weiterlesen <span class=\"meta-nav\">&rarr;<\/span><\/a><\/p>\n","protected":false},"author":1,"featured_media":0,"comment_status":"open","ping_status":"open","sticky":false,"template":"","format":"standard","meta":{"footnotes":""},"categories":[9,15,1,12,11,18,10,13,20],"tags":[10386,97,10385,10379,10380,10381,10382,698,5381,10377,667,3915,107,10383,660,545,4359,197,10378,8934,98,10384],"class_list":["post-12920","post","type-post","status-publish","format-standard","hentry","category-berichte_analysen","category-gastbeitraege","category-allgemein","category-medien_bildung_religion","category-medien_politik_wirtschaft","category-medienkompetenz","category-medienkritik","category-medienpolitik","category-medienverantwortung_medienrecht","tag-demokratie-und-meinungsfreiheit","tag-eu","tag-europaeische-aufruestung","tag-freier-wohnungsmarkt","tag-global-players","tag-horrende-mieten","tag-jens-tschebull","tag-journalisten","tag-konservative","tag-kultur-der-unmenschlichkeit","tag-medien-und-politik","tag-missstaende","tag-neoliberalismus","tag-orf-magazin-weltweit","tag-politik-und-medien","tag-profil","tag-profit","tag-sozialdemokraten","tag-spekulation-auf-dem-wohnungsmarkt","tag-ukrainekrieg","tag-usa","tag-wettbewerb"],"yoast_head":"<!-- This site is optimized with the Yoast SEO plugin v27.4 - https:\/\/yoast.com\/product\/yoast-seo-wordpress\/ -->\n<title>Kultur der Unmenschlichkeit | Vereinigung f\u00fcr Medienkultur<\/title>\n<meta name=\"robots\" content=\"index, follow, max-snippet:-1, max-image-preview:large, max-video-preview:-1\" \/>\n<link rel=\"canonical\" href=\"https:\/\/www.medienkultur.at\/neu\/kultur-der-unmenschlichkeit\/\" \/>\n<meta property=\"og:locale\" content=\"de_DE\" \/>\n<meta property=\"og:type\" content=\"article\" \/>\n<meta property=\"og:title\" content=\"Kultur der Unmenschlichkeit | Vereinigung f\u00fcr Medienkultur\" \/>\n<meta property=\"og:description\" content=\"Das neue ORF-Magazin \u201eWeltweit\u201c hat k\u00fcrzlich ein interessantes Thema aufgegriffen: Die Spekulation auf dem Internationalen Wohnungsmarkt. Wolfgang Koppler * Jahrzehnte lang haben Politik und Medien diese Entwicklung verschlafen. So wie \u00fcberhaupt die Ausw\u00fcchse des Neoliberalismus. Dieser wurde ja in den 80-ern und 90-ern sogar begr\u00fc\u00dft. Auch von vielen Journalisten. Jens Tschebull etwa forderte meiner Erinnerung &hellip; Kultur der Unmenschlichkeit weiterlesen &rarr;\" \/>\n<meta property=\"og:url\" content=\"https:\/\/www.medienkultur.at\/neu\/kultur-der-unmenschlichkeit\/\" \/>\n<meta property=\"og:site_name\" content=\"Vereinigung f\u00fcr Medienkultur\" \/>\n<meta property=\"article:published_time\" content=\"2024-01-22T11:39:32+00:00\" \/>\n<meta property=\"article:modified_time\" content=\"2024-01-22T11:46:17+00:00\" \/>\n<meta name=\"author\" content=\"Hans H\u00f6gl\" \/>\n<meta name=\"twitter:card\" content=\"summary_large_image\" \/>\n<meta name=\"twitter:label1\" content=\"Verfasst von\" \/>\n\t<meta name=\"twitter:data1\" content=\"Hans H\u00f6gl\" \/>\n\t<meta name=\"twitter:label2\" content=\"Gesch\u00e4tzte Lesezeit\" \/>\n\t<meta name=\"twitter:data2\" content=\"3\u00a0Minuten\" \/>\n<script type=\"application\/ld+json\" class=\"yoast-schema-graph\">{\"@context\":\"https:\\\/\\\/schema.org\",\"@graph\":[{\"@type\":\"Article\",\"@id\":\"https:\\\/\\\/www.medienkultur.at\\\/neu\\\/kultur-der-unmenschlichkeit\\\/#article\",\"isPartOf\":{\"@id\":\"https:\\\/\\\/www.medienkultur.at\\\/neu\\\/kultur-der-unmenschlichkeit\\\/\"},\"author\":{\"name\":\"Hans H\u00f6gl\",\"@id\":\"https:\\\/\\\/www.medienkultur.at\\\/neu\\\/#\\\/schema\\\/person\\\/5307830ec125174672d8c9d829eeb256\"},\"headline\":\"Kultur der Unmenschlichkeit\",\"datePublished\":\"2024-01-22T11:39:32+00:00\",\"dateModified\":\"2024-01-22T11:46:17+00:00\",\"mainEntityOfPage\":{\"@id\":\"https:\\\/\\\/www.medienkultur.at\\\/neu\\\/kultur-der-unmenschlichkeit\\\/\"},\"wordCount\":535,\"commentCount\":0,\"keywords\":[\"Demokratie und Meinungsfreiheit\",\"EU\",\"europ\u00e4ische Aufr\u00fcstung\",\"freier Wohnungsmarkt\",\"global players\",\"horrende Mieten\",\"Jens Tschebull\",\"Journalisten\",\"Konservative\",\"Kultur der Unmenschlichkeit\",\"Medien und Politik\",\"Missst\u00e4nde\",\"Neoliberalismus\",\"ORF-Magazin \\\"Weltweit\\\"\",\"Politik und Medien\",\"Profil\",\"Profit\",\"Sozialdemokraten\",\"Spekulation auf dem Wohnungsmarkt\",\"Ukrainekrieg\",\"USA\",\"Wettbewerb\"],\"articleSection\":[\"BERICHTE \\\/ ANALYSEN\",\"Gastbeitr\u00e4ge\",\"J\u00dcNGSTE BEITR\u00c4GE\",\"Medien und Bildung \\\/ Religion\",\"Medien und Politik \\\/ Wirtschaft\",\"Medienkompetenz\",\"Medienkritik\",\"Medienpolitik\",\"Medienverantwortung \\\/ Medienrecht\"],\"inLanguage\":\"de\",\"potentialAction\":[{\"@type\":\"CommentAction\",\"name\":\"Comment\",\"target\":[\"https:\\\/\\\/www.medienkultur.at\\\/neu\\\/kultur-der-unmenschlichkeit\\\/#respond\"]}]},{\"@type\":\"WebPage\",\"@id\":\"https:\\\/\\\/www.medienkultur.at\\\/neu\\\/kultur-der-unmenschlichkeit\\\/\",\"url\":\"https:\\\/\\\/www.medienkultur.at\\\/neu\\\/kultur-der-unmenschlichkeit\\\/\",\"name\":\"Kultur der Unmenschlichkeit | Vereinigung f\u00fcr Medienkultur\",\"isPartOf\":{\"@id\":\"https:\\\/\\\/www.medienkultur.at\\\/neu\\\/#website\"},\"datePublished\":\"2024-01-22T11:39:32+00:00\",\"dateModified\":\"2024-01-22T11:46:17+00:00\",\"author\":{\"@id\":\"https:\\\/\\\/www.medienkultur.at\\\/neu\\\/#\\\/schema\\\/person\\\/5307830ec125174672d8c9d829eeb256\"},\"breadcrumb\":{\"@id\":\"https:\\\/\\\/www.medienkultur.at\\\/neu\\\/kultur-der-unmenschlichkeit\\\/#breadcrumb\"},\"inLanguage\":\"de\",\"potentialAction\":[{\"@type\":\"ReadAction\",\"target\":[\"https:\\\/\\\/www.medienkultur.at\\\/neu\\\/kultur-der-unmenschlichkeit\\\/\"]}]},{\"@type\":\"BreadcrumbList\",\"@id\":\"https:\\\/\\\/www.medienkultur.at\\\/neu\\\/kultur-der-unmenschlichkeit\\\/#breadcrumb\",\"itemListElement\":[{\"@type\":\"ListItem\",\"position\":1,\"name\":\"Startseite\",\"item\":\"https:\\\/\\\/www.medienkultur.at\\\/neu\\\/\"},{\"@type\":\"ListItem\",\"position\":2,\"name\":\"Kultur der Unmenschlichkeit\"}]},{\"@type\":\"WebSite\",\"@id\":\"https:\\\/\\\/www.medienkultur.at\\\/neu\\\/#website\",\"url\":\"https:\\\/\\\/www.medienkultur.at\\\/neu\\\/\",\"name\":\"Vereinigung f\u00fcr Medienkultur\",\"description\":\"\",\"potentialAction\":[{\"@type\":\"SearchAction\",\"target\":{\"@type\":\"EntryPoint\",\"urlTemplate\":\"https:\\\/\\\/www.medienkultur.at\\\/neu\\\/?s={search_term_string}\"},\"query-input\":{\"@type\":\"PropertyValueSpecification\",\"valueRequired\":true,\"valueName\":\"search_term_string\"}}],\"inLanguage\":\"de\"},{\"@type\":\"Person\",\"@id\":\"https:\\\/\\\/www.medienkultur.at\\\/neu\\\/#\\\/schema\\\/person\\\/5307830ec125174672d8c9d829eeb256\",\"name\":\"Hans H\u00f6gl\"}]}<\/script>\n<!-- \/ Yoast SEO plugin. -->","yoast_head_json":{"title":"Kultur der Unmenschlichkeit | Vereinigung f\u00fcr Medienkultur","robots":{"index":"index","follow":"follow","max-snippet":"max-snippet:-1","max-image-preview":"max-image-preview:large","max-video-preview":"max-video-preview:-1"},"canonical":"https:\/\/www.medienkultur.at\/neu\/kultur-der-unmenschlichkeit\/","og_locale":"de_DE","og_type":"article","og_title":"Kultur der Unmenschlichkeit | Vereinigung f\u00fcr Medienkultur","og_description":"Das neue ORF-Magazin \u201eWeltweit\u201c hat k\u00fcrzlich ein interessantes Thema aufgegriffen: Die Spekulation auf dem Internationalen Wohnungsmarkt. Wolfgang Koppler * Jahrzehnte lang haben Politik und Medien diese Entwicklung verschlafen. So wie \u00fcberhaupt die Ausw\u00fcchse des Neoliberalismus. Dieser wurde ja in den 80-ern und 90-ern sogar begr\u00fc\u00dft. Auch von vielen Journalisten. Jens Tschebull etwa forderte meiner Erinnerung &hellip; Kultur der Unmenschlichkeit weiterlesen &rarr;","og_url":"https:\/\/www.medienkultur.at\/neu\/kultur-der-unmenschlichkeit\/","og_site_name":"Vereinigung f\u00fcr Medienkultur","article_published_time":"2024-01-22T11:39:32+00:00","article_modified_time":"2024-01-22T11:46:17+00:00","author":"Hans H\u00f6gl","twitter_card":"summary_large_image","twitter_misc":{"Verfasst von":"Hans H\u00f6gl","Gesch\u00e4tzte Lesezeit":"3\u00a0Minuten"},"schema":{"@context":"https:\/\/schema.org","@graph":[{"@type":"Article","@id":"https:\/\/www.medienkultur.at\/neu\/kultur-der-unmenschlichkeit\/#article","isPartOf":{"@id":"https:\/\/www.medienkultur.at\/neu\/kultur-der-unmenschlichkeit\/"},"author":{"name":"Hans H\u00f6gl","@id":"https:\/\/www.medienkultur.at\/neu\/#\/schema\/person\/5307830ec125174672d8c9d829eeb256"},"headline":"Kultur der Unmenschlichkeit","datePublished":"2024-01-22T11:39:32+00:00","dateModified":"2024-01-22T11:46:17+00:00","mainEntityOfPage":{"@id":"https:\/\/www.medienkultur.at\/neu\/kultur-der-unmenschlichkeit\/"},"wordCount":535,"commentCount":0,"keywords":["Demokratie und Meinungsfreiheit","EU","europ\u00e4ische Aufr\u00fcstung","freier Wohnungsmarkt","global players","horrende Mieten","Jens Tschebull","Journalisten","Konservative","Kultur der Unmenschlichkeit","Medien und Politik","Missst\u00e4nde","Neoliberalismus","ORF-Magazin \"Weltweit\"","Politik und Medien","Profil","Profit","Sozialdemokraten","Spekulation auf dem Wohnungsmarkt","Ukrainekrieg","USA","Wettbewerb"],"articleSection":["BERICHTE \/ ANALYSEN","Gastbeitr\u00e4ge","J\u00dcNGSTE BEITR\u00c4GE","Medien und Bildung \/ Religion","Medien und Politik \/ Wirtschaft","Medienkompetenz","Medienkritik","Medienpolitik","Medienverantwortung \/ Medienrecht"],"inLanguage":"de","potentialAction":[{"@type":"CommentAction","name":"Comment","target":["https:\/\/www.medienkultur.at\/neu\/kultur-der-unmenschlichkeit\/#respond"]}]},{"@type":"WebPage","@id":"https:\/\/www.medienkultur.at\/neu\/kultur-der-unmenschlichkeit\/","url":"https:\/\/www.medienkultur.at\/neu\/kultur-der-unmenschlichkeit\/","name":"Kultur der Unmenschlichkeit | Vereinigung f\u00fcr Medienkultur","isPartOf":{"@id":"https:\/\/www.medienkultur.at\/neu\/#website"},"datePublished":"2024-01-22T11:39:32+00:00","dateModified":"2024-01-22T11:46:17+00:00","author":{"@id":"https:\/\/www.medienkultur.at\/neu\/#\/schema\/person\/5307830ec125174672d8c9d829eeb256"},"breadcrumb":{"@id":"https:\/\/www.medienkultur.at\/neu\/kultur-der-unmenschlichkeit\/#breadcrumb"},"inLanguage":"de","potentialAction":[{"@type":"ReadAction","target":["https:\/\/www.medienkultur.at\/neu\/kultur-der-unmenschlichkeit\/"]}]},{"@type":"BreadcrumbList","@id":"https:\/\/www.medienkultur.at\/neu\/kultur-der-unmenschlichkeit\/#breadcrumb","itemListElement":[{"@type":"ListItem","position":1,"name":"Startseite","item":"https:\/\/www.medienkultur.at\/neu\/"},{"@type":"ListItem","position":2,"name":"Kultur der Unmenschlichkeit"}]},{"@type":"WebSite","@id":"https:\/\/www.medienkultur.at\/neu\/#website","url":"https:\/\/www.medienkultur.at\/neu\/","name":"Vereinigung f\u00fcr Medienkultur","description":"","potentialAction":[{"@type":"SearchAction","target":{"@type":"EntryPoint","urlTemplate":"https:\/\/www.medienkultur.at\/neu\/?s={search_term_string}"},"query-input":{"@type":"PropertyValueSpecification","valueRequired":true,"valueName":"search_term_string"}}],"inLanguage":"de"},{"@type":"Person","@id":"https:\/\/www.medienkultur.at\/neu\/#\/schema\/person\/5307830ec125174672d8c9d829eeb256","name":"Hans H\u00f6gl"}]}},"_links":{"self":[{"href":"https:\/\/www.medienkultur.at\/neu\/wp-json\/wp\/v2\/posts\/12920","targetHints":{"allow":["GET"]}}],"collection":[{"href":"https:\/\/www.medienkultur.at\/neu\/wp-json\/wp\/v2\/posts"}],"about":[{"href":"https:\/\/www.medienkultur.at\/neu\/wp-json\/wp\/v2\/types\/post"}],"author":[{"embeddable":true,"href":"https:\/\/www.medienkultur.at\/neu\/wp-json\/wp\/v2\/users\/1"}],"replies":[{"embeddable":true,"href":"https:\/\/www.medienkultur.at\/neu\/wp-json\/wp\/v2\/comments?post=12920"}],"version-history":[{"count":1,"href":"https:\/\/www.medienkultur.at\/neu\/wp-json\/wp\/v2\/posts\/12920\/revisions"}],"predecessor-version":[{"id":12923,"href":"https:\/\/www.medienkultur.at\/neu\/wp-json\/wp\/v2\/posts\/12920\/revisions\/12923"}],"wp:attachment":[{"href":"https:\/\/www.medienkultur.at\/neu\/wp-json\/wp\/v2\/media?parent=12920"}],"wp:term":[{"taxonomy":"category","embeddable":true,"href":"https:\/\/www.medienkultur.at\/neu\/wp-json\/wp\/v2\/categories?post=12920"},{"taxonomy":"post_tag","embeddable":true,"href":"https:\/\/www.medienkultur.at\/neu\/wp-json\/wp\/v2\/tags?post=12920"}],"curies":[{"name":"wp","href":"https:\/\/api.w.org\/{rel}","templated":true}]}}